{"id":50373,"date":"2023-05-19T12:43:45","date_gmt":"2023-05-19T16:43:45","guid":{"rendered":"https:\/\/atento.com.do\/?p=50373"},"modified":"2023-05-19T12:43:45","modified_gmt":"2023-05-19T16:43:45","slug":"chencha-espacio-abierto-presenta-atractiva-programacion-este-fin-de-semana","status":"publish","type":"post","link":"https:\/\/lasprimeras.com.do\/index.php\/2023\/05\/19\/chencha-espacio-abierto-presenta-atractiva-programacion-este-fin-de-semana\/","title":{"rendered":"&#8220;Chencha, espacio abierto\u201d presenta atractiva programaci\u00f3n este fin de semana"},"content":{"rendered":"\n<p>ESTE FIN DE SEMANA LOS PRESENTES DISFRUTAR\u00c1N DE M\u00daSICA T\u00cdPICA, OBRA TEATRAL INFANTIL, Y EL SON DEL GRUPO MANIEL.<\/p>\n\n\n\n<p><strong>Santo Domingo Este.-.<\/strong>El espacio de diversi\u00f3n \u201cChencha, presentar\u00e1 este fin de semana un atractivo programa de entretenimiento donde las familias podr\u00e1n disfrutar de un ambiente entretenido, que incluye m\u00fasica, obras de teatro para ni\u00f1os y otras actividades.<\/p>\n\n\n\n<p>Las actividades se inician este viernes con la presentaci\u00f3n del grupo sonero Maniel, con el que los presentes se deleitar\u00e1n con sus atractivas piezas de son, mientras que el s\u00e1bado la m\u00fasica estar\u00e1 a cargo del Conjunto T\u00edpico de Gerineldo Mateo.<\/p>\n\n\n\n<p>En \u201cChencha, espacio abierto\u201d este domingo los m\u00e1s peque\u00f1os de la casa tambi\u00e9n podr\u00e1n disfrutar de la obra \u201cEl Tesoro de la Basura\u201d orientada al reciclaje, es una pieza de car\u00e1cter did\u00e1ctico e interactiva que educa respecto al reciclaje e invita a los ni\u00f1os a leer con la finalidad de conocer historias maravillosas.<\/p>\n\n\n\n<p>Es un espect\u00e1culo infantil donde el espectador, sea adulto o ni\u00f1o, se lleva un gran aprendizaje con su variado contenido art\u00edstico.<\/p>\n\n\n\n<p>El punto cultural cuenta con parqueos, ba\u00f1os, seguridad permanente, iluminaci\u00f3n, sistema de sonido, plataforma de baile, tarima fija, rampas para discapacitados, jardiner\u00eda, puntos de venta de alimentos y bebidas, y una vista privilegiada con hermosos atardeceres en la delta del r\u00edo Ozama, frente al puente flotante y la zona colonial.<\/p>\n\n\n\n<p>Chencha, espacio abierto est\u00e1 ubicado debajo del puente Mella, frente al r\u00edo Ozama en Villa Duarte y forma parte de un conjunto de obras y proyectos desarrollados por la alcald\u00eda para construir un pol\u00edgono hist\u00f3rico, tur\u00edstico y cultural en Santo Domingo Este.<\/p>\n","protected":false},"excerpt":{"rendered":"<p>ESTE FIN DE SEMANA LOS PRESENTES DISFRUTAR\u00c1N DE M\u00daSICA T\u00cdPICA, OBRA TEATRAL INFANTIL, Y EL SON DEL GRUPO MANIEL. Santo Domingo Este.-.El espacio de diversi\u00f3n \u201cChencha, presentar\u00e1 este fin de&hellip;<\/p>\n","protected":false},"author":1,"featured_media":50374,"comment_status":"open","ping_status":"open","sticky":false,"template":"","format":"standard","meta":{"content-type":"","jetpack_post_was_ever_published":false,"_jetpack_newsletter_access":"","_jetpack_dont_email_post_to_subs":false,"_jetpack_newsletter_tier_id":0,"_jetpack_memberships_contains_paywalled_content":false,"_jetpack_memberships_contains_paid_content":false,"footnotes":""},"categories":[84,25],"tags":[1953,1954,1955,534,1956,1957],"class_list":["post-50373","post","type-post","status-publish","format-standard","has-post-thumbnail","hentry","category-entretenimiento","category-portada","tag-atractiva","tag-chencha","tag-espacio-abierto","tag-fin-de-semana","tag-presenta","tag-programacion"],"jetpack_featured_media_url":"","jetpack-related-posts":[{"id":50734,"url":"https:\/\/lasprimeras.com.do\/index.php\/2023\/05\/23\/manuel-jimenez-inaugura-oficina-turistica-municipal-en-santo-domingo-este\/","url_meta":{"origin":50373,"position":0},"title":"Manuel Jim\u00e9nez inaugura oficina tur\u00edstica municipal en Santo Domingo Este","author":"prenxa100","date":"23 de mayo de 2023","format":false,"excerpt":"LA NUEVA PLATAFORMA DE SERVICIO SERVIR\u00c1 DE SOPORTE PARA PROMOCIONAR LA RUTA TUR\u00cdSTICA DEL MUNICIPIO. Santo Domingo Este.-. El alcalde de Santo Domingo Este, Manuel Jim\u00e9nez dej\u00f3 inaugurada la Oficina Tur\u00edstica del municipio, a trav\u00e9s de la cual se podr\u00e1 canalizar y gestionar cualquier tipo de informaci\u00f3n o tr\u00e1mite relacionado\u2026","rel":"","context":"En \u00abNACIONALES\u00bb","block_context":{"text":"NACIONALES","link":"https:\/\/lasprimeras.com.do\/index.php\/category\/nacionales\/"},"img":{"alt_text":"","src":"","width":0,"height":0},"classes":[]},{"id":69569,"url":"https:\/\/lasprimeras.com.do\/index.php\/2023\/12\/04\/asde-y-cana-films-anuncian-creacion-de-estudio-escuela-de-cine\/","url_meta":{"origin":50373,"position":1},"title":"ASDE y Cana Films anuncian creaci\u00f3n de estudio-escuela de cine","author":"Nelson Feliz","date":"4 de diciembre de 2023","format":false,"excerpt":"El Ayuntamiento de Santo Domingo Este y la empresa cinematogr\u00e1fica Cana Films anunciaron la ejecuci\u00f3n del proyecto conjunto Under The Bridge Productions, mediante el cual se construir\u00e1 un Estudio Escuela Cinematogr\u00e1fico, el cual permitir\u00e1 la formaci\u00f3n de j\u00f3venes del municipio y del pa\u00eds en distintas \u00e1reas t\u00e9cnicas relacionadas con el\u2026","rel":"","context":"En \u00abENTRETENIMIENTO\u00bb","block_context":{"text":"ENTRETENIMIENTO","link":"https:\/\/lasprimeras.com.do\/index.php\/category\/entretenimiento\/"},"img":{"alt_text":"cine","src":"https:\/\/i0.wp.com\/lasprimeras.com.do\/wp-content\/uploads\/2023\/12\/cine-1.jpg?resize=350%2C200&ssl=1","width":350,"height":200,"srcset":"https:\/\/i0.wp.com\/lasprimeras.com.do\/wp-content\/uploads\/2023\/12\/cine-1.jpg?resize=350%2C200&ssl=1 1x, https:\/\/i0.wp.com\/lasprimeras.com.do\/wp-content\/uploads\/2023\/12\/cine-1.jpg?resize=525%2C300&ssl=1 1.5x"},"classes":[]},{"id":67351,"url":"https:\/\/lasprimeras.com.do\/index.php\/2023\/11\/15\/ozuna-anuncia-cosmo-su-nuevo-album\/","url_meta":{"origin":50373,"position":2},"title":"Ozuna anuncia &#8220;Cosmo&#8221;, su nuevo \u00e1lbum","author":"BIMARY DE JES\u00daS Matos","date":"15 de noviembre de 2023","format":false,"excerpt":"Santo Domingo.-Ozuna ha anunciado que su nuevo \u00e1lbum \u00abCOSMO\u00bb saldr\u00e1 a la venta el 17 de noviembre. En un art\u00edculo de portada exclusivo para la revista The Fader, el artista detall\u00f3 el nuevo proyecto en una amplia entrevista. El anuncio del \u00e1lbum viene con la nueva canci\u00f3n \u00abEl Plan\u00bb junto\u2026","rel":"","context":"En \u00abENTRETENIMIENTO\u00bb","block_context":{"text":"ENTRETENIMIENTO","link":"https:\/\/lasprimeras.com.do\/index.php\/category\/entretenimiento\/"},"img":{"alt_text":"","src":"https:\/\/i0.wp.com\/lasprimeras.com.do\/wp-content\/uploads\/2023\/11\/WhatsApp-Image-2023-11-14-at-10.40.46-PM-3.jpeg?resize=350%2C200&ssl=1","width":350,"height":200,"srcset":"https:\/\/i0.wp.com\/lasprimeras.com.do\/wp-content\/uploads\/2023\/11\/WhatsApp-Image-2023-11-14-at-10.40.46-PM-3.jpeg?resize=350%2C200&ssl=1 1x, https:\/\/i0.wp.com\/lasprimeras.com.do\/wp-content\/uploads\/2023\/11\/WhatsApp-Image-2023-11-14-at-10.40.46-PM-3.jpeg?resize=525%2C300&ssl=1 1.5x"},"classes":[]},{"id":71023,"url":"https:\/\/lasprimeras.com.do\/index.php\/2023\/12\/16\/el-grupo-dahora-lleva-el-merengue-tipico-a-miami-con-el-regalito\/","url_meta":{"origin":50373,"position":3},"title":"El Grupo D&#8217;ahora lleva el merengue t\u00edpico a Miami con &#8220;El Regalito&#8221;","author":"BIMARY DE JES\u00daS Matos","date":"16 de diciembre de 2023","format":false,"excerpt":"Santo Domingo.-Durante una semana cargada de actividades, El Grupo D\u2019ahora llev\u00f3 su sonido de merengue t\u00edpico a los corazones de Miami, Florida. Del 20 al 26 de noviembre, la agrupaci\u00f3n se present\u00f3 en escenarios como \u00abEl Sabor de la Noche\u00bb y \u00abJuana Latin Sport Bar\u00bb, donde sus presentaciones a casa\u2026","rel":"","context":"En \u00abENTRETENIMIENTO\u00bb","block_context":{"text":"ENTRETENIMIENTO","link":"https:\/\/lasprimeras.com.do\/index.php\/category\/entretenimiento\/"},"img":{"alt_text":"","src":"https:\/\/i0.wp.com\/lasprimeras.com.do\/wp-content\/uploads\/2023\/12\/WhatsApp-Image-2023-12-16-at-11.15.42-AM-1-7.jpeg?resize=350%2C200&ssl=1","width":350,"height":200,"srcset":"https:\/\/i0.wp.com\/lasprimeras.com.do\/wp-content\/uploads\/2023\/12\/WhatsApp-Image-2023-12-16-at-11.15.42-AM-1-7.jpeg?resize=350%2C200&ssl=1 1x, https:\/\/i0.wp.com\/lasprimeras.com.do\/wp-content\/uploads\/2023\/12\/WhatsApp-Image-2023-12-16-at-11.15.42-AM-1-7.jpeg?resize=525%2C300&ssl=1 1.5x"},"classes":[]},{"id":66167,"url":"https:\/\/lasprimeras.com.do\/index.php\/2023\/11\/03\/miky-woodz-se-aduena-de-la-nascar-cup-series\/","url_meta":{"origin":50373,"position":4},"title":"Miky Woodz se adue\u00f1a de la NASCAR Cup Series","author":"BIMARY DE JES\u00daS Matos","date":"3 de noviembre de 2023","format":false,"excerpt":"Santo Domingo.-El reconocido artista urbano Miky Woodz llega como invitado especial a la reconocida carrera \u201cNASCAR 4EVER 400 CUP SERIES\u201d celebrada en la famosa pista Homestead Miami Speedway en Miami, Florida. Un evento lleno de adrenalina donde el int\u00e9rprete de \u201cSouvenir\u201d fue part\u00edcipe y disfrut\u00f3 cada minuto en la pista\u2026","rel":"","context":"En \u00abENTRETENIMIENTO\u00bb","block_context":{"text":"ENTRETENIMIENTO","link":"https:\/\/lasprimeras.com.do\/index.php\/category\/entretenimiento\/"},"img":{"alt_text":"","src":"https:\/\/i0.wp.com\/lasprimeras.com.do\/wp-content\/uploads\/2023\/11\/WhatsApp-Image-2023-11-03-at-8.28.25-AM-4.jpeg?resize=350%2C200&ssl=1","width":350,"height":200,"srcset":"https:\/\/i0.wp.com\/lasprimeras.com.do\/wp-content\/uploads\/2023\/11\/WhatsApp-Image-2023-11-03-at-8.28.25-AM-4.jpeg?resize=350%2C200&ssl=1 1x, https:\/\/i0.wp.com\/lasprimeras.com.do\/wp-content\/uploads\/2023\/11\/WhatsApp-Image-2023-11-03-at-8.28.25-AM-4.jpeg?resize=525%2C300&ssl=1 1.5x"},"classes":[]},{"id":116363,"url":"https:\/\/lasprimeras.com.do\/index.php\/2025\/12\/01\/festival-arte-con-alma-presentara-un-programa-lleno-de-creatividad-para-toda-la-familia\/","url_meta":{"origin":50373,"position":5},"title":"Festival Arte con Alma presentar\u00e1 un programa lleno de creatividad para toda la familia","author":"Nelson Feliz","date":"1 de diciembre de 2025","format":false,"excerpt":"El Festival Arte con Alma anunci\u00f3 todos los detalles de su tercera edici\u00f3n, que se desarrollar\u00e1 con una programaci\u00f3n diversa y dise\u00f1ada para resaltar la riqueza art\u00edstica de Rep\u00fablica Dominicana. Durante los d\u00edas 5,6 y 7 de diciembre, el evento reunir\u00e1 a familias, creadores y amantes de la cultura en\u2026","rel":"","context":"En \u00abENTRETENIMIENTO\u00bb","block_context":{"text":"ENTRETENIMIENTO","link":"https:\/\/lasprimeras.com.do\/index.php\/category\/entretenimiento\/"},"img":{"alt_text":"Festival Arte con Alma","src":"https:\/\/i0.wp.com\/lasprimeras.com.do\/wp-content\/uploads\/2025\/12\/Festival-Arte-con-Alma.jpg?resize=350%2C200&ssl=1","width":350,"height":200,"srcset":"https:\/\/i0.wp.com\/lasprimeras.com.do\/wp-content\/uploads\/2025\/12\/Festival-Arte-con-Alma.jpg?resize=350%2C200&ssl=1 1x, https:\/\/i0.wp.com\/lasprimeras.com.do\/wp-content\/uploads\/2025\/12\/Festival-Arte-con-Alma.jpg?resize=525%2C300&ssl=1 1.5x, https:\/\/i0.wp.com\/lasprimeras.com.do\/wp-content\/uploads\/2025\/12\/Festival-Arte-con-Alma.jpg?resize=700%2C400&ssl=1 2x"},"classes":[]}],"jetpack_sharing_enabled":true,"_links":{"self":[{"href":"https:\/\/lasprimeras.com.do\/index.php\/wp-json\/wp\/v2\/posts\/50373","targetHints":{"allow":["GET"]}}],"collection":[{"href":"https:\/\/lasprimeras.com.do\/index.php\/wp-json\/wp\/v2\/posts"}],"about":[{"href":"https:\/\/lasprimeras.com.do\/index.php\/wp-json\/wp\/v2\/types\/post"}],"author":[{"embeddable":true,"href":"https:\/\/lasprimeras.com.do\/index.php\/wp-json\/wp\/v2\/users\/1"}],"replies":[{"embeddable":true,"href":"https:\/\/lasprimeras.com.do\/index.php\/wp-json\/wp\/v2\/comments?post=50373"}],"version-history":[{"count":0,"href":"https:\/\/lasprimeras.com.do\/index.php\/wp-json\/wp\/v2\/posts\/50373\/revisions"}],"wp:featuredmedia":[{"embeddable":true,"href":"https:\/\/lasprimeras.com.do\/index.php\/wp-json\/"}],"wp:attachment":[{"href":"https:\/\/lasprimeras.com.do\/index.php\/wp-json\/wp\/v2\/media?parent=50373"}],"wp:term":[{"taxonomy":"category","embeddable":true,"href":"https:\/\/lasprimeras.com.do\/index.php\/wp-json\/wp\/v2\/categories?post=50373"},{"taxonomy":"post_tag","embeddable":true,"href":"https:\/\/lasprimeras.com.do\/index.php\/wp-json\/wp\/v2\/tags?post=50373"}],"curies":[{"name":"wp","href":"https:\/\/api.w.org\/{rel}","templated":true}]}}