{"id":50467,"date":"2023-05-21T15:13:05","date_gmt":"2023-05-21T19:13:05","guid":{"rendered":"https:\/\/atento.com.do\/?p=50467"},"modified":"2023-05-21T15:13:05","modified_gmt":"2023-05-21T19:13:05","slug":"montas-sugiere-aprovechar-oportunidades-que-ofrece-el-mercado-chino","status":"publish","type":"post","link":"https:\/\/lasprimeras.com.do\/index.php\/2023\/05\/21\/montas-sugiere-aprovechar-oportunidades-que-ofrece-el-mercado-chino\/","title":{"rendered":"Montas sugiere aprovechar oportunidades que ofrece el mercado chino"},"content":{"rendered":"\n<p><strong>Santo Domingo.-. <\/strong>El vicepresidente del Partido de la Liberaci\u00f3n Dominicana (PLD), Temistocles Mont\u00e1s, declar\u00f3 que la Rep\u00fablica Dominicana se ha convertido en el principal socio comercial de China en la regi\u00f3n del Caribe, no obstante tener una relaci\u00f3n comercial deficitaria, atribuido a los limitados cambios en la capacidad y diversificaci\u00f3n del tejido productivo nacional.<\/p>\n\n\n\n<p>Mont\u00e1s, destac\u00f3 que China desde su calidad como naci\u00f3n exportadora, la principal del mundo y la segunda importadora. \u201cUrge por aprovechar mejor oportunidades en el gran mercado chino\u201d.<\/p>\n\n\n\n<p>Afirm\u00f3 que en las \u00faltimas dos d\u00e9cadas el comercio de Rep\u00fablica Dominicana con China creci\u00f3 18 veces, mientras que el comercio con Estados Unidos y la Uni\u00f3n Europea lo hizo 1.78 y 4.05 veces, respectivamente.<\/p>\n\n\n\n<p>\u201cSin embargo, el comercio con China ha sido ampliamente deficitario para la RD. En dos d\u00e9cadas, el d\u00e9ficit se multiplic\u00f3 por 19 veces, pasando de US$231.4 millones (2003) a US$4,488 millones en 2022. Durante esos a\u00f1os, el d\u00e9ficit acumulado fue de US$38,516 millones\u201d, afirma Temistocles Mont\u00e1s para motivar la necesidad que tiene el pa\u00eds de aumentar la capacidad y diversificaci\u00f3n del tejido productivo local.<\/p>\n\n\n\n<p>Es lo que explica en gran medida las dificultades para aumentar las exportaciones hacia China. Por consiguiente, esas limitaciones han impedido sacar mayor ventaja en el intercambio comercial con el enorme mercado del gran pa\u00eds asi\u00e1tico\u201d, concluye Temistocles Mont\u00e1s.<\/p>\n","protected":false},"excerpt":{"rendered":"<p>Santo Domingo.-. El vicepresidente del Partido de la Liberaci\u00f3n Dominicana (PLD), Temistocles Mont\u00e1s, declar\u00f3 que la Rep\u00fablica Dominicana se ha convertido en el principal socio comercial de China en la&hellip;<\/p>\n","protected":false},"author":1,"featured_media":50468,"comment_status":"open","ping_status":"open","sticky":false,"template":"","format":"standard","meta":{"content-type":"","jetpack_post_was_ever_published":false,"_jetpack_newsletter_access":"","_jetpack_dont_email_post_to_subs":false,"_jetpack_newsletter_tier_id":0,"_jetpack_memberships_contains_paywalled_content":false,"_jetpack_memberships_contains_paid_content":false,"footnotes":""},"categories":[25],"tags":[2012,2013,2014,269,2015,729],"class_list":["post-50467","post","type-post","status-publish","format-standard","has-post-thumbnail","hentry","category-portada","tag-aprovechar","tag-mercado-chino","tag-oportunidades","tag-pld","tag-temistocles-montas-3","tag-vicepresidente"],"jetpack_featured_media_url":"","jetpack-related-posts":[{"id":110204,"url":"https:\/\/lasprimeras.com.do\/index.php\/2025\/09\/26\/temistocles-montas-en-haiti-se-debe-desarrollar-el-estado-porque-no-existe\/","url_meta":{"origin":50467,"position":0},"title":"Tem\u00edstocles Mont\u00e1s : En Hait\u00ed se debe desarrollar el Estado, porque no existe","author":"Nelson Feliz","date":"26 de septiembre de 2025","format":false,"excerpt":"Mont\u00e1s explica que luego del Di\u00e1logo sobre la Crisis Haitiana y su Implicaci\u00f3n en Rep\u00fablica Dominicana, coordinado por el CES, lo importante es que se cumpla lo acordado El Partido de la Liberaci\u00f3n Dominicana asumi\u00f3 el compromiso respecto al tema haitiano en el marco del Di\u00e1logo impulsado por el Consejo\u2026","rel":"","context":"En \u00abPOLITICA\u00bb","block_context":{"text":"POLITICA","link":"https:\/\/lasprimeras.com.do\/index.php\/category\/politica\/"},"img":{"alt_text":"","src":"https:\/\/i0.wp.com\/lasprimeras.com.do\/wp-content\/uploads\/2025\/09\/Temistocles-Montas.jpg?resize=350%2C200&ssl=1","width":350,"height":200,"srcset":"https:\/\/i0.wp.com\/lasprimeras.com.do\/wp-content\/uploads\/2025\/09\/Temistocles-Montas.jpg?resize=350%2C200&ssl=1 1x, https:\/\/i0.wp.com\/lasprimeras.com.do\/wp-content\/uploads\/2025\/09\/Temistocles-Montas.jpg?resize=525%2C300&ssl=1 1.5x, https:\/\/i0.wp.com\/lasprimeras.com.do\/wp-content\/uploads\/2025\/09\/Temistocles-Montas.jpg?resize=700%2C400&ssl=1 2x"},"classes":[]},{"id":59901,"url":"https:\/\/lasprimeras.com.do\/index.php\/2023\/09\/08\/sanz-lovaton-recibe-visita-del-embajador-de-la-republica-popular-china-en-el-pais\/","url_meta":{"origin":50467,"position":1},"title":"Sanz Lovat\u00f3n recibe visita del embajador de la Rep\u00fablica Popular China en el pa\u00eds","author":"Nelson Feliz","date":"8 de septiembre de 2023","format":false,"excerpt":"Ambas autoridades conversaron sobre fortalecer los lazos y las oportunidades comerciales entre ambos pa\u00edses. El director general de Aduanas, Eduardo Sanz Lovat\u00f3n, y el embajador de la Rep\u00fablica Popular China ante la Rep\u00fablica Dominicana, Chen Luning, sostuvieron un encuentro donde conversaron sobre las oportunidades comerciales entre ambos pa\u00edses. Adem\u00e1s, se\u2026","rel":"","context":"En \u00abECONOM\u00cdA\u00bb","block_context":{"text":"ECONOM\u00cdA","link":"https:\/\/lasprimeras.com.do\/index.php\/category\/economia\/"},"img":{"alt_text":"Foto 1 El director General de Aduanas, Eduardo Sanz Lovat\u00f3n y el embajador de la Rep\u00fablica Popular Chiana, Chen Luning.","src":"https:\/\/i0.wp.com\/lasprimeras.com.do\/wp-content\/uploads\/2023\/09\/Eduardo-Sanz-Lovaton-y-Chen-Luning.jpg?resize=350%2C200&ssl=1","width":350,"height":200,"srcset":"https:\/\/i0.wp.com\/lasprimeras.com.do\/wp-content\/uploads\/2023\/09\/Eduardo-Sanz-Lovaton-y-Chen-Luning.jpg?resize=350%2C200&ssl=1 1x, https:\/\/i0.wp.com\/lasprimeras.com.do\/wp-content\/uploads\/2023\/09\/Eduardo-Sanz-Lovaton-y-Chen-Luning.jpg?resize=525%2C300&ssl=1 1.5x, https:\/\/i0.wp.com\/lasprimeras.com.do\/wp-content\/uploads\/2023\/09\/Eduardo-Sanz-Lovaton-y-Chen-Luning.jpg?resize=700%2C400&ssl=1 2x"},"classes":[]},{"id":53964,"url":"https:\/\/lasprimeras.com.do\/index.php\/2023\/07\/03\/rd-y-china-celebran-reunion-para-promover-intercambio-comercial-e-inversion\/","url_meta":{"origin":50467,"position":2},"title":"RD y China celebran reuni\u00f3n para promover intercambio comercial e inversi\u00f3n","author":"Nelson Feliz","date":"3 de julio de 2023","format":false,"excerpt":"La Rep\u00fablica Dominicana y la Rep\u00fablica Popular China llevaron a cabo la Primera Reuni\u00f3n de la Comisi\u00f3n Mixta para las Cooperaciones Econ\u00f3micas, Comerciales y de Inversi\u00f3n en un encuentro hist\u00f3rico celebrado en el pa\u00eds. Esta reuni\u00f3n incluy\u00f3 la discusi\u00f3n de la situaci\u00f3n econ\u00f3mica de ambos pa\u00edses, la revisi\u00f3n de las\u2026","rel":"","context":"En \u00abECONOM\u00cdA\u00bb","block_context":{"text":"ECONOM\u00cdA","link":"https:\/\/lasprimeras.com.do\/index.php\/category\/economia\/"},"img":{"alt_text":"","src":"https:\/\/i0.wp.com\/lasprimeras.com.do\/wp-content\/uploads\/2023\/07\/Reunion-1.jpg?resize=350%2C200&ssl=1","width":350,"height":200,"srcset":"https:\/\/i0.wp.com\/lasprimeras.com.do\/wp-content\/uploads\/2023\/07\/Reunion-1.jpg?resize=350%2C200&ssl=1 1x, https:\/\/i0.wp.com\/lasprimeras.com.do\/wp-content\/uploads\/2023\/07\/Reunion-1.jpg?resize=525%2C300&ssl=1 1.5x, https:\/\/i0.wp.com\/lasprimeras.com.do\/wp-content\/uploads\/2023\/07\/Reunion-1.jpg?resize=700%2C400&ssl=1 2x"},"classes":[]},{"id":115516,"url":"https:\/\/lasprimeras.com.do\/index.php\/2025\/11\/23\/temistocles-montas-atribuye-el-frenazo-que-sufre-nuestra-economia-en-su-crecimiento-a-factores-internos\/","url_meta":{"origin":50467,"position":3},"title":"Tem\u00edstocles Mont\u00e1s atribuye el frenazo que sufre nuestra econom\u00eda en su crecimiento a factores internos","author":"Nelson Feliz","date":"23 de noviembre de 2025","format":false,"excerpt":"El ex Ministro de Econom\u00eda, Tem\u00edstocles Mont\u00e1s, vicepresidente del Partido de la Liberaci\u00f3n Dominicana (PLD) atribuye a factores internos, el frenazo que registra la econom\u00eda en la coyuntura actual. Con esta afirmaci\u00f3n Mont\u00e1s deslinda la reducci\u00f3n del crecimiento econ\u00f3mico en Rep\u00fablica Dominicana del entorno internacional cada vez m\u00e1s incierto. \u201cPor\u2026","rel":"","context":"En \u00abECONOM\u00cdA\u00bb","block_context":{"text":"ECONOM\u00cdA","link":"https:\/\/lasprimeras.com.do\/index.php\/category\/economia\/"},"img":{"alt_text":"Tem\u00edstocles Mont\u00e1s","src":"https:\/\/i0.wp.com\/lasprimeras.com.do\/wp-content\/uploads\/2025\/11\/Temistocles-Montas-1.jpg?resize=350%2C200&ssl=1","width":350,"height":200,"srcset":"https:\/\/i0.wp.com\/lasprimeras.com.do\/wp-content\/uploads\/2025\/11\/Temistocles-Montas-1.jpg?resize=350%2C200&ssl=1 1x, https:\/\/i0.wp.com\/lasprimeras.com.do\/wp-content\/uploads\/2025\/11\/Temistocles-Montas-1.jpg?resize=525%2C300&ssl=1 1.5x, https:\/\/i0.wp.com\/lasprimeras.com.do\/wp-content\/uploads\/2025\/11\/Temistocles-Montas-1.jpg?resize=700%2C400&ssl=1 2x"},"classes":[]},{"id":108555,"url":"https:\/\/lasprimeras.com.do\/index.php\/2025\/09\/08\/republica-dominicana-presenta-oportunidades-de-inversion-en-foro-de-negocios-en-beijing\/","url_meta":{"origin":50467,"position":4},"title":"Rep\u00fablica Dominicana presenta oportunidades de inversi\u00f3n en Foro de Negocios en Beijing","author":"Nelson Feliz","date":"8 de septiembre de 2025","format":false,"excerpt":"Beijing, China \u2013 La Rep\u00fablica Dominicana celebr\u00f3 con \u00e9xito en Beijing el Foro de Negocios de la Rep\u00fablica Dominicana, encabezado por representantes oficiales del pa\u00eds y centrado en el clima de inversi\u00f3n y las oportunidades de cooperaci\u00f3n. El evento, organizado por la Embajada de la Rep\u00fablica Dominicana en China, atrajo\u2026","rel":"","context":"En \u00abECONOM\u00cdA\u00bb","block_context":{"text":"ECONOM\u00cdA","link":"https:\/\/lasprimeras.com.do\/index.php\/category\/economia\/"},"img":{"alt_text":"","src":"https:\/\/i0.wp.com\/lasprimeras.com.do\/wp-content\/uploads\/2025\/09\/Biviana-Riveiro-Disla-directora-ejecutiva-de-ProDominicana.jpg?resize=350%2C200&ssl=1","width":350,"height":200,"srcset":"https:\/\/i0.wp.com\/lasprimeras.com.do\/wp-content\/uploads\/2025\/09\/Biviana-Riveiro-Disla-directora-ejecutiva-de-ProDominicana.jpg?resize=350%2C200&ssl=1 1x, https:\/\/i0.wp.com\/lasprimeras.com.do\/wp-content\/uploads\/2025\/09\/Biviana-Riveiro-Disla-directora-ejecutiva-de-ProDominicana.jpg?resize=525%2C300&ssl=1 1.5x, https:\/\/i0.wp.com\/lasprimeras.com.do\/wp-content\/uploads\/2025\/09\/Biviana-Riveiro-Disla-directora-ejecutiva-de-ProDominicana.jpg?resize=700%2C400&ssl=1 2x"},"classes":[]},{"id":61005,"url":"https:\/\/lasprimeras.com.do\/index.php\/2023\/09\/21\/rd-y-shanghai-fortalecen-las-relaciones-comerciales-en-un-encuentro-trascendental\/","url_meta":{"origin":50467,"position":5},"title":"RD y Shangh\u00e1i fortalecen las relaciones comerciales en un encuentro trascendental","author":"Nelson Feliz","date":"21 de septiembre de 2023","format":false,"excerpt":"El Centro de Exportaci\u00f3n e Inversi\u00f3n de la Rep\u00fablica Dominicana (ProDominicana) y el Ministerio de Relaciones Exteriores (MIREX) recibieron la visita de una delegaci\u00f3n gubernamental y empresarial de la ciudad de Shangh\u00e1i, China, con el prop\u00f3sito de explorar las oportunidades de negocios en el pa\u00eds.\u00a0\u00a0 En el marco de la\u2026","rel":"","context":"En \u00abECONOM\u00cdA\u00bb","block_context":{"text":"ECONOM\u00cdA","link":"https:\/\/lasprimeras.com.do\/index.php\/category\/economia\/"},"img":{"alt_text":"Encuentro Rep\u00fablica Dominicana y Rep\u00fablica Popular China","src":"https:\/\/i0.wp.com\/lasprimeras.com.do\/wp-content\/uploads\/2023\/09\/Encuentro-Republica-Dominicana-y-Republica-Popular-China.jpg?resize=350%2C200&ssl=1","width":350,"height":200,"srcset":"https:\/\/i0.wp.com\/lasprimeras.com.do\/wp-content\/uploads\/2023\/09\/Encuentro-Republica-Dominicana-y-Republica-Popular-China.jpg?resize=350%2C200&ssl=1 1x, https:\/\/i0.wp.com\/lasprimeras.com.do\/wp-content\/uploads\/2023\/09\/Encuentro-Republica-Dominicana-y-Republica-Popular-China.jpg?resize=525%2C300&ssl=1 1.5x, https:\/\/i0.wp.com\/lasprimeras.com.do\/wp-content\/uploads\/2023\/09\/Encuentro-Republica-Dominicana-y-Republica-Popular-China.jpg?resize=700%2C400&ssl=1 2x"},"classes":[]}],"jetpack_sharing_enabled":true,"_links":{"self":[{"href":"https:\/\/lasprimeras.com.do\/index.php\/wp-json\/wp\/v2\/posts\/50467","targetHints":{"allow":["GET"]}}],"collection":[{"href":"https:\/\/lasprimeras.com.do\/index.php\/wp-json\/wp\/v2\/posts"}],"about":[{"href":"https:\/\/lasprimeras.com.do\/index.php\/wp-json\/wp\/v2\/types\/post"}],"author":[{"embeddable":true,"href":"https:\/\/lasprimeras.com.do\/index.php\/wp-json\/wp\/v2\/users\/1"}],"replies":[{"embeddable":true,"href":"https:\/\/lasprimeras.com.do\/index.php\/wp-json\/wp\/v2\/comments?post=50467"}],"version-history":[{"count":0,"href":"https:\/\/lasprimeras.com.do\/index.php\/wp-json\/wp\/v2\/posts\/50467\/revisions"}],"wp:featuredmedia":[{"embeddable":true,"href":"https:\/\/lasprimeras.com.do\/index.php\/wp-json\/"}],"wp:attachment":[{"href":"https:\/\/lasprimeras.com.do\/index.php\/wp-json\/wp\/v2\/media?parent=50467"}],"wp:term":[{"taxonomy":"category","embeddable":true,"href":"https:\/\/lasprimeras.com.do\/index.php\/wp-json\/wp\/v2\/categories?post=50467"},{"taxonomy":"post_tag","embeddable":true,"href":"https:\/\/lasprimeras.com.do\/index.php\/wp-json\/wp\/v2\/tags?post=50467"}],"curies":[{"name":"wp","href":"https:\/\/api.w.org\/{rel}","templated":true}]}}