{"id":50560,"date":"2023-05-22T08:58:02","date_gmt":"2023-05-22T12:58:02","guid":{"rendered":"https:\/\/atento.com.do\/?p=50560"},"modified":"2023-05-22T08:58:02","modified_gmt":"2023-05-22T12:58:02","slug":"pld-empodera-con-serie-de-conferencias-direcciones-politica-de-elias-pina","status":"publish","type":"post","link":"https:\/\/lasprimeras.com.do\/index.php\/2023\/05\/22\/pld-empodera-con-serie-de-conferencias-direcciones-politica-de-elias-pina\/","title":{"rendered":"PLD\u00a0empodera\u00a0con serie de conferencias direcciones\u00a0pol\u00edtica de Elias Pi\u00f1a"},"content":{"rendered":"\n<p><strong>El\u00edas Pi\u00f1a,RD.<\/strong> Sin precedentes pol\u00edtico-formativos en la regi\u00f3n, fue la\u00a0serie de\u00a0 conferencias presentadas\u00a0por el Partido de la Liberaci\u00f3n Dominicana-PLD- en la provincia El\u00edas Pi\u00f1a, organizada\u00a0por la enlace del Comit\u00e9 Pol\u00edtico, Luc\u00eda Medina, dirigida a la direcci\u00f3n pol\u00edtica de los municipios y distritos municipales de la provincia fronteriza.<\/p>\n\n\n\n<p>C\u00e1ndido Ram\u00edrez, titulada &#8220;Autoestima y Liderazgo&#8221;,&nbsp;desaf\u00edo a la audiencia a mantener el esp\u00edritu del vencedor,&#8221; Si tu linaje es ser diputado reclama tu linaje, si tu linaje es ser regidor pelea tu linaje&#8221;.<\/p>\n\n\n\n<p>El liderazgo pol\u00edtico y gerencial de candidato presidencial Abel Mart\u00ednez, fue valorado y detallado&nbsp;como el &#8220;mejor producto&#8221;,por Belarminio Ramirez, quien fue enf\u00e1tico en se\u00f1alar &#8220;&#8221; &#8220;Nuestra Marca es PLD&#8221; y&nbsp; &#8221; Nuestro producto ideal es&nbsp;Abel Mart\u00ednez,es el mejor y con m\u00e1s experiencia &#8221; afirm\u00f3.&nbsp;&nbsp;<\/p>\n\n\n\n<p>Juan Ariel Jim\u00e9nez,vice presidente nacional del Partido de la Liberaci\u00f3n Dominicana, esboz\u00f3 como estandarte del desarrollo econ\u00f3mico los gobiernos del PLD al dictar &#8221; Legado del PLD en Materia&nbsp;Econ\u00f3mica&#8221;, Luc\u00eda Medina, enlace del Comit\u00e9 Pol\u00edtico en la provincia, valor\u00f3 de positivo la jornada formativa, defini\u00f3 a &#8220;Ab\u00e9l Mart\u00ednez como el candidato ideal para devolver la esperanza al pa\u00eds&#8221;.<\/p>\n\n\n\n<p>Luc\u00eda Medina, finaliz\u00f3 la actividad al decir &#8220;De gobernar bien de eso sabemos y eso le daremos.&#8221;Asegurando as\u00ed que el PLD volver\u00e1 a gobernar en el 2024.<\/p>\n","protected":false},"excerpt":{"rendered":"<p>El\u00edas Pi\u00f1a,RD. Sin precedentes pol\u00edtico-formativos en la regi\u00f3n, fue la\u00a0serie de\u00a0 conferencias presentadas\u00a0por el Partido de la Liberaci\u00f3n Dominicana-PLD- en la provincia El\u00edas Pi\u00f1a, organizada\u00a0por la enlace del Comit\u00e9 Pol\u00edtico,&hellip;<\/p>\n","protected":false},"author":1,"featured_media":50561,"comment_status":"open","ping_status":"open","sticky":false,"template":"","format":"standard","meta":{"content-type":"","jetpack_post_was_ever_published":false,"_jetpack_newsletter_access":"","_jetpack_dont_email_post_to_subs":false,"_jetpack_newsletter_tier_id":0,"_jetpack_memberships_contains_paywalled_content":false,"_jetpack_memberships_contains_paid_content":false,"footnotes":""},"categories":[1],"tags":[2095,2096,2097,269,52],"class_list":["post-50560","post","type-post","status-publish","format-standard","has-post-thumbnail","hentry","category-sin-categoria","tag-conferencias","tag-direcciones","tag-elias-pina-2","tag-pld","tag-politica-2"],"jetpack_featured_media_url":"","jetpack-related-posts":[{"id":116114,"url":"https:\/\/lasprimeras.com.do\/index.php\/2025\/11\/27\/pld-celebrara-el-congresoescogera-direccion-de-la-corriente-dignidad-juridica\/","url_meta":{"origin":50560,"position":0},"title":"PLD celebrar\u00e1 el Congreso;escoger\u00e1 direcci\u00f3n de la corriente Dignidad Jur\u00eddica","author":"Nelson Feliz","date":"27 de noviembre de 2025","format":false,"excerpt":"El Partido de la Liberaci\u00f3n Dominicana (PLD) program\u00f3 para el fin de semana dos importantes actividades en el cumplimiento de su l\u00ednea estrat\u00e9gica de fortalecimiento institucional. El s\u00e1bado 29 de noviembre la Secretar\u00eda de Relaciones Laborales del PLD realizar\u00e1 el Congreso Fundacional de la Corriente Sindical Miguel Soto, mediante un\u2026","rel":"","context":"En \u00abPOLITICA\u00bb","block_context":{"text":"POLITICA","link":"https:\/\/lasprimeras.com.do\/index.php\/category\/politica\/"},"img":{"alt_text":"","src":"https:\/\/i0.wp.com\/lasprimeras.com.do\/wp-content\/uploads\/2024\/05\/CN-PLD.jpg?resize=350%2C200&ssl=1","width":350,"height":200,"srcset":"https:\/\/i0.wp.com\/lasprimeras.com.do\/wp-content\/uploads\/2024\/05\/CN-PLD.jpg?resize=350%2C200&ssl=1 1x, https:\/\/i0.wp.com\/lasprimeras.com.do\/wp-content\/uploads\/2024\/05\/CN-PLD.jpg?resize=525%2C300&ssl=1 1.5x, https:\/\/i0.wp.com\/lasprimeras.com.do\/wp-content\/uploads\/2024\/05\/CN-PLD.jpg?resize=700%2C400&ssl=1 2x"},"classes":[]},{"id":56189,"url":"https:\/\/lasprimeras.com.do\/index.php\/2023\/07\/29\/roberto-angel-unidad-del-prm-en-elias-pina-y-en-el-pais-es-garantia-de-triunfo-en-el-2024\/","url_meta":{"origin":50560,"position":1},"title":"Roberto \u00c1ngel: \u201cUnidad del PRM en El\u00edas Pi\u00f1a y en el pa\u00eds es garant\u00eda de triunfo en el 2024\u201d","author":"Nelson Feliz","date":"29 de julio de 2023","format":false,"excerpt":"Juramenta excandidata a diputada del PLD, Orqu\u00eddea de los Santos, a trav\u00e9s de la unidad externa de campa\u00f1a, \u201cUnidos con Luis\u201d. Por Martin Restituyo El miembro de la direcci\u00f3n Ejecutiva del Partido Revolucionario Moderno (PRM), Roberto \u00c1ngel Salcedo, afirm\u00f3 este s\u00e1bado que la unidad\u00a0 que mantiene esta organizaci\u00f3n pol\u00edtica en\u2026","rel":"","context":"En \u00abPORTADA\u00bb","block_context":{"text":"PORTADA","link":"https:\/\/lasprimeras.com.do\/index.php\/category\/portada\/"},"img":{"alt_text":"Roberto \u00c1ngel Salcedo","src":"https:\/\/i0.wp.com\/lasprimeras.com.do\/wp-content\/uploads\/2023\/07\/Roberto-Angel-Salcedo-2-1.jpg?resize=350%2C200&ssl=1","width":350,"height":200,"srcset":"https:\/\/i0.wp.com\/lasprimeras.com.do\/wp-content\/uploads\/2023\/07\/Roberto-Angel-Salcedo-2-1.jpg?resize=350%2C200&ssl=1 1x, https:\/\/i0.wp.com\/lasprimeras.com.do\/wp-content\/uploads\/2023\/07\/Roberto-Angel-Salcedo-2-1.jpg?resize=525%2C300&ssl=1 1.5x"},"classes":[]},{"id":56661,"url":"https:\/\/lasprimeras.com.do\/index.php\/2023\/08\/03\/ivan-lorenzo-confirma-que-va-por-la-senaduria-del-distrito-nacional\/","url_meta":{"origin":50560,"position":2},"title":"Iv\u00e1n Lorenzo confirma que va por la senadur\u00eda del Distrito Nacional","author":"Nelson Feliz","date":"3 de agosto de 2023","format":false,"excerpt":"El senador del Partido de la Liberaci\u00f3n Dominicanapor la provincia El\u00edas Pi\u00f1a, Iv\u00e1n Lorenzo, confirm\u00f3 sus aspiraciones a optar por la candidatura a la senadur\u00eda del Distrito Nacional. \u201cLo que ayer era un rumor, hoy confirmo es una realidad. Mi decisi\u00f3n no parte de un capricho personal, sino que viene\u2026","rel":"","context":"En \u00abPORTADA\u00bb","block_context":{"text":"PORTADA","link":"https:\/\/lasprimeras.com.do\/index.php\/category\/portada\/"},"img":{"alt_text":"Iv\u00e1n Lorenzo","src":"https:\/\/i0.wp.com\/lasprimeras.com.do\/wp-content\/uploads\/2023\/08\/Ivan-Lorenzo.jpg?resize=350%2C200&ssl=1","width":350,"height":200,"srcset":"https:\/\/i0.wp.com\/lasprimeras.com.do\/wp-content\/uploads\/2023\/08\/Ivan-Lorenzo.jpg?resize=350%2C200&ssl=1 1x, https:\/\/i0.wp.com\/lasprimeras.com.do\/wp-content\/uploads\/2023\/08\/Ivan-Lorenzo.jpg?resize=525%2C300&ssl=1 1.5x, https:\/\/i0.wp.com\/lasprimeras.com.do\/wp-content\/uploads\/2023\/08\/Ivan-Lorenzo.jpg?resize=700%2C400&ssl=1 2x"},"classes":[]},{"id":116433,"url":"https:\/\/lasprimeras.com.do\/index.php\/2025\/11\/30\/pld-ofrece-los-resultados-preliminares-de-las-votaciones-de-este-domingo-video\/","url_meta":{"origin":50560,"position":3},"title":"PLD ofrece los resultados preliminares de las votaciones de este domingo | Video","author":"Nelson Feliz","date":"30 de noviembre de 2025","format":false,"excerpt":"Comisi\u00f3n Electoral: \u201cEl PLD acaba de anotarse un nuevo triunfo realizando unas elecciones de sus abogados y abogadas concurridas, participativas, entusiasta y transparente\u201d Pasada las cinco de la tarde del domingo 30 de noviembre, la Comisi\u00f3n Nacional Electoral (CNE), designada por el Partido de la Liberaci\u00f3n Dominicana (PLD) para organizar\u2026","rel":"","context":"En \u00abPOLITICA\u00bb","block_context":{"text":"POLITICA","link":"https:\/\/lasprimeras.com.do\/index.php\/category\/politica\/"},"img":{"alt_text":"","src":"https:\/\/i0.wp.com\/lasprimeras.com.do\/wp-content\/uploads\/2025\/12\/votaciones.jpg?resize=350%2C200&ssl=1","width":350,"height":200,"srcset":"https:\/\/i0.wp.com\/lasprimeras.com.do\/wp-content\/uploads\/2025\/12\/votaciones.jpg?resize=350%2C200&ssl=1 1x, https:\/\/i0.wp.com\/lasprimeras.com.do\/wp-content\/uploads\/2025\/12\/votaciones.jpg?resize=525%2C300&ssl=1 1.5x, https:\/\/i0.wp.com\/lasprimeras.com.do\/wp-content\/uploads\/2025\/12\/votaciones.jpg?resize=700%2C400&ssl=1 2x"},"classes":[]},{"id":127074,"url":"https:\/\/lasprimeras.com.do\/index.php\/2026\/04\/08\/senador-por-elias-pina-respalda-medidas-del-gobierno-para-proteger-la-frontera\/","url_meta":{"origin":50560,"position":4},"title":"Senador por El\u00edas Pi\u00f1a respalda medidas del Gobierno para proteger la frontera","author":"Nelson Feliz","date":"8 de abril de 2026","format":false,"excerpt":"El senador de la provincia El\u00edas Pi\u00f1a, Dr. Jhonson Encarnaci\u00f3n, manifest\u00f3 su total respaldo a las medidas implementadas por el gobierno dominicano para resguardar la soberan\u00eda y la seguridad en la zona fronteriza del pa\u00eds. Durante un encuentro con medios locales, el legislador destac\u00f3 que las acciones dispuestas por el\u2026","rel":"","context":"En \u00abPOLITICA\u00bb","block_context":{"text":"POLITICA","link":"https:\/\/lasprimeras.com.do\/index.php\/category\/politica\/"},"img":{"alt_text":"","src":"https:\/\/i0.wp.com\/lasprimeras.com.do\/wp-content\/uploads\/2026\/04\/IMG-20260408-WA0277.jpg?resize=350%2C200&ssl=1","width":350,"height":200,"srcset":"https:\/\/i0.wp.com\/lasprimeras.com.do\/wp-content\/uploads\/2026\/04\/IMG-20260408-WA0277.jpg?resize=350%2C200&ssl=1 1x, https:\/\/i0.wp.com\/lasprimeras.com.do\/wp-content\/uploads\/2026\/04\/IMG-20260408-WA0277.jpg?resize=525%2C300&ssl=1 1.5x, https:\/\/i0.wp.com\/lasprimeras.com.do\/wp-content\/uploads\/2026\/04\/IMG-20260408-WA0277.jpg?resize=700%2C400&ssl=1 2x"},"classes":[]},{"id":107490,"url":"https:\/\/lasprimeras.com.do\/index.php\/2025\/08\/27\/regidor-el-prm-en-san-juan-pasa-a-las-filas-del-pld\/","url_meta":{"origin":50560,"position":5},"title":"Regidor el PRM en San Juan pasa a las filas del PLD","author":"Nelson Feliz","date":"27 de agosto de 2025","format":false,"excerpt":"Regidor del PRM, Salvador Ram\u00edrez (Cueco) de El Rosario, San Juan de la Maguana, regresa al Partido de la Liberaci\u00f3n Dominicana (PLD) En un acto celebrado en el local del Partido de la Liberaci\u00f3n Dominicana (PLD), el regidor del distrito municipal El Rosario por el Partido Revolucionario Moderno (PRM), Salvador\u2026","rel":"","context":"En \u00abPOLITICA\u00bb","block_context":{"text":"POLITICA","link":"https:\/\/lasprimeras.com.do\/index.php\/category\/politica\/"},"img":{"alt_text":"","src":"https:\/\/i0.wp.com\/lasprimeras.com.do\/wp-content\/uploads\/2025\/08\/Salvador-Ramirez-2.jpg?resize=350%2C200&ssl=1","width":350,"height":200,"srcset":"https:\/\/i0.wp.com\/lasprimeras.com.do\/wp-content\/uploads\/2025\/08\/Salvador-Ramirez-2.jpg?resize=350%2C200&ssl=1 1x, https:\/\/i0.wp.com\/lasprimeras.com.do\/wp-content\/uploads\/2025\/08\/Salvador-Ramirez-2.jpg?resize=525%2C300&ssl=1 1.5x, https:\/\/i0.wp.com\/lasprimeras.com.do\/wp-content\/uploads\/2025\/08\/Salvador-Ramirez-2.jpg?resize=700%2C400&ssl=1 2x"},"classes":[]}],"jetpack_sharing_enabled":true,"_links":{"self":[{"href":"https:\/\/lasprimeras.com.do\/index.php\/wp-json\/wp\/v2\/posts\/50560","targetHints":{"allow":["GET"]}}],"collection":[{"href":"https:\/\/lasprimeras.com.do\/index.php\/wp-json\/wp\/v2\/posts"}],"about":[{"href":"https:\/\/lasprimeras.com.do\/index.php\/wp-json\/wp\/v2\/types\/post"}],"author":[{"embeddable":true,"href":"https:\/\/lasprimeras.com.do\/index.php\/wp-json\/wp\/v2\/users\/1"}],"replies":[{"embeddable":true,"href":"https:\/\/lasprimeras.com.do\/index.php\/wp-json\/wp\/v2\/comments?post=50560"}],"version-history":[{"count":0,"href":"https:\/\/lasprimeras.com.do\/index.php\/wp-json\/wp\/v2\/posts\/50560\/revisions"}],"wp:featuredmedia":[{"embeddable":true,"href":"https:\/\/lasprimeras.com.do\/index.php\/wp-json\/"}],"wp:attachment":[{"href":"https:\/\/lasprimeras.com.do\/index.php\/wp-json\/wp\/v2\/media?parent=50560"}],"wp:term":[{"taxonomy":"category","embeddable":true,"href":"https:\/\/lasprimeras.com.do\/index.php\/wp-json\/wp\/v2\/categories?post=50560"},{"taxonomy":"post_tag","embeddable":true,"href":"https:\/\/lasprimeras.com.do\/index.php\/wp-json\/wp\/v2\/tags?post=50560"}],"curies":[{"name":"wp","href":"https:\/\/api.w.org\/{rel}","templated":true}]}}