{"id":50580,"date":"2023-05-22T11:38:36","date_gmt":"2023-05-22T15:38:36","guid":{"rendered":"https:\/\/atento.com.do\/?p=50580"},"modified":"2023-05-22T11:38:36","modified_gmt":"2023-05-22T15:38:36","slug":"reenvian-audiencia-de-medida-de-coercion-contra-luis-brito","status":"publish","type":"post","link":"https:\/\/lasprimeras.com.do\/index.php\/2023\/05\/22\/reenvian-audiencia-de-medida-de-coercion-contra-luis-brito\/","title":{"rendered":"Reenv\u00edan audiencia de medida de coerci\u00f3n contra Luis Brito"},"content":{"rendered":"\n<p>La jueza Ana Isa Lee Florim\u00f3n fue quien tom\u00f3 la decisi\u00f3n.<\/p>\n\n\n\n<p><strong>Santo Domingo, RD.-.<\/strong>La audiencia de medida de coerci\u00f3n del imputado Luis Alberto Brito Troncoso, conocido como \u201cLuis\u201d, fue reenviada para este mi\u00e9rcoles a las 9:00 de la ma\u00f1ana.<\/p>\n\n\n\n<p>Los abogados de los familiares de Joshua Fern\u00e1ndez explicaron que qued\u00f3 suspendida a los fines de darle oportunidad a la defensa del implicado de estudiar el expediente y recabar pruebas para depositarlas al tribunal.<\/p>\n\n\n\n<p>Luis se entreg\u00f3 a las autoridades el s\u00e1bado, en Pedernales, al sur de Rep\u00fablica Dominicana. Este domingo fue trasladado a la carcelita del Palacio de Justicia de Ciudad Nueva.<\/p>\n\n\n\n<p>Hace unos d\u00edas, Luis difundi\u00f3 un video en el que aseguraba que ni \u00e9l, ni Chiquito son responsables de la tragedia y que ellos solo realizaron dos disparos al aire.<\/p>\n","protected":false},"excerpt":{"rendered":"<p>La jueza Ana Isa Lee Florim\u00f3n fue quien tom\u00f3 la decisi\u00f3n. Santo Domingo, RD.-.La audiencia de medida de coerci\u00f3n del imputado Luis Alberto Brito Troncoso, conocido como \u201cLuis\u201d, fue reenviada&hellip;<\/p>\n","protected":false},"author":1,"featured_media":50581,"comment_status":"open","ping_status":"open","sticky":false,"template":"","format":"standard","meta":{"content-type":"","jetpack_post_was_ever_published":false,"_jetpack_newsletter_access":"","_jetpack_dont_email_post_to_subs":false,"_jetpack_newsletter_tier_id":0,"_jetpack_memberships_contains_paywalled_content":false,"_jetpack_memberships_contains_paid_content":false,"footnotes":""},"categories":[289,25],"tags":[846,1339,2039,1660,2109],"class_list":["post-50580","post","type-post","status-publish","format-standard","has-post-thumbnail","hentry","category-justicia","category-portada","tag-audiencia","tag-coercion","tag-luis-brito","tag-medida","tag-reenvian"],"jetpack_featured_media_url":"","jetpack-related-posts":[{"id":50815,"url":"https:\/\/lasprimeras.com.do\/index.php\/2023\/05\/24\/dictan-tres-meses-de-prision-preventiva-contra-luis-brito-imputado-por-caso-joshua-fernandez\/","url_meta":{"origin":50580,"position":0},"title":"Dictan tres meses de prisi\u00f3n preventiva contra Luis Brito, imputado por caso Joshua Fern\u00e1ndez","author":"prenxa100","date":"24 de mayo de 2023","format":false,"excerpt":"El encartado deber\u00e1 cumplir la medida en la C\u00e1rcel P\u00fablica de Ban\u00ed, en la provincia Peravia. Santo Domingo, RD.-. El juzgado de la Segunda sala penal del Tribunal de Ejecuci\u00f3n de la Pena dict\u00f3 tres meses de prisi\u00f3n preventiva como medida de coerci\u00f3n contra Luis Brito, uno de los implicados\u2026","rel":"","context":"En \u00abJUSTICIA\u00bb","block_context":{"text":"JUSTICIA","link":"https:\/\/lasprimeras.com.do\/index.php\/category\/justicia\/"},"img":{"alt_text":"","src":"","width":0,"height":0},"classes":[]},{"id":50915,"url":"https:\/\/lasprimeras.com.do\/index.php\/2023\/05\/25\/luis-brito-es-enviado-a-bani-con-tres-meses-de-prision-preventiva\/","url_meta":{"origin":50580,"position":1},"title":"Luis Brito es enviado a Ban\u00ed con tres meses de prisi\u00f3n preventiva","author":"prenxa100","date":"25 de mayo de 2023","format":false,"excerpt":"A su llegada a audiencia, el imputado dijo a los medios de comunicaci\u00f3n presentes que dir\u00e1 \u201ctoda la verdad\u201d respecto a la muerte de Joshua Fern\u00e1ndez. Santo Domingo, RD.-.El juzgado de la Segunda Sala Penal del Tribunal de Ejecuci\u00f3n de la Pena dict\u00f3 ayer tres meses de prisi\u00f3n preventiva, como\u2026","rel":"","context":"En \u00abJUSTICIA\u00bb","block_context":{"text":"JUSTICIA","link":"https:\/\/lasprimeras.com.do\/index.php\/category\/justicia\/"},"img":{"alt_text":"","src":"","width":0,"height":0},"classes":[]},{"id":50505,"url":"https:\/\/lasprimeras.com.do\/index.php\/2023\/05\/21\/conoceran-medida-de-coercion-a-luis-brito-este-lunes\/","url_meta":{"origin":50580,"position":2},"title":"Conoceran medida de coerci\u00f3n a Luis Brito este lunes","author":"prenxa100","date":"21 de mayo de 2023","format":false,"excerpt":"Brito est\u00e1 implicado en la muerte de Joshua Fern\u00e1ndez. Santo Domingo, RD.-. La Oficina Judicial de Servicios de Atenci\u00f3n Permanente program\u00f3 la tarde de este domingo la audiencia de solicitud de medida de coerci\u00f3n de Luis Brito, uno de los implicados en la muerte de Joshua Omar Fern\u00e1ndez, para el\u2026","rel":"","context":"En \u00abJUSTICIA\u00bb","block_context":{"text":"JUSTICIA","link":"https:\/\/lasprimeras.com.do\/index.php\/category\/justicia\/"},"img":{"alt_text":"","src":"","width":0,"height":0},"classes":[]},{"id":50507,"url":"https:\/\/lasprimeras.com.do\/index.php\/2023\/05\/21\/chiquito-y-luis-implicados-en-muerte-de-joshua-estuvieron-en-dos-audiencias-del-caso-gioser-feliz\/","url_meta":{"origin":50580,"position":3},"title":"Chiquito y Luis, implicados en muerte de Joshua, estuvieron en dos audiencias del caso Gioser F\u00e9liz","author":"prenxa100","date":"21 de mayo de 2023","format":false,"excerpt":"Santiago, RD.-. \u201cLuis\u201d y \u201cChiquito\u201d, ambos implicados en el caso Joshua Fern\u00e1ndez, estuvieron presentes en el Palacio de Justicia de Santiago en al menos dos audiencias de solicitud de medida de coerci\u00f3n de los imputados por la muerte de Gioser Luis Feliz Camilo, el ni\u00f1o que falleci\u00f3 luego de que\u2026","rel":"","context":"En \u00abJUSTICIA\u00bb","block_context":{"text":"JUSTICIA","link":"https:\/\/lasprimeras.com.do\/index.php\/category\/justicia\/"},"img":{"alt_text":"","src":"","width":0,"height":0},"classes":[]},{"id":109544,"url":"https:\/\/lasprimeras.com.do\/index.php\/2025\/09\/18\/reenvian-audiencia-de-coercion-contra-acusados-de-violacion-grupal-a-adolescente-en-los-tres-brazos\/","url_meta":{"origin":50580,"position":4},"title":"Reenv\u00edan audiencia de coerci\u00f3n contra acusados de violaci\u00f3n grupal a adolescente en Los Tres Brazos","author":"Nelson Feliz","date":"18 de septiembre de 2025","format":false,"excerpt":"Fue reenviado para el pr\u00f3ximo 19 de septiembre en horas de la ma\u00f1ana el conocimiento de la medida de coerci\u00f3n contra cinco hombres acusados de agredir sexualmente en grupo a una adolescente de 16 a\u00f1os en el sector Los Tres Brazos. La audiencia, que estaba pautada para este mi\u00e9rcoles en\u2026","rel":"","context":"En \u00abJUSTICIA\u00bb","block_context":{"text":"JUSTICIA","link":"https:\/\/lasprimeras.com.do\/index.php\/category\/justicia\/"},"img":{"alt_text":"","src":"","width":0,"height":0},"classes":[]},{"id":52010,"url":"https:\/\/lasprimeras.com.do\/index.php\/2023\/06\/06\/fiscalia-de-santiago-reenvia-audiencia-contra-josefrailin-alcantara\/","url_meta":{"origin":50580,"position":5},"title":"Fiscal\u00eda de Santiago reenv\u00eda audiencia contra Josefrailin Alc\u00e1ntara","author":"prenxa100","date":"6 de junio de 2023","format":false,"excerpt":"A solicitud de la parte imputada, la Oficina Judicial de Servicios de Atenci\u00f3n Permanente de Santiago aplaz\u00f3 para el pr\u00f3ximo viernes la audiencia para el conocimiento de medidas de coerci\u00f3n contra otro de los implicados en el asesinato de un joven en el distrito municipal Santiago Oeste, el 19 de\u2026","rel":"","context":"En \u00abJUSTICIA\u00bb","block_context":{"text":"JUSTICIA","link":"https:\/\/lasprimeras.com.do\/index.php\/category\/justicia\/"},"img":{"alt_text":"","src":"","width":0,"height":0},"classes":[]}],"jetpack_sharing_enabled":true,"_links":{"self":[{"href":"https:\/\/lasprimeras.com.do\/index.php\/wp-json\/wp\/v2\/posts\/50580","targetHints":{"allow":["GET"]}}],"collection":[{"href":"https:\/\/lasprimeras.com.do\/index.php\/wp-json\/wp\/v2\/posts"}],"about":[{"href":"https:\/\/lasprimeras.com.do\/index.php\/wp-json\/wp\/v2\/types\/post"}],"author":[{"embeddable":true,"href":"https:\/\/lasprimeras.com.do\/index.php\/wp-json\/wp\/v2\/users\/1"}],"replies":[{"embeddable":true,"href":"https:\/\/lasprimeras.com.do\/index.php\/wp-json\/wp\/v2\/comments?post=50580"}],"version-history":[{"count":0,"href":"https:\/\/lasprimeras.com.do\/index.php\/wp-json\/wp\/v2\/posts\/50580\/revisions"}],"wp:featuredmedia":[{"embeddable":true,"href":"https:\/\/lasprimeras.com.do\/index.php\/wp-json\/"}],"wp:attachment":[{"href":"https:\/\/lasprimeras.com.do\/index.php\/wp-json\/wp\/v2\/media?parent=50580"}],"wp:term":[{"taxonomy":"category","embeddable":true,"href":"https:\/\/lasprimeras.com.do\/index.php\/wp-json\/wp\/v2\/categories?post=50580"},{"taxonomy":"post_tag","embeddable":true,"href":"https:\/\/lasprimeras.com.do\/index.php\/wp-json\/wp\/v2\/tags?post=50580"}],"curies":[{"name":"wp","href":"https:\/\/api.w.org\/{rel}","templated":true}]}}