{"id":50592,"date":"2023-05-22T13:01:08","date_gmt":"2023-05-22T17:01:08","guid":{"rendered":"https:\/\/atento.com.do\/?p=50592"},"modified":"2023-05-22T13:01:08","modified_gmt":"2023-05-22T17:01:08","slug":"leidy-laura-nunez-lanza-precandidatura-a-diputada-fp","status":"publish","type":"post","link":"https:\/\/lasprimeras.com.do\/index.php\/2023\/05\/22\/leidy-laura-nunez-lanza-precandidatura-a-diputada-fp\/","title":{"rendered":"Leidy Laura N\u00fa\u00f1ez lanza precandidatura a diputada FP"},"content":{"rendered":"\n<p>NUEVA YORK. \u2013La dirigente nacional de la Fuerza del Pueblo(FP), Leidy Laura N\u00fa\u00f1ez, exhibi\u00f3 sus m\u00fasculos y fortaleza al lanzar su precandidatura a diputada en un acto en el que abarrot\u00f3 el local principal de su organizaci\u00f3n, en Manhattan.<\/p>\n\n\n\n<p>Visiblemente emocionada y en compa\u00f1\u00eda de su esposo el exdiputado Alfredo Rodr\u00edguez, y sus hijos Sebasti\u00e1n, Samuel, Scarlett y Samanta, Leidy Laura se autoproclam\u00f3 como la precandidata de la FP, que posee las propuestas concretas para solucionar los problemas de la di\u00e1spora.<\/p>\n\n\n\n<p>Manifest\u00f3 que cuando se convierta en diputada, buscar\u00e1 desde la C\u00e1mara de Diputados mantener y mejorar las conquistas alcanzadas por la di\u00e1spora, en lo que tiene que ver con los que residen en la circunscripci\u00f3n electoral n\u00famero uno del exterior, que acoge a Estados Unidos y Canad\u00e1.<\/p>\n\n\n\n<p>A tono de la consigna \u201cElla es, Laura es\u201d, la precandidata pueblista saludaba y abrazaba de forma efusiva a sus simpatizantes como un gesto de unidad y del deseo de trabajar en una sola direcci\u00f3n para alcanzar la nominaci\u00f3n a diputados y la de su l\u00edder Leonel Fern\u00e1ndez a la Presidencia de la Rep\u00fablica.<\/p>\n\n\n\n<p>\u201cHoy quiero decirles que su cooperaci\u00f3n y sacrificio jam\u00e1s ser\u00e1n defraudados, porque seremos la voz genuina de nuestra di\u00e1spora\u201d, a\u00f1adi\u00f3.<\/p>\n\n\n\n<p>Agreg\u00f3 que sus aspiraciones representan \u00abun s\u00edmbolo de la lucha por el empoderamiento de las mujeres\u00bb.<\/p>\n\n\n\n<p>\u201cLes aseguro que estaremos en cada rinc\u00f3n donde haya dominicanos para escuchar y llevar sus voces al Congreso\u201d, subray\u00f3.<\/p>\n\n\n\n<p>Puntualiz\u00f3 que impulsar\u00e1 un plan de viviendas dignas para los dominicanos del exterior, \u00abcon mejores facilidades y menos burocracia\u00bb.<\/p>\n\n\n\n<p>Precis\u00f3 que trabajar\u00e1 para lograr instaurar una tasa de inter\u00e9s preferencial en los financiamientos de viviendas y al mismo tiempo, impulsar\u00e1 una modificaci\u00f3n a la Ley 04-07, que regula la importaci\u00f3n de veh\u00edculos a residentes en el exterior, para que el tiempo de los veh\u00edculos pueda llevarse a 10 a\u00f1os\u00bb, detall\u00f3.<\/p>\n\n\n\n<p>Autor Francis P\u00e9rez<\/p>\n","protected":false},"excerpt":{"rendered":"<p>NUEVA YORK. \u2013La dirigente nacional de la Fuerza del Pueblo(FP), Leidy Laura N\u00fa\u00f1ez, exhibi\u00f3 sus m\u00fasculos y fortaleza al lanzar su precandidatura a diputada en un acto en el que&hellip;<\/p>\n","protected":false},"author":1,"featured_media":50593,"comment_status":"open","ping_status":"open","sticky":false,"template":"","format":"standard","meta":{"content-type":"","jetpack_post_was_ever_published":false,"_jetpack_newsletter_access":"","_jetpack_dont_email_post_to_subs":false,"_jetpack_newsletter_tier_id":0,"_jetpack_memberships_contains_paywalled_content":false,"_jetpack_memberships_contains_paid_content":false,"footnotes":""},"categories":[1],"tags":[2118],"class_list":["post-50592","post","type-post","status-publish","format-standard","has-post-thumbnail","hentry","category-sin-categoria","tag-leidy-laura-nunez"],"jetpack_featured_media_url":"","jetpack-related-posts":[{"id":113913,"url":"https:\/\/lasprimeras.com.do\/index.php\/2025\/11\/07\/descontento-en-fp-circunscripcion-1-usa\/","url_meta":{"origin":50592,"position":0},"title":"Descontento en FP circunscripci\u00f3n 1-USA","author":"Nelson Feliz","date":"7 de noviembre de 2025","format":false,"excerpt":"Por Ram\u00f3n Mercedes NUEVA YORK.- La decisi\u00f3n de la Fuerza de Pueblo (FP) de se\u00f1alar y elevar a la dirigente de esa entidad pol\u00edtica, Leidy Laura N\u00fa\u00f1ez, a la Direcci\u00f3n Pol\u00edtica (DP) sin haberse ganado la posici\u00f3n por trabajos pol\u00edticos en la circunscripci\u00f3n 1-USA, nos ha causado descontento y desesperanza\u2026","rel":"","context":"En \u00abPOLITICA\u00bb","block_context":{"text":"POLITICA","link":"https:\/\/lasprimeras.com.do\/index.php\/category\/politica\/"},"img":{"alt_text":"Descontento en FP circunscripci\u00f3n 1-USA","src":"https:\/\/i0.wp.com\/lasprimeras.com.do\/wp-content\/uploads\/2025\/11\/WhatsApp-Image-2025-11-07-at-6.45.48-AM-1.jpeg?resize=350%2C200&ssl=1","width":350,"height":200},"classes":[]},{"id":50442,"url":"https:\/\/lasprimeras.com.do\/index.php\/2023\/05\/20\/este-domingo-lanzan-candidatura-a-diputada-de-ultramar-de-laura-nunez\/","url_meta":{"origin":50592,"position":1},"title":"Este domingo lanz\u00e1n candidatura a diputada de ultramar de Laura N\u00fa\u00f1ez","author":"prenxa100","date":"20 de mayo de 2023","format":false,"excerpt":"Por Vicente Balbuena New York.- La reconocida y destacada dirigente, Laura Nu\u00f1ez, lanzar\u00e1 \u00e9ste domingo 21 de mayo, su precandidatura a diputada de ultramar por la Fuerza del Pueblo, FP, que lidera el doctor Leonel Fern\u00e1ndez Reyna. Al acto, han sido convocados, dirigentes, miembros y simpatizantes, de la que es\u2026","rel":"","context":"En \u00abSin categor\u00eda\u00bb","block_context":{"text":"Sin categor\u00eda","link":"https:\/\/lasprimeras.com.do\/index.php\/category\/sin-categoria\/"},"img":{"alt_text":"","src":"","width":0,"height":0},"classes":[]},{"id":53921,"url":"https:\/\/lasprimeras.com.do\/index.php\/2023\/07\/03\/morrobel-encabeza-preferencia-aspirantes-diputado-fp-con-51\/","url_meta":{"origin":50592,"position":2},"title":"Morrobel encabeza preferencia aspirantes diputado FP con 51%","author":"Nelson Feliz","date":"3 de julio de 2023","format":false,"excerpt":"En la cuarta entrega de la encuesta realizada por Social and Political Investigations, Gregorio Morrobel, continua encabezando la preferencia entre los aspirantes a diputado del partido Fuerza del Pueblo (FP) en la circunscripci\u00f3n electoral n\u00famero uno del exterior. La empresa explic\u00f3 que \u00aben esta penultima entrega decidimos medir a los\u2026","rel":"","context":"En \u00abSin categor\u00eda\u00bb","block_context":{"text":"Sin categor\u00eda","link":"https:\/\/lasprimeras.com.do\/index.php\/category\/sin-categoria\/"},"img":{"alt_text":"Gregorio Morrobel","src":"https:\/\/i0.wp.com\/lasprimeras.com.do\/wp-content\/uploads\/2023\/07\/77d8ba8d-4ac5-4719-a8e8-2b1454c3bf2a.jpg?resize=350%2C200&ssl=1","width":350,"height":200,"srcset":"https:\/\/i0.wp.com\/lasprimeras.com.do\/wp-content\/uploads\/2023\/07\/77d8ba8d-4ac5-4719-a8e8-2b1454c3bf2a.jpg?resize=350%2C200&ssl=1 1x, https:\/\/i0.wp.com\/lasprimeras.com.do\/wp-content\/uploads\/2023\/07\/77d8ba8d-4ac5-4719-a8e8-2b1454c3bf2a.jpg?resize=525%2C300&ssl=1 1.5x, https:\/\/i0.wp.com\/lasprimeras.com.do\/wp-content\/uploads\/2023\/07\/77d8ba8d-4ac5-4719-a8e8-2b1454c3bf2a.jpg?resize=700%2C400&ssl=1 2x, https:\/\/i0.wp.com\/lasprimeras.com.do\/wp-content\/uploads\/2023\/07\/77d8ba8d-4ac5-4719-a8e8-2b1454c3bf2a.jpg?resize=1050%2C600&ssl=1 3x, https:\/\/i0.wp.com\/lasprimeras.com.do\/wp-content\/uploads\/2023\/07\/77d8ba8d-4ac5-4719-a8e8-2b1454c3bf2a.jpg?resize=1400%2C800&ssl=1 4x"},"classes":[]},{"id":50757,"url":"https:\/\/lasprimeras.com.do\/index.php\/2023\/05\/23\/fp-en-ny-afirma-funcionarios-de-abinader-gastan-alegremente-los-recursos-del-estado\/","url_meta":{"origin":50592,"position":3},"title":"FP en NY afirma funcionarios de Abinader gastan alegremente los recursos del Estado","author":"prenxa100","date":"23 de mayo de 2023","format":false,"excerpt":"Autor Francis P\u00e9rez NUEVA YORK. - El coordinador empresarial de la Fuerza del Pueblo en Nueva York, ingeniero Rafael Montes de Oca, inst\u00f3 al gobernante de la Rep\u00fablica Dominicana, Luis Abinader, a \u00abcontrolar los gastos del Estado, sobre la base de dirigir mejor a sus funcionarios p\u00fablicos y dejar de\u2026","rel":"","context":"En \u00abSin categor\u00eda\u00bb","block_context":{"text":"Sin categor\u00eda","link":"https:\/\/lasprimeras.com.do\/index.php\/category\/sin-categoria\/"},"img":{"alt_text":"","src":"","width":0,"height":0},"classes":[]},{"id":113982,"url":"https:\/\/lasprimeras.com.do\/index.php\/2025\/11\/09\/descontento-en-la-fuerza-del-pueblo-merito-o-dedo\/","url_meta":{"origin":50592,"position":4},"title":"Descontento en la Fuerza del Pueblo: \u00bfM\u00e9rito o Dedo?","author":"Nelson Feliz","date":"9 de noviembre de 2025","format":false,"excerpt":"Por Nelson Feliz La reciente reestructuraci\u00f3n de la Direcci\u00f3n Pol\u00edtica (DP) de la Fuerza del Pueblo (FP) ha encendido las alarmas del descontento en importantes segmentos de su militancia. Dirigentes tanto en la Rep\u00fablica Dominicana como en el extranjero han alzado su voz para criticar, no la ratificaci\u00f3n de su\u2026","rel":"","context":"En \u00abOPINI\u00d3N\u00bb","block_context":{"text":"OPINI\u00d3N","link":"https:\/\/lasprimeras.com.do\/index.php\/category\/opinion\/"},"img":{"alt_text":"Fuerza del Pueblo","src":"https:\/\/i0.wp.com\/lasprimeras.com.do\/wp-content\/uploads\/2023\/08\/Fuerza-del-Pueblo-2.jpg?resize=350%2C200&ssl=1","width":350,"height":200,"srcset":"https:\/\/i0.wp.com\/lasprimeras.com.do\/wp-content\/uploads\/2023\/08\/Fuerza-del-Pueblo-2.jpg?resize=350%2C200&ssl=1 1x, https:\/\/i0.wp.com\/lasprimeras.com.do\/wp-content\/uploads\/2023\/08\/Fuerza-del-Pueblo-2.jpg?resize=525%2C300&ssl=1 1.5x, https:\/\/i0.wp.com\/lasprimeras.com.do\/wp-content\/uploads\/2023\/08\/Fuerza-del-Pueblo-2.jpg?resize=700%2C400&ssl=1 2x"},"classes":[]},{"id":88035,"url":"https:\/\/lasprimeras.com.do\/index.php\/2024\/08\/21\/leidy-blanco-dice-pc-favorece-disminucion-de-los-diputados\/","url_meta":{"origin":50592,"position":5},"title":"Leidy Blanco dice PC favorece disminuci\u00f3n de los diputados","author":"Nelson Feliz","date":"21 de agosto de 2024","format":false,"excerpt":"La miembro del Consejo y Coordinadora de la Unidad de An\u00e1lisis Pol\u00edtico de Participaci\u00f3n Ciudadana (PC), Leidy Blanco Garc\u00eda, expres\u00f3 que, respecto a la disminuci\u00f3n de la cantidad de diputados, plante\u00f3 que la propuesta de reforma constitucional hecha por el Poder Ejecutivo presenta oportunidades de mejora. La representante de PC,\u2026","rel":"","context":"En \u00abNACIONALES\u00bb","block_context":{"text":"NACIONALES","link":"https:\/\/lasprimeras.com.do\/index.php\/category\/nacionales\/"},"img":{"alt_text":"Leidy Blanco Garc\u00eda","src":"https:\/\/i0.wp.com\/lasprimeras.com.do\/wp-content\/uploads\/2024\/08\/Leidy-Blanco.jpg?resize=350%2C200&ssl=1","width":350,"height":200,"srcset":"https:\/\/i0.wp.com\/lasprimeras.com.do\/wp-content\/uploads\/2024\/08\/Leidy-Blanco.jpg?resize=350%2C200&ssl=1 1x, https:\/\/i0.wp.com\/lasprimeras.com.do\/wp-content\/uploads\/2024\/08\/Leidy-Blanco.jpg?resize=525%2C300&ssl=1 1.5x, https:\/\/i0.wp.com\/lasprimeras.com.do\/wp-content\/uploads\/2024\/08\/Leidy-Blanco.jpg?resize=700%2C400&ssl=1 2x"},"classes":[]}],"jetpack_sharing_enabled":true,"_links":{"self":[{"href":"https:\/\/lasprimeras.com.do\/index.php\/wp-json\/wp\/v2\/posts\/50592","targetHints":{"allow":["GET"]}}],"collection":[{"href":"https:\/\/lasprimeras.com.do\/index.php\/wp-json\/wp\/v2\/posts"}],"about":[{"href":"https:\/\/lasprimeras.com.do\/index.php\/wp-json\/wp\/v2\/types\/post"}],"author":[{"embeddable":true,"href":"https:\/\/lasprimeras.com.do\/index.php\/wp-json\/wp\/v2\/users\/1"}],"replies":[{"embeddable":true,"href":"https:\/\/lasprimeras.com.do\/index.php\/wp-json\/wp\/v2\/comments?post=50592"}],"version-history":[{"count":0,"href":"https:\/\/lasprimeras.com.do\/index.php\/wp-json\/wp\/v2\/posts\/50592\/revisions"}],"wp:featuredmedia":[{"embeddable":true,"href":"https:\/\/lasprimeras.com.do\/index.php\/wp-json\/"}],"wp:attachment":[{"href":"https:\/\/lasprimeras.com.do\/index.php\/wp-json\/wp\/v2\/media?parent=50592"}],"wp:term":[{"taxonomy":"category","embeddable":true,"href":"https:\/\/lasprimeras.com.do\/index.php\/wp-json\/wp\/v2\/categories?post=50592"},{"taxonomy":"post_tag","embeddable":true,"href":"https:\/\/lasprimeras.com.do\/index.php\/wp-json\/wp\/v2\/tags?post=50592"}],"curies":[{"name":"wp","href":"https:\/\/api.w.org\/{rel}","templated":true}]}}