{"id":50597,"date":"2023-05-22T13:55:44","date_gmt":"2023-05-22T17:55:44","guid":{"rendered":"https:\/\/atento.com.do\/?p=50597"},"modified":"2023-05-22T13:55:44","modified_gmt":"2023-05-22T17:55:44","slug":"disponen-cese-de-prision-preventiva-a-ruddy-el-hombre-que-duro-tres-anos-de-reenvio-en-reenvio","status":"publish","type":"post","link":"https:\/\/lasprimeras.com.do\/index.php\/2023\/05\/22\/disponen-cese-de-prision-preventiva-a-ruddy-el-hombre-que-duro-tres-anos-de-reenvio-en-reenvio\/","title":{"rendered":"Disponen cese de prisi\u00f3n preventiva a Ruddy, el hombre que dur\u00f3 tres a\u00f1os de reenv\u00edo en reenv\u00edo"},"content":{"rendered":"\n<p>El tribunal dispuso que el imputado pague el monto de una garant\u00eda econ\u00f3mica de 2 millones de pesos e impedimento de salida del pa\u00eds.<\/p>\n\n\n\n<p><strong>Santo Domingo, RD.-.<\/strong>El Tercer Tribunal Colegiado del Distrito Nacional dispuso el cese de la Prisi\u00f3n preventiva de Ruddy Roberto Santos Ram\u00edrez, el hombre que denunci\u00f3 en un audivisual que se hizo viral en redes sociales, estar detenido de manera injusta con una prisi\u00f3n preventiva que se extendi\u00f3 por tres a\u00f1os.<\/p>\n\n\n\n<p>El tribunal dispuso que el imputado pague el monto de una garant\u00eda econ\u00f3mica de 2 millones de pesos e impedimento de salida del pa\u00eds.<\/p>\n\n\n\n<p>El tribunal tom\u00f3 la decisi\u00f3n al acoger un pedimento presentado por Miguel Surun Hern\u00e1ndez, presidente del Colegio de Abogados de la Rep\u00fablica Dominicana (CARD), en favor del imputado que \u201cestuvo preso por una supuesta agresi\u00f3n contra una inquilina\u201d.<\/p>\n\n\n\n<p>El presidente del gremio que agrupa a los profesionales del derecho salud\u00f3 la decisi\u00f3n del tribunal, sin embargo, deplor\u00f3 el monto de la fianza impuesta al imputado.<\/p>\n\n\n\n<p>LOS HECHOS<\/p>\n\n\n\n<p>En un editorial titulado \u201cUn caso que parte el alma\u201d, List\u00edn Diario se hizo eco del caso de Santos Ram\u00edrez y deplor\u00f3 que la acusaci\u00f3n haya ca\u00eddo en un limbo jur\u00eddico por los continuos reenv\u00edos durante tres a\u00f1os.<\/p>\n\n\n\n<p>Santos Ram\u00edrez denunci\u00f3 a trav\u00e9s de un video se quej\u00f3 amargamente por su encierro y las deficiencias del sistema judicial dominicano.<\/p>\n","protected":false},"excerpt":{"rendered":"<p>El tribunal dispuso que el imputado pague el monto de una garant\u00eda econ\u00f3mica de 2 millones de pesos e impedimento de salida del pa\u00eds. Santo Domingo, RD.-.El Tercer Tribunal Colegiado&hellip;<\/p>\n","protected":false},"author":1,"featured_media":50598,"comment_status":"open","ping_status":"open","sticky":false,"template":"","format":"standard","meta":{"content-type":"","jetpack_post_was_ever_published":false,"_jetpack_newsletter_access":"","_jetpack_dont_email_post_to_subs":false,"_jetpack_newsletter_tier_id":0,"_jetpack_memberships_contains_paywalled_content":false,"_jetpack_memberships_contains_paid_content":false,"footnotes":""},"categories":[289],"tags":[2122],"class_list":["post-50597","post","type-post","status-publish","format-standard","has-post-thumbnail","hentry","category-justicia","tag-ruddy-roberto-santos-ramirez"],"jetpack_featured_media_url":"","jetpack-related-posts":[{"id":50638,"url":"https:\/\/lasprimeras.com.do\/index.php\/2023\/05\/22\/tribunal-ordena-libertad-de-preso-de-manera-ilegal-por-casi-3-anos\/","url_meta":{"origin":50597,"position":0},"title":"Tribunal ordena libertad de preso de manera ilegal por casi 3 a\u00f1os","author":"prenxa100","date":"22 de mayo de 2023","format":false,"excerpt":"San Pedro de Macor\u00eds,RD.-El Tribunal Colegiado del Distrito Judicial de San Pedro de Macor\u00eds, orden\u00f3 este lunes la puesta en libertad de Ruddy Santos Ram\u00edrez, a requerimiento y seguimiento del Colegio de Abogados, tras este estar preso durante casi tres a\u00f1os por una supuesta agresi\u00f3n a una inquilina. Miguel Surum\u2026","rel":"","context":"En \u00abJUSTICIA\u00bb","block_context":{"text":"JUSTICIA","link":"https:\/\/lasprimeras.com.do\/index.php\/category\/justicia\/"},"img":{"alt_text":"","src":"","width":0,"height":0},"classes":[]},{"id":64412,"url":"https:\/\/lasprimeras.com.do\/index.php\/2023\/10\/20\/donald-guerrero-libre-tras-el-fallo-de-un-recurso-de-apelacion\/","url_meta":{"origin":50597,"position":1},"title":"Donald Guerrero libre tras el fallo de un recurso de apelaci\u00f3n","author":"BIMARY DE JES\u00daS Matos","date":"20 de octubre de 2023","format":false,"excerpt":"Santo Domingo.-El exministro de Hacienda, Donald Guerrero, logr\u00f3 ayer que los jueces de la Segunda Sala Penal de la Corte de Apelaci\u00f3n del Distrito Nacional le variaron la prisi\u00f3n preventiva dictada en su contra, por su vinculaci\u00f3n en el caso Calamar. El tribunal, presidido por Doris Pujols Ortiz e integrado\u2026","rel":"","context":"En \u00abNACIONALES\u00bb","block_context":{"text":"NACIONALES","link":"https:\/\/lasprimeras.com.do\/index.php\/category\/nacionales\/"},"img":{"alt_text":"","src":"https:\/\/i0.wp.com\/lasprimeras.com.do\/wp-content\/uploads\/2023\/10\/WhatsApp-Image-2023-10-18-at-9.33.42-PM-7.jpeg?resize=350%2C200&ssl=1","width":350,"height":200,"srcset":"https:\/\/i0.wp.com\/lasprimeras.com.do\/wp-content\/uploads\/2023\/10\/WhatsApp-Image-2023-10-18-at-9.33.42-PM-7.jpeg?resize=350%2C200&ssl=1 1x, https:\/\/i0.wp.com\/lasprimeras.com.do\/wp-content\/uploads\/2023\/10\/WhatsApp-Image-2023-10-18-at-9.33.42-PM-7.jpeg?resize=525%2C300&ssl=1 1.5x"},"classes":[]},{"id":85218,"url":"https:\/\/lasprimeras.com.do\/index.php\/2024\/06\/25\/imponen-garantia-economica-a-imputada-en-muerte-de-julio-cesar-de-la-rosa\/","url_meta":{"origin":50597,"position":2},"title":"Imponen garant\u00eda econ\u00f3mica a imputada en muerte de Julio C\u00e9sar de la Rosa","author":"Nelson Feliz","date":"25 de junio de 2024","format":false,"excerpt":"El padre de la v\u00edctima Julio C\u00e9sar de la Rosa, dijo que respetaba la decisi\u00f3n de tribunal y que la imputada mostr\u00f3 arrepentimiento y pidi\u00f3 perd\u00f3n a la familia. La jueza Emely Bruno, del Juzgado de Paz Especial de Tr\u00e1nsito del Distrito Nacional, rechaz\u00f3 imponer prisi\u00f3n preventiva en contra de\u2026","rel":"","context":"En \u00abJUSTICIA\u00bb","block_context":{"text":"JUSTICIA","link":"https:\/\/lasprimeras.com.do\/index.php\/category\/justicia\/"},"img":{"alt_text":"Skarlet Valentina Mujica Zapata","src":"https:\/\/i0.wp.com\/lasprimeras.com.do\/wp-content\/uploads\/2024\/06\/Skarlet-Valentina-Mujica-Zapata.jpeg?resize=350%2C200&ssl=1","width":350,"height":200,"srcset":"https:\/\/i0.wp.com\/lasprimeras.com.do\/wp-content\/uploads\/2024\/06\/Skarlet-Valentina-Mujica-Zapata.jpeg?resize=350%2C200&ssl=1 1x, https:\/\/i0.wp.com\/lasprimeras.com.do\/wp-content\/uploads\/2024\/06\/Skarlet-Valentina-Mujica-Zapata.jpeg?resize=525%2C300&ssl=1 1.5x, https:\/\/i0.wp.com\/lasprimeras.com.do\/wp-content\/uploads\/2024\/06\/Skarlet-Valentina-Mujica-Zapata.jpeg?resize=700%2C400&ssl=1 2x"},"classes":[]},{"id":79503,"url":"https:\/\/lasprimeras.com.do\/index.php\/2024\/03\/27\/tribunal-ordena-prision-preventiva-contra-cabecillas-de-estructura-del-microtrafico-en-navarrete\/","url_meta":{"origin":50597,"position":3},"title":"Tribunal ordena prisi\u00f3n preventiva contra cabecillas de estructura del microtr\u00e1fico en Navarrete","author":"Nelson Feliz","date":"27 de marzo de 2024","format":false,"excerpt":"Declaran complejo el proceso.\u00a0 El juez de la Oficina Judicial de Servicios de Atenci\u00f3n Permanente, Jos\u00e9 Rafael D' As\u00eds, valid\u00f3 y acogi\u00f3 la solicitud de la Fiscal\u00eda de Santiago e impuso la prisi\u00f3n preventiva en contra de los cabecillas de la estructura del microtr\u00e1fico que operaba en el municipio Villa\u2026","rel":"","context":"En \u00abJUSTICIA\u00bb","block_context":{"text":"JUSTICIA","link":"https:\/\/lasprimeras.com.do\/index.php\/category\/justicia\/"},"img":{"alt_text":"","src":"","width":0,"height":0},"classes":[]},{"id":71321,"url":"https:\/\/lasprimeras.com.do\/index.php\/2023\/12\/19\/tribunal-levanta-la-prision-domiciliaria-y-uso-de-grilletes-a-alexis-medina\/","url_meta":{"origin":50597,"position":4},"title":"Tribunal levanta la prisi\u00f3n domiciliaria y uso de grilletes a Alexis Medina","author":"Nelson Feliz","date":"19 de diciembre de 2023","format":false,"excerpt":"Le mantuvo las medidas de coerci\u00f3n de impedimento de salida y el pago de garant\u00eda econ\u00f3mica. El Segundo Tribunal Colegiado del Distrito Nacional vari\u00f3 la noche de este lunes la medida de coerci\u00f3n a Alexis Medina, quien figura como el principal imputado del caso Antipulpo. La magistrada Yissell Soto dispuso\u2026","rel":"","context":"En \u00abJUSTICIA\u00bb","block_context":{"text":"JUSTICIA","link":"https:\/\/lasprimeras.com.do\/index.php\/category\/justicia\/"},"img":{"alt_text":"Alexis Medina S\u00e1nchez","src":"https:\/\/i0.wp.com\/lasprimeras.com.do\/wp-content\/uploads\/2023\/12\/Alexis-Medina-Sanchez.jpg?resize=350%2C200&ssl=1","width":350,"height":200,"srcset":"https:\/\/i0.wp.com\/lasprimeras.com.do\/wp-content\/uploads\/2023\/12\/Alexis-Medina-Sanchez.jpg?resize=350%2C200&ssl=1 1x, https:\/\/i0.wp.com\/lasprimeras.com.do\/wp-content\/uploads\/2023\/12\/Alexis-Medina-Sanchez.jpg?resize=525%2C300&ssl=1 1.5x, https:\/\/i0.wp.com\/lasprimeras.com.do\/wp-content\/uploads\/2023\/12\/Alexis-Medina-Sanchez.jpg?resize=700%2C400&ssl=1 2x"},"classes":[]},{"id":85182,"url":"https:\/\/lasprimeras.com.do\/index.php\/2024\/06\/25\/imponen-tres-meses-de-prision-preventiva-a-pastor-imputado-de-violacion\/","url_meta":{"origin":50597,"position":5},"title":"Imponen tres meses de prisi\u00f3n preventiva a pastor imputado de violaci\u00f3n","author":"Nelson Feliz","date":"25 de junio de 2024","format":false,"excerpt":"SER\u00c1 ENVIADO A NAJAYO - HOMBRES El Ministerio P\u00fablico de Santo Oeste obtuvo tres meses de prisi\u00f3n preventiva, como medida de coerci\u00f3n, contra del imputado Johan Manuel Castillo Ortega, pastor de una iglesia en la localidad Los Alcarrizos. La jueza Cecilia Toribio, de la Oficina de Servicios de Atenci\u00f3n Permanente\u2026","rel":"","context":"En \u00abJUSTICIA\u00bb","block_context":{"text":"JUSTICIA","link":"https:\/\/lasprimeras.com.do\/index.php\/category\/justicia\/"},"img":{"alt_text":"","src":"https:\/\/i0.wp.com\/lasprimeras.com.do\/wp-content\/uploads\/2024\/06\/PASTORVIOLADOR-745x375-1.png?resize=350%2C200&ssl=1","width":350,"height":200,"srcset":"https:\/\/i0.wp.com\/lasprimeras.com.do\/wp-content\/uploads\/2024\/06\/PASTORVIOLADOR-745x375-1.png?resize=350%2C200&ssl=1 1x, https:\/\/i0.wp.com\/lasprimeras.com.do\/wp-content\/uploads\/2024\/06\/PASTORVIOLADOR-745x375-1.png?resize=525%2C300&ssl=1 1.5x, https:\/\/i0.wp.com\/lasprimeras.com.do\/wp-content\/uploads\/2024\/06\/PASTORVIOLADOR-745x375-1.png?resize=700%2C400&ssl=1 2x"},"classes":[]}],"jetpack_sharing_enabled":true,"_links":{"self":[{"href":"https:\/\/lasprimeras.com.do\/index.php\/wp-json\/wp\/v2\/posts\/50597","targetHints":{"allow":["GET"]}}],"collection":[{"href":"https:\/\/lasprimeras.com.do\/index.php\/wp-json\/wp\/v2\/posts"}],"about":[{"href":"https:\/\/lasprimeras.com.do\/index.php\/wp-json\/wp\/v2\/types\/post"}],"author":[{"embeddable":true,"href":"https:\/\/lasprimeras.com.do\/index.php\/wp-json\/wp\/v2\/users\/1"}],"replies":[{"embeddable":true,"href":"https:\/\/lasprimeras.com.do\/index.php\/wp-json\/wp\/v2\/comments?post=50597"}],"version-history":[{"count":0,"href":"https:\/\/lasprimeras.com.do\/index.php\/wp-json\/wp\/v2\/posts\/50597\/revisions"}],"wp:featuredmedia":[{"embeddable":true,"href":"https:\/\/lasprimeras.com.do\/index.php\/wp-json\/"}],"wp:attachment":[{"href":"https:\/\/lasprimeras.com.do\/index.php\/wp-json\/wp\/v2\/media?parent=50597"}],"wp:term":[{"taxonomy":"category","embeddable":true,"href":"https:\/\/lasprimeras.com.do\/index.php\/wp-json\/wp\/v2\/categories?post=50597"},{"taxonomy":"post_tag","embeddable":true,"href":"https:\/\/lasprimeras.com.do\/index.php\/wp-json\/wp\/v2\/tags?post=50597"}],"curies":[{"name":"wp","href":"https:\/\/api.w.org\/{rel}","templated":true}]}}