{"id":50700,"date":"2023-05-23T11:02:43","date_gmt":"2023-05-23T15:02:43","guid":{"rendered":"https:\/\/atento.com.do\/?p=50700"},"modified":"2023-05-23T11:02:43","modified_gmt":"2023-05-23T15:02:43","slug":"segun-la-encuesta-rd-elige-habra-segunda-vuelta-para-el-2024","status":"publish","type":"post","link":"https:\/\/lasprimeras.com.do\/index.php\/2023\/05\/23\/segun-la-encuesta-rd-elige-habra-segunda-vuelta-para-el-2024\/","title":{"rendered":"Seg\u00fan la Encuesta RD Elige habr\u00e1 segunda vuelta para el 2024"},"content":{"rendered":"\n<p><strong>Santo Domingo.-.<\/strong>La octava entrega de la encuesta RD Elige, elaborada por Investigaciones Digitales y el Grupo RCC Media indica que el presidente, Luis Abinader, aventaja a los candidatos del Partido de la Liberaci\u00f3n Dominicana (PLD), Abel Mart\u00ednez y Leonel Fern\u00e1ndez de la Fuerza del Pueblo (FP) con un 49.6% frente a un 37.6% y un 38.3% respectivamente.<\/p>\n\n\n\n<p>Es decir, los datos de RD Elige arrojan que si para las elecciones del 2024 solo hubieran dos candidatos a la presidencia y uno de ellos fuera el actual presidente de la Rep\u00fablica, Luis Abinader, y el otro Leonel o Abel no habr\u00eda un claro ganador debido al requisito del 50+1 que se exige constitucionalmente para declarar oficialmente a un ganador del sorteo electoral.<\/p>\n\n\n\n<p>No obstante, la encuesta RD Elige se\u00f1ala que Abinader ganar\u00eda con un margen m\u00e1s amplio al expresidente Leonel Fern\u00e1ndez en caso de enfrentarse con \u00e9l en el sorteo electoral y no con Mart\u00ednez.<\/p>\n\n\n\n<p><strong>Encuesta RD Elige<\/strong><\/p>\n\n\n\n<p>Aldo Campusano, director de RD Elige dijo, durante una participaci\u00f3n en el programa el \u00abSol de las Ma\u00f1anas\u00bb, del Grupo RCC Media, dijo que el presidente Abinader tuvo un crecimiento de tres puntos respecto a la encuesta anterior, mientras que Abel Mart\u00ednez, del PLD, present\u00f3 una ca\u00edda de dos puntos. Fern\u00e1ndez presenta un crecimiento de cuatro puntos.<\/p>\n\n\n\n<p>\u00abQue nos quieren decir estos n\u00fameros, en primer lugrar, que la posibilidad de que el Presidente gane en una primera vuelta est\u00e1 latente, es decir, no est\u00e1 dada como un hecho, pero no est\u00e1 descartada\u00bb, agreg\u00f3.<\/p>\n\n\n\n<p>La octava versi\u00f3n de la encuesta RD Elige se realiz\u00f3 desde el 10 al 23 de mayo de este a\u00f1o, con una participaci\u00f3n de m\u00e1s de cinco mil 400 dominicanos mayores de 18 a\u00f1os.<\/p>\n","protected":false},"excerpt":{"rendered":"<p>Santo Domingo.-.La octava entrega de la encuesta RD Elige, elaborada por Investigaciones Digitales y el Grupo RCC Media indica que el presidente, Luis Abinader, aventaja a los candidatos del Partido&hellip;<\/p>\n","protected":false},"author":1,"featured_media":50701,"comment_status":"open","ping_status":"open","sticky":false,"template":"","format":"standard","meta":{"content-type":"","jetpack_post_was_ever_published":false,"_jetpack_newsletter_access":"","_jetpack_dont_email_post_to_subs":false,"_jetpack_newsletter_tier_id":0,"_jetpack_memberships_contains_paywalled_content":false,"_jetpack_memberships_contains_paid_content":false,"footnotes":""},"categories":[25],"tags":[182,2195,2196,2197,1506],"class_list":["post-50700","post","type-post","status-publish","format-standard","has-post-thumbnail","hentry","category-portada","tag-elecciones","tag-encuesta","tag-rcc-media","tag-rd-elige-2","tag-segunda-vuelta"],"jetpack_featured_media_url":"","jetpack-related-posts":[{"id":50694,"url":"https:\/\/lasprimeras.com.do\/index.php\/2023\/05\/23\/mayoria-en-rd-elige-votaria-por-el-prm-si-las-elecciones-fueran-hoy\/","url_meta":{"origin":50700,"position":0},"title":"Mayor\u00eda en RD Elige votar\u00eda por el PRM si las elecciones fueran hoy","author":"prenxa100","date":"23 de mayo de 2023","format":false,"excerpt":"SANTO DOMINGO.-. El escenario de una segunda vuelta electoral para el proceso presidencial de 2024 en la Rep\u00fablica Dominicana se mantiene, seg\u00fan los resultados presentados este martes, en la octava entrega de la firma encuestadora RD Elige del grupo RCC Media, donde ninguno de los tres principales candidatos alcanzar\u00eda el\u2026","rel":"","context":"En \u00abPORTADA\u00bb","block_context":{"text":"PORTADA","link":"https:\/\/lasprimeras.com.do\/index.php\/category\/portada\/"},"img":{"alt_text":"","src":"","width":0,"height":0},"classes":[]},{"id":50849,"url":"https:\/\/lasprimeras.com.do\/index.php\/2023\/05\/24\/victor-terrero-dice-resultados-de-la-encuesta-rd-elige-favorece-de-alguna-manera-a-abel-martinez\/","url_meta":{"origin":50700,"position":1},"title":"V\u00edctor Terrero dice resultados de la Encuesta RD-Elige, favorece de alguna manera a Abel Mart\u00ednez","author":"prenxa100","date":"24 de mayo de 2023","format":false,"excerpt":"Santo Domingo.-. El miembro del Comit\u00e9 Central del Partido de la Liberaci\u00f3n Dominicana (PLD), doctor V\u00edctor Manuel Terrero, sostuvo hoy que los resultados revelados en la Encuesta RD-Elige del Grupo RCC Media, de alguna manera favorece al candidato presidencial Abel Mart\u00ednez, porque, aunque realmente no ha iniciado la campa\u00f1a electoral\u2026","rel":"","context":"En \u00abPORTADA\u00bb","block_context":{"text":"PORTADA","link":"https:\/\/lasprimeras.com.do\/index.php\/category\/portada\/"},"img":{"alt_text":"","src":"","width":0,"height":0},"classes":[]},{"id":82996,"url":"https:\/\/lasprimeras.com.do\/index.php\/2024\/05\/10\/gallup-rcc-media-preve-abinader-ganara-con-un-60\/","url_meta":{"origin":50700,"position":2},"title":"Gallup-RCC Media prev\u00e9 Abinader ganar\u00e1 con un 60 %","author":"BIMARY DE JES\u00daS Matos","date":"10 de mayo de 2024","format":false,"excerpt":"Los resultados de las \u00faltimas mediciones electorales realizadas por las firmas Gallup-RCC Media, Mark Penn\/Stawell\/Noticias SIN y Diario Libre-Greenberg, proyectan el triunfo del presidente Luis Abinader en las venideras elecciones del 19 de mayo, sin necesidad de que el pa\u00eds se aboque a una segunda vuelta electoral. En su m\u00e1s\u2026","rel":"","context":"En \u00abSin categor\u00eda\u00bb","block_context":{"text":"Sin categor\u00eda","link":"https:\/\/lasprimeras.com.do\/index.php\/category\/sin-categoria\/"},"img":{"alt_text":"","src":"https:\/\/i0.wp.com\/lasprimeras.com.do\/wp-content\/uploads\/2024\/05\/6a0c8a05-4f4b-48f5-a1d9-1ad180753c4a-19.jpg?resize=350%2C200&ssl=1","width":350,"height":200,"srcset":"https:\/\/i0.wp.com\/lasprimeras.com.do\/wp-content\/uploads\/2024\/05\/6a0c8a05-4f4b-48f5-a1d9-1ad180753c4a-19.jpg?resize=350%2C200&ssl=1 1x, https:\/\/i0.wp.com\/lasprimeras.com.do\/wp-content\/uploads\/2024\/05\/6a0c8a05-4f4b-48f5-a1d9-1ad180753c4a-19.jpg?resize=525%2C300&ssl=1 1.5x, https:\/\/i0.wp.com\/lasprimeras.com.do\/wp-content\/uploads\/2024\/05\/6a0c8a05-4f4b-48f5-a1d9-1ad180753c4a-19.jpg?resize=700%2C400&ssl=1 2x"},"classes":[]},{"id":55679,"url":"https:\/\/lasprimeras.com.do\/index.php\/2023\/07\/24\/economia-e-inseguridad-principales-problemas-de-la-poblacion-segun-rd-elige\/","url_meta":{"origin":50700,"position":3},"title":"Econom\u00eda e inseguridad, principales problemas de la poblaci\u00f3n seg\u00fan RD Elige","author":"Nelson Feliz","date":"24 de julio de 2023","format":false,"excerpt":"Los datos arrojados por la m\u00e1s reciente encuesta \u00abRD Elige\u00bb del Grupo RCC Media, la econom\u00eda y la inseguridad son dos de los principales problemas que padece la aprobaci\u00f3n. Seg\u00fan las mediciones, el 43.3% de los encuetados considera que los temas econ\u00f3micos son el principal malestar que afecta al pa\u00eds\u2026","rel":"","context":"En \u00abNACIONALES\u00bb","block_context":{"text":"NACIONALES","link":"https:\/\/lasprimeras.com.do\/index.php\/category\/nacionales\/"},"img":{"alt_text":"","src":"https:\/\/i0.wp.com\/lasprimeras.com.do\/wp-content\/uploads\/2023\/07\/elige.jpg?resize=350%2C200&ssl=1","width":350,"height":200,"srcset":"https:\/\/i0.wp.com\/lasprimeras.com.do\/wp-content\/uploads\/2023\/07\/elige.jpg?resize=350%2C200&ssl=1 1x, https:\/\/i0.wp.com\/lasprimeras.com.do\/wp-content\/uploads\/2023\/07\/elige.jpg?resize=525%2C300&ssl=1 1.5x, https:\/\/i0.wp.com\/lasprimeras.com.do\/wp-content\/uploads\/2023\/07\/elige.jpg?resize=700%2C400&ssl=1 2x"},"classes":[]},{"id":66567,"url":"https:\/\/lasprimeras.com.do\/index.php\/2023\/11\/08\/candidatos-del-prm-tienen-mayor-preferencia-segun-la-firma-gallup\/","url_meta":{"origin":50700,"position":4},"title":"Candidatos del PRM tienen mayor preferencia, seg\u00fan la firma Gallup","author":"BIMARY DE JES\u00daS Matos","date":"8 de noviembre de 2023","format":false,"excerpt":"SANTO DOMINGO.- Una reciente encuesta de la firma Gallup revela que los candidatos del Partido Revolucionario Moderno (PRM) y sus aliados tienen mayor preferencias para las elecciones del 2024. De acuerdo a este sondeo, el 52.3% de encuestados dice que votar\u00eda por los perreme\u00edstas en las elecciones municipales de febrero\u2026","rel":"","context":"En \u00abSin categor\u00eda\u00bb","block_context":{"text":"Sin categor\u00eda","link":"https:\/\/lasprimeras.com.do\/index.php\/category\/sin-categoria\/"},"img":{"alt_text":"","src":"https:\/\/i0.wp.com\/lasprimeras.com.do\/wp-content\/uploads\/2023\/11\/WhatsApp-Image-2023-11-07-at-4.56.20-PM.jpeg?resize=350%2C200&ssl=1","width":350,"height":200,"srcset":"https:\/\/i0.wp.com\/lasprimeras.com.do\/wp-content\/uploads\/2023\/11\/WhatsApp-Image-2023-11-07-at-4.56.20-PM.jpeg?resize=350%2C200&ssl=1 1x, https:\/\/i0.wp.com\/lasprimeras.com.do\/wp-content\/uploads\/2023\/11\/WhatsApp-Image-2023-11-07-at-4.56.20-PM.jpeg?resize=525%2C300&ssl=1 1.5x, https:\/\/i0.wp.com\/lasprimeras.com.do\/wp-content\/uploads\/2023\/11\/WhatsApp-Image-2023-11-07-at-4.56.20-PM.jpeg?resize=700%2C400&ssl=1 2x"},"classes":[]},{"id":50991,"url":"https:\/\/lasprimeras.com.do\/index.php\/2023\/05\/25\/segun-ultimas-encuestadoras-abinader-lidera-y-ganaria-en-primera-vuelta\/","url_meta":{"origin":50700,"position":5},"title":"Seg\u00fan \u00faltimas encuestadoras Abinader lidera y ganar\u00eda en primera vuelta","author":"prenxa100","date":"25 de mayo de 2023","format":false,"excerpt":"Ahora en la \u00faltima entrega de Mark Penn cuando se calcula solo los que dicen preferir a un candidato se muestra que las elecciones se decidir\u00e1n en primera vuelta. SANTO DOMINGO, RD. - De acuerdo a las \u00faltimas encuestadoras de la Rep\u00fablica Dominicana - Gallup, Markestrategia y ABC Marketing, quienes\u2026","rel":"","context":"En \u00abSin categor\u00eda\u00bb","block_context":{"text":"Sin categor\u00eda","link":"https:\/\/lasprimeras.com.do\/index.php\/category\/sin-categoria\/"},"img":{"alt_text":"","src":"","width":0,"height":0},"classes":[]}],"jetpack_sharing_enabled":true,"_links":{"self":[{"href":"https:\/\/lasprimeras.com.do\/index.php\/wp-json\/wp\/v2\/posts\/50700","targetHints":{"allow":["GET"]}}],"collection":[{"href":"https:\/\/lasprimeras.com.do\/index.php\/wp-json\/wp\/v2\/posts"}],"about":[{"href":"https:\/\/lasprimeras.com.do\/index.php\/wp-json\/wp\/v2\/types\/post"}],"author":[{"embeddable":true,"href":"https:\/\/lasprimeras.com.do\/index.php\/wp-json\/wp\/v2\/users\/1"}],"replies":[{"embeddable":true,"href":"https:\/\/lasprimeras.com.do\/index.php\/wp-json\/wp\/v2\/comments?post=50700"}],"version-history":[{"count":0,"href":"https:\/\/lasprimeras.com.do\/index.php\/wp-json\/wp\/v2\/posts\/50700\/revisions"}],"wp:featuredmedia":[{"embeddable":true,"href":"https:\/\/lasprimeras.com.do\/index.php\/wp-json\/"}],"wp:attachment":[{"href":"https:\/\/lasprimeras.com.do\/index.php\/wp-json\/wp\/v2\/media?parent=50700"}],"wp:term":[{"taxonomy":"category","embeddable":true,"href":"https:\/\/lasprimeras.com.do\/index.php\/wp-json\/wp\/v2\/categories?post=50700"},{"taxonomy":"post_tag","embeddable":true,"href":"https:\/\/lasprimeras.com.do\/index.php\/wp-json\/wp\/v2\/tags?post=50700"}],"curies":[{"name":"wp","href":"https:\/\/api.w.org\/{rel}","templated":true}]}}