{"id":50749,"date":"2023-05-23T20:57:04","date_gmt":"2023-05-24T00:57:04","guid":{"rendered":"https:\/\/atento.com.do\/?p=50749"},"modified":"2023-05-23T20:57:04","modified_gmt":"2023-05-24T00:57:04","slug":"radhames-jimenez-el-pueblo-ha-bautizado-al-gobierno-del-prm-como-los-apaga-estufas","status":"publish","type":"post","link":"https:\/\/lasprimeras.com.do\/index.php\/2023\/05\/23\/radhames-jimenez-el-pueblo-ha-bautizado-al-gobierno-del-prm-como-los-apaga-estufas\/","title":{"rendered":"Radham\u00e9s Jim\u00e9nez: El pueblo ha bautizado al gobierno del PRM, como los apaga estufas"},"content":{"rendered":"\n<p>\u201cJuramenta nuevos miembros en la FP\u201d<\/p>\n\n\n\n<p><strong>Santo Domingo.-.<\/strong> El vicepresidente y coordinador pol\u00edtico del partido Fuerza del Pueblo, Radham\u00e9s Jim\u00e9nez Pe\u00f1a, afirmo que el pueblo ha bautizado al PRM como \u201cel gobierno de los apaga estufas\u201d.<\/p>\n\n\n\n<p>&nbsp;Jim\u00e9nez Pe\u00f1a, sostuvo que muchos dominicanos est\u00e1n pasando por situaciones dif\u00edciles, ya que no tienen forma de como comer tres veces al d\u00eda.<\/p>\n\n\n\n<p>El dirigente pol\u00edtico opositor, recalc\u00f3 en la provincia Mar\u00eda Trinidad S\u00e1nchez, que lleg\u00f3 el momento de que este pa\u00eds tome un rumbo distinto, que tome el tim\u00f3n un hombre con experiencia de Estado, sensible a los problemas de la ciudadan\u00eda, y la persona m\u00e1s id\u00f3nea se llama Leonel Fern\u00e1ndez.<\/p>\n\n\n\n<p>\u201cLa realidad de este pa\u00eds es que la inmensa mayor\u00eda del pueblo dominicano, que son los que menos tienen, no est\u00e1n prendiendo sus estufas y fogones, ni sus anafes, sencillamente porque el gobierno del PRM, se las apag\u00f3, no hay forma de que las familias m\u00e1s humildes puedan cocinar tres veces al d\u00eda en sus casas y por eso es que el pueblo les ha bautizado como los apaga estufas\u201d precis\u00f3.<\/p>\n\n\n\n<p>\u201cProsigui\u00f3 diciendo que \u201cel PRM, le vendi\u00f3 mil maravillas al pueblo cuando llegaran al poder, que iban a bajar los precios de los alimentos, los combustibles, mejorar\u00edan la seguridad ciudadana, es decir que vivir\u00edamos en Alicia el Pa\u00eds de las maravillas, y hoy ante tantas vicisitudes por las que atraviesa el pueblo, ellos siguen vendiendo un bienestar irreal, que solo lo perciben y sienten los de arriba, es decir los Popis\u201d, expres\u00f3 Jim\u00e9nez Pe\u00f1a.<\/p>\n\n\n\n<p>Juramentados<\/p>\n\n\n\n<p>Dentro de los juramentados figuran: Nelson Paulino, y Ney Mesa, ambos provenientes del PRM, Alexander Pereira, Ray Mart\u00ednez, Pedro D\u00edaz, Evelyn D\u00edaz, Antony D\u00edaz, Pedro Mercedes Brito, Aurelio Brito, Domingo Canario, Grenny Hilario, Kelvin Vilorio, entre otros.<\/p>\n\n\n\n<p>El vicepresidente de la FP, estuvo acompa\u00f1ado del miembro de la Direcci\u00f3n Pol\u00edtica y coordinador pol\u00edtico provincial, Ignacio Ditr\u00e9n, el presidente provincial Jos\u00e9 Luis Cosme, Joel Veras, Lucy Rodr\u00edguez , Marcos Cross, el general (R) Pedro de Jes\u00fas Candelier, y dem\u00e1s dirigentes y simpatizantes de esa organizaci\u00f3n pol\u00edtica.<\/p>\n","protected":false},"excerpt":{"rendered":"<p>\u201cJuramenta nuevos miembros en la FP\u201d Santo Domingo.-. El vicepresidente y coordinador pol\u00edtico del partido Fuerza del Pueblo, Radham\u00e9s Jim\u00e9nez Pe\u00f1a, afirmo que el pueblo ha bautizado al PRM como&hellip;<\/p>\n","protected":false},"author":1,"featured_media":50750,"comment_status":"open","ping_status":"open","sticky":false,"template":"","format":"standard","meta":{"content-type":"","jetpack_post_was_ever_published":false,"_jetpack_newsletter_access":"","_jetpack_dont_email_post_to_subs":false,"_jetpack_newsletter_tier_id":0,"_jetpack_memberships_contains_paywalled_content":false,"_jetpack_memberships_contains_paid_content":false,"footnotes":""},"categories":[25],"tags":[2235,2236,2237,171,31,1379,270],"class_list":["post-50749","post","type-post","status-publish","format-standard","has-post-thumbnail","hentry","category-portada","tag-apaga","tag-bautizado","tag-estufas","tag-gobierno","tag-prm","tag-pueblo","tag-radhames-jimenez"],"jetpack_featured_media_url":"","jetpack-related-posts":[{"id":102503,"url":"https:\/\/lasprimeras.com.do\/index.php\/2025\/07\/05\/radhames-jimenez-califica-al-gobierno-del-prm-de-fallido-e-inoperante\/","url_meta":{"origin":50749,"position":0},"title":"Radham\u00e9s Jim\u00e9nez califica al gobierno del PRM de fallido e inoperante","author":"Nelson Feliz","date":"5 de julio de 2025","format":false,"excerpt":"El vicepresidente y coordinador pol\u00edtico de la Fuerza del Pueblo Radham\u00e9s Jim\u00e9nez Pe\u00f1a, calific\u00f3 al gobierno del PRM de fallido e inoperante, que no le dejar\u00e1 ning\u00fan legado al pa\u00eds y a las nuevas generaciones, ya que tiene a la ciudadan\u00eda al borde de la desesperaci\u00f3n con el descalabro de\u2026","rel":"","context":"En \u00abPOLITICA\u00bb","block_context":{"text":"POLITICA","link":"https:\/\/lasprimeras.com.do\/index.php\/category\/politica\/"},"img":{"alt_text":"Radham\u00e9s Jim\u00e9nez","src":"https:\/\/i0.wp.com\/lasprimeras.com.do\/wp-content\/uploads\/2025\/07\/Radhames-Jimenez.jpg?resize=350%2C200&ssl=1","width":350,"height":200,"srcset":"https:\/\/i0.wp.com\/lasprimeras.com.do\/wp-content\/uploads\/2025\/07\/Radhames-Jimenez.jpg?resize=350%2C200&ssl=1 1x, https:\/\/i0.wp.com\/lasprimeras.com.do\/wp-content\/uploads\/2025\/07\/Radhames-Jimenez.jpg?resize=525%2C300&ssl=1 1.5x, https:\/\/i0.wp.com\/lasprimeras.com.do\/wp-content\/uploads\/2025\/07\/Radhames-Jimenez.jpg?resize=700%2C400&ssl=1 2x"},"classes":[]},{"id":106653,"url":"https:\/\/lasprimeras.com.do\/index.php\/2025\/08\/17\/incapacidad-del-gobierno-del-prm-tiene-al-pueblo-hastiado-con-los-apagones-afirma-radhames-jimenez\/","url_meta":{"origin":50749,"position":1},"title":"\u201cIncapacidad del gobierno del PRM tiene al pueblo hastiado con los apagones\u201d, afirma Radham\u00e9s Jim\u00e9nez","author":"Nelson Feliz","date":"17 de agosto de 2025","format":false,"excerpt":"El vicepresidente y coordinador pol\u00edtico de la Fuerza del Pueblo Radham\u00e9s Jim\u00e9nez Pe\u00f1a, afirm\u00f3 que la incapacidad del gobierno del PRM tiene al pueblo hastiado con las largas tandas de apagones en todo el territorio nacional, y las autoridades no dan la cara. Expres\u00f3 que a pesar de ser el\u2026","rel":"","context":"En \u00abPOLITICA\u00bb","block_context":{"text":"POLITICA","link":"https:\/\/lasprimeras.com.do\/index.php\/category\/politica\/"},"img":{"alt_text":"Radhames Jimenez","src":"https:\/\/i0.wp.com\/lasprimeras.com.do\/wp-content\/uploads\/2023\/12\/Radhames-Jimenez.jpg?resize=350%2C200&ssl=1","width":350,"height":200,"srcset":"https:\/\/i0.wp.com\/lasprimeras.com.do\/wp-content\/uploads\/2023\/12\/Radhames-Jimenez.jpg?resize=350%2C200&ssl=1 1x, https:\/\/i0.wp.com\/lasprimeras.com.do\/wp-content\/uploads\/2023\/12\/Radhames-Jimenez.jpg?resize=525%2C300&ssl=1 1.5x, https:\/\/i0.wp.com\/lasprimeras.com.do\/wp-content\/uploads\/2023\/12\/Radhames-Jimenez.jpg?resize=700%2C400&ssl=1 2x"},"classes":[]},{"id":114195,"url":"https:\/\/lasprimeras.com.do\/index.php\/2025\/11\/11\/con-las-manos-arriba-tiene-la-delincuencia-al-gobierno-del-prm-afirma-radhames-jimenez-pena\/","url_meta":{"origin":50749,"position":2},"title":"\u201cCon las manos arriba tiene la delincuencia al Gobierno del PRM\u201d, afirma Radham\u00e9s Jim\u00e9nez Pe\u00f1a","author":"Nelson Feliz","date":"11 de noviembre de 2025","format":false,"excerpt":"El ex-procurador general de la Rep\u00fablica y vicepresidente del partido Fuerza del Pueblo, Radham\u00e9s Jim\u00e9nez Pe\u00f1a, expres\u00f3 que la delincuencia y la criminalidad tienen a las autoridades y al Gobierno del PRM con las manos arriba, ya que no han sido lo suficientemente competentes para dar respuestas contundentes al pa\u00eds\u2026","rel":"","context":"En \u00abPOLITICA\u00bb","block_context":{"text":"POLITICA","link":"https:\/\/lasprimeras.com.do\/index.php\/category\/politica\/"},"img":{"alt_text":"","src":"https:\/\/i0.wp.com\/lasprimeras.com.do\/wp-content\/uploads\/2025\/11\/Radhames-Jimenez-1.jpg?resize=350%2C200&ssl=1","width":350,"height":200,"srcset":"https:\/\/i0.wp.com\/lasprimeras.com.do\/wp-content\/uploads\/2025\/11\/Radhames-Jimenez-1.jpg?resize=350%2C200&ssl=1 1x, https:\/\/i0.wp.com\/lasprimeras.com.do\/wp-content\/uploads\/2025\/11\/Radhames-Jimenez-1.jpg?resize=525%2C300&ssl=1 1.5x, https:\/\/i0.wp.com\/lasprimeras.com.do\/wp-content\/uploads\/2025\/11\/Radhames-Jimenez-1.jpg?resize=700%2C400&ssl=1 2x"},"classes":[]},{"id":103702,"url":"https:\/\/lasprimeras.com.do\/index.php\/2025\/07\/17\/cierre-del-metro-en-horas-laborables-demuestra-improvisacion-del-gobierno-del-prm-afirma-radhames-jimenez\/","url_meta":{"origin":50749,"position":3},"title":"\u201cCierre del metro en horas laborables demuestra improvisaci\u00f3n del gobierno del PRM\u201d, afirma Radham\u00e9s Jim\u00e9nez","author":"Nelson Feliz","date":"17 de julio de 2025","format":false,"excerpt":"El vicepresidente y coordinador pol\u00edtico de la Fuerza del Pueblo, Radham\u00e9s Jim\u00e9nez Pe\u00f1a, calific\u00f3 de improvisado al gobierno del PRM, por el cierre del metro en Santo Domingo Norte en horarios laborables, afectando de manera directa a miles de ciudadanos que todos los d\u00edas utilizan ese servicio de transporte masivo.\u2026","rel":"","context":"En \u00abPOLITICA\u00bb","block_context":{"text":"POLITICA","link":"https:\/\/lasprimeras.com.do\/index.php\/category\/politica\/"},"img":{"alt_text":"","src":"https:\/\/i0.wp.com\/lasprimeras.com.do\/wp-content\/uploads\/2025\/07\/Radhames-Jimenez-1.jpg?resize=350%2C200&ssl=1","width":350,"height":200,"srcset":"https:\/\/i0.wp.com\/lasprimeras.com.do\/wp-content\/uploads\/2025\/07\/Radhames-Jimenez-1.jpg?resize=350%2C200&ssl=1 1x, https:\/\/i0.wp.com\/lasprimeras.com.do\/wp-content\/uploads\/2025\/07\/Radhames-Jimenez-1.jpg?resize=525%2C300&ssl=1 1.5x, https:\/\/i0.wp.com\/lasprimeras.com.do\/wp-content\/uploads\/2025\/07\/Radhames-Jimenez-1.jpg?resize=700%2C400&ssl=1 2x"},"classes":[]},{"id":124384,"url":"https:\/\/lasprimeras.com.do\/index.php\/2026\/03\/11\/radhames-jimenez-cuestiona-al-prm-dice-es-una-plaga-y-nunca-bajo-combustibles\/","url_meta":{"origin":50749,"position":4},"title":"Radham\u00e9s Jim\u00e9nez cuestiona al PRM dice es una \u201cplaga\u201d y nunca baj\u00f3 combustibles","author":"Nelson Feliz","date":"11 de marzo de 2026","format":false,"excerpt":"El vicepresidente del partido Fuerza del Pueblo, Radham\u00e9s Jim\u00e9nez Pe\u00f1a, afirm\u00f3 que el gobierno del Partido Revolucionario Moderno se ha convertido en una \u201cplaga\u201d para la Rep\u00fablica Dominicana, al tiempo que cuestion\u00f3 que durante los \u00faltimos a\u00f1os, aun comprando petr\u00f3leo a precios internacionales m\u00e1s bajos, nunca redujeran el precio de\u2026","rel":"","context":"En \u00abPOLITICA\u00bb","block_context":{"text":"POLITICA","link":"https:\/\/lasprimeras.com.do\/index.php\/category\/politica\/"},"img":{"alt_text":"","src":"https:\/\/i0.wp.com\/lasprimeras.com.do\/wp-content\/uploads\/2026\/03\/combuston.jpg?resize=350%2C200&ssl=1","width":350,"height":200,"srcset":"https:\/\/i0.wp.com\/lasprimeras.com.do\/wp-content\/uploads\/2026\/03\/combuston.jpg?resize=350%2C200&ssl=1 1x, https:\/\/i0.wp.com\/lasprimeras.com.do\/wp-content\/uploads\/2026\/03\/combuston.jpg?resize=525%2C300&ssl=1 1.5x, https:\/\/i0.wp.com\/lasprimeras.com.do\/wp-content\/uploads\/2026\/03\/combuston.jpg?resize=700%2C400&ssl=1 2x, https:\/\/i0.wp.com\/lasprimeras.com.do\/wp-content\/uploads\/2026\/03\/combuston.jpg?resize=1050%2C600&ssl=1 3x"},"classes":[]},{"id":115603,"url":"https:\/\/lasprimeras.com.do\/index.php\/2025\/11\/24\/regidor-del-pld-y-dirigentes-del-prm-se-juramentan-en-la-fuerza-del-pueblo\/","url_meta":{"origin":50749,"position":5},"title":"Regidor del PLD y dirigentes del PRM se juramentan en la Fuerza del Pueblo","author":"Nelson Feliz","date":"24 de noviembre de 2025","format":false,"excerpt":"En un acto encabezado por Radham\u00e9s Jim\u00e9nez Pe\u00f1a, l\u00edderes comunitarios, pastores y exdirigentes de varios partidos pol\u00edticos oficializaron su paso a las filas de la Fuerza del Pueblo. En una muestra de reconfiguraci\u00f3n pol\u00edtica en Santo Domingo Norte, un importante grupo de dirigentes y l\u00edderes comunitarios de distintas fuerzas pol\u00edticas\u2026","rel":"","context":"En \u00abPOLITICA\u00bb","block_context":{"text":"POLITICA","link":"https:\/\/lasprimeras.com.do\/index.php\/category\/politica\/"},"img":{"alt_text":"Radham\u00e9s Jim\u00e9nez Pe\u00f1a","src":"https:\/\/i0.wp.com\/lasprimeras.com.do\/wp-content\/uploads\/2025\/11\/Radhames-Jimenez-Pena-1.jpg?resize=350%2C200&ssl=1","width":350,"height":200,"srcset":"https:\/\/i0.wp.com\/lasprimeras.com.do\/wp-content\/uploads\/2025\/11\/Radhames-Jimenez-Pena-1.jpg?resize=350%2C200&ssl=1 1x, https:\/\/i0.wp.com\/lasprimeras.com.do\/wp-content\/uploads\/2025\/11\/Radhames-Jimenez-Pena-1.jpg?resize=525%2C300&ssl=1 1.5x, https:\/\/i0.wp.com\/lasprimeras.com.do\/wp-content\/uploads\/2025\/11\/Radhames-Jimenez-Pena-1.jpg?resize=700%2C400&ssl=1 2x"},"classes":[]}],"jetpack_sharing_enabled":true,"_links":{"self":[{"href":"https:\/\/lasprimeras.com.do\/index.php\/wp-json\/wp\/v2\/posts\/50749","targetHints":{"allow":["GET"]}}],"collection":[{"href":"https:\/\/lasprimeras.com.do\/index.php\/wp-json\/wp\/v2\/posts"}],"about":[{"href":"https:\/\/lasprimeras.com.do\/index.php\/wp-json\/wp\/v2\/types\/post"}],"author":[{"embeddable":true,"href":"https:\/\/lasprimeras.com.do\/index.php\/wp-json\/wp\/v2\/users\/1"}],"replies":[{"embeddable":true,"href":"https:\/\/lasprimeras.com.do\/index.php\/wp-json\/wp\/v2\/comments?post=50749"}],"version-history":[{"count":0,"href":"https:\/\/lasprimeras.com.do\/index.php\/wp-json\/wp\/v2\/posts\/50749\/revisions"}],"wp:featuredmedia":[{"embeddable":true,"href":"https:\/\/lasprimeras.com.do\/index.php\/wp-json\/"}],"wp:attachment":[{"href":"https:\/\/lasprimeras.com.do\/index.php\/wp-json\/wp\/v2\/media?parent=50749"}],"wp:term":[{"taxonomy":"category","embeddable":true,"href":"https:\/\/lasprimeras.com.do\/index.php\/wp-json\/wp\/v2\/categories?post=50749"},{"taxonomy":"post_tag","embeddable":true,"href":"https:\/\/lasprimeras.com.do\/index.php\/wp-json\/wp\/v2\/tags?post=50749"}],"curies":[{"name":"wp","href":"https:\/\/api.w.org\/{rel}","templated":true}]}}