{"id":50819,"date":"2023-05-24T12:23:39","date_gmt":"2023-05-24T16:23:39","guid":{"rendered":"https:\/\/atento.com.do\/?p=50819"},"modified":"2023-05-24T12:23:39","modified_gmt":"2023-05-24T16:23:39","slug":"dinamarca-bajara-a-15-anos-la-edad-para-abortar-sin-consentimiento-paterno","status":"publish","type":"post","link":"https:\/\/lasprimeras.com.do\/index.php\/2023\/05\/24\/dinamarca-bajara-a-15-anos-la-edad-para-abortar-sin-consentimiento-paterno\/","title":{"rendered":"Dinamarca bajar\u00e1 a 15 a\u00f1os la edad para abortar sin consentimiento paterno"},"content":{"rendered":"\n<p class=\"wp-block-paragraph\">Dinamarca introdujo el aborto libre hasta las 12 semanas de gestaci\u00f3n en 1973.<\/p>\n\n\n\n<p class=\"wp-block-paragraph\"><strong>Copenhague, Dinamarca\/EFE.-.<\/strong>El Gobierno de coalici\u00f3n dan\u00e9s anunci\u00f3 hoy que su intenci\u00f3n de reducir el l\u00edmite de edad para que las adolescentes puedan interrumpir un embarazo sin consentimiento paterno de los 18 a los 15 a\u00f1os.<\/p>\n\n\n\n<p class=\"wp-block-paragraph\">La ministra de Igualdad, la liberal Marie Bjerre, adelant\u00f3 la decisi\u00f3n en el d\u00eda en que se cumplen 50 a\u00f1os de la despenalizaci\u00f3n del aborto en Dinamarca y afirm\u00f3 que es &#8220;natural&#8221; debatir si la normativa establece un &#8220;equilibrio adecuado&#8221;.<\/p>\n\n\n\n<p class=\"wp-block-paragraph\">&#8220;La edad legal para las relaciones sexuales es 15 a\u00f1os. Tambi\u00e9n es de 15 a\u00f1os para poder consentir a un tratamiento en el sistema de salud. Por eso creemos que es correcto que se pueda abortar de los 15 a los 17 a\u00f1os sin tener que involucrar a los padres&#8221;, agreg\u00f3.<\/p>\n\n\n\n<p class=\"wp-block-paragraph\">Bjerre admiti\u00f3 que interrumpir un embarazo no es una &#8220;elecci\u00f3n f\u00e1cil&#8221; y que es importante que las mujeres j\u00f3venes en esta situaci\u00f3n busquen apoyos en su entorno y recurran a personas de confianza, como amigos, hermanos o profesores, por ejemplo.<\/p>\n\n\n\n<p class=\"wp-block-paragraph\">&#8220;Es una elecci\u00f3n muy dif\u00edcil. Pero no es una elecci\u00f3n de los padres. Es de la joven, puesto que se trata de su propio cuerpo y de su propia vida&#8221;, asever\u00f3.<\/p>\n\n\n\n<p class=\"wp-block-paragraph\">El l\u00edmite de edad para interrumpir el embarazo sin consentimiento paterno no ha cambiado desde que Dinamarca introdujo el aborto libre hasta las 12 semanas de gestaci\u00f3n en 1973.<\/p>\n","protected":false},"excerpt":{"rendered":"<p>Dinamarca introdujo el aborto libre hasta las 12 semanas de gestaci\u00f3n en 1973. Copenhague, Dinamarca\/EFE.-.El Gobierno de coalici\u00f3n dan\u00e9s anunci\u00f3 hoy que su intenci\u00f3n de reducir el l\u00edmite de edad&hellip;<\/p>\n","protected":false},"author":1,"featured_media":50820,"comment_status":"open","ping_status":"open","sticky":false,"template":"","format":"standard","meta":{"content-type":"","_jetpack_newsletter_access":"","_jetpack_dont_email_post_to_subs":false,"_jetpack_newsletter_tier_id":0,"_jetpack_memberships_contains_paywalled_content":false,"_jetpack_feature_clip_id":0,"_jetpack_memberships_contains_paid_content":false,"footnotes":"","jetpack_post_was_ever_published":false},"categories":[1],"tags":[2180,2287,2288,2289],"class_list":["post-50819","post","type-post","status-publish","format-standard","has-post-thumbnail","hentry","category-sin-categoria","tag-aborto","tag-consentimiento","tag-dinamarca","tag-paterno"],"jetpack-related-posts":[{"id":60925,"url":"https:\/\/lasprimeras.com.do\/index.php\/2023\/09\/20\/virginia-es-el-proximo-gran-campo-de-batalla-por-el-derecho-al-aborto-y-puede-enviar-una-senal-para-2024\/","url_meta":{"origin":50819,"position":0},"title":"Virginia es el pr\u00f3ximo gran campo de batalla por el derecho al aborto y puede enviar una se\u00f1al para 2024","author":"Nelson Feliz","date":"20 de septiembre de 2023","format":false,"excerpt":"POR SARAH RANKIN Y SARA BURNETT RICHMOND, Virginia (AP) \u2014 La dem\u00f3crata Russet Perry ha tocado miles de puertas en un distrito indeciso en las afueras de la capital del pa\u00eds mientras hace campa\u00f1a por un esca\u00f1o que podr\u00eda decidir el control del Senado del estado de Virginia en noviembre.\u2026","rel":"","context":"En \u00abSin categor\u00eda\u00bb","block_context":{"text":"Sin categor\u00eda","link":"https:\/\/lasprimeras.com.do\/index.php\/category\/sin-categoria\/"},"img":{"alt_text":"Russet Perry","src":"https:\/\/i0.wp.com\/lasprimeras.com.do\/wp-content\/uploads\/2023\/09\/Russet-Perry.jpg?resize=350%2C200&ssl=1","width":350,"height":200,"srcset":"https:\/\/i0.wp.com\/lasprimeras.com.do\/wp-content\/uploads\/2023\/09\/Russet-Perry.jpg?resize=350%2C200&ssl=1 1x, https:\/\/i0.wp.com\/lasprimeras.com.do\/wp-content\/uploads\/2023\/09\/Russet-Perry.jpg?resize=525%2C300&ssl=1 1.5x, https:\/\/i0.wp.com\/lasprimeras.com.do\/wp-content\/uploads\/2023\/09\/Russet-Perry.jpg?resize=700%2C400&ssl=1 2x"},"classes":[]},{"id":78325,"url":"https:\/\/lasprimeras.com.do\/index.php\/2024\/03\/14\/adolescente-muere-al-acudir-a-un-aborto-inseguro-en-el-seibo\/","url_meta":{"origin":50819,"position":1},"title":"Adolescente muere al acudir a un aborto inseguro en El Seibo","author":"Nelson Feliz","date":"14 de marzo de 2024","format":false,"excerpt":"Coalici\u00f3n exige aprobaci\u00f3n urgente de las tres causales; llama al presidente Luis Abinader y al congreso a priorizar su aprobaci\u00f3n antes de que m\u00e1s ni\u00f1as y mujeres sigan muriendo. La Coalici\u00f3n por los Derechos y la Vida de las Mujeres lament\u00f3 la muerte de una adolescente\u00a0 de 13 a\u00f1os de\u2026","rel":"","context":"En \u00abSin categor\u00eda\u00bb","block_context":{"text":"Sin categor\u00eda","link":"https:\/\/lasprimeras.com.do\/index.php\/category\/sin-categoria\/"},"img":{"alt_text":"aborto","src":"https:\/\/i0.wp.com\/lasprimeras.com.do\/wp-content\/uploads\/2024\/03\/aborto.jpg?resize=350%2C200&ssl=1","width":350,"height":200},"classes":[]},{"id":83593,"url":"https:\/\/lasprimeras.com.do\/index.php\/2024\/05\/19\/los-votantes-de-ohio-aprobaron-los-derechos-reproductivos\/","url_meta":{"origin":50819,"position":2},"title":"Los votantes de Ohio aprobaron los derechos reproductivos","author":"Nelson Feliz","date":"19 de mayo de 2024","format":false,"excerpt":"\u00bfSe mantendr\u00e1 la casi prohibici\u00f3n estatal del aborto? POR JULIE CARR SMYTH COLUMBUS, Ohio (AP) \u2014 Un juez de condado podr\u00eda pronunciarse el lunes sobre la ley de Ohio que proh\u00edbe pr\u00e1cticamente todos los abortos , una decisi\u00f3n que tomar\u00e1 en consideraci\u00f3n la decisi\u00f3n de los votantes de consagrar los\u2026","rel":"","context":"En \u00abSin categor\u00eda\u00bb","block_context":{"text":"Sin categor\u00eda","link":"https:\/\/lasprimeras.com.do\/index.php\/category\/sin-categoria\/"},"img":{"alt_text":"","src":"https:\/\/i0.wp.com\/lasprimeras.com.do\/wp-content\/uploads\/2024\/05\/NO-ABORTO.jpg?resize=350%2C200&ssl=1","width":350,"height":200,"srcset":"https:\/\/i0.wp.com\/lasprimeras.com.do\/wp-content\/uploads\/2024\/05\/NO-ABORTO.jpg?resize=350%2C200&ssl=1 1x, https:\/\/i0.wp.com\/lasprimeras.com.do\/wp-content\/uploads\/2024\/05\/NO-ABORTO.jpg?resize=525%2C300&ssl=1 1.5x, https:\/\/i0.wp.com\/lasprimeras.com.do\/wp-content\/uploads\/2024\/05\/NO-ABORTO.jpg?resize=700%2C400&ssl=1 2x"},"classes":[]},{"id":59744,"url":"https:\/\/lasprimeras.com.do\/index.php\/2023\/09\/07\/mexico-pone-fin-a-su-prohibicion-federal-del-aborto-pero-persiste-un-mosaico-de-restricciones-estatales\/","url_meta":{"origin":50819,"position":3},"title":"M\u00e9xico pone fin a su prohibici\u00f3n federal del aborto, pero persiste un mosaico de restricciones estatales","author":"Nelson Feliz","date":"7 de septiembre de 2023","format":false,"excerpt":"POR FABIOLA S\u00c1NCHEZ Y MEGAN JANETSKY CIUDAD DE M\u00c9XICO (AP) \u2014 Una decisi\u00f3n de la Corte Suprema de M\u00e9xico para poner fin a la prohibici\u00f3n federal del aborto ampli\u00f3 una tendencia regional de aumentar el acceso al procedimiento, pero dej\u00f3 un mosaico de diversas restricciones estatales. El tribunal superior anul\u00f3\u2026","rel":"","context":"En \u00abSin categor\u00eda\u00bb","block_context":{"text":"Sin categor\u00eda","link":"https:\/\/lasprimeras.com.do\/index.php\/category\/sin-categoria\/"},"img":{"alt_text":"Corte Suprema de M\u00e9xico","src":"https:\/\/i0.wp.com\/lasprimeras.com.do\/wp-content\/uploads\/2023\/09\/aborto.jpg?resize=350%2C200&ssl=1","width":350,"height":200,"srcset":"https:\/\/i0.wp.com\/lasprimeras.com.do\/wp-content\/uploads\/2023\/09\/aborto.jpg?resize=350%2C200&ssl=1 1x, https:\/\/i0.wp.com\/lasprimeras.com.do\/wp-content\/uploads\/2023\/09\/aborto.jpg?resize=525%2C300&ssl=1 1.5x, https:\/\/i0.wp.com\/lasprimeras.com.do\/wp-content\/uploads\/2023\/09\/aborto.jpg?resize=700%2C400&ssl=1 2x"},"classes":[]},{"id":98572,"url":"https:\/\/lasprimeras.com.do\/index.php\/2025\/05\/09\/dinamarca-dice-que-no-se-puede-espiar-a-un-aliado-tras-reporte-de-espionaje-de-eeuu-en-groenlandia\/","url_meta":{"origin":50819,"position":4},"title":"Dinamarca dice que \u201cno se puede espiar a un aliado\u201d tras reporte de espionaje de EEUU en Groenlandia","author":"Nelson Feliz","date":"9 de mayo de 2025","format":false,"excerpt":"POR EMMA BURROWS OSLO, Noruega (AP) \u2014 La primera ministra danesa, Mette Frederiksen, dijo a la Associated Press que \u201cno se puede espiar contra un aliado\u201d tras los reportes de que Estados Unidos ha intensificado la recopilaci\u00f3n de inteligencia sobre Groenlandia, un territorio dan\u00e9s semiaut\u00f3nomo codiciado por el presidente estadounidense,\u2026","rel":"","context":"En \u00abINTERNACIONALES\u00bb","block_context":{"text":"INTERNACIONALES","link":"https:\/\/lasprimeras.com.do\/index.php\/category\/sin-categoria\/internacionales\/"},"img":{"alt_text":"Mette Frederiksen","src":"https:\/\/i0.wp.com\/lasprimeras.com.do\/wp-content\/uploads\/2025\/05\/Mette-Frederiksen.jpg?resize=350%2C200&ssl=1","width":350,"height":200,"srcset":"https:\/\/i0.wp.com\/lasprimeras.com.do\/wp-content\/uploads\/2025\/05\/Mette-Frederiksen.jpg?resize=350%2C200&ssl=1 1x, https:\/\/i0.wp.com\/lasprimeras.com.do\/wp-content\/uploads\/2025\/05\/Mette-Frederiksen.jpg?resize=525%2C300&ssl=1 1.5x, https:\/\/i0.wp.com\/lasprimeras.com.do\/wp-content\/uploads\/2025\/05\/Mette-Frederiksen.jpg?resize=700%2C400&ssl=1 2x"},"classes":[]},{"id":85104,"url":"https:\/\/lasprimeras.com.do\/index.php\/2024\/06\/22\/eeuu-defensora-del-aborto-que-fue-violada-por-su-padrastro-hara-campana-con-la-primera-dama\/","url_meta":{"origin":50819,"position":5},"title":"EEUU: Defensora del aborto, que fue violada por su padrastro, har\u00e1 campa\u00f1a con la primera dama","author":"Nelson Feliz","date":"22 de junio de 2024","format":false,"excerpt":"BY COLLEEN LONG WASHINGTON (AP) \u2014 Una mujer de 22 a\u00f1os que se convirti\u00f3 en defensora del derecho al aborto tras ser violada por su padrastro cuando era ni\u00f1a, har\u00e1 campa\u00f1a con la primera dama Jill Biden en Pensilvania este fin de semana como parte de una estrategia electoral en\u2026","rel":"","context":"En \u00abSin categor\u00eda\u00bb","block_context":{"text":"Sin categor\u00eda","link":"https:\/\/lasprimeras.com.do\/index.php\/category\/sin-categoria\/"},"img":{"alt_text":"Defensora del aborto","src":"https:\/\/i0.wp.com\/lasprimeras.com.do\/wp-content\/uploads\/2024\/06\/Defensora-del-aborto.jpg?resize=350%2C200&ssl=1","width":350,"height":200,"srcset":"https:\/\/i0.wp.com\/lasprimeras.com.do\/wp-content\/uploads\/2024\/06\/Defensora-del-aborto.jpg?resize=350%2C200&ssl=1 1x, https:\/\/i0.wp.com\/lasprimeras.com.do\/wp-content\/uploads\/2024\/06\/Defensora-del-aborto.jpg?resize=525%2C300&ssl=1 1.5x, https:\/\/i0.wp.com\/lasprimeras.com.do\/wp-content\/uploads\/2024\/06\/Defensora-del-aborto.jpg?resize=700%2C400&ssl=1 2x"},"classes":[]}],"jetpack_sharing_enabled":true,"jetpack_featured_media_url":"","_links":{"self":[{"href":"https:\/\/lasprimeras.com.do\/index.php\/wp-json\/wp\/v2\/posts\/50819","targetHints":{"allow":["GET"]}}],"collection":[{"href":"https:\/\/lasprimeras.com.do\/index.php\/wp-json\/wp\/v2\/posts"}],"about":[{"href":"https:\/\/lasprimeras.com.do\/index.php\/wp-json\/wp\/v2\/types\/post"}],"author":[{"embeddable":true,"href":"https:\/\/lasprimeras.com.do\/index.php\/wp-json\/wp\/v2\/users\/1"}],"replies":[{"embeddable":true,"href":"https:\/\/lasprimeras.com.do\/index.php\/wp-json\/wp\/v2\/comments?post=50819"}],"version-history":[{"count":0,"href":"https:\/\/lasprimeras.com.do\/index.php\/wp-json\/wp\/v2\/posts\/50819\/revisions"}],"wp:attachment":[{"href":"https:\/\/lasprimeras.com.do\/index.php\/wp-json\/wp\/v2\/media?parent=50819"}],"wp:term":[{"taxonomy":"category","embeddable":true,"href":"https:\/\/lasprimeras.com.do\/index.php\/wp-json\/wp\/v2\/categories?post=50819"},{"taxonomy":"post_tag","embeddable":true,"href":"https:\/\/lasprimeras.com.do\/index.php\/wp-json\/wp\/v2\/tags?post=50819"}],"curies":[{"name":"wp","href":"https:\/\/api.w.org\/{rel}","templated":true}]}}