{"id":50859,"date":"2023-05-24T20:44:58","date_gmt":"2023-05-25T00:44:58","guid":{"rendered":"https:\/\/atento.com.do\/?p=50859"},"modified":"2023-05-24T20:44:58","modified_gmt":"2023-05-25T00:44:58","slug":"persio-maldonado-presidira-comite-organizador-juegos-municipales-sde","status":"publish","type":"post","link":"https:\/\/lasprimeras.com.do\/index.php\/2023\/05\/24\/persio-maldonado-presidira-comite-organizador-juegos-municipales-sde\/","title":{"rendered":"Persio Maldonado presidir\u00e1 comit\u00e9 organizador Juegos Municipales SDE"},"content":{"rendered":"\n<p><strong>SANTO DOMINGO, ESTE.-<\/strong> El Comit\u00e9 Organizador de los IV Juegos Deportivos Municipales de Santo Domingo Este, eligi\u00f3 a Persio Maldonado como presidente.<\/p>\n\n\n\n<p>El alcalde Manuel Jim\u00e9nez anunci\u00f3 los Juegos Municipales SDE que se celebrar\u00e1 en noviembre pr\u00f3ximo en esa demarcaci\u00f3n.<\/p>\n\n\n\n<p>El presidente de la Federaci\u00f3n Dominicana de Tenis, acept\u00f3 la propuesta que sobre el cargo le hizo el alcalde Jim\u00e9nez, en una reuni\u00f3n en la cual el funcionario municipal asisti\u00f3 acompa\u00f1ado por el director general de los mencionados juegos y director de Deportes de la Alcald\u00eda de Santo Domingo Este, Roberto Neris.<\/p>\n\n\n\n<p>Junto al alcalde Jim\u00e9nez y el profesor Neris estuvo en la reuni\u00f3n con Maldonado el regidor Jos\u00e9 Ram\u00edrez (Nacho).<\/p>\n\n\n\n<p>Maldonado agradeci\u00f3 la propuesta de presidir el comit\u00e9 organizador de los juegos, lo cual consider\u00f3 un alto honor.<\/p>\n\n\n\n<p>El destacado deportista, director del peri\u00f3dico El Nuevo Diario, prometi\u00f3 que dar\u00e1 lo mejor de s\u00ed, en favor del \u00e9xito de los IV Juegos Deportivos Municipales de Santo Domingo Este, demarcaci\u00f3n en la cual se\u00f1al\u00f3 que \u00e9l hace vida con frecuencia, por encontrarse en la misma el local de la Federaci\u00f3n Dominicana de Tenis, en las instalaciones que para ese deporte est\u00e1n en el complejo deportivo del Parque del Este.<\/p>\n\n\n\n<p>\u201cSiempre que la vida me ofrezca la oportunidad de aportar algo en favor de la juventud de nuestro pa\u00eds, como una forma de contribuir a la sociedad, me sentir\u00e9 honrado y dispuesto a brindar lo mejor de m\u00ed\u201d, sostuvo Maldonado.<\/p>\n\n\n\n<p>Los IV Juegos Deportivos Municipales de Santo Domingo Este se celebrar\u00e1n del 7 al 25 de noviembre, en las m\u00e1s importantes instalaciones de la demarcaci\u00f3n, incluidas las del Parque del Este, un complejo con varias canchas y centro de competencias de diferentes deportes.<\/p>\n\n\n\n<p>Se espera que en los juegos compitan m\u00e1s de 7 mil atletas, en 27 disciplinas deportivas, en representaci\u00f3n de las tres circunscripciones del municipio Santo Domingo Este, el m\u00e1s grande del pa\u00eds.<\/p>\n\n\n\n<p>El a\u00f1o pasado, en la tercera versi\u00f3n de los Juegos, compitieron m\u00e1s de 5 mil atletas, de las tres circunscripciones.<\/p>\n\n\n\n<p>Un comit\u00e9 operativo, presidido por Neris, ha ido trabajando en el montaje del evento deportivo.<\/p>\n\n\n\n<p>En los pr\u00f3ximos d\u00edas se completar\u00e1 la plantilla del comit\u00e9 organizador y se proceder\u00e1 a su juramentaci\u00f3n en un acto p\u00fablico, al cual ser\u00e1n convocados los medios de comunicaci\u00f3n del pa\u00eds, manifest\u00f3 Neris.<\/p>\n","protected":false},"excerpt":{"rendered":"<p>SANTO DOMINGO, ESTE.- El Comit\u00e9 Organizador de los IV Juegos Deportivos Municipales de Santo Domingo Este, eligi\u00f3 a Persio Maldonado como presidente. El alcalde Manuel Jim\u00e9nez anunci\u00f3 los Juegos Municipales&hellip;<\/p>\n","protected":false},"author":1,"featured_media":50860,"comment_status":"open","ping_status":"open","sticky":false,"template":"","format":"standard","meta":{"content-type":"","jetpack_post_was_ever_published":false,"_jetpack_newsletter_access":"","_jetpack_dont_email_post_to_subs":false,"_jetpack_newsletter_tier_id":0,"_jetpack_memberships_contains_paywalled_content":false,"_jetpack_memberships_contains_paid_content":false,"footnotes":""},"categories":[1],"tags":[1840,2306,2307,2224,2308,1016],"class_list":["post-50859","post","type-post","status-publish","format-standard","has-post-thumbnail","hentry","category-sin-categoria","tag-comite","tag-juegos-municipales","tag-organizador","tag-persio-maldonado","tag-presidira","tag-sde"],"jetpack_featured_media_url":"","jetpack-related-posts":[{"id":54012,"url":"https:\/\/lasprimeras.com.do\/index.php\/2023\/07\/06\/manuel-jimenez-asegura-juegos-2023-marcaran-un-antes-y-un-despues\/","url_meta":{"origin":50859,"position":0},"title":"Manuel Jim\u00e9nez asegura Juegos 2023 marcar\u00e1n un antes y un despu\u00e9s","author":"Nelson Feliz","date":"6 de julio de 2023","format":false,"excerpt":"Los IV Juegos Deportivos Municipales de Santo Domingo Este marcar\u00e1n en noviembre pr\u00f3ximo un antes y un despu\u00e9s en el quehacer deportivo de las tres circunscripciones de ese municipio, asegur\u00f3 el alcalde Manuel Jim\u00e9nez. El funcionario afirm\u00f3 a los miembros del Comit\u00e9 Organizador de los IV Juegos Deportivos Santo Domingo\u2026","rel":"","context":"En \u00abSin categor\u00eda\u00bb","block_context":{"text":"Sin categor\u00eda","link":"https:\/\/lasprimeras.com.do\/index.php\/category\/sin-categoria\/"},"img":{"alt_text":"Manuel Jimenez Torneos","src":"https:\/\/i0.wp.com\/lasprimeras.com.do\/wp-content\/uploads\/2023\/07\/Manuel-Jimenez-Torneos.jpg?resize=350%2C200&ssl=1","width":350,"height":200,"srcset":"https:\/\/i0.wp.com\/lasprimeras.com.do\/wp-content\/uploads\/2023\/07\/Manuel-Jimenez-Torneos.jpg?resize=350%2C200&ssl=1 1x, https:\/\/i0.wp.com\/lasprimeras.com.do\/wp-content\/uploads\/2023\/07\/Manuel-Jimenez-Torneos.jpg?resize=525%2C300&ssl=1 1.5x, https:\/\/i0.wp.com\/lasprimeras.com.do\/wp-content\/uploads\/2023\/07\/Manuel-Jimenez-Torneos.jpg?resize=700%2C400&ssl=1 2x"},"classes":[]},{"id":70212,"url":"https:\/\/lasprimeras.com.do\/index.php\/2023\/12\/09\/iv-juegos-sde-se-celebran-con-exito\/","url_meta":{"origin":50859,"position":1},"title":"IV Juegos SDE se celebran con \u00e9xito","author":"BIMARY DE JES\u00daS Matos","date":"9 de diciembre de 2023","format":false,"excerpt":"SDE.-Los IV Juegos Deportivos Santo Domingo Este se est\u00e1n desarrollando de manera exitosa en ese municipio, asegur\u00f3 su director general, profesor Roberto Neris. \u201cLos juegos est\u00e1n celebr\u00e1ndose con rotundo \u00e9xito\u201d, asegur\u00f3 Neris. \u201cLos atletas participantes est\u00e1n disfrutando en grande y con mucho entusiasmo\u201d, sostuvo el tambi\u00e9n director de deportes del\u2026","rel":"","context":"En \u00abSin categor\u00eda\u00bb","block_context":{"text":"Sin categor\u00eda","link":"https:\/\/lasprimeras.com.do\/index.php\/category\/sin-categoria\/"},"img":{"alt_text":"","src":"https:\/\/i0.wp.com\/lasprimeras.com.do\/wp-content\/uploads\/2023\/12\/WhatsApp-Image-2023-12-07-at-7.22.09-PM-5-18.jpeg?resize=350%2C200&ssl=1","width":350,"height":200,"srcset":"https:\/\/i0.wp.com\/lasprimeras.com.do\/wp-content\/uploads\/2023\/12\/WhatsApp-Image-2023-12-07-at-7.22.09-PM-5-18.jpeg?resize=350%2C200&ssl=1 1x, https:\/\/i0.wp.com\/lasprimeras.com.do\/wp-content\/uploads\/2023\/12\/WhatsApp-Image-2023-12-07-at-7.22.09-PM-5-18.jpeg?resize=525%2C300&ssl=1 1.5x"},"classes":[]},{"id":66835,"url":"https:\/\/lasprimeras.com.do\/index.php\/2023\/11\/10\/juegos-santo-domingo-este-comenzaran-el-3-de-diciembre\/","url_meta":{"origin":50859,"position":2},"title":"Juegos Santo Domingo Este comenzar\u00e1n el 3 de diciembre","author":"BIMARY DE JES\u00daS Matos","date":"10 de noviembre de 2023","format":false,"excerpt":"SANTO DOMINGO ESTE.- Los IV Juegos Deportivos Municipales de Santo Domingo Este comenzar\u00e1n el 3 de diciembre pr\u00f3ximo, anunci\u00f3 el presidente de su comit\u00e9 organizador, Persio Maldonado. El deportista y empresario de la comunicaci\u00f3n explic\u00f3 que el inicio de los juegos fue postergado por unas semanas debido a que fue\u2026","rel":"","context":"En \u00abSin categor\u00eda\u00bb","block_context":{"text":"Sin categor\u00eda","link":"https:\/\/lasprimeras.com.do\/index.php\/category\/sin-categoria\/"},"img":{"alt_text":"","src":"https:\/\/i0.wp.com\/lasprimeras.com.do\/wp-content\/uploads\/2023\/11\/WhatsApp-Image-2023-11-09-at-9.16.24-PM-5.jpeg?resize=350%2C200&ssl=1","width":350,"height":200,"srcset":"https:\/\/i0.wp.com\/lasprimeras.com.do\/wp-content\/uploads\/2023\/11\/WhatsApp-Image-2023-11-09-at-9.16.24-PM-5.jpeg?resize=350%2C200&ssl=1 1x, https:\/\/i0.wp.com\/lasprimeras.com.do\/wp-content\/uploads\/2023\/11\/WhatsApp-Image-2023-11-09-at-9.16.24-PM-5.jpeg?resize=525%2C300&ssl=1 1.5x"},"classes":[]},{"id":69735,"url":"https:\/\/lasprimeras.com.do\/index.php\/2023\/12\/05\/dedican-a-presidente-abinader-iv-juegos-santo-domingo-este\/","url_meta":{"origin":50859,"position":3},"title":"Dedican a presidente Abinader IV Juegos Santo Domingo Este","author":"Nelson Feliz","date":"5 de diciembre de 2023","format":false,"excerpt":"Los IV Juegos Deportivos Municipales de Santo Domingo Este fueron inaugurados con una ceremonia que tuvo lugar en el complejo de tenis del Parque del Este, la cual incluy\u00f3 el desfile de los atletas participantes, as\u00ed como el encendido del pebetero que arder\u00e1 hasta el 17 de diciembre, d\u00eda de\u2026","rel":"","context":"En \u00abSin categor\u00eda\u00bb","block_context":{"text":"Sin categor\u00eda","link":"https:\/\/lasprimeras.com.do\/index.php\/category\/sin-categoria\/"},"img":{"alt_text":"IV Juegos Santo Domingo Este","src":"https:\/\/i0.wp.com\/lasprimeras.com.do\/wp-content\/uploads\/2023\/12\/IV-Juegos-Santo-Domingo-Este-1.jpg?resize=350%2C200&ssl=1","width":350,"height":200,"srcset":"https:\/\/i0.wp.com\/lasprimeras.com.do\/wp-content\/uploads\/2023\/12\/IV-Juegos-Santo-Domingo-Este-1.jpg?resize=350%2C200&ssl=1 1x, https:\/\/i0.wp.com\/lasprimeras.com.do\/wp-content\/uploads\/2023\/12\/IV-Juegos-Santo-Domingo-Este-1.jpg?resize=525%2C300&ssl=1 1.5x, https:\/\/i0.wp.com\/lasprimeras.com.do\/wp-content\/uploads\/2023\/12\/IV-Juegos-Santo-Domingo-Este-1.jpg?resize=700%2C400&ssl=1 2x"},"classes":[]},{"id":69708,"url":"https:\/\/lasprimeras.com.do\/index.php\/2023\/12\/05\/dedican-al-presidente-abinader-los-iv-juegos-santo-domingo-este\/","url_meta":{"origin":50859,"position":4},"title":"Dedican al presidente Abinader los IV Juegos Santo Domingo Este","author":"BIMARY DE JES\u00daS Matos","date":"5 de diciembre de 2023","format":false,"excerpt":"SANTO DOMINGO ESTE.- Los IV Juegos Deportivos Municipales de Santo Domingo Este fueron inaugurados este domingo en el complejo de tenis del Parque del Este, la cual incluy\u00f3 el desfile de los atletas participantes, as\u00ed como el encendido del pebetero que arder\u00e1 hasta el 17 de diciembre, d\u00eda de la\u2026","rel":"","context":"En \u00abSin categor\u00eda\u00bb","block_context":{"text":"Sin categor\u00eda","link":"https:\/\/lasprimeras.com.do\/index.php\/category\/sin-categoria\/"},"img":{"alt_text":"","src":"https:\/\/i0.wp.com\/lasprimeras.com.do\/wp-content\/uploads\/2023\/12\/whatsapp-image-2023-11-06-at-84144-pm-1024x681-5.jpeg?resize=350%2C200&ssl=1","width":350,"height":200,"srcset":"https:\/\/i0.wp.com\/lasprimeras.com.do\/wp-content\/uploads\/2023\/12\/whatsapp-image-2023-11-06-at-84144-pm-1024x681-5.jpeg?resize=350%2C200&ssl=1 1x, https:\/\/i0.wp.com\/lasprimeras.com.do\/wp-content\/uploads\/2023\/12\/whatsapp-image-2023-11-06-at-84144-pm-1024x681-5.jpeg?resize=525%2C300&ssl=1 1.5x"},"classes":[]},{"id":124101,"url":"https:\/\/lasprimeras.com.do\/index.php\/2026\/03\/08\/persio-maldonado-resalta-trascendencia-de-nueva-cedula-para-la-modernizacion-del-estado-y-el-sistema-electoral\/","url_meta":{"origin":50859,"position":5},"title":"Persio Maldonado resalta trascendencia de nueva c\u00e9dula para la modernizaci\u00f3n del Estado y el sistema electoral","author":"Nelson Feliz","date":"8 de marzo de 2026","format":false,"excerpt":"El presidente de la Sociedad Dominicana de Diarios (SDD), Persio Maldonado, calific\u00f3 este s\u00e1bado como un paso trascendente el inicio del proceso de emisi\u00f3n de la nueva c\u00e9dula de identidad y electoral en la Rep\u00fablica Dominicana. Al recibir el nuevo documento de identidad por invitaci\u00f3n de la Junta Central Electoral\u2026","rel":"","context":"En \u00abNACIONALES\u00bb","block_context":{"text":"NACIONALES","link":"https:\/\/lasprimeras.com.do\/index.php\/category\/nacionales\/"},"img":{"alt_text":"","src":"https:\/\/i0.wp.com\/lasprimeras.com.do\/wp-content\/uploads\/2026\/03\/Persio-Maldonado.jpg?resize=350%2C200&ssl=1","width":350,"height":200,"srcset":"https:\/\/i0.wp.com\/lasprimeras.com.do\/wp-content\/uploads\/2026\/03\/Persio-Maldonado.jpg?resize=350%2C200&ssl=1 1x, https:\/\/i0.wp.com\/lasprimeras.com.do\/wp-content\/uploads\/2026\/03\/Persio-Maldonado.jpg?resize=525%2C300&ssl=1 1.5x, https:\/\/i0.wp.com\/lasprimeras.com.do\/wp-content\/uploads\/2026\/03\/Persio-Maldonado.jpg?resize=700%2C400&ssl=1 2x"},"classes":[]}],"jetpack_sharing_enabled":true,"_links":{"self":[{"href":"https:\/\/lasprimeras.com.do\/index.php\/wp-json\/wp\/v2\/posts\/50859","targetHints":{"allow":["GET"]}}],"collection":[{"href":"https:\/\/lasprimeras.com.do\/index.php\/wp-json\/wp\/v2\/posts"}],"about":[{"href":"https:\/\/lasprimeras.com.do\/index.php\/wp-json\/wp\/v2\/types\/post"}],"author":[{"embeddable":true,"href":"https:\/\/lasprimeras.com.do\/index.php\/wp-json\/wp\/v2\/users\/1"}],"replies":[{"embeddable":true,"href":"https:\/\/lasprimeras.com.do\/index.php\/wp-json\/wp\/v2\/comments?post=50859"}],"version-history":[{"count":0,"href":"https:\/\/lasprimeras.com.do\/index.php\/wp-json\/wp\/v2\/posts\/50859\/revisions"}],"wp:featuredmedia":[{"embeddable":true,"href":"https:\/\/lasprimeras.com.do\/index.php\/wp-json\/"}],"wp:attachment":[{"href":"https:\/\/lasprimeras.com.do\/index.php\/wp-json\/wp\/v2\/media?parent=50859"}],"wp:term":[{"taxonomy":"category","embeddable":true,"href":"https:\/\/lasprimeras.com.do\/index.php\/wp-json\/wp\/v2\/categories?post=50859"},{"taxonomy":"post_tag","embeddable":true,"href":"https:\/\/lasprimeras.com.do\/index.php\/wp-json\/wp\/v2\/tags?post=50859"}],"curies":[{"name":"wp","href":"https:\/\/api.w.org\/{rel}","templated":true}]}}