{"id":51059,"date":"2023-05-26T13:07:44","date_gmt":"2023-05-26T17:07:44","guid":{"rendered":"https:\/\/atento.com.do\/?p=51059"},"modified":"2023-05-26T13:07:44","modified_gmt":"2023-05-26T17:07:44","slug":"paliza-inaugura-laboratorios-equipados-en-la-universidad-catolica-tecnologica-de-barahona","status":"publish","type":"post","link":"https:\/\/lasprimeras.com.do\/index.php\/2023\/05\/26\/paliza-inaugura-laboratorios-equipados-en-la-universidad-catolica-tecnologica-de-barahona\/","title":{"rendered":"Paliza inaugura laboratorios equipados en la Universidad Cat\u00f3lica Tecnol\u00f3gica de Barahona"},"content":{"rendered":"\n<p>Estas \u00e1reas ser\u00e1n utilizadas por las escuelas de Hoteler\u00eda, Turismo, Derecho, Tecnolog\u00eda, Psicolog\u00eda y Enfermer\u00eda.<\/p>\n\n\n\n<p><strong>Por Wilson P\u00e9rez<\/strong><\/p>\n\n\n\n<p><strong>BARAHONA, RD.\u2013<\/strong> El ministro Administrativo de la Presidencia, Jos\u00e9 Ignacio Paliza, dej\u00f3 inaugurado este viernes dos laboratorios totalmente equipados para contribuir con el desarrollo social y educativo de los estudiantes de la Universidad Cat\u00f3lica Tecnol\u00f3gica en la regi\u00f3n sur, con una inversi\u00f3n superior a los RD$62 millones de pesos.<\/p>\n\n\n\n<p>El nuevo edificio de laboratorios Monse\u00f1or Rafael Leonidas Felipe N\u00fa\u00f1ez, donde participar\u00e1n las escuelas de Hoteler\u00eda, Turismo, Derecho, Tecnolog\u00eda, Psicolog\u00eda y Enfermer\u00eda, contar\u00e1 con aulas climatizadas, logrando con esto una mejor estad\u00eda de los que diariamente buscar\u00e1n mejorar sus capacidades en estas \u00e1reas.<\/p>\n\n\n\n<p>Paliza dijo que siempre ser\u00e1 oportuno poder aportar para la educaci\u00f3n de nuestros j\u00f3venes, sin importar el lugar donde te encuentres, desde el gobierno se han invertido miles de millones para impulsar la preparaci\u00f3n acad\u00e9mica de nuestros ciudadanos y ciudadanas.<\/p>\n\n\n\n<p>\u201cTengo la informaci\u00f3n de que cientos de estudiantes ingresan a esta alta casa de estudios cada a\u00f1o, buscando vivir una nueva experiencia acad\u00e9mica, a ellos les digo que para el presidente Luis Abinader no existen l\u00edmites en el apoyo presupuestario para acompa\u00f1arlos en esta importante decisi\u00f3n\u201d, agreg\u00f3 Paliza.<\/p>\n\n\n\n<p>De su lado, tanto el rector de UCATEBA, Reverendo padre Marco Antonio P\u00e9rez, como el Reverendo padre Secilio Espinal y Espinal, Rector Marnifico de la Pontificia Universidad Cat\u00f3lica Madre y Maestra, agradecieron al gobierno dominicano estos importantes aportes que brindan mayores oportunidades a los estudiantes de Barahora y toda la regi\u00f3n.<\/p>\n\n\n\n<p>En la actividad, tambi\u00e9n participaron, Mons. Andr\u00e9s Napole\u00f3n Romero C\u00e1rdenas, Obispo de Barahona, Gran Canciller de la UCATEBA, la gobernadora Genara Gonz\u00e1lez Marmolejos, senadora de Bahoruco, Melania Salvador Jim\u00e9nez, los diputados Manuel Florian y Mois\u00e9s Ayala, el director de los Comedores Econ\u00f3micos, Edgar F\u00e9lix M\u00e9ndez, alcalde de Barahona, M\u00edctor Emilio Fern\u00e1ndez, vicerrectores, acad\u00e9micos, estudiantes, entre otras personalidades.<\/p>\n","protected":false},"excerpt":{"rendered":"<p>Estas \u00e1reas ser\u00e1n utilizadas por las escuelas de Hoteler\u00eda, Turismo, Derecho, Tecnolog\u00eda, Psicolog\u00eda y Enfermer\u00eda. Por Wilson P\u00e9rez BARAHONA, RD.\u2013 El ministro Administrativo de la Presidencia, Jos\u00e9 Ignacio Paliza, dej\u00f3&hellip;<\/p>\n","protected":false},"author":1,"featured_media":51060,"comment_status":"open","ping_status":"open","sticky":false,"template":"","format":"standard","meta":{"content-type":"","jetpack_post_was_ever_published":false,"_jetpack_newsletter_access":"","_jetpack_dont_email_post_to_subs":false,"_jetpack_newsletter_tier_id":0,"_jetpack_memberships_contains_paywalled_content":false,"_jetpack_memberships_contains_paid_content":false,"footnotes":""},"categories":[39,25],"tags":[265,2452,2453,2454,2455,373,2456,527],"class_list":["post-51059","post","type-post","status-publish","format-standard","has-post-thumbnail","hentry","category-economia","category-portada","tag-barahona","tag-catolica","tag-equipados","tag-jose-paliza","tag-laboratorios","tag-ministro","tag-tecnologica","tag-universidad"],"jetpack_featured_media_url":"","jetpack-related-posts":[{"id":121870,"url":"https:\/\/lasprimeras.com.do\/index.php\/2026\/02\/11\/talento-joven-de-ucateba-proyecta-a-barahona-en-la-expo-nacional-republica-de-ideas-con-agrosmart-rd\/","url_meta":{"origin":51059,"position":0},"title":"Talento joven de UCATEBA proyecta a Barahona en la Expo Nacional Rep\u00fablica de Ideas con AgroSmart RD","author":"Nelson Feliz","date":"11 de febrero de 2026","format":false,"excerpt":"AgroSmart RD, una propuesta innovadora de base tecnol\u00f3gica creada por el joven Keysel Jos\u00e9 Dotel Moreta, estudiante de la Universidad Cat\u00f3lica Tecnol\u00f3gica de Barahona (UCATEBA), form\u00f3 parte de la Expo Nacional Rep\u00fablica de Ideas, un espacio de exhibici\u00f3n y di\u00e1logo donde se presentaron iniciativas orientadas a imaginar soluciones para los\u2026","rel":"","context":"En \u00abNACIONALES\u00bb","block_context":{"text":"NACIONALES","link":"https:\/\/lasprimeras.com.do\/index.php\/category\/nacionales\/"},"img":{"alt_text":"","src":"https:\/\/i0.wp.com\/lasprimeras.com.do\/wp-content\/uploads\/2026\/02\/motion_photo_8211916220245535607.jpg?resize=350%2C200&ssl=1","width":350,"height":200,"srcset":"https:\/\/i0.wp.com\/lasprimeras.com.do\/wp-content\/uploads\/2026\/02\/motion_photo_8211916220245535607.jpg?resize=350%2C200&ssl=1 1x, https:\/\/i0.wp.com\/lasprimeras.com.do\/wp-content\/uploads\/2026\/02\/motion_photo_8211916220245535607.jpg?resize=525%2C300&ssl=1 1.5x, https:\/\/i0.wp.com\/lasprimeras.com.do\/wp-content\/uploads\/2026\/02\/motion_photo_8211916220245535607.jpg?resize=700%2C400&ssl=1 2x, https:\/\/i0.wp.com\/lasprimeras.com.do\/wp-content\/uploads\/2026\/02\/motion_photo_8211916220245535607.jpg?resize=1050%2C600&ssl=1 3x"},"classes":[]},{"id":50159,"url":"https:\/\/lasprimeras.com.do\/index.php\/2023\/05\/17\/gobierno-entrega-rd-148-mm-para-la-construccion-de-nuevos-niveles-en-edificios-de-la-uasd\/","url_meta":{"origin":51059,"position":1},"title":"Gobierno entrega RD 148 MM para la construcci\u00f3n de nuevos niveles en edificios de la UASD","author":"prenxa100","date":"17 de mayo de 2023","format":false,"excerpt":"Se trabajar\u00e1 el tercer y cuarto nivel de los edificios Juan Isidro Jim\u00e9nez y M\u00e1ximo Avil\u00e9s Blanda ubicados en la sede universitaria. Por Wilson P\u00e9rez SANTO DOMINGO, RD.- Dando continuidad a la firme decisi\u00f3n del gobierno del presidente Luis Abinader en dar apoyo a la educaci\u00f3n superior, el Ministro Administrativo\u2026","rel":"","context":"En \u00abECONOM\u00cdA\u00bb","block_context":{"text":"ECONOM\u00cdA","link":"https:\/\/lasprimeras.com.do\/index.php\/category\/economia\/"},"img":{"alt_text":"","src":"","width":0,"height":0},"classes":[]},{"id":73944,"url":"https:\/\/lasprimeras.com.do\/index.php\/2024\/01\/17\/abinader-designa-a-igor-david-rodriguez-en-sustitucion-de-jose-ignacio-paliza\/","url_meta":{"origin":51059,"position":2},"title":"Abinader designa a Igor David Rodr\u00edguez en sustituci\u00f3n de Jos\u00e9 Ignacio Paliza","author":"Nelson Feliz","date":"17 de enero de 2024","format":false,"excerpt":"El presidente Luis Abinader design\u00f3, mediante el Decreto n\u00fam. 10-24, de fecha 9 de enero de 2024, a Igor David Rodr\u00edguez Dur\u00e1n, de forma interina, ministro Administrativo de la Presidencia, hasta tanto concluya la licencia tomada por el ministro Jos\u00e9 Ignacio Paliza. Como es sabido, mediante el Decreto n\u00fam. 324-20,\u2026","rel":"","context":"En \u00abNACIONALES\u00bb","block_context":{"text":"NACIONALES","link":"https:\/\/lasprimeras.com.do\/index.php\/category\/nacionales\/"},"img":{"alt_text":"Igor David Rodr\u00edguez Dur\u00e1n","src":"https:\/\/i0.wp.com\/lasprimeras.com.do\/wp-content\/uploads\/2024\/01\/Igor-David-Rodriguez-Duran.jpg?resize=350%2C200&ssl=1","width":350,"height":200,"srcset":"https:\/\/i0.wp.com\/lasprimeras.com.do\/wp-content\/uploads\/2024\/01\/Igor-David-Rodriguez-Duran.jpg?resize=350%2C200&ssl=1 1x, https:\/\/i0.wp.com\/lasprimeras.com.do\/wp-content\/uploads\/2024\/01\/Igor-David-Rodriguez-Duran.jpg?resize=525%2C300&ssl=1 1.5x, https:\/\/i0.wp.com\/lasprimeras.com.do\/wp-content\/uploads\/2024\/01\/Igor-David-Rodriguez-Duran.jpg?resize=700%2C400&ssl=1 2x"},"classes":[]},{"id":87302,"url":"https:\/\/lasprimeras.com.do\/index.php\/2024\/08\/10\/digev-remoza-edificio-e-inaugura-nuevas-aulas-en-barahona\/","url_meta":{"origin":51059,"position":3},"title":"DIGEV remoza edificio e inaugura nuevas aulas en Barahona","author":"Nelson Feliz","date":"10 de agosto de 2024","format":false,"excerpt":"La Direcci\u00f3n General de las Escuelas Vocacionales de las Fuerzas Armadas y de la Polic\u00eda Nacional (DIGEV) dej\u00f3 inaugurado el remozamiento y ampliaci\u00f3n del edificio principal de la Escuela Vocacional de la provincia Barahona. El acto estuvo encabezado por el Director General de esa instituci\u00f3n, General de Brigada Jorge Luis\u2026","rel":"","context":"En \u00abNACIONALES\u00bb","block_context":{"text":"NACIONALES","link":"https:\/\/lasprimeras.com.do\/index.php\/category\/nacionales\/"},"img":{"alt_text":"DIGEV","src":"https:\/\/i0.wp.com\/lasprimeras.com.do\/wp-content\/uploads\/2024\/08\/DIGEV.jpg?resize=350%2C200&ssl=1","width":350,"height":200,"srcset":"https:\/\/i0.wp.com\/lasprimeras.com.do\/wp-content\/uploads\/2024\/08\/DIGEV.jpg?resize=350%2C200&ssl=1 1x, https:\/\/i0.wp.com\/lasprimeras.com.do\/wp-content\/uploads\/2024\/08\/DIGEV.jpg?resize=525%2C300&ssl=1 1.5x, https:\/\/i0.wp.com\/lasprimeras.com.do\/wp-content\/uploads\/2024\/08\/DIGEV.jpg?resize=700%2C400&ssl=1 2x"},"classes":[]},{"id":54710,"url":"https:\/\/lasprimeras.com.do\/index.php\/2023\/07\/13\/estudiantes-unicarbe-ganan-primer-lugar-competencia-emprendedores-del-mescyt\/","url_meta":{"origin":51059,"position":4},"title":"Estudiantes UNICARIBE ganan primer lugar Competencia Emprendedores del MESCYT","author":"Nelson Feliz","date":"13 de julio de 2023","format":false,"excerpt":"Se trata de los mellizos William y Wellington Hiciano, ambos estudiantes de Tecnolog\u00edas de la Informaci\u00f3n de UNICARIBE, y quienes tambi\u00e9n pertenecen al Ej\u00e9rcito de la Rep\u00fablica Dominicana. Los mellizos William y Wellington Hiciano, ambos estudiantes de Tecnolog\u00edas de la Informaci\u00f3n de la Universidad del Caribe (UNICARIBE) y, adem\u00e1s, cabos\u2026","rel":"","context":"En \u00abNACIONALES\u00bb","block_context":{"text":"NACIONALES","link":"https:\/\/lasprimeras.com.do\/index.php\/category\/nacionales\/"},"img":{"alt_text":"Franklin Garc\u00eda Ferm\u00edn","src":"https:\/\/i0.wp.com\/lasprimeras.com.do\/wp-content\/uploads\/2023\/07\/Franklin-Garcia-Fermin.jpg?resize=350%2C200&ssl=1","width":350,"height":200,"srcset":"https:\/\/i0.wp.com\/lasprimeras.com.do\/wp-content\/uploads\/2023\/07\/Franklin-Garcia-Fermin.jpg?resize=350%2C200&ssl=1 1x, https:\/\/i0.wp.com\/lasprimeras.com.do\/wp-content\/uploads\/2023\/07\/Franklin-Garcia-Fermin.jpg?resize=525%2C300&ssl=1 1.5x, https:\/\/i0.wp.com\/lasprimeras.com.do\/wp-content\/uploads\/2023\/07\/Franklin-Garcia-Fermin.jpg?resize=700%2C400&ssl=1 2x"},"classes":[]},{"id":104310,"url":"https:\/\/lasprimeras.com.do\/index.php\/2025\/07\/23\/garcia-fermin-rd-y-huawei-exploran-iniciativas-conjuntas-para-transformar-educacion-superior\/","url_meta":{"origin":51059,"position":5},"title":"Garc\u00eda Ferm\u00edn: \u201cRD y Huawei exploran iniciativas conjuntas para transformar educaci\u00f3n superior\u201d","author":"Nelson Feliz","date":"23 de julio de 2025","format":false,"excerpt":"Shangh\u00e1i, China.- El ministro de Educaci\u00f3n Superior, Ciencia y Tecnolog\u00eda, Franklin Garc\u00eda Ferm\u00edn, realiz\u00f3 una visita oficial al campus Huawei Qingpu, en Shangh\u00e1i, como parte de su agenda institucional en la Rep\u00fablica Popular China. Durante el recorrido, la delegaci\u00f3n conoci\u00f3 de cerca las m\u00e1s recientes innovaciones tecnol\u00f3gicas de Huawei en\u2026","rel":"","context":"En \u00abINTERNACIONALES\u00bb","block_context":{"text":"INTERNACIONALES","link":"https:\/\/lasprimeras.com.do\/index.php\/category\/sin-categoria\/internacionales\/"},"img":{"alt_text":"Franklin Garc\u00eda Ferm\u00edn","src":"https:\/\/i0.wp.com\/lasprimeras.com.do\/wp-content\/uploads\/2025\/07\/Franklin-Garcia-Fermin.jpg?resize=350%2C200&ssl=1","width":350,"height":200,"srcset":"https:\/\/i0.wp.com\/lasprimeras.com.do\/wp-content\/uploads\/2025\/07\/Franklin-Garcia-Fermin.jpg?resize=350%2C200&ssl=1 1x, https:\/\/i0.wp.com\/lasprimeras.com.do\/wp-content\/uploads\/2025\/07\/Franklin-Garcia-Fermin.jpg?resize=525%2C300&ssl=1 1.5x, https:\/\/i0.wp.com\/lasprimeras.com.do\/wp-content\/uploads\/2025\/07\/Franklin-Garcia-Fermin.jpg?resize=700%2C400&ssl=1 2x"},"classes":[]}],"jetpack_sharing_enabled":true,"_links":{"self":[{"href":"https:\/\/lasprimeras.com.do\/index.php\/wp-json\/wp\/v2\/posts\/51059","targetHints":{"allow":["GET"]}}],"collection":[{"href":"https:\/\/lasprimeras.com.do\/index.php\/wp-json\/wp\/v2\/posts"}],"about":[{"href":"https:\/\/lasprimeras.com.do\/index.php\/wp-json\/wp\/v2\/types\/post"}],"author":[{"embeddable":true,"href":"https:\/\/lasprimeras.com.do\/index.php\/wp-json\/wp\/v2\/users\/1"}],"replies":[{"embeddable":true,"href":"https:\/\/lasprimeras.com.do\/index.php\/wp-json\/wp\/v2\/comments?post=51059"}],"version-history":[{"count":0,"href":"https:\/\/lasprimeras.com.do\/index.php\/wp-json\/wp\/v2\/posts\/51059\/revisions"}],"wp:featuredmedia":[{"embeddable":true,"href":"https:\/\/lasprimeras.com.do\/index.php\/wp-json\/"}],"wp:attachment":[{"href":"https:\/\/lasprimeras.com.do\/index.php\/wp-json\/wp\/v2\/media?parent=51059"}],"wp:term":[{"taxonomy":"category","embeddable":true,"href":"https:\/\/lasprimeras.com.do\/index.php\/wp-json\/wp\/v2\/categories?post=51059"},{"taxonomy":"post_tag","embeddable":true,"href":"https:\/\/lasprimeras.com.do\/index.php\/wp-json\/wp\/v2\/tags?post=51059"}],"curies":[{"name":"wp","href":"https:\/\/api.w.org\/{rel}","templated":true}]}}