{"id":51065,"date":"2023-05-26T21:49:08","date_gmt":"2023-05-27T01:49:08","guid":{"rendered":"https:\/\/atento.com.do\/?p=51065"},"modified":"2023-05-26T21:49:08","modified_gmt":"2023-05-27T01:49:08","slug":"roberto-angel-incorporacion-social-y-economica-de-los-jovenes-a-actividades-productivas","status":"publish","type":"post","link":"https:\/\/lasprimeras.com.do\/index.php\/2023\/05\/26\/roberto-angel-incorporacion-social-y-economica-de-los-jovenes-a-actividades-productivas\/","title":{"rendered":"Roberto \u00c1ngel: \u201cIncorporaci\u00f3n social y econ\u00f3mica de los j\u00f3venes a actividades productivas\u201d"},"content":{"rendered":"\n<p><strong>Rancho Arriba, San Jos\u00e9 de Ocoa.-<\/strong> El director general de Proyectos Estrat\u00e9gicos y Especiales de la Presidencia (Propeep), Roberto \u00c1ngel Salcedo, afirm\u00f3 que para el presidente Luis Abinader&nbsp; es una prioridad la incorporaci\u00f3n social y econ\u00f3mica de los j\u00f3venes en las actividades productivas y el emprendurismo.<\/p>\n\n\n\n<p>Por tal motivo, exhort\u00f3&nbsp; a los j\u00f3venes aprovechar los cursos de capacitaci\u00f3n que ofrece el Gobierno a trav\u00e9s del Instituto Tecnol\u00f3gico de las Am\u00e9ricas (ITLA) y del Instituto Nacional de Formaci\u00f3n T\u00e9cnico Profesional (Infotep) para su inserci\u00f3n en el mercado laboral, la actividad econ\u00f3mica y la creatividad de sus propios proyectos.<\/p>\n\n\n\n<p>Al hablar durante un encuentro con decenas de j\u00f3venes de Rancho Arriba, Roberto \u00c1ngel destac\u00f3 la importancia de los programas desarrollados por el ITLA e Infotep en todo el pa\u00eds y el rol de Propeep en la captaci\u00f3n de un n\u00famero considerable de \u00e9stos durante las jornadas de inclusi\u00f3n social \u201cPrimero T\u00fa\u201d.<\/p>\n\n\n\n<p>Sostuvo que m\u00e1s un 90 por ciento de los capacitados en el ITLA tienen la probabilidad de insertarse en la actividad laboral p\u00fablica o privada, en tanto que m\u00e1s de un 80 por ciento de los matriculados en el Infotep tienen la posibilidad de conseguir un empleo.<\/p>\n\n\n\n<p>&#8220;Por lo tanto, esas acciones, desde el punto de vista institucional con los j\u00f3venes, con su formaci\u00f3n, con su capacitaci\u00f3n, es fundamental, porque les crea las bases, les damos las herramientas, para que un grupo de ciudadanos y ciudadanas puedan empoderarse y contribuir con el desarrollo de Rep\u00fablica Dominicana&#8221;, puntualiz\u00f3.<\/p>\n\n\n\n<p>El funcionario dijo que el presidente Luis Abinader cree mucho en este concepto, que dijo, se complementa con los programas de financiamientos y cr\u00e9ditos del Programa de las Micro, Peque\u00f1as y Medianas Empresas (Promipyme), y as\u00ed contribuir a que los emprendedores puedan formalizarse en el mercado productivo y de servicios.<\/p>\n\n\n\n<p>Resalt\u00f3 que en la actividad econ\u00f3mica nacional se caracteriza por la participaci\u00f3n de m\u00e1s de un 95 por ciento de las Mipymes, que aportaban m\u00e1s de dos millones y medio de empleos formales e informales a la econom\u00eda dominicana.<\/p>\n\n\n\n<p>Manifest\u00f3 que la incorporaci\u00f3n social y econ\u00f3mica de los j\u00f3venes y emprendedores de Rancho Arriba y de todo el territorio nacional es parte de la pol\u00edtica social del presidente Luis Abinader, &#8220;cuya visi\u00f3n es trabajar desde el Gobierno por y para la gente&#8221;.<\/p>\n","protected":false},"excerpt":{"rendered":"<p>Rancho Arriba, San Jos\u00e9 de Ocoa.- El director general de Proyectos Estrat\u00e9gicos y Especiales de la Presidencia (Propeep), Roberto \u00c1ngel Salcedo, afirm\u00f3 que para el presidente Luis Abinader&nbsp; es una&hellip;<\/p>\n","protected":false},"author":1,"featured_media":51066,"comment_status":"open","ping_status":"open","sticky":false,"template":"","format":"standard","meta":{"content-type":"","jetpack_post_was_ever_published":false,"_jetpack_newsletter_access":"","_jetpack_dont_email_post_to_subs":false,"_jetpack_newsletter_tier_id":0,"_jetpack_memberships_contains_paywalled_content":false,"_jetpack_memberships_contains_paid_content":false,"footnotes":""},"categories":[39],"tags":[215],"class_list":["post-51065","post","type-post","status-publish","format-standard","has-post-thumbnail","hentry","category-economia","tag-propeep"],"jetpack_featured_media_url":"","jetpack-related-posts":[{"id":48985,"url":"https:\/\/lasprimeras.com.do\/index.php\/2023\/05\/05\/roberto-angel-propeep-abrira-una-red-de-centros-de-innovacion-cultural-en-varios-puntos-del-pais\/","url_meta":{"origin":51065,"position":0},"title":"Roberto \u00c1ngel: Propeep abrir\u00e1 una red de Centros de Innovaci\u00f3n Cultural","author":"prenxa100","date":"5 de mayo de 2023","format":false,"excerpt":"Tenares, Hermanas Mirabal - El director de Proyectos Estrat\u00e9gicos y Especiales de la Presidencia (Propeep), Roberto \u00c1ngel Salcedo, anunci\u00f3 la apertura de una red de Centros de Innovaci\u00f3n Cultural en varios puntos del pa\u00eds, a fin de que los j\u00f3venes tengan un espacio de capacitaci\u00f3n, que les ayude en el\u2026","rel":"","context":"En \u00abNACIONALES\u00bb","block_context":{"text":"NACIONALES","link":"https:\/\/lasprimeras.com.do\/index.php\/category\/nacionales\/"},"img":{"alt_text":"","src":"","width":0,"height":0},"classes":[]},{"id":51346,"url":"https:\/\/lasprimeras.com.do\/index.php\/2023\/05\/30\/roberto-angel-destaca-programas-educativos-y-capacitaciones-tecnicas-ofrecidas-a-traves-de-primero-tu\/","url_meta":{"origin":51065,"position":1},"title":"Roberto \u00c1ngel destaca programas educativos y capacitaciones t\u00e9cnicas ofrecidas a trav\u00e9s de \u201cPrimero T\u00fa\u201d","author":"prenxa100","date":"30 de mayo de 2023","format":false,"excerpt":"El director de Propeep estuvo este martes en el sector Los R\u00edos, donde cerca de tres mil personas recibieron servicios de diversas instituciones del gobierno Santo Domingo, DN. - El director de Proyectos Estrat\u00e9gicos y Especiales de la Presidencia (Propeep), Roberto \u00c1ngel Salcedo, resalt\u00f3 este martes el impacto que tienen\u2026","rel":"","context":"En \u00abNACIONALES\u00bb","block_context":{"text":"NACIONALES","link":"https:\/\/lasprimeras.com.do\/index.php\/category\/nacionales\/"},"img":{"alt_text":"","src":"","width":0,"height":0},"classes":[]},{"id":49637,"url":"https:\/\/lasprimeras.com.do\/index.php\/2023\/05\/12\/roberto-angel-gobierno-de-abinader-llega-a-todos-los-rincones-del-pais\/","url_meta":{"origin":51065,"position":2},"title":"Roberto \u00c1ngel: Gobierno \u00a0de Abinader llega a todos los rincones del pa\u00eds","author":"prenxa100","date":"12 de mayo de 2023","format":false,"excerpt":"Arenoso, provincia Duarte. El director general de los Proyectos Estrat\u00e9gicos y Especiales de la Presidencia (Propeep) Roberto \u00c1ngel Salcedo, ratific\u00f3 este viernes que las pol\u00edticas de inclusi\u00f3n social del presidente Luis Abinader y su gobierno llegan a todos los rincones del pa\u00eds. El director de Propeep dijo que el objetivo\u2026","rel":"","context":"En \u00abNACIONALES\u00bb","block_context":{"text":"NACIONALES","link":"https:\/\/lasprimeras.com.do\/index.php\/category\/nacionales\/"},"img":{"alt_text":"","src":"","width":0,"height":0},"classes":[]},{"id":52541,"url":"https:\/\/lasprimeras.com.do\/index.php\/2023\/06\/11\/gobierno-asiste-familias-vulnerables-de-duverge-y-oviedo-con-jornadas-primero-tu\/","url_meta":{"origin":51065,"position":3},"title":"Gobierno asiste familias vulnerables de Duverg\u00e9 y Oviedo con jornadas \u201cPrimero T\u00fa\u201d","author":"prenxa100","date":"11 de junio de 2023","format":false,"excerpt":"El director de Propeep, Roberto \u00c1ngel Salcedo, encabez\u00f3 sendas jornadas de inclusi\u00f3n social en las provincias Independencia y en Pedernales. La Direcci\u00f3n de Proyectos Estrat\u00e9gicos y Especiales de la Presidencia (Propeep) benefici\u00f3 este fin de semana a cerca de siete mil personas de comunidades pobres de Independencia y Pedernales, con\u2026","rel":"","context":"En \u00abNACIONALES\u00bb","block_context":{"text":"NACIONALES","link":"https:\/\/lasprimeras.com.do\/index.php\/category\/nacionales\/"},"img":{"alt_text":"","src":"","width":0,"height":0},"classes":[]},{"id":50731,"url":"https:\/\/lasprimeras.com.do\/index.php\/2023\/05\/23\/roberto-angel-gobierno-impacta-personas-de-escasos-recursos-en-rd\/","url_meta":{"origin":51065,"position":4},"title":"Roberto \u00c1ngel: \u201cGobierno impacta personas de escasos recursos en RD\u201d","author":"prenxa100","date":"23 de mayo de 2023","format":false,"excerpt":"El director de Propeep asegura \u201cPrimero T\u00fa\u201d ha impactado m\u00e1s de 160 mil personas en lo que va del a\u00f1o. Santo Domingo Este, RD- El director de Proyectos Estrat\u00e9gicos y Especiales de la Presidencia (Propeep), Roberto \u00c1ngel Salcedo, afirm\u00f3 este martes que en lo que va de a\u00f1o han impactado\u2026","rel":"","context":"En \u00abNACIONALES\u00bb","block_context":{"text":"NACIONALES","link":"https:\/\/lasprimeras.com.do\/index.php\/category\/nacionales\/"},"img":{"alt_text":"","src":"","width":0,"height":0},"classes":[]},{"id":91309,"url":"https:\/\/lasprimeras.com.do\/index.php\/2024\/11\/16\/roberto-angel-y-propeep-lanzan-el-programa-de-transformacion-cultural-arte-en-la-42\/","url_meta":{"origin":51065,"position":5},"title":"Roberto \u00c1ngel y Propeep lanzan el programa de transformaci\u00f3n cultural, \u201cArte en La 42\u201d","author":"Nelson Feliz","date":"16 de noviembre de 2024","format":false,"excerpt":"Donan instrumentos musicales a Indarte, para la formaci\u00f3n art\u00edstica, capacitaciones en distintas ramas del arte como la m\u00fasica, la danza, y la actuaci\u00f3n; adem\u00e1s, inaugura un vistoso \"Paseo de los Colores\" El director general de Proyectos y Programas Estrat\u00e9gicos y Especiales de la Presidencia, Roberto \u00c1ngel Salcedo, lanz\u00f3 este s\u00e1bado\u2026","rel":"","context":"En \u00abNACIONALES\u00bb","block_context":{"text":"NACIONALES","link":"https:\/\/lasprimeras.com.do\/index.php\/category\/nacionales\/"},"img":{"alt_text":"Roberto \u00c1ngel Salcedo","src":"https:\/\/i0.wp.com\/lasprimeras.com.do\/wp-content\/uploads\/2024\/11\/Roberto-Angel-Salcedo-02.jpg?resize=350%2C200&ssl=1","width":350,"height":200,"srcset":"https:\/\/i0.wp.com\/lasprimeras.com.do\/wp-content\/uploads\/2024\/11\/Roberto-Angel-Salcedo-02.jpg?resize=350%2C200&ssl=1 1x, https:\/\/i0.wp.com\/lasprimeras.com.do\/wp-content\/uploads\/2024\/11\/Roberto-Angel-Salcedo-02.jpg?resize=525%2C300&ssl=1 1.5x, https:\/\/i0.wp.com\/lasprimeras.com.do\/wp-content\/uploads\/2024\/11\/Roberto-Angel-Salcedo-02.jpg?resize=700%2C400&ssl=1 2x"},"classes":[]}],"jetpack_sharing_enabled":true,"_links":{"self":[{"href":"https:\/\/lasprimeras.com.do\/index.php\/wp-json\/wp\/v2\/posts\/51065","targetHints":{"allow":["GET"]}}],"collection":[{"href":"https:\/\/lasprimeras.com.do\/index.php\/wp-json\/wp\/v2\/posts"}],"about":[{"href":"https:\/\/lasprimeras.com.do\/index.php\/wp-json\/wp\/v2\/types\/post"}],"author":[{"embeddable":true,"href":"https:\/\/lasprimeras.com.do\/index.php\/wp-json\/wp\/v2\/users\/1"}],"replies":[{"embeddable":true,"href":"https:\/\/lasprimeras.com.do\/index.php\/wp-json\/wp\/v2\/comments?post=51065"}],"version-history":[{"count":0,"href":"https:\/\/lasprimeras.com.do\/index.php\/wp-json\/wp\/v2\/posts\/51065\/revisions"}],"wp:featuredmedia":[{"embeddable":true,"href":"https:\/\/lasprimeras.com.do\/index.php\/wp-json\/"}],"wp:attachment":[{"href":"https:\/\/lasprimeras.com.do\/index.php\/wp-json\/wp\/v2\/media?parent=51065"}],"wp:term":[{"taxonomy":"category","embeddable":true,"href":"https:\/\/lasprimeras.com.do\/index.php\/wp-json\/wp\/v2\/categories?post=51065"},{"taxonomy":"post_tag","embeddable":true,"href":"https:\/\/lasprimeras.com.do\/index.php\/wp-json\/wp\/v2\/tags?post=51065"}],"curies":[{"name":"wp","href":"https:\/\/api.w.org\/{rel}","templated":true}]}}