{"id":51160,"date":"2023-05-28T22:52:22","date_gmt":"2023-05-29T02:52:22","guid":{"rendered":"https:\/\/atento.com.do\/?p=51160"},"modified":"2023-05-28T22:52:22","modified_gmt":"2023-05-29T02:52:22","slug":"miguel-vargas-plantea-apertura-sin-condiciones-a-la-participacion-dentro-del-prd-y-hacia-sectores-externos","status":"publish","type":"post","link":"https:\/\/lasprimeras.com.do\/index.php\/2023\/05\/28\/miguel-vargas-plantea-apertura-sin-condiciones-a-la-participacion-dentro-del-prd-y-hacia-sectores-externos\/","title":{"rendered":"Miguel Vargas apertura sin condiciones participaci\u00f3n en el PRD y sectores externos"},"content":{"rendered":"\n<p>\u201cNuestro prop\u00f3sito al frente de este partido ha sido siempre mantener la transparencia, el orden, la disciplina, el buen entendimiento y la fraternidad entre nosotros\u201d.<\/p>\n\n\n\n<p><strong>Santo Domingo. <\/strong>\u2013 El presidente del Partido Revolucionario Dominicano (PRD) Miguel Vargas Maldonado, expres\u00f3 que existe total receptividad a la participaci\u00f3n de sus miembros a lo interno de la organizaci\u00f3n pol\u00edtica, as\u00ed como hacia los sectores externos interesados en colaborar con la misma.<\/p>\n\n\n\n<p>\u201cEstamos dispuestos a impulsar nuestro partido, a seguir trabajando por el fortalecimiento y crecimiento de nuestra organizaci\u00f3n con una visi\u00f3n de apertura y de participaci\u00f3n, no solamente de los de adentro, sino de los de afuera tambi\u00e9n\u201d, dijo Vargas. Esto, \u201ccon el prop\u00f3sito de fortalecernos para tener un espacio importante en lo que va a ser el proceso electoral de 2024\u201d.<\/p>\n\n\n\n<p>As\u00ed lo comunic\u00f3 al participar en el acto protocolar y formal de entrega de certificados y toma de posesi\u00f3n de las nuevas autoridades del PRD, que resultaron electas el pasado d\u00eda 21de este mes. Vargas y sus compa\u00f1eros de la plancha n\u00famero fueron los ganadores del certamen y hoy asumieron la direcci\u00f3n del partido para el per\u00edodo 2023-2027.<\/p>\n\n\n\n<p>Con la actividad de este viernes, la Comisi\u00f3n Nacional de Elecciones Internas, presidida por la dirigente perrede\u00edsta Janet Camilo, cerr\u00f3 formalmente la XXXVIII Convenci\u00f3n Nacional Ordinaria Jos\u00e9 Francisco Pe\u00f1a G\u00f3mez.<\/p>\n\n\n\n<p>Camilo tuvo a su cargo la entrega de los certificados a las autoridades que resultaron electas.<\/p>\n\n\n\n<p>Durante el encuentro, el presidente del PRD reiter\u00f3 su agradecimiento a los delegados que acudieron a las urnas el pasado domingo, \u201cde manera ordenada, civilizada y c\u00edvica, en un ejercicio transparente y democr\u00e1tico\u201d.<\/p>\n\n\n\n<p>\u201cNos sentimos muy complacidos porque ese ha sido el prop\u00f3sito nuestro siempre: la organizaci\u00f3n, la disciplina, el buen entendimiento y la confraternidad entre nuestros compa\u00f1eros y compa\u00f1eras\u201d, declar\u00f3.<\/p>\n\n\n\n<p>Igualmente, agradeci\u00f3 el acompa\u00f1amiento de la Junta Central Electoral (JCE) durante este proceso.<\/p>\n\n\n\n<p>Adem\u00e1s, reconoci\u00f3 a sus compa\u00f1eros de boleta, Peggy Cabral viuda Pe\u00f1a, nueva Secretar\u00eda General del partido, y el joven Arnaldo Pimentel, quien ahora se desempe\u00f1ar\u00e1 como secretario de Organizaci\u00f3n del PRD.<\/p>\n\n\n\n<p>Vargas aprovech\u00f3 para enfatizar su llamado a los perrede\u00edstas \u201ca impulsar nuestro partido, a seguir trabajando por el fortalecimiento y crecimiento electoral y trabajar en las candidaturas municipales y congresales del partido, en el crecimiento y fortalecimiento del PRD\u201d.<\/p>\n","protected":false},"excerpt":{"rendered":"<p>\u201cNuestro prop\u00f3sito al frente de este partido ha sido siempre mantener la transparencia, el orden, la disciplina, el buen entendimiento y la fraternidad entre nosotros\u201d. Santo Domingo. \u2013 El presidente&hellip;<\/p>\n","protected":false},"author":1,"featured_media":51161,"comment_status":"open","ping_status":"open","sticky":false,"template":"","format":"standard","meta":{"content-type":"","jetpack_post_was_ever_published":false,"_jetpack_newsletter_access":"","_jetpack_dont_email_post_to_subs":false,"_jetpack_newsletter_tier_id":0,"_jetpack_memberships_contains_paywalled_content":false,"_jetpack_memberships_contains_paid_content":false,"footnotes":""},"categories":[25],"tags":[1782,1040,2503,575,2504],"class_list":["post-51160","post","type-post","status-publish","format-standard","has-post-thumbnail","hentry","category-portada","tag-apertura","tag-miguel-vargas","tag-participacion","tag-prd","tag-sectores-externos"],"jetpack_featured_media_url":"","jetpack-related-posts":[{"id":51601,"url":"https:\/\/lasprimeras.com.do\/index.php\/2023\/06\/01\/miguel-vargas-juramenta-en-prd-aspirante-a-alcalde-por-santiago\/","url_meta":{"origin":51160,"position":0},"title":"Miguel Vargas juramenta en PRD aspirante a alcalde por Santiago","author":"prenxa100","date":"1 de junio de 2023","format":false,"excerpt":"\u201cReiteramos la apertura y el llamado a integrarse a nuestro partido. Las puertas y ventanas del PRD se abren y les invitamos a que se sumen con nosotros a la construcci\u00f3n de un proyecto pol\u00edtico distinto\u201d. Santo Domingo. \u2013 El reelecto presidente del Partido Revolucionario Dominicano (PRD), Miguel Vargas Maldonado,\u2026","rel":"","context":"En \u00abPORTADA\u00bb","block_context":{"text":"PORTADA","link":"https:\/\/lasprimeras.com.do\/index.php\/category\/portada\/"},"img":{"alt_text":"","src":"","width":0,"height":0},"classes":[]},{"id":122303,"url":"https:\/\/lasprimeras.com.do\/index.php\/2026\/02\/16\/miguel-vargas-alerta-sobre-caida-de-autosuficiencia-alimentaria-en-rd\/","url_meta":{"origin":51160,"position":1},"title":"Miguel Vargas alerta sobre ca\u00edda de autosuficiencia alimentaria en RD","author":"Nelson Feliz","date":"16 de febrero de 2026","format":false,"excerpt":"El presidente del Partido Revolucionario Dominicano (PRD),Miguel Vargas Maldonado, advirti\u00f3 este domingo que la Rep\u00fablica Dominicana ha retrocedido en sectores clave para el desarrollo nacional, especialmente en la producci\u00f3n agropecuaria. Vargas Maldonado dijo que el pa\u00eds pas\u00f3 de ser autosuficiente en un 85 % en alimentos a apenas un 70\u2026","rel":"","context":"En \u00abPOLITICA\u00bb","block_context":{"text":"POLITICA","link":"https:\/\/lasprimeras.com.do\/index.php\/category\/politica\/"},"img":{"alt_text":"","src":"https:\/\/i0.wp.com\/lasprimeras.com.do\/wp-content\/uploads\/2026\/02\/PRD-1140x694-1.jpeg?resize=350%2C200&ssl=1","width":350,"height":200,"srcset":"https:\/\/i0.wp.com\/lasprimeras.com.do\/wp-content\/uploads\/2026\/02\/PRD-1140x694-1.jpeg?resize=350%2C200&ssl=1 1x, https:\/\/i0.wp.com\/lasprimeras.com.do\/wp-content\/uploads\/2026\/02\/PRD-1140x694-1.jpeg?resize=525%2C300&ssl=1 1.5x, https:\/\/i0.wp.com\/lasprimeras.com.do\/wp-content\/uploads\/2026\/02\/PRD-1140x694-1.jpeg?resize=700%2C400&ssl=1 2x, https:\/\/i0.wp.com\/lasprimeras.com.do\/wp-content\/uploads\/2026\/02\/PRD-1140x694-1.jpeg?resize=1050%2C600&ssl=1 3x"},"classes":[]},{"id":54875,"url":"https:\/\/lasprimeras.com.do\/index.php\/2023\/07\/14\/perredeistas-y-sector-externo-en-puerto-rico-reciben-a-miguel-vargas-maldonado\/","url_meta":{"origin":51160,"position":2},"title":"Perrede\u00edstas y Sector Externo en Puerto Rico reciben a Miguel Vargas Maldonado","author":"Nelson Feliz","date":"14 de julio de 2023","format":false,"excerpt":"Inmediatamente, tras su llegada, inici\u00f3 su jornada de trabajo con toda la dirigencia de la Seccional del PRD en la isla borinque\u00f1a. El candidato presidencial Miguel Vargas Maldonado arrib\u00f3 a San Juan, Puerto Rico para encontrarse con la militancia del Partido Revolucionario Dominicano (PRD) en este territorio, que es la\u2026","rel":"","context":"En \u00abSin categor\u00eda\u00bb","block_context":{"text":"Sin categor\u00eda","link":"https:\/\/lasprimeras.com.do\/index.php\/category\/sin-categoria\/"},"img":{"alt_text":"","src":"https:\/\/i0.wp.com\/lasprimeras.com.do\/wp-content\/uploads\/2023\/07\/Miguel-Vargas-PR.jpg?resize=350%2C200&ssl=1","width":350,"height":200,"srcset":"https:\/\/i0.wp.com\/lasprimeras.com.do\/wp-content\/uploads\/2023\/07\/Miguel-Vargas-PR.jpg?resize=350%2C200&ssl=1 1x, https:\/\/i0.wp.com\/lasprimeras.com.do\/wp-content\/uploads\/2023\/07\/Miguel-Vargas-PR.jpg?resize=525%2C300&ssl=1 1.5x, https:\/\/i0.wp.com\/lasprimeras.com.do\/wp-content\/uploads\/2023\/07\/Miguel-Vargas-PR.jpg?resize=700%2C400&ssl=1 2x"},"classes":[]},{"id":54954,"url":"https:\/\/lasprimeras.com.do\/index.php\/2023\/07\/16\/miguel-vargas-juramenta-en-el-prd-dirigentes-politicos-dominicanos-en-pr\/","url_meta":{"origin":51160,"position":3},"title":"Miguel Vargas juramenta en el PRD dirigentes pol\u00edticos dominicanos en PR","author":"Nelson Feliz","date":"16 de julio de 2023","format":false,"excerpt":"\u201cVenimos al PRD inspirados en la propuesta de gobierno distinta que representa Miguel Vargas. Su trayectoria de \u00e9xitos, en particular, la trascendente gesti\u00f3n de canciller, lo garantizan\u201d, manifest\u00f3 Miguel Valenzuela, quien fung\u00eda como presidente del PRSC en Puerto Rico. El presidente del Partido Revolucionario Dominicano (PRD), Miguel Vargas Maldonado, jurament\u00f3\u2026","rel":"","context":"En \u00abSin categor\u00eda\u00bb","block_context":{"text":"Sin categor\u00eda","link":"https:\/\/lasprimeras.com.do\/index.php\/category\/sin-categoria\/"},"img":{"alt_text":"Miguel Vargas Maldonado","src":"https:\/\/i0.wp.com\/lasprimeras.com.do\/wp-content\/uploads\/2023\/07\/Miguel-Vargas.jpg?resize=350%2C200&ssl=1","width":350,"height":200,"srcset":"https:\/\/i0.wp.com\/lasprimeras.com.do\/wp-content\/uploads\/2023\/07\/Miguel-Vargas.jpg?resize=350%2C200&ssl=1 1x, https:\/\/i0.wp.com\/lasprimeras.com.do\/wp-content\/uploads\/2023\/07\/Miguel-Vargas.jpg?resize=525%2C300&ssl=1 1.5x, https:\/\/i0.wp.com\/lasprimeras.com.do\/wp-content\/uploads\/2023\/07\/Miguel-Vargas.jpg?resize=700%2C400&ssl=1 2x"},"classes":[]},{"id":81813,"url":"https:\/\/lasprimeras.com.do\/index.php\/2024\/04\/25\/miguel-vargas-y-candidata-a-diputada-prd-manuela-lopez-encabezan-marcha-caravana-en-sdo\/","url_meta":{"origin":51160,"position":4},"title":"Miguel Vargas y candidata a diputada PRD Manuela L\u00f3pez encabezan marcha-caravana en SDO","author":"BIMARY DE JES\u00daS Matos","date":"25 de abril de 2024","format":false,"excerpt":"Santo Domingo Oeste, RD.- El presidente del Partido Revolucionario Dominicano (PRD) y candidato presidencial Miguel Vargas Maldonado, encabez\u00f3 una marcha-caravana en Santo Domingo Oeste, junto a la candidata a diputada de esa organizaci\u00f3n pol\u00edtica, Manuela L\u00f3pez, con el objetivo de seguir fortaleciendo las candidaturas hacia las pr\u00f3ximas elecciones del 19\u2026","rel":"","context":"En \u00abSin categor\u00eda\u00bb","block_context":{"text":"Sin categor\u00eda","link":"https:\/\/lasprimeras.com.do\/index.php\/category\/sin-categoria\/"},"img":{"alt_text":"","src":"https:\/\/i0.wp.com\/lasprimeras.com.do\/wp-content\/uploads\/2024\/04\/IMG-20240425-WA0025.jpg?resize=350%2C200&ssl=1","width":350,"height":200,"srcset":"https:\/\/i0.wp.com\/lasprimeras.com.do\/wp-content\/uploads\/2024\/04\/IMG-20240425-WA0025.jpg?resize=350%2C200&ssl=1 1x, https:\/\/i0.wp.com\/lasprimeras.com.do\/wp-content\/uploads\/2024\/04\/IMG-20240425-WA0025.jpg?resize=525%2C300&ssl=1 1.5x, https:\/\/i0.wp.com\/lasprimeras.com.do\/wp-content\/uploads\/2024\/04\/IMG-20240425-WA0025.jpg?resize=700%2C400&ssl=1 2x, https:\/\/i0.wp.com\/lasprimeras.com.do\/wp-content\/uploads\/2024\/04\/IMG-20240425-WA0025.jpg?resize=1050%2C600&ssl=1 3x, https:\/\/i0.wp.com\/lasprimeras.com.do\/wp-content\/uploads\/2024\/04\/IMG-20240425-WA0025.jpg?resize=1400%2C800&ssl=1 4x"},"classes":[]},{"id":79692,"url":"https:\/\/lasprimeras.com.do\/index.php\/2024\/03\/30\/miguel-vargas-se-reune-con-la-direccion-ejecutiva-del-prd-en-nueva-york\/","url_meta":{"origin":51160,"position":5},"title":"Miguel Vargas se re\u00fane con la direcci\u00f3n ejecutiva del PRD en Nueva York","author":"Nelson Feliz","date":"30 de marzo de 2024","format":false,"excerpt":"El candidato presidencial\u00a0 del Partido Revolucionario Dominicano, (PRD) Miguel Vargas Maldonado, se reuni\u00f3 con la direcci\u00f3n ejecutiva la organizaci\u00f3n pol\u00edtica que preside, donde se ofrecieron informes del trabajo pol\u00edtico electoral de la Gran Manzana. En la reuni\u00f3n con direcci\u00f3n del PRD en Nueva York Miguel Vargas exhort\u00f3 a los dirigentes\u2026","rel":"","context":"En \u00abPORTADA\u00bb","block_context":{"text":"PORTADA","link":"https:\/\/lasprimeras.com.do\/index.php\/category\/portada\/"},"img":{"alt_text":"Miguel Vargas","src":"https:\/\/i0.wp.com\/lasprimeras.com.do\/wp-content\/uploads\/2024\/03\/Miguel-Vargas-2.jpg?resize=350%2C200&ssl=1","width":350,"height":200,"srcset":"https:\/\/i0.wp.com\/lasprimeras.com.do\/wp-content\/uploads\/2024\/03\/Miguel-Vargas-2.jpg?resize=350%2C200&ssl=1 1x, https:\/\/i0.wp.com\/lasprimeras.com.do\/wp-content\/uploads\/2024\/03\/Miguel-Vargas-2.jpg?resize=525%2C300&ssl=1 1.5x"},"classes":[]}],"jetpack_sharing_enabled":true,"_links":{"self":[{"href":"https:\/\/lasprimeras.com.do\/index.php\/wp-json\/wp\/v2\/posts\/51160","targetHints":{"allow":["GET"]}}],"collection":[{"href":"https:\/\/lasprimeras.com.do\/index.php\/wp-json\/wp\/v2\/posts"}],"about":[{"href":"https:\/\/lasprimeras.com.do\/index.php\/wp-json\/wp\/v2\/types\/post"}],"author":[{"embeddable":true,"href":"https:\/\/lasprimeras.com.do\/index.php\/wp-json\/wp\/v2\/users\/1"}],"replies":[{"embeddable":true,"href":"https:\/\/lasprimeras.com.do\/index.php\/wp-json\/wp\/v2\/comments?post=51160"}],"version-history":[{"count":0,"href":"https:\/\/lasprimeras.com.do\/index.php\/wp-json\/wp\/v2\/posts\/51160\/revisions"}],"wp:featuredmedia":[{"embeddable":true,"href":"https:\/\/lasprimeras.com.do\/index.php\/wp-json\/"}],"wp:attachment":[{"href":"https:\/\/lasprimeras.com.do\/index.php\/wp-json\/wp\/v2\/media?parent=51160"}],"wp:term":[{"taxonomy":"category","embeddable":true,"href":"https:\/\/lasprimeras.com.do\/index.php\/wp-json\/wp\/v2\/categories?post=51160"},{"taxonomy":"post_tag","embeddable":true,"href":"https:\/\/lasprimeras.com.do\/index.php\/wp-json\/wp\/v2\/tags?post=51160"}],"curies":[{"name":"wp","href":"https:\/\/api.w.org\/{rel}","templated":true}]}}