{"id":51165,"date":"2023-05-28T23:01:15","date_gmt":"2023-05-29T03:01:15","guid":{"rendered":"https:\/\/atento.com.do\/?p=51165"},"modified":"2023-05-28T23:01:15","modified_gmt":"2023-05-29T03:01:15","slug":"anje-apoya-ley-de-primer-empleo-y-pide-abordar-el-pago-de-anticipo","status":"publish","type":"post","link":"https:\/\/lasprimeras.com.do\/index.php\/2023\/05\/28\/anje-apoya-ley-de-primer-empleo-y-pide-abordar-el-pago-de-anticipo\/","title":{"rendered":"ANJE apoya ley de primer empleo y pide abordar el pago de anticipo"},"content":{"rendered":"\n<p><strong>Santo Domingo.-. <\/strong>El presidente de la Asociaci\u00f3n Nacional de J\u00f3venes Empresarios (ANJE), Jaime Senior Fern\u00e1ndez, afirm\u00f3 que es necesario establecer la ley del primer empleo que cree incentivos fiscales para que las empresas contraten a personas que no est\u00e1n insertadas en el mercado laboral.<\/p>\n\n\n\n<p>Igualmente, el dirigente empresarial dijo que otra forma de inserci\u00f3n de los j\u00f3venes en la econom\u00eda es mediante sus propios emprendimientos, para lo que son necesarios incentivos fiscales, entre los que cit\u00f3 liberarlos del pago de anticipo.<\/p>\n\n\n\n<p>Sostuvo que todos los empresarios e inclusos funcionarios p\u00fablicos reconocen que el pago de anticipo lesiona la capacidad de los negocios, \u201cpero es una herramienta compleja porque le da mucho flujo al gobierno\u201d que sale de las empresas productivas.<\/p>\n\n\n\n<p>Entrevistado por Pablo McKinney en el programa \u201cMcKinney\u201d, por Color Visi\u00f3n, Senior Fern\u00e1ndez dijo que hay que plantearse buscar la forma acerca de c\u00f3mo abordar el anticipo, que en su opini\u00f3n forma parte de un tema m\u00e1s general de una reforma fiscal necesaria.<\/p>\n\n\n\n<p><strong>Reforma fiscal<\/strong><\/p>\n\n\n\n<p>Senior Fern\u00e1ndez enumer\u00f3 los retrasos que a su juicio vive el pa\u00eds en materia tributaria y de gastos, entre los que cit\u00f3 la existencia de un C\u00f3digo Monetario y Financiero del a\u00f1o 1992 que se correspond\u00eda con una econom\u00eda agropecuaria con rasgos industriales, pero que ya no responde a una econom\u00eda m\u00e1s industrializada y de servicios, que no se resuelve con parches fiscales como los que se han hecho.<\/p>\n\n\n\n<p>Dijo que eso explica que la recaudaci\u00f3n del gobierno se sit\u00fae en solo 14%, mientras que el gasto monta al 16%, quedando ambas muy por debajo del promedio de Am\u00e9rica Latina.<\/p>\n\n\n\n<p>Senior Fern\u00e1ndez favoreci\u00f3 que se simplifique el sistema impositivo sin aumentar tasas para que el gobierno obtenga una mejor recaudaci\u00f3n y pueda disponer de mayor efectivo para sufragar los gastos.<\/p>\n\n\n\n<p>Explic\u00f3 que simplificando el sistema de cumplimiento tributario se puede ampliar la base impositiva, formalizar los negocios informales que ronda entre el 50 y el 60% y reducir la evasi\u00f3n.<\/p>\n\n\n\n<p>Aclar\u00f3 que la presi\u00f3n y el gasto son bajos, \u201cpero las tasas impositivas no son bajas, lo que quiere decir que si aumentamos las tasas, vamos a tener m\u00e1s informalidad y un efecto rebote al reducir las recaudaciones a largo plazo\u201d.<\/p>\n\n\n\n<p>Senior Fern\u00e1ndez advirti\u00f3 que si no hay voluntad pol\u00edtica de hacer una reforma fiscal luego de 10 a\u00f1os de la \u00faltima aprobada en 2012, \u201cnosotros como pa\u00eds no vamos a avanzar\u201d.<\/p>\n\n\n\n<p>Dijo que mientras en Am\u00e9rica Latina pa\u00edses se van a pique, en Rep\u00fablica Dominicana hay estabilidad pol\u00edtica y social porque aqu\u00ed todos los sectores dialogan y se resuelven los problemas contradictorios.<\/p>\n\n\n\n<p>Manifest\u00f3 que es necesario establecer una reforma fiscal que aborde la simplificaci\u00f3n tributaria, calidad de gastos y vigencia de exenciones fiscales para impulsar sectores econ\u00f3micos estrat\u00e9gicos.<br>Reconoci\u00f3 que las exenciones tributarias representan una merma recaudatoria para el<\/p>\n\n\n\n<p>Estado, pero indic\u00f3 que \u201chay momentos en que el sector empresarial est\u00e1 en mejores condiciones para establecer industrias que el gobierno no puede hacer y que son estrat\u00e9gicas para la naci\u00f3n\u201d.<\/p>\n\n\n\n<p>Inform\u00f3 que la Red de emprendimiento nace por ley en 2016, ahora bajo el liderazgo de ANJE, con m\u00e1s de 50 participantes que impulsan la asistencia t\u00e9cnica, educativa a sus emprendimientos.<\/p>\n\n\n\n<p>Cit\u00f3 que hay acompa\u00f1amiento a emprendedores a trav\u00e9s del Ministerio de Industria,<br>Comercio y Mipymes.<\/p>\n\n\n\n<p><strong>Retos del pa\u00eds<\/strong><\/p>\n\n\n\n<p>El l\u00edder de ANJE sostiene que en Rep\u00fablica Dominicana todav\u00eda hay retos importantes para seguir impulsando el crecimiento, entre los que cit\u00f3 la necesidad de abordar los incentivos fiscales y la rigidez del C\u00f3digo Laboral.<\/p>\n\n\n\n<p>Consider\u00f3 que \u201cpara asegurar la paz social y el crecimiento sostenido y sostenible en nuestro pa\u00eds, tenemos que identificar las formas para reducir las brechas de desigualdad y a largo plazo, la forma de hacerlo es a trav\u00e9s de la educaci\u00f3n de calidad\u201d.<\/p>\n\n\n\n<p>Sostuvo que si no se invierte el 4% del PIB de la educaci\u00f3n en programas de calidad, no ser\u00e1 posible responder a la brecha de desigualdad que hay en el pa\u00eds.<\/p>\n\n\n\n<p>Como parte de los esfuerzos que hace ANJE para mejorar la educaci\u00f3n, Senior Fern\u00e1ndez cit\u00f3 un estudio comparativo que establece que las universidades del pa\u00eds est\u00e1n formando m\u00e1s profesionales de carreras que tienen baja demanda en el mercado y salarios menos competitivos, mientras las empresas requieren otro tipo de t\u00e9cnicos.<\/p>\n\n\n\n<p>Entre las carreras que siguen siendo masivas, el presidente de ANJE cit\u00f3 derecho, psicolog\u00eda, entre otras, mientras que la demanda mayor del mercado es tecnolog\u00eda, f\u00edsica, idiomas y matem\u00e1ticas, por las que se pagan mejores salarios.<\/p>\n\n\n\n<p>\u201cComo pa\u00eds necesitamos a esos ingenieros, a personas versadas en el ingl\u00e9s. Tenemos una gran demanda porque los sectores est\u00e1n creciendo ah\u00ed\u201d, apunt\u00f3 el dirigente empresarial.<\/p>\n\n\n\n<p>Inform\u00f3 que se han reunido con ministerios e institutos tecnol\u00f3gicos y all\u00ed se han dado cuenta que ellos realizan esfuerzos para incentivar la educaci\u00f3n t\u00e9cnica hacia los sectores que demanda el mercado.<\/p>\n\n\n\n<p>Reconoci\u00f3 que a nadie se le puede obligar a estudiar una carrera que no desea, pero en ANJE est\u00e1n empe\u00f1ados en \u201ccrear una demanda natural\u201d, mediante incentivos de mercados para que los estudiantes prefieran estas carreras.<\/p>\n\n\n\n<p><strong>Debates electorales<\/strong><\/p>\n\n\n\n<p>Senior Fern\u00e1ndez manifest\u00f3 que ANJE promueve el debate electoral porque un candidato presidencial que no acepte debatir sus ideas, queda descartado como ciudadano.<\/p>\n\n\n\n<p>Dijo que cualquier candidato \u201ctiene que estar preparado para presentar sus propuestas\u201d y los ciudadanos deben demandarlos.<\/p>\n\n\n\n<p>\u201cVamos a tomar la palabra al presidente Luis Abinader para organizar el debate electoral\u201d, afirm\u00f3 Senior Fern\u00e1ndez, porque este tipo de exposiciones capta mayor atenci\u00f3n del electorado que cualquier propaganda publicitaria particular.<\/p>\n","protected":false},"excerpt":{"rendered":"<p>Santo Domingo.-. El presidente de la Asociaci\u00f3n Nacional de J\u00f3venes Empresarios (ANJE), Jaime Senior Fern\u00e1ndez, afirm\u00f3 que es necesario establecer la ley del primer empleo que cree incentivos fiscales para&hellip;<\/p>\n","protected":false},"author":1,"featured_media":51166,"comment_status":"open","ping_status":"open","sticky":false,"template":"","format":"standard","meta":{"content-type":"","jetpack_post_was_ever_published":false,"_jetpack_newsletter_access":"","_jetpack_dont_email_post_to_subs":false,"_jetpack_newsletter_tier_id":0,"_jetpack_memberships_contains_paywalled_content":false,"_jetpack_memberships_contains_paid_content":false,"footnotes":""},"categories":[39,25],"tags":[2505,964,2506,2507],"class_list":["post-51165","post","type-post","status-publish","format-standard","has-post-thumbnail","hentry","category-economia","category-portada","tag-anje","tag-empleo","tag-jaime-senior-fernandez","tag-pago-de-anticipo"],"jetpack_featured_media_url":"","jetpack-related-posts":[{"id":57567,"url":"https:\/\/lasprimeras.com.do\/index.php\/2023\/08\/13\/anje-retencion-de-impuestos-generaria-efecto-adverso-al-comercio-formal\/","url_meta":{"origin":51165,"position":0},"title":"ANJE retenci\u00f3n de impuestos generar\u00eda efecto adverso al comercio formal","author":"Nelson Feliz","date":"13 de agosto de 2023","format":false,"excerpt":"La Asociaci\u00f3n Nacional de J\u00f3venes Empresario (ANJE), se refiri\u00f3 a la nueva normativa de la Direcci\u00f3n General de Impuestos Internos (DGII), que busca designar como Agentes de Retenci\u00f3n y Percepci\u00f3n del ITBIS y del ISR a las Empresas de Adquirencia o Adquirentes, Administradores de Sistemas de Pago, Agregadores de Pagos\u2026","rel":"","context":"En \u00abECONOM\u00cdA\u00bb","block_context":{"text":"ECONOM\u00cdA","link":"https:\/\/lasprimeras.com.do\/index.php\/category\/economia\/"},"img":{"alt_text":"Jaime Senior","src":"https:\/\/i0.wp.com\/lasprimeras.com.do\/wp-content\/uploads\/2023\/08\/Jaime-Senior.jpg?resize=350%2C200&ssl=1","width":350,"height":200,"srcset":"https:\/\/i0.wp.com\/lasprimeras.com.do\/wp-content\/uploads\/2023\/08\/Jaime-Senior.jpg?resize=350%2C200&ssl=1 1x, https:\/\/i0.wp.com\/lasprimeras.com.do\/wp-content\/uploads\/2023\/08\/Jaime-Senior.jpg?resize=525%2C300&ssl=1 1.5x, https:\/\/i0.wp.com\/lasprimeras.com.do\/wp-content\/uploads\/2023\/08\/Jaime-Senior.jpg?resize=700%2C400&ssl=1 2x"},"classes":[]},{"id":49117,"url":"https:\/\/lasprimeras.com.do\/index.php\/2023\/05\/07\/anje-califica-de-preocupante-panorama-que-vive-la-rd\/","url_meta":{"origin":51165,"position":1},"title":"ANJE califica de preocupante panorama que vive la RD","author":"prenxa100","date":"7 de mayo de 2023","format":false,"excerpt":"Santo Domingo.-. La Asociaci\u00f3n Nacional de J\u00f3venes Empresarios (ANJE) calific\u00f3 de preocupante el panorama actual que vive el pa\u00eds, debido a los recientes casos de corrupci\u00f3n sometidos ante la Justicia y con decisiones altamente cuestionadas. El presidente de la ANJE, Jaime S\u00e9nior, destac\u00f3 que este panorama actual impacta de forma\u2026","rel":"","context":"En \u00abECONOM\u00cdA\u00bb","block_context":{"text":"ECONOM\u00cdA","link":"https:\/\/lasprimeras.com.do\/index.php\/category\/economia\/"},"img":{"alt_text":"","src":"","width":0,"height":0},"classes":[]},{"id":63463,"url":"https:\/\/lasprimeras.com.do\/index.php\/2023\/10\/12\/anje-presenta-su-nueva-junta-directiva-presidida-por-jose-nelton-gonzalez-rodriguez\/","url_meta":{"origin":51165,"position":2},"title":"ANJE presenta su nueva Junta Directiva presidida por Jos\u00e9 Nelton Gonz\u00e1lez Rodr\u00edguez","author":"Nelson Feliz","date":"12 de octubre de 2023","format":false,"excerpt":"-Nuevo presidente de ANJE apuesta por el fomento del emprendimiento, modernizaci\u00f3n del C\u00f3digo de Trabajo, mejoras para lograr una educaci\u00f3n de calidad y promoci\u00f3n de la cultura de debates. La Asociaci\u00f3n Nacional de J\u00f3venes Empresarios (ANJE) jurament\u00f3 la nueva Junta Directiva para el per\u00edodo octubre 2023 a diciembre 2024, presidida\u2026","rel":"","context":"En \u00abECONOM\u00cdA\u00bb","block_context":{"text":"ECONOM\u00cdA","link":"https:\/\/lasprimeras.com.do\/index.php\/category\/economia\/"},"img":{"alt_text":"ANJE ,Junta Directiva, Jos\u00e9 Nelton Gonz\u00e1lez Rodr\u00edguez","src":"https:\/\/i0.wp.com\/lasprimeras.com.do\/wp-content\/uploads\/2023\/10\/ANJE-2023.jpg?resize=350%2C200&ssl=1","width":350,"height":200,"srcset":"https:\/\/i0.wp.com\/lasprimeras.com.do\/wp-content\/uploads\/2023\/10\/ANJE-2023.jpg?resize=350%2C200&ssl=1 1x, https:\/\/i0.wp.com\/lasprimeras.com.do\/wp-content\/uploads\/2023\/10\/ANJE-2023.jpg?resize=525%2C300&ssl=1 1.5x, https:\/\/i0.wp.com\/lasprimeras.com.do\/wp-content\/uploads\/2023\/10\/ANJE-2023.jpg?resize=700%2C400&ssl=1 2x"},"classes":[]},{"id":63889,"url":"https:\/\/lasprimeras.com.do\/index.php\/2023\/10\/16\/anje-presenta-su-nueva-directiva-presidida-por-jose-n-gonzalez\/","url_meta":{"origin":51165,"position":3},"title":"ANJE presenta su nueva directiva presidida por Jos\u00e9 N. Gonz\u00e1lez","author":"BIMARY DE JES\u00daS Matos","date":"16 de octubre de 2023","format":false,"excerpt":"SANTO DOMINGO, Rep\u00fablica Dominicana.- La Asociaci\u00f3n Nacional de J\u00f3venes Empresarios (ANJE) jurament\u00f3 la nueva Junta Directiva para el per\u00edodo octubre 2023 a diciembre 2024, presidida por Jos\u00e9 Nelton Gonz\u00e1lez Rodr\u00edguez. La juramentaci\u00f3n se produjo durante la Asamblea General Ordinaria Anual de la Asociaci\u00f3n, celebrada este jueves 12 de octubre de\u2026","rel":"","context":"En \u00abECONOM\u00cdA\u00bb","block_context":{"text":"ECONOM\u00cdA","link":"https:\/\/lasprimeras.com.do\/index.php\/category\/economia\/"},"img":{"alt_text":"","src":"https:\/\/i0.wp.com\/lasprimeras.com.do\/wp-content\/uploads\/2023\/10\/WhatsApp-Image-2023-10-16-at-11.32.47-AM-1-5.jpeg?resize=350%2C200&ssl=1","width":350,"height":200,"srcset":"https:\/\/i0.wp.com\/lasprimeras.com.do\/wp-content\/uploads\/2023\/10\/WhatsApp-Image-2023-10-16-at-11.32.47-AM-1-5.jpeg?resize=350%2C200&ssl=1 1x, https:\/\/i0.wp.com\/lasprimeras.com.do\/wp-content\/uploads\/2023\/10\/WhatsApp-Image-2023-10-16-at-11.32.47-AM-1-5.jpeg?resize=525%2C300&ssl=1 1.5x"},"classes":[]},{"id":125028,"url":"https:\/\/lasprimeras.com.do\/index.php\/2026\/03\/18\/escuela-de-la-judicatura-y-anje-desarrollaran-estudio-sobre-impacto-de-la-justicia\/","url_meta":{"origin":51165,"position":4},"title":"Escuela de la Judicatura y ANJE desarrollar\u00e1n estudio sobre impacto de la justicia","author":"Nelson Feliz","date":"18 de marzo de 2026","format":false,"excerpt":"La Escuela Nacional de la Judicatura (ENJ) y la Asociaci\u00f3n Nacional de J\u00f3venes Empresarios (ANJE) firmaron este martes un acuerdo interinstitucional, con el objetivo de establecer un marco general de cooperaci\u00f3n para desarrollar proyectos de formaci\u00f3n, investigaci\u00f3n y capacitaci\u00f3n, siendo uno de los principales proyectos la realizaci\u00f3n del estudio sobre\u2026","rel":"","context":"En \u00abNACIONALES\u00bb","block_context":{"text":"NACIONALES","link":"https:\/\/lasprimeras.com.do\/index.php\/category\/nacionales\/"},"img":{"alt_text":"ANJE","src":"https:\/\/i0.wp.com\/lasprimeras.com.do\/wp-content\/uploads\/2026\/03\/ANJE.jpg?resize=350%2C200&ssl=1","width":350,"height":200,"srcset":"https:\/\/i0.wp.com\/lasprimeras.com.do\/wp-content\/uploads\/2026\/03\/ANJE.jpg?resize=350%2C200&ssl=1 1x, https:\/\/i0.wp.com\/lasprimeras.com.do\/wp-content\/uploads\/2026\/03\/ANJE.jpg?resize=525%2C300&ssl=1 1.5x, https:\/\/i0.wp.com\/lasprimeras.com.do\/wp-content\/uploads\/2026\/03\/ANJE.jpg?resize=700%2C400&ssl=1 2x"},"classes":[]},{"id":125848,"url":"https:\/\/lasprimeras.com.do\/index.php\/2026\/03\/26\/anje-y-micm-impulsaran-competitividad-de-mipymes-jovenes\/","url_meta":{"origin":51165,"position":5},"title":"ANJE y MICM impulsar\u00e1n competitividad de MIPYMES j\u00f3venes","author":"Nelson Feliz","date":"26 de marzo de 2026","format":false,"excerpt":"La Asociaci\u00f3n Nacional de J\u00f3venes Empresarios (ANJE) contin\u00faa consolidando su rol como articulador del ecosistema empresarial joven, tras establecer una mesa de trabajo de alto nivel junto al Ministerio de Industria, Comercio y Mipymes (MICM), enfocada a fortalecer la competitividad y sostenibilidad de las MIPYMES lideradas por j\u00f3venes en la\u2026","rel":"","context":"En \u00abECONOM\u00cdA\u00bb","block_context":{"text":"ECONOM\u00cdA","link":"https:\/\/lasprimeras.com.do\/index.php\/category\/economia\/"},"img":{"alt_text":"He generado una imagen conceptual que muestra las fachadas de ANJE y el MICM en un estilo arquitect\u00f3nico moderno, destacando sus identidades institucionales en el contexto de Santo Domingo.","src":"https:\/\/i0.wp.com\/lasprimeras.com.do\/wp-content\/uploads\/2026\/03\/alianza-1.jpg?resize=350%2C200&ssl=1","width":350,"height":200,"srcset":"https:\/\/i0.wp.com\/lasprimeras.com.do\/wp-content\/uploads\/2026\/03\/alianza-1.jpg?resize=350%2C200&ssl=1 1x, https:\/\/i0.wp.com\/lasprimeras.com.do\/wp-content\/uploads\/2026\/03\/alianza-1.jpg?resize=525%2C300&ssl=1 1.5x, https:\/\/i0.wp.com\/lasprimeras.com.do\/wp-content\/uploads\/2026\/03\/alianza-1.jpg?resize=700%2C400&ssl=1 2x"},"classes":[]}],"jetpack_sharing_enabled":true,"_links":{"self":[{"href":"https:\/\/lasprimeras.com.do\/index.php\/wp-json\/wp\/v2\/posts\/51165","targetHints":{"allow":["GET"]}}],"collection":[{"href":"https:\/\/lasprimeras.com.do\/index.php\/wp-json\/wp\/v2\/posts"}],"about":[{"href":"https:\/\/lasprimeras.com.do\/index.php\/wp-json\/wp\/v2\/types\/post"}],"author":[{"embeddable":true,"href":"https:\/\/lasprimeras.com.do\/index.php\/wp-json\/wp\/v2\/users\/1"}],"replies":[{"embeddable":true,"href":"https:\/\/lasprimeras.com.do\/index.php\/wp-json\/wp\/v2\/comments?post=51165"}],"version-history":[{"count":0,"href":"https:\/\/lasprimeras.com.do\/index.php\/wp-json\/wp\/v2\/posts\/51165\/revisions"}],"wp:featuredmedia":[{"embeddable":true,"href":"https:\/\/lasprimeras.com.do\/index.php\/wp-json\/"}],"wp:attachment":[{"href":"https:\/\/lasprimeras.com.do\/index.php\/wp-json\/wp\/v2\/media?parent=51165"}],"wp:term":[{"taxonomy":"category","embeddable":true,"href":"https:\/\/lasprimeras.com.do\/index.php\/wp-json\/wp\/v2\/categories?post=51165"},{"taxonomy":"post_tag","embeddable":true,"href":"https:\/\/lasprimeras.com.do\/index.php\/wp-json\/wp\/v2\/tags?post=51165"}],"curies":[{"name":"wp","href":"https:\/\/api.w.org\/{rel}","templated":true}]}}