{"id":51181,"date":"2023-05-29T07:28:34","date_gmt":"2023-05-29T11:28:34","guid":{"rendered":"https:\/\/atento.com.do\/?p=51181"},"modified":"2023-05-29T07:28:34","modified_gmt":"2023-05-29T11:28:34","slug":"tc-impone-sancion-economica-definitiva-a-la-dgii","status":"publish","type":"post","link":"https:\/\/lasprimeras.com.do\/index.php\/2023\/05\/29\/tc-impone-sancion-economica-definitiva-a-la-dgii\/","title":{"rendered":"TC impone sanci\u00f3n econ\u00f3mica definitiva a la DGII"},"content":{"rendered":"\n<p>La suma que tiene que pagar DGII asciende a 508 millones.<\/p>\n\n\n\n<p><strong>SANTO DOMINGO.-.<\/strong>El Tribunal Constitucional convirti\u00f3 en definitiva la sentencia que impone el astreinte (sanci\u00f3n econ\u00f3mica), a la Direcci\u00f3n General de Impuestos Internos (DGII), suma que a la fecha asciende a 508 millones de pesos, que deber\u00e1 pagar al abogado y dirigente pol\u00edtico del Partido Revolucionario Moderno (PRM) Ram\u00f3n Emilio Concepci\u00f3n.<\/p>\n\n\n\n<p>La liquidaci\u00f3n est\u00e1 a cargo de la Segunda Sala de la C\u00e1mara Civil y Comercial del Juzgado de Primera Instancia del Distrito Nacional, luego que la Alta Corte remitiera el expediente por ser la jurisdicci\u00f3n competente para conocer la demanda en liquidaci\u00f3n de astreinte interpuesta por Concepci\u00f3n, para que lo decida conforme al derecho.<\/p>\n\n\n\n<p>El Constitucional argument\u00f3 que el astreinte (sanci\u00f3n por retardo en el cumplimiento de una decisi\u00f3n) fue fijado por el tribunal civil en la sentencia n\u00famero 00358\/09, la cual fue confirmada por el TC a trav\u00e9s de la sentencia TC\/0208\/20, emitida el 14 de agosto del a\u00f1o 2020, que declar\u00f3 inadmisible por extempor\u00e1neo, un recurso de revisi\u00f3n interpuesto por la DGII.<\/p>\n\n\n\n<p>El Tribunal Constitucional dispuso que la Segunda Sala Civil del Juzgado de primera Instancia del Distrito Nacional, conozca la Liquidaci\u00f3n de la sanci\u00f3n econ\u00f3mica (Astreinte) en contra de la DGII.<\/p>\n\n\n\n<p>La alta corte indica que la DGII, le estaba cobrando a Concepci\u00f3n el pago de impuestos por la transferencia de los inmuebles obtenido mediante cuota litis, obviando que, de acuerdo a la ley que rige la materia, se contempla la exoneraci\u00f3n de pagos de impuestos, derechos fiscales o municipales relativos al registro o transcripci\u00f3n del pacto de cuota litis y los documentos probatorios de los derechos de los abogados.<\/p>\n\n\n\n<p>El T.C., dijo que &#8220;frente a esa negativa, Ram\u00f3n Emilio Concepci\u00f3n, procedi\u00f3 a interponer una Acci\u00f3n de Amparo ante La Segunda Sala Civil del Distrito Nacional, que mediante sentencia 00358\/09, acogi\u00f3 el Amparo, ordenando a la DGII exonerar al amparado del pago de los aludidos impuestos, seg\u00fan lo establece la Ley 302, modificada sobre honorarios de abogados en su art\u00edculo 9, p\u00e1rrafo 3, y el art\u00edculo 16 de La Ley 91-83.<\/p>\n\n\n\n<p>La DGII, interpuso contra la indicada sentencia un Recurso de Casaci\u00f3n por ante La Suprema Corte de Justicia, \u00e9sta declin\u00f3 el expediente ante el TC, mediante resoluci\u00f3n n\u00famero 7883-2012 de fecha 14 de diciembre del 2012.<\/p>\n\n\n\n<p>El TC, mediante sentencia n\u00famero TC-0208\/20, del 14 de agosto del 2020, luego de recalificar el Recurso de Casaci\u00f3n, como un Recurso de Revisi\u00f3n Constitucional, lo declar\u00f3 inadmisible por extempor\u00e1neo, convirti\u00e9ndose as\u00ed en definitiva la sentencia 00358\/09.<\/p>\n\n\n\n<p>El Pleno del TC, encabezado por su presidente, doctor Milton Ray Guevara, estableci\u00f3 que, desde el punto de vista jur\u00eddico, resulta incorrecto que el juez sobreseyera la petici\u00f3n de liquidaci\u00f3n.<\/p>\n","protected":false},"excerpt":{"rendered":"<p>La suma que tiene que pagar DGII asciende a 508 millones. SANTO DOMINGO.-.El Tribunal Constitucional convirti\u00f3 en definitiva la sentencia que impone el astreinte (sanci\u00f3n econ\u00f3mica), a la Direcci\u00f3n General&hellip;<\/p>\n","protected":false},"author":1,"featured_media":51182,"comment_status":"open","ping_status":"open","sticky":false,"template":"","format":"standard","meta":{"content-type":"","jetpack_post_was_ever_published":false,"_jetpack_newsletter_access":"","_jetpack_dont_email_post_to_subs":false,"_jetpack_newsletter_tier_id":0,"_jetpack_memberships_contains_paywalled_content":false,"_jetpack_memberships_contains_paid_content":false,"footnotes":""},"categories":[39,25],"tags":[2519,817,2520,2521,2522,2523],"class_list":["post-51181","post","type-post","status-publish","format-standard","has-post-thumbnail","hentry","category-economia","category-portada","tag-definitiva","tag-dgii","tag-economica","tag-impone","tag-sancion","tag-tribunal-constitucional"],"jetpack_featured_media_url":"","jetpack-related-posts":[{"id":60711,"url":"https:\/\/lasprimeras.com.do\/index.php\/2023\/09\/18\/dgii-busca-dilatar-pago-rd516-500-millones-al-abogado-ramon-emilio-concepcion\/","url_meta":{"origin":51181,"position":0},"title":"DGII busca dilatar pago RD$516.500 millones al abogado Ram\u00f3n Emilio Concepci\u00f3n","author":"Nelson Feliz","date":"18 de septiembre de 2023","format":false,"excerpt":"Audiencia ser\u00e1 el martes, 19 de septiembre a las 9:00 de la ma\u00f1ana. La Direcci\u00f3n General de Impuestos Internos DGII pretende que un juez de Primera Instancia anule dos sentencias del Tribunal Constitucional ordenan la liquidaci\u00f3n de la astreinte que a la fecha asciende a la suma de 516 millones\u2026","rel":"","context":"En \u00abECONOM\u00cdA\u00bb","block_context":{"text":"ECONOM\u00cdA","link":"https:\/\/lasprimeras.com.do\/index.php\/category\/economia\/"},"img":{"alt_text":"","src":"https:\/\/i0.wp.com\/lasprimeras.com.do\/wp-content\/uploads\/2023\/09\/Ramon-Emilio-Concepcion-1.jpg?resize=350%2C200&ssl=1","width":350,"height":200},"classes":[]},{"id":54492,"url":"https:\/\/lasprimeras.com.do\/index.php\/2023\/07\/11\/juez-aplaza-para-septiembre-demanda-interpretacion-de-sentencia-definitiva-del-tc\/","url_meta":{"origin":51181,"position":1},"title":"Juez aplaza para septiembre demanda interpretaci\u00f3n de sentencia definitiva del TC","author":"Nelson Feliz","date":"11 de julio de 2023","format":false,"excerpt":"\u00a0Evaluar\u00e1 si procede fusi\u00f3n expediente con liquidaci\u00f3n astreinte de 508 millones. La juez de la Segunda Sala de la C\u00e1mara Civil y Comercial del Distrito Nacional aplaz\u00f3 para el martes 19 de septiembre audiencia para evaluar si procede la solicitud de fusi\u00f3n expediente de interpretaci\u00f3n de sentencia del Tribunal Constitucional\u2026","rel":"","context":"En \u00abJUSTICIA\u00bb","block_context":{"text":"JUSTICIA","link":"https:\/\/lasprimeras.com.do\/index.php\/category\/justicia\/"},"img":{"alt_text":"","src":"https:\/\/i0.wp.com\/lasprimeras.com.do\/wp-content\/uploads\/2023\/07\/Ramon-Emilio-tribunal-.jpg?resize=350%2C200&ssl=1","width":350,"height":200,"srcset":"https:\/\/i0.wp.com\/lasprimeras.com.do\/wp-content\/uploads\/2023\/07\/Ramon-Emilio-tribunal-.jpg?resize=350%2C200&ssl=1 1x, https:\/\/i0.wp.com\/lasprimeras.com.do\/wp-content\/uploads\/2023\/07\/Ramon-Emilio-tribunal-.jpg?resize=525%2C300&ssl=1 1.5x, https:\/\/i0.wp.com\/lasprimeras.com.do\/wp-content\/uploads\/2023\/07\/Ramon-Emilio-tribunal-.jpg?resize=700%2C400&ssl=1 2x"},"classes":[]},{"id":60861,"url":"https:\/\/lasprimeras.com.do\/index.php\/2023\/09\/19\/juez-otorga-plazo-de-15-dias-a-dgii-para-pagar-astreinte-por-mas-de-524-millones\/","url_meta":{"origin":51181,"position":2},"title":"Juez otorga plazo de 15 d\u00edas a DGII para pagar astreinte por m\u00e1s de 524 millones","author":"Nelson Feliz","date":"19 de septiembre de 2023","format":false,"excerpt":"La juez de la Segunda Sala de la C\u00e1mara Civil y Comercial del Distrito Nacional, otorg\u00f3 un plazo 15 d\u00edas para escrito justificativo a la Direcci\u00f3n General de Impuestos Internos DGII en la liquidaci\u00f3n \u00a0astreinte por\u00a0524 millones 100 mil pesos\u00a0en favor del abogado Ram\u00f3n Emilio Concepci\u00f3n, por incumplir una sentencia\u2026","rel":"","context":"En \u00abJUSTICIA\u00bb","block_context":{"text":"JUSTICIA","link":"https:\/\/lasprimeras.com.do\/index.php\/category\/justicia\/"},"img":{"alt_text":"","src":"https:\/\/i0.wp.com\/lasprimeras.com.do\/wp-content\/uploads\/2023\/09\/Ramon-Emilio-Concepcion-1.jpg?resize=350%2C200&ssl=1","width":350,"height":200},"classes":[]},{"id":51278,"url":"https:\/\/lasprimeras.com.do\/index.php\/2023\/05\/30\/dgii-se-nego-a-entregar-de-boca-mas-de-rd500-millones-al-abogado-concepcion\/","url_meta":{"origin":51181,"position":3},"title":"DGII se neg\u00f3 a entregar \u201cde boca\u201d m\u00e1s de RD$500 millones al abogado Concepci\u00f3n","author":"prenxa100","date":"30 de mayo de 2023","format":false,"excerpt":"SANTO DOMINGO.-.La Direcci\u00f3n General de Impuestos Internos (DGII) salud\u00f3 la decisi\u00f3n del Tribunal Constitucional que ha logrado proteger m\u00e1s de 500 millones de pesos pertenecientes al pueblo dominicano y que el abogado Ram\u00f3n Emilio Concepci\u00f3n ha estado tratando de que les sean transferidos estos fondos por el pago de una\u2026","rel":"","context":"En \u00abECONOM\u00cdA\u00bb","block_context":{"text":"ECONOM\u00cdA","link":"https:\/\/lasprimeras.com.do\/index.php\/category\/economia\/"},"img":{"alt_text":"","src":"","width":0,"height":0},"classes":[]},{"id":120336,"url":"https:\/\/lasprimeras.com.do\/index.php\/2026\/01\/22\/dgii-advierte-no-habra-prorroga-para-renovar-el-marbete\/","url_meta":{"origin":51181,"position":4},"title":"DGII advierte no habr\u00e1 pr\u00f3rroga para renovar el marbete","author":"Nelson Feliz","date":"22 de enero de 2026","format":false,"excerpt":"Hasta este jueves m\u00e1s de 709,000 propietarios de veh\u00edculos faltaban por pagar el impuesto. La Direcci\u00f3n General de Impuestos Internos (DGII) advirti\u00f3 este jueves a los 709,677 propietarios de veh\u00edculo que faltan por renovar que no habr\u00e1 pr\u00f3rroga para el pago de ese tributo. Faltando solo 10 d\u00edas para cumplirse\u2026","rel":"","context":"En \u00abECONOM\u00cdA\u00bb","block_context":{"text":"ECONOM\u00cdA","link":"https:\/\/lasprimeras.com.do\/index.php\/category\/economia\/"},"img":{"alt_text":"","src":"https:\/\/i0.wp.com\/lasprimeras.com.do\/wp-content\/uploads\/2026\/01\/Marbete.jpg?resize=350%2C200&ssl=1","width":350,"height":200},"classes":[]},{"id":112213,"url":"https:\/\/lasprimeras.com.do\/index.php\/2025\/10\/19\/la-renovacion-del-marbete-2025-2026-arranca-el-21-de-octubre-estos-son-los-precios\/","url_meta":{"origin":51181,"position":5},"title":"La renovaci\u00f3n del marbete 2025-2026 arranca el 21 de octubre: estos son los precios","author":"Nelson Feliz","date":"19 de octubre de 2025","format":false,"excerpt":"La DGII espera recaudar RD$3,433 millones con este impuesto dirigido a 2,086,756 veh\u00edculos h\u00e1biles. La Direcci\u00f3n General de Impuestos Internos (DGII) anunci\u00f3 que el pr\u00f3ximo martes 21 de octubre iniciar\u00e1 el periodo de renovaci\u00f3n del impuesto de circulaci\u00f3n vehicular (marbete) 2025-2026, dirigido a 2,086,756 veh\u00edculos h\u00e1biles, con una recaudaci\u00f3n estimada\u2026","rel":"","context":"En \u00abECONOM\u00cdA\u00bb","block_context":{"text":"ECONOM\u00cdA","link":"https:\/\/lasprimeras.com.do\/index.php\/category\/economia\/"},"img":{"alt_text":"DGII","src":"https:\/\/i0.wp.com\/lasprimeras.com.do\/wp-content\/uploads\/2023\/10\/WhatsApp-Image-2023-10-05-at-7.17.42-PM-1.jpeg?resize=350%2C200&ssl=1","width":350,"height":200,"srcset":"https:\/\/i0.wp.com\/lasprimeras.com.do\/wp-content\/uploads\/2023\/10\/WhatsApp-Image-2023-10-05-at-7.17.42-PM-1.jpeg?resize=350%2C200&ssl=1 1x, https:\/\/i0.wp.com\/lasprimeras.com.do\/wp-content\/uploads\/2023\/10\/WhatsApp-Image-2023-10-05-at-7.17.42-PM-1.jpeg?resize=525%2C300&ssl=1 1.5x, https:\/\/i0.wp.com\/lasprimeras.com.do\/wp-content\/uploads\/2023\/10\/WhatsApp-Image-2023-10-05-at-7.17.42-PM-1.jpeg?resize=700%2C400&ssl=1 2x"},"classes":[]}],"jetpack_sharing_enabled":true,"_links":{"self":[{"href":"https:\/\/lasprimeras.com.do\/index.php\/wp-json\/wp\/v2\/posts\/51181","targetHints":{"allow":["GET"]}}],"collection":[{"href":"https:\/\/lasprimeras.com.do\/index.php\/wp-json\/wp\/v2\/posts"}],"about":[{"href":"https:\/\/lasprimeras.com.do\/index.php\/wp-json\/wp\/v2\/types\/post"}],"author":[{"embeddable":true,"href":"https:\/\/lasprimeras.com.do\/index.php\/wp-json\/wp\/v2\/users\/1"}],"replies":[{"embeddable":true,"href":"https:\/\/lasprimeras.com.do\/index.php\/wp-json\/wp\/v2\/comments?post=51181"}],"version-history":[{"count":0,"href":"https:\/\/lasprimeras.com.do\/index.php\/wp-json\/wp\/v2\/posts\/51181\/revisions"}],"wp:featuredmedia":[{"embeddable":true,"href":"https:\/\/lasprimeras.com.do\/index.php\/wp-json\/"}],"wp:attachment":[{"href":"https:\/\/lasprimeras.com.do\/index.php\/wp-json\/wp\/v2\/media?parent=51181"}],"wp:term":[{"taxonomy":"category","embeddable":true,"href":"https:\/\/lasprimeras.com.do\/index.php\/wp-json\/wp\/v2\/categories?post=51181"},{"taxonomy":"post_tag","embeddable":true,"href":"https:\/\/lasprimeras.com.do\/index.php\/wp-json\/wp\/v2\/tags?post=51181"}],"curies":[{"name":"wp","href":"https:\/\/api.w.org\/{rel}","templated":true}]}}