{"id":51184,"date":"2023-05-29T08:02:19","date_gmt":"2023-05-29T12:02:19","guid":{"rendered":"https:\/\/atento.com.do\/?p=51184"},"modified":"2023-05-29T08:02:19","modified_gmt":"2023-05-29T12:02:19","slug":"cayo-levantado-resort-abrira-sus-puertas-este-jueves-primero-de-junio","status":"publish","type":"post","link":"https:\/\/lasprimeras.com.do\/index.php\/2023\/05\/29\/cayo-levantado-resort-abrira-sus-puertas-este-jueves-primero-de-junio\/","title":{"rendered":"Cayo Levantado Resort abrir\u00e1 sus puertas este jueves primero de junio"},"content":{"rendered":"\n<p><strong>Punta Cana.- <\/strong>\u00a0Cayo Levantado Resort, con una inversi\u00f3n de 40 millones de d\u00f3lares, abrir\u00e1 sus puertas a partir del jueves pr\u00f3ximo 1ro de junio ofreciendo un nuevo concepto con una identidad propia y diferenciada dentro del portafolio del grupo hotelero.<\/p>\n\n\n\n<p>La vicepresidenta y CEO del Grupo Pi\u00f1ero, Encarna Pi\u00f1ero, indic\u00f3 que con Cayo Levantado se reafirma el compromiso con la sostenibilidad y el talento local del grupo empresarial donde se presenta &nbsp;un producto con una personalidad \u00fanica y diferenciada, adaptada al segmento de lujo y a la vanguardia de la transformaci\u00f3n del sector.&nbsp;<br>&nbsp;<br>\u201cNuestra m\u00e1s importante apuesta por la innovaci\u00f3n y sostenibilidad gira en torno a una triple regeneraci\u00f3n: primero, enfocada al lujo de regenerarse en vacaciones a trav\u00e9s de experiencias exclusivas dise\u00f1adas para el bienestar, cuidado y meditaci\u00f3n; segundo, con el lujo de regenerar nuestro entorno ambiental, donde nuestra presencia debe suponer una mejora a la biodiversidad, y que adem\u00e1s de ser un lujo es un compromiso y una responsabilidad; y tercero, con el objetivo de impulsar la cultura local fomentando el talento y contribuyendo al desarrollo econ\u00f3mico\u201d indic\u00f3 Encarna Pi\u00f1ero.&nbsp;<\/p>\n\n\n\n<figure class=\"wp-block-image size-large\"><img decoding=\"async\" src=\"https:\/\/atento.com.do\/wp-content\/uploads\/2023\/05\/WhatsApp-Image-2023-05-28-at-9.36.56-AM-1024x576.jpeg\" alt=\"\" class=\"wp-image-51186\"\/><\/figure>\n\n\n\n<p>Cayo Levantado Resort <\/p>\n\n\n\n<p>La vicepresidenta y CEO del Grupo Pi\u00f1ero, ofreci\u00f3 la informaci\u00f3n al ser entrevistada por Mois\u00e9s Gonz\u00e1lez del peri\u00f3dico y programa Despertar Nacional que se transmite por Vega\u00a0TV\u00a0(Altice 52 y Claro 48), en Estados Unidos por\u00a0TV\u00a0Quisqueya\u00a01027 de Optimum y Dish latino canal 812-5 para EE.UU., Canad\u00e1 y Puerto Rico.<br>\u00a0<br>Encarna Pi\u00f1ero, resalt\u00f3 la importancia estrat\u00e9gica que tiene Cayo Levantado Resort para poner en valor uno de los emblemas m\u00e1s importantes de Rep\u00fablica Dominicana, como es la pen\u00ednsula de Saman\u00e1, de la mano de la contribuci\u00f3n al desarrollo y del tejido empresarial de la regi\u00f3n y sus comunidades.<br>\u00a0<br>La empresaria espa\u00f1ola, sostuvo que cuando la sostenibilidad es el norte de los proyectos tur\u00edsticos se impacta no solo a los clientes que disfrutar\u00e1n del espacio sino se incorpora el talento local a la experiencia,\u00a0lo cual implica una nueva formaci\u00f3n y visi\u00f3n hacia el medio ambiente y en la gesti\u00f3n.<br>\u00a0<br>\u201cNosotros lo que hemos creado en Cayo Levantado ha sido una experiencia \u00fanica, diferente, adapt\u00e1ndonos a este nuevo hu\u00e9sped que busca una experiencia \u00fanica, m\u00e1s sostenible y adaptada al entorno. Con esto lo que buscamos es un lujo responsable, un lujo sostenible que permita al hu\u00e9sped estar integrado y conectado con la naturaleza, con el entorno, con la cultura local y consigo mismo\u201d.<br>\u00a0<br>La sostenibilidad ser\u00e1 un eje fundamental de Cayo Levantado Resort y los hu\u00e9spedes podr\u00e1n vivirla a trav\u00e9s de tres pilares: el pilar medioambiental, donde se minimizar\u00e1 al m\u00e1ximo el impacto ecol\u00f3gico, protegiendo el ecosistema y preservando la espectacular flora y fauna del lugar; el pilar de cultura local, mediante la integraci\u00f3n de la cultura local a trav\u00e9s de la incorporaci\u00f3n de talento local, generando 700 empleos de calidad y con futuro; y con el pilar wellness, ofreciendo una integraci\u00f3n hol\u00edstica de la parte f\u00edsica, mental y espiritual.\u00a0<\/p>\n\n\n\n<p>El complejo cuenta con 219 habitaciones y todos sus espacios est\u00e1n dise\u00f1ados y decorados por interioristas locales.<\/p>\n\n\n\n<p>Como parte de la oferta todo incluido, los hu\u00e9spedes pueden elegir entre seis restaurantes de comida local e internacional, siete bares, un \u00e1rea de wellness, dos piscinas, spa, outdoor box al aire libre, un estudio de entrenamiento personal y un sal\u00f3n de belleza.<\/p>\n\n\n\n<p>El complejo cuenta con la exclusiva zona Yubarta; un \u00e1rea hermosa \u00e1rea para el crecimiento y el descubrimiento personal.<\/p>\n\n\n\n<p>Con el prop\u00f3sito de ofrecer a los clientes un servicio \u00fanico y diferencial, la compa\u00f1\u00eda ha establecido una alianza con Forbes Travel Guide, la cual garantiza que el establecimiento cumplir\u00e1 con los m\u00e1s altos est\u00e1ndares de calidad, lujo y hospitalidad.<\/p>\n\n\n\n<figure class=\"wp-block-embed is-type-video is-provider-youtube wp-block-embed-youtube wp-embed-aspect-16-9 wp-has-aspect-ratio\"><div class=\"wp-block-embed__wrapper\">\n<iframe title=\"Cayo Levantado Resort abre sus puertas jueves 1 de junio con una inversi\u00f3n de 40 millones de d\u00f3lares\" width=\"500\" height=\"281\" src=\"https:\/\/www.youtube.com\/embed\/9umzBEdv3Nc?feature=oembed\" frameborder=\"0\" allow=\"accelerometer; autoplay; clipboard-write; encrypted-media; gyroscope; picture-in-picture; web-share\" referrerpolicy=\"strict-origin-when-cross-origin\" allowfullscreen><\/iframe>\n<\/div><\/figure>\n","protected":false},"excerpt":{"rendered":"<p>Punta Cana.- \u00a0Cayo Levantado Resort, con una inversi\u00f3n de 40 millones de d\u00f3lares, abrir\u00e1 sus puertas a partir del jueves pr\u00f3ximo 1ro de junio ofreciendo un nuevo concepto con una&hellip;<\/p>\n","protected":false},"author":1,"featured_media":51185,"comment_status":"open","ping_status":"open","sticky":false,"template":"","format":"standard","meta":{"content-type":"","jetpack_post_was_ever_published":false,"_jetpack_newsletter_access":"","_jetpack_dont_email_post_to_subs":false,"_jetpack_newsletter_tier_id":0,"_jetpack_memberships_contains_paywalled_content":false,"_jetpack_memberships_contains_paid_content":false,"footnotes":""},"categories":[25,376],"tags":[2524,2525,859,2526],"class_list":["post-51184","post","type-post","status-publish","format-standard","has-post-thumbnail","hentry","category-portada","category-turismo","tag-cayo-levantado-resort","tag-junio","tag-primero","tag-puertas"],"jetpack_featured_media_url":"","jetpack-related-posts":[{"id":58677,"url":"https:\/\/lasprimeras.com.do\/index.php\/2023\/08\/27\/hervel-blondel-resalta-importancia-del-hotel-cayo-levantado-resort-de-samana\/","url_meta":{"origin":51184,"position":0},"title":"Hervel Blondel resalta importancia del Hotel Cayo Levantado Resort de Saman\u00e1","author":"Nelson Feliz","date":"27 de agosto de 2023","format":false,"excerpt":"Cayo Levantado enamora a miles de visitantes en sus primeros tres meses de apertura. El director general del Hotel Cayo Levantado Resort ubicado en (Santa B\u00e1rbara de Saman\u00e1), Hervel Blondel resalt\u00f3 la importancia estrat\u00e9gica de este complejo tur\u00edstico para poner en valor uno de los emblemas m\u00e1s importantes de la\u2026","rel":"","context":"En \u00abPORTADA\u00bb","block_context":{"text":"PORTADA","link":"https:\/\/lasprimeras.com.do\/index.php\/category\/portada\/"},"img":{"alt_text":"Hervel Blondel","src":"https:\/\/i0.wp.com\/lasprimeras.com.do\/wp-content\/uploads\/2023\/08\/Cayo-Levantado.jpg?resize=350%2C200&ssl=1","width":350,"height":200,"srcset":"https:\/\/i0.wp.com\/lasprimeras.com.do\/wp-content\/uploads\/2023\/08\/Cayo-Levantado.jpg?resize=350%2C200&ssl=1 1x, https:\/\/i0.wp.com\/lasprimeras.com.do\/wp-content\/uploads\/2023\/08\/Cayo-Levantado.jpg?resize=525%2C300&ssl=1 1.5x, https:\/\/i0.wp.com\/lasprimeras.com.do\/wp-content\/uploads\/2023\/08\/Cayo-Levantado.jpg?resize=700%2C400&ssl=1 2x"},"classes":[]},{"id":120438,"url":"https:\/\/lasprimeras.com.do\/index.php\/2026\/01\/23\/corphotels-impulsa-la-inversion-extranjera-en-fitur-2026-bajo-el-liderazgo-de-victor-ogando\/","url_meta":{"origin":51184,"position":1},"title":"CORPHOTELS impulsa la inversi\u00f3n extranjera en FITUR 2026 bajo el liderazgo de V\u00edctor Ogando","author":"Nelson Feliz","date":"23 de enero de 2026","format":false,"excerpt":"V\u00edctor Ogando","rel":"","context":"En \u00abTURISMO\u00bb","block_context":{"text":"TURISMO","link":"https:\/\/lasprimeras.com.do\/index.php\/category\/turismo\/"},"img":{"alt_text":"V\u00edctor Ogando","src":"https:\/\/i0.wp.com\/lasprimeras.com.do\/wp-content\/uploads\/2026\/01\/Victor-Ogando.jpg?resize=350%2C200&ssl=1","width":350,"height":200,"srcset":"https:\/\/i0.wp.com\/lasprimeras.com.do\/wp-content\/uploads\/2026\/01\/Victor-Ogando.jpg?resize=350%2C200&ssl=1 1x, https:\/\/i0.wp.com\/lasprimeras.com.do\/wp-content\/uploads\/2026\/01\/Victor-Ogando.jpg?resize=525%2C300&ssl=1 1.5x"},"classes":[]},{"id":67620,"url":"https:\/\/lasprimeras.com.do\/index.php\/2023\/11\/17\/abinader-pronostica-inversion-extranjera-llegara-este-ano-a-4400-millones-de-dolares\/","url_meta":{"origin":51184,"position":2},"title":"Abinader pronostica inversi\u00f3n extranjera llegar\u00e1 este a\u00f1o a 4,400 millones de d\u00f3lares","author":"Nelson Feliz","date":"17 de noviembre de 2023","format":false,"excerpt":"Mandatario encabeza acto inauguraci\u00f3n lujoso hotel en Cayo Levantado, Saman\u00e1. El Presidente Luis Abinader\u00a0encabez\u00f3 este jueves la inauguraci\u00f3n de un\u00a0nuevo hotel de lujo en Cayo Levantado\u00a0con una inversi\u00f3n de\u00a050 millones de euros, y que generar\u00e1\u00a0m\u00e1s de 500 de empleos directos\u00a0esta provincia. Al pronunciar unas breves palabras en el acto, el\u2026","rel":"","context":"En \u00abECONOM\u00cdA\u00bb","block_context":{"text":"ECONOM\u00cdA","link":"https:\/\/lasprimeras.com.do\/index.php\/category\/economia\/"},"img":{"alt_text":"","src":"https:\/\/i0.wp.com\/lasprimeras.com.do\/wp-content\/uploads\/2023\/11\/Luis-Abinader-3-2.jpg?resize=350%2C200&ssl=1","width":350,"height":200,"srcset":"https:\/\/i0.wp.com\/lasprimeras.com.do\/wp-content\/uploads\/2023\/11\/Luis-Abinader-3-2.jpg?resize=350%2C200&ssl=1 1x, https:\/\/i0.wp.com\/lasprimeras.com.do\/wp-content\/uploads\/2023\/11\/Luis-Abinader-3-2.jpg?resize=525%2C300&ssl=1 1.5x, https:\/\/i0.wp.com\/lasprimeras.com.do\/wp-content\/uploads\/2023\/11\/Luis-Abinader-3-2.jpg?resize=700%2C400&ssl=1 2x"},"classes":[]},{"id":74726,"url":"https:\/\/lasprimeras.com.do\/index.php\/2024\/01\/26\/grupo-pinero-logra-record-historico-de-facturacion-en-2023\/","url_meta":{"origin":51184,"position":3},"title":"Grupo Pi\u00f1ero logra r\u00e9cord hist\u00f3rico de facturaci\u00f3n en 2023","author":"Nelson Feliz","date":"26 de enero de 2024","format":false,"excerpt":"Grupo Pi\u00f1ero ha cerrado 2023 con un r\u00e9cord hist\u00f3rico de facturaci\u00f3n, con 956 millones de euros, superando en un 12% los resultados de 2022. Estos datos refuerzan su s\u00f3lida y solvente situaci\u00f3n financiera, permitiendo que el Grupo siga avanzando en su plan de inversiones. En 2024, Grupo Pi\u00f1ero invertir\u00e1 65\u2026","rel":"","context":"En \u00abECONOM\u00cdA\u00bb","block_context":{"text":"ECONOM\u00cdA","link":"https:\/\/lasprimeras.com.do\/index.php\/category\/economia\/"},"img":{"alt_text":"BAHIA PRINCIPE LUXURY ESMERALDA","src":"https:\/\/i0.wp.com\/lasprimeras.com.do\/wp-content\/uploads\/2024\/01\/BAHIA-PRINCIPE-LUXURY-ESMERALDA-.jpg?resize=350%2C200&ssl=1","width":350,"height":200,"srcset":"https:\/\/i0.wp.com\/lasprimeras.com.do\/wp-content\/uploads\/2024\/01\/BAHIA-PRINCIPE-LUXURY-ESMERALDA-.jpg?resize=350%2C200&ssl=1 1x, https:\/\/i0.wp.com\/lasprimeras.com.do\/wp-content\/uploads\/2024\/01\/BAHIA-PRINCIPE-LUXURY-ESMERALDA-.jpg?resize=525%2C300&ssl=1 1.5x, https:\/\/i0.wp.com\/lasprimeras.com.do\/wp-content\/uploads\/2024\/01\/BAHIA-PRINCIPE-LUXURY-ESMERALDA-.jpg?resize=700%2C400&ssl=1 2x"},"classes":[]},{"id":76007,"url":"https:\/\/lasprimeras.com.do\/index.php\/2024\/02\/06\/muere-en-un-accidente-aereo-el-ex-presidente-sebastian-pinera\/","url_meta":{"origin":51184,"position":4},"title":"Muere en un accidente a\u00e9reo el ex presidente Sebasti\u00e1n Pi\u00f1era","author":"Nelson Feliz","date":"6 de febrero de 2024","format":false,"excerpt":"Chile.-. Un accidente a\u00e9reo se registr\u00f3 esta tarde en el sector rural de Ilihue, en localidad del Lago Ranco, regi\u00f3n de los R\u00edos, Chile. Un helic\u00f3ptero privado se precipit\u00f3 en medio del cuerpo de agua, con al menos cuatro ocupantes. Entre ellos estar\u00eda el ex presidente Sebasti\u00e1n Pi\u00f1era. Seg\u00fan los\u2026","rel":"","context":"En \u00abSin categor\u00eda\u00bb","block_context":{"text":"Sin categor\u00eda","link":"https:\/\/lasprimeras.com.do\/index.php\/category\/sin-categoria\/"},"img":{"alt_text":"Sebastian Pi\u00f1era","src":"https:\/\/i0.wp.com\/lasprimeras.com.do\/wp-content\/uploads\/2024\/02\/Sebastian-Pinera.jpg?resize=350%2C200&ssl=1","width":350,"height":200,"srcset":"https:\/\/i0.wp.com\/lasprimeras.com.do\/wp-content\/uploads\/2024\/02\/Sebastian-Pinera.jpg?resize=350%2C200&ssl=1 1x, https:\/\/i0.wp.com\/lasprimeras.com.do\/wp-content\/uploads\/2024\/02\/Sebastian-Pinera.jpg?resize=525%2C300&ssl=1 1.5x, https:\/\/i0.wp.com\/lasprimeras.com.do\/wp-content\/uploads\/2024\/02\/Sebastian-Pinera.jpg?resize=700%2C400&ssl=1 2x"},"classes":[]},{"id":81861,"url":"https:\/\/lasprimeras.com.do\/index.php\/2024\/04\/25\/grupo-pinero-celebra-primera-edicion-de-los-premios-los-ecoistas-rd\/","url_meta":{"origin":51184,"position":5},"title":"Grupo Pi\u00f1ero celebra primera edici\u00f3n de los premios Los +Eco\u00edstas RD","author":"Nelson Feliz","date":"25 de abril de 2024","format":false,"excerpt":"En el marco de la feria tur\u00edstica Dominican Annual Tourism Exchange, DATE 2024, Grupo Pi\u00f1ero, l\u00edder en el sector tur\u00edstico, celebr\u00f3 la primera edici\u00f3n de los premios Los +Eco\u00edstas Rep\u00fablica Dominicana. Este evento, despu\u00e9s de dos ediciones consecutivas realizadas en Espa\u00f1a, ha sido concebido con el loable prop\u00f3sito de resaltar\u2026","rel":"","context":"En \u00abPORTADA\u00bb","block_context":{"text":"PORTADA","link":"https:\/\/lasprimeras.com.do\/index.php\/category\/portada\/"},"img":{"alt_text":"Grupo Pi\u00f1ero celebra los premios Los +Eco\u00edstas Rep\u00fablica Dominicana","src":"https:\/\/i0.wp.com\/lasprimeras.com.do\/wp-content\/uploads\/2024\/04\/Grupo-Pinero-celebra-los-premios-Los-Ecoistas-Republica-Dominicana.jpg?resize=350%2C200&ssl=1","width":350,"height":200,"srcset":"https:\/\/i0.wp.com\/lasprimeras.com.do\/wp-content\/uploads\/2024\/04\/Grupo-Pinero-celebra-los-premios-Los-Ecoistas-Republica-Dominicana.jpg?resize=350%2C200&ssl=1 1x, https:\/\/i0.wp.com\/lasprimeras.com.do\/wp-content\/uploads\/2024\/04\/Grupo-Pinero-celebra-los-premios-Los-Ecoistas-Republica-Dominicana.jpg?resize=525%2C300&ssl=1 1.5x, https:\/\/i0.wp.com\/lasprimeras.com.do\/wp-content\/uploads\/2024\/04\/Grupo-Pinero-celebra-los-premios-Los-Ecoistas-Republica-Dominicana.jpg?resize=700%2C400&ssl=1 2x"},"classes":[]}],"jetpack_sharing_enabled":true,"_links":{"self":[{"href":"https:\/\/lasprimeras.com.do\/index.php\/wp-json\/wp\/v2\/posts\/51184","targetHints":{"allow":["GET"]}}],"collection":[{"href":"https:\/\/lasprimeras.com.do\/index.php\/wp-json\/wp\/v2\/posts"}],"about":[{"href":"https:\/\/lasprimeras.com.do\/index.php\/wp-json\/wp\/v2\/types\/post"}],"author":[{"embeddable":true,"href":"https:\/\/lasprimeras.com.do\/index.php\/wp-json\/wp\/v2\/users\/1"}],"replies":[{"embeddable":true,"href":"https:\/\/lasprimeras.com.do\/index.php\/wp-json\/wp\/v2\/comments?post=51184"}],"version-history":[{"count":0,"href":"https:\/\/lasprimeras.com.do\/index.php\/wp-json\/wp\/v2\/posts\/51184\/revisions"}],"wp:featuredmedia":[{"embeddable":true,"href":"https:\/\/lasprimeras.com.do\/index.php\/wp-json\/"}],"wp:attachment":[{"href":"https:\/\/lasprimeras.com.do\/index.php\/wp-json\/wp\/v2\/media?parent=51184"}],"wp:term":[{"taxonomy":"category","embeddable":true,"href":"https:\/\/lasprimeras.com.do\/index.php\/wp-json\/wp\/v2\/categories?post=51184"},{"taxonomy":"post_tag","embeddable":true,"href":"https:\/\/lasprimeras.com.do\/index.php\/wp-json\/wp\/v2\/tags?post=51184"}],"curies":[{"name":"wp","href":"https:\/\/api.w.org\/{rel}","templated":true}]}}