{"id":51191,"date":"2023-05-29T08:28:37","date_gmt":"2023-05-29T12:28:37","guid":{"rendered":"https:\/\/atento.com.do\/?p=51191"},"modified":"2023-05-29T08:28:37","modified_gmt":"2023-05-29T12:28:37","slug":"medio-ambiente-apuesta-por-una-isla-saona-mas-limpia-y-sostenible-para-locales-y-turistas","status":"publish","type":"post","link":"https:\/\/lasprimeras.com.do\/index.php\/2023\/05\/29\/medio-ambiente-apuesta-por-una-isla-saona-mas-limpia-y-sostenible-para-locales-y-turistas\/","title":{"rendered":"Medio Ambiente apuesta por una isla Saona m\u00e1s limpia y sostenible para locales y turistas"},"content":{"rendered":"\n<p>El ministro Miguel Ceara Hatton firm\u00f3 una resoluci\u00f3n que busca eliminar del Parque Nacional Cotubanam\u00e1 y el Monumento Natural Isla Catalina el uso de foam y pl\u00e1sticos de un solo uso.<\/p>\n\n\n\n<p><strong>MANO JUAN (RD).-<\/strong>El Ministerio de Medio Ambiente y Recursos Naturales emiti\u00f3 una resoluci\u00f3n que se enfoca en la eliminaci\u00f3n, de la utilizaci\u00f3n del foam (poliestireno) y el pl\u00e1stico de un solo uso dentro de las islas Saona y Catalina.<\/p>\n\n\n\n<p>La Resoluci\u00f3n n\u00famero 0024-2023, firmada por el ministro Miguel Ceara Hatton durante un acto celebrado en la playa de Mano Juan, fortalece las acciones de Medio Ambiente enfocadas en contribuir a la sostenibilidad de los territorios protegidos del Parque Nacional Cotubanam\u00e1 y el Monumento Natural Isla Catalina, siempre de la mano de la comunidad, touroperadores y empresas.<\/p>\n\n\n\n<p>El ministro invit\u00f3 a la actriz Nashla Bogaert y al director de cine Jos\u00e9 Mar\u00eda Cabral, dos figuras que vienen sensibilizando a la poblaci\u00f3n, desde el \u00e1mbito de la cinematograf\u00eda, sobre temas relacionados con la sostenibilidad de la isla Santo Domingo y productores del famoso documental la isla de pl\u00e1stico.<\/p>\n\n\n\n<p>La Resoluci\u00f3n 0024-2023 abre el camino para que, en un plazo de 60 d\u00edas y con la participaci\u00f3n de autoridades locales, pescadores, turistas, tour operadores y la poblaci\u00f3n en general, se tomen todas las medidas necesarias para que las islas Saona y Catalina puedan quedar libres de foam y de pl\u00e1stico de un solo uso.<\/p>\n\n\n\n<figure class=\"wp-block-image size-full\"><img decoding=\"async\" src=\"https:\/\/atento.com.do\/wp-content\/uploads\/2023\/05\/Isla-Catalina.jpg\" alt=\"\" class=\"wp-image-51193\"\/><\/figure>\n\n\n\n<p><strong>Isla Catalina<\/strong><\/p>\n\n\n\n<p>Ceara Hatton record\u00f3 que existe una generaci\u00f3n educada en una cultura que buscaba subordinar la naturaleza al ser humano, pero que el presente y el futuro demandan de seres humanos que conviertan la sostenibilidad en una cultura interiorizada. \u201cAhora hay que aprender a convivir con la naturaleza\u201d, dijo.<\/p>\n\n\n\n<p>\u201cUna de las cosas que he aprendido en el ministerio es lo dif\u00edcil que es que la gente entienda que el agua es vida, que el agua es un tema de seguridad nacional. Si t\u00fa me hubieras invitado, Jos\u00e9 Mar\u00eda, a tu ba\u00f1o del botell\u00f3n, yo te hubiese acompa\u00f1ado\u201d, a\u00f1adi\u00f3.<\/p>\n\n\n\n<p>En ese contexto, record\u00f3 lo dif\u00edcil que ser\u00eda para un Estado tener uno o diez agentes de vigilancia en cada uno de los r\u00edos del pa\u00eds, por lo que lo determinante, indic\u00f3, siempre ser\u00e1 el compromiso social para cuidar las fuentes de agua. Tambi\u00e9n llam\u00f3 la atenci\u00f3n sobre la necesidad de cuidar el mar Caribe junto a los dem\u00e1s pa\u00edses del \u00e1rea y seguir buscando mecanismos para manejar de manera adecuada los residuos s\u00f3lidos.<\/p>\n\n\n\n<p>Calific\u00f3 la resoluci\u00f3n como un paso relevante en el cambio de relaci\u00f3n con la naturaleza, al tiempo de enviar un mensaje al resto del pa\u00eds. \u201cVamos a eliminar el foam y el pl\u00e1stico de un solo uso en el pa\u00eds, es un paso importante en este camino para tener una mejor relaci\u00f3n entre el ser humano y naturaleza\u201d, indic\u00f3.<\/p>\n\n\n\n<p>Dolores Mota, presidenta de la Junta de Vecinos de Mano Juan, valor\u00f3 el inter\u00e9s mostrado por las autoridades en ayudar a mejorar la vida de la gente de Mano Juan, emblem\u00e1tica comunidad de la Isla Saona.<\/p>\n\n\n\n<p>En tanto, Eddy Qui\u00f1ones, de la Asociaci\u00f3n Prodesarrollo de Saona, expres\u00f3 la disposici\u00f3n a contribuir con el saneamiento de la isla y el establecimiento de una cultura de sostenibilidad que tienen los m\u00e1s de 300 habitantes de Mano Juan.<\/p>\n\n\n\n<p>Mientras, Jos\u00e9 Mar\u00eda Cabral agradeci\u00f3 la invitaci\u00f3n al evento por considerarlo como un cierre del documental que hizo hace dos a\u00f1os sobre el manejo de los residuos de pl\u00e1stico. \u201cQuiero que sepan que tienen un aliado\u201d, sostuvo.<\/p>\n\n\n\n<p>Tambi\u00e9n Nashla pronunci\u00f3 unas breves palabras de agradecimiento con las que ponder\u00f3 la sinceridad de los que la precedieron. La actriz abog\u00f3 por continuar educando a la poblaci\u00f3n sobre la necesidad de que se integre la cultura de la sostenibilidad a la vida cotidiana.<\/p>\n\n\n\n<p>Record\u00f3 la inmensidad del planeta y la fragilidad que conecta a todas las formas de vida y ponder\u00f3 el hecho de que el Ministerio de Medio Ambiente desarrolle iniciativas para preservar isla Saona junto a sus residentes, a los que exhort\u00f3 a apoyar las acciones que lleven a que en un futuro se pueda visitar \u201cuna isla cien por cien sostenible\u201d.<\/p>\n\n\n\n<p>El viceministro de \u00c1reas Protegidas y Biodiversidad; Federico Franco, plante\u00f3 que \u201cpara lograr nuestro objetivo: \u00a1Saona libre de pl\u00e1sticos, necesitaremos la participaci\u00f3n de todos los sectores con presencia en la isla\u201d!<\/p>\n\n\n\n<p>\u201cNo ser\u00e1 una tarea f\u00e1cil, pero debemos asumir la responsabilidad de proteger nuestro planeta y asegurar un futuro sostenible para las generaciones venideras. Convertir a Saona en libre de pl\u00e1sticos es una meta alcanzable si trabajamos juntos, con determinaci\u00f3n y compromiso\u201d, indic\u00f3 Franco.<\/p>\n\n\n\n<p>En el acto hicieron uso de la palabra, adem\u00e1s, Pa\u00edno Henr\u00edquez, de fideicomiso Do Sostenible; Jorge Ruiz, gestor del proyecto que busca la sostenibilidad de Saona y responsable de la unidad de proyectos especiales de Medio Ambiente; quienes agradecieron a la Armada, al Cestur y otras entidades del sector p\u00fablico que se involucraron en el proyecto que se fortalece con la resoluci\u00f3n firmada por Ceara Hatton.<\/p>\n\n\n\n<p>Tambi\u00e9n, Ana Sotoca, de la Asociaci\u00f3n de Hoteles; Eddy Qui\u00f1\u00f3nez, de la Asociaci\u00f3n Prodesarrollo de Saona; Ginny Heinsen, directora de Sostenibilidad 3RS, y Oscar San Mart\u00edn, gerente general del Consorcio Energ\u00e9tico Punta Cana &#8211; Macao (CEPM).<\/p>\n\n\n\n<p>San Mart\u00edn sostuvo que Saona dej\u00f3 atr\u00e1s el d\u00e9ficit de energ\u00eda, al eliminar unos motores muy antiguos y unos paneles solares inadecuados, para pasar a \u201cun suministro cien por ciento verde\u201d. Adem\u00e1s, que CEPM contribuye con los moradores de la isla al impulsar proyectos de cultivos hidrop\u00f3nicos, miel y una pesca sostenible.<\/p>\n","protected":false},"excerpt":{"rendered":"<p>El ministro Miguel Ceara Hatton firm\u00f3 una resoluci\u00f3n que busca eliminar del Parque Nacional Cotubanam\u00e1 y el Monumento Natural Isla Catalina el uso de foam y pl\u00e1sticos de un solo&hellip;<\/p>\n","protected":false},"author":1,"featured_media":51192,"comment_status":"open","ping_status":"open","sticky":false,"template":"","format":"standard","meta":{"content-type":"","jetpack_post_was_ever_published":false,"_jetpack_newsletter_access":"","_jetpack_dont_email_post_to_subs":false,"_jetpack_newsletter_tier_id":0,"_jetpack_memberships_contains_paywalled_content":false,"_jetpack_memberships_contains_paid_content":false,"footnotes":""},"categories":[35,25],"tags":[2532,2533,2534,2535,563,1697],"class_list":["post-51191","post","type-post","status-publish","format-standard","has-post-thumbnail","hentry","category-nacionales","category-portada","tag-apuesta","tag-isla-saona","tag-limpia","tag-locales","tag-medio-ambiente","tag-turistas"],"jetpack_featured_media_url":"","jetpack-related-posts":[{"id":55591,"url":"https:\/\/lasprimeras.com.do\/index.php\/2023\/07\/23\/abinader-visita-isla-saona-y-sostiene-encuentro-con-lideres-comunitarios\/","url_meta":{"origin":51191,"position":0},"title":"Abinader visita Isla Saona y sostiene encuentro con l\u00edderes comunitarios","author":"Nelson Feliz","date":"23 de julio de 2023","format":false,"excerpt":"El presidente Luis Abinader sostuvo un encuentro con l\u00edderes comunitarios y representantes de instituciones del gobierno donde trat\u00f3 sobre el m\u00e1ster plan que desarrollar\u00e1 en la Isla Saona, el cual inici\u00f3 con una inversi\u00f3n de 600 millones de pesos. El mandatario destac\u00f3 que la Isla Saona se ha convertido en\u2026","rel":"","context":"En \u00abECONOM\u00cdA\u00bb","block_context":{"text":"ECONOM\u00cdA","link":"https:\/\/lasprimeras.com.do\/index.php\/category\/economia\/"},"img":{"alt_text":"Luis Abinader","src":"https:\/\/i0.wp.com\/lasprimeras.com.do\/wp-content\/uploads\/2023\/07\/Luis-Abinader-1-2.jpg?resize=350%2C200&ssl=1","width":350,"height":200,"srcset":"https:\/\/i0.wp.com\/lasprimeras.com.do\/wp-content\/uploads\/2023\/07\/Luis-Abinader-1-2.jpg?resize=350%2C200&ssl=1 1x, https:\/\/i0.wp.com\/lasprimeras.com.do\/wp-content\/uploads\/2023\/07\/Luis-Abinader-1-2.jpg?resize=525%2C300&ssl=1 1.5x, https:\/\/i0.wp.com\/lasprimeras.com.do\/wp-content\/uploads\/2023\/07\/Luis-Abinader-1-2.jpg?resize=700%2C400&ssl=1 2x"},"classes":[]},{"id":52360,"url":"https:\/\/lasprimeras.com.do\/index.php\/2023\/06\/09\/ceara-hatton-inspecciona-vertiente-norte-de-los-haitises\/","url_meta":{"origin":51191,"position":1},"title":"Ceara Hatton inspecciona vertiente norte de Los Haitises","author":"prenxa100","date":"9 de junio de 2023","format":false,"excerpt":"El funcionario participa, con el Senpa, en la desmantelaci\u00f3n de alambradas y conucos de desaprensivos en parque nacional estrat\u00e9gico para el agua de los dominicanos. El ministro de Medio Ambiente y Recursos Naturales, Miguel Ceara Hatton, realiz\u00f3 un extenso recorrido por la vertiente norte del Parque Nacional Los Haitises, acompa\u00f1ado\u2026","rel":"","context":"En \u00abNACIONALES\u00bb","block_context":{"text":"NACIONALES","link":"https:\/\/lasprimeras.com.do\/index.php\/category\/nacionales\/"},"img":{"alt_text":"","src":"","width":0,"height":0},"classes":[]},{"id":123412,"url":"https:\/\/lasprimeras.com.do\/index.php\/2026\/02\/28\/la-romana-abinader-inaugura-muelle-del-atelon-e-inicia-club-de-playa\/","url_meta":{"origin":51191,"position":2},"title":"La Romana: Abinader inaugura Muelle del Atel\u00f3n e inicia Club de Playa","author":"Nelson Feliz","date":"28 de febrero de 2026","format":false,"excerpt":"El presidente Luis Abinader dio el primer palazo para la construcci\u00f3n del Club de Playa e inaugur\u00f3 el Muelle Tur\u00edstico del Atel\u00f3n en Isla Catalina. El desembarcadero es una infraestructura que facilita el desembarque de los visitantes para que puedan disfrutar de las bellezas naturales de la isla, lo que\u2026","rel":"","context":"En \u00abPORTADA\u00bb","block_context":{"text":"PORTADA","link":"https:\/\/lasprimeras.com.do\/index.php\/category\/portada\/"},"img":{"alt_text":"Luis Abinader","src":"https:\/\/i0.wp.com\/lasprimeras.com.do\/wp-content\/uploads\/2026\/02\/Luis-Abinader-1-4.jpg?resize=350%2C200&ssl=1","width":350,"height":200,"srcset":"https:\/\/i0.wp.com\/lasprimeras.com.do\/wp-content\/uploads\/2026\/02\/Luis-Abinader-1-4.jpg?resize=350%2C200&ssl=1 1x, https:\/\/i0.wp.com\/lasprimeras.com.do\/wp-content\/uploads\/2026\/02\/Luis-Abinader-1-4.jpg?resize=525%2C300&ssl=1 1.5x, https:\/\/i0.wp.com\/lasprimeras.com.do\/wp-content\/uploads\/2026\/02\/Luis-Abinader-1-4.jpg?resize=700%2C400&ssl=1 2x"},"classes":[]},{"id":50370,"url":"https:\/\/lasprimeras.com.do\/index.php\/2023\/05\/19\/ministro-ceara-hatton-no-he-presentado-renuncia\/","url_meta":{"origin":51191,"position":3},"title":"Ministro Ceara Hatton: \u201cNo he presentado renuncia\u201d","author":"prenxa100","date":"19 de mayo de 2023","format":false,"excerpt":"SANTO DOMINGO.-. En medio de cuestionamientos y cr\u00edticas, el ministro de Medio Ambiente y Recursos Naturales, Miguel Ceara Hatton aclar\u00f3 que no ha presentado su renuncia al presidente de la Rep\u00fablica Luis Abinader. Desde que asumi\u00f3 el cargo Miguel Ceara Hatton, se ha mantenido entre fuego cruzado, ya que por\u2026","rel":"","context":"En \u00abNACIONALES\u00bb","block_context":{"text":"NACIONALES","link":"https:\/\/lasprimeras.com.do\/index.php\/category\/nacionales\/"},"img":{"alt_text":"","src":"","width":0,"height":0},"classes":[]},{"id":48501,"url":"https:\/\/lasprimeras.com.do\/index.php\/2023\/05\/01\/ceara-hatton-realiza-recorrido-de-inspeccion-en-el-parque-nacional-jaragua\/","url_meta":{"origin":51191,"position":4},"title":"Ceara Hatton realiza recorrido de inspecci\u00f3n en el Parque Nacional Jaragua","author":"prenxa100","date":"1 de mayo de 2023","format":false,"excerpt":"PEDERNALES (RD). \u2013 El ministro de Medio Ambiente y Recursos Naturales, Miguel Ceara Hatton, sobrevol\u00f3 parte del Parque Nacional Jaragua para verificar posibles impactos de desaprensivos al \u00e1rea protegida e hizo un recorrido de inspecci\u00f3n en el que verific\u00f3 la mejor\u00eda de la v\u00eda de acceso al hoyo de Pelempito.\u2026","rel":"","context":"En \u00abNACIONALES\u00bb","block_context":{"text":"NACIONALES","link":"https:\/\/lasprimeras.com.do\/index.php\/category\/nacionales\/"},"img":{"alt_text":"","src":"","width":0,"height":0},"classes":[]},{"id":105572,"url":"https:\/\/lasprimeras.com.do\/index.php\/2025\/08\/05\/temblor-magnitud-5-2-se-registra-en-el-mar-caribe-cerca-de-la-isla-saona\/","url_meta":{"origin":51191,"position":5},"title":"Temblor magnitud 5.2 se registra en el mar Caribe cerca de la isla Saona","author":"Nelson Feliz","date":"5 de agosto de 2025","format":false,"excerpt":"El portal del Instituto Sismol\u00f3gico muestra unos 20 temblores registrados en las \u00faltimas 24 horas. Un sismo de magnitud 5.2 en la escala de Richter se registr\u00f3 la ma\u00f1ana de este martes en aguas del mar Caribe, cerca de la isla Saona, seg\u00fan confirm\u00f3 el Instituto Nacional de Sismolog\u00eda de\u2026","rel":"","context":"En \u00abNACIONALES\u00bb","block_context":{"text":"NACIONALES","link":"https:\/\/lasprimeras.com.do\/index.php\/category\/nacionales\/"},"img":{"alt_text":"","src":"https:\/\/i0.wp.com\/lasprimeras.com.do\/wp-content\/uploads\/2025\/08\/sismo.png?resize=350%2C200&ssl=1","width":350,"height":200,"srcset":"https:\/\/i0.wp.com\/lasprimeras.com.do\/wp-content\/uploads\/2025\/08\/sismo.png?resize=350%2C200&ssl=1 1x, https:\/\/i0.wp.com\/lasprimeras.com.do\/wp-content\/uploads\/2025\/08\/sismo.png?resize=525%2C300&ssl=1 1.5x, https:\/\/i0.wp.com\/lasprimeras.com.do\/wp-content\/uploads\/2025\/08\/sismo.png?resize=700%2C400&ssl=1 2x"},"classes":[]}],"jetpack_sharing_enabled":true,"_links":{"self":[{"href":"https:\/\/lasprimeras.com.do\/index.php\/wp-json\/wp\/v2\/posts\/51191","targetHints":{"allow":["GET"]}}],"collection":[{"href":"https:\/\/lasprimeras.com.do\/index.php\/wp-json\/wp\/v2\/posts"}],"about":[{"href":"https:\/\/lasprimeras.com.do\/index.php\/wp-json\/wp\/v2\/types\/post"}],"author":[{"embeddable":true,"href":"https:\/\/lasprimeras.com.do\/index.php\/wp-json\/wp\/v2\/users\/1"}],"replies":[{"embeddable":true,"href":"https:\/\/lasprimeras.com.do\/index.php\/wp-json\/wp\/v2\/comments?post=51191"}],"version-history":[{"count":0,"href":"https:\/\/lasprimeras.com.do\/index.php\/wp-json\/wp\/v2\/posts\/51191\/revisions"}],"wp:featuredmedia":[{"embeddable":true,"href":"https:\/\/lasprimeras.com.do\/index.php\/wp-json\/"}],"wp:attachment":[{"href":"https:\/\/lasprimeras.com.do\/index.php\/wp-json\/wp\/v2\/media?parent=51191"}],"wp:term":[{"taxonomy":"category","embeddable":true,"href":"https:\/\/lasprimeras.com.do\/index.php\/wp-json\/wp\/v2\/categories?post=51191"},{"taxonomy":"post_tag","embeddable":true,"href":"https:\/\/lasprimeras.com.do\/index.php\/wp-json\/wp\/v2\/tags?post=51191"}],"curies":[{"name":"wp","href":"https:\/\/api.w.org\/{rel}","templated":true}]}}