{"id":51234,"date":"2023-05-29T13:20:10","date_gmt":"2023-05-29T17:20:10","guid":{"rendered":"https:\/\/atento.com.do\/?p=51234"},"modified":"2023-05-29T13:20:10","modified_gmt":"2023-05-29T17:20:10","slug":"yeni-berenice-sobre-amenazas-de-narcotraficante-al-mp-absolutamente-sin-temor","status":"publish","type":"post","link":"https:\/\/lasprimeras.com.do\/index.php\/2023\/05\/29\/yeni-berenice-sobre-amenazas-de-narcotraficante-al-mp-absolutamente-sin-temor\/","title":{"rendered":"Yeni Berenice sobre amenazas de narcotraficante al MP: &#8220;Absolutamente sin temor&#8221;"},"content":{"rendered":"\n<p>Admiti\u00f3 que las delicadas funciones del Ministerio P\u00fablico generan reacciones<\/p>\n\n\n\n<p><strong>Santo Domingo <\/strong>&#8211; La directora de Persecuci\u00f3n del Ministerio P\u00fablico, Yeni Berenice Reynoso, manifest\u00f3 este lunes que se encuentra &#8220;absolutamente sin temor&#8221; ante las supuestas amenazas que ha recibido la procuradora Miriam Germ\u00e1n Brito de un narcotraficante, como lo confirm\u00f3 la Asociaci\u00f3n de Fiscales Dominicanos.<\/p>\n\n\n\n<p>Despu\u00e9s de reunirse con una comisi\u00f3n de diputados para debatir un proyecto sobre bienes incautados, la procuradora adjunta se\u00f1al\u00f3 que las delicadas labores del Ministerio P\u00fablico &#8220;pueden generar alg\u00fan tipo de reacci\u00f3n&#8221;.<\/p>\n\n\n\n<p>Reynoso precis\u00f3 que ejercer la funci\u00f3n de Ministerio P\u00fablico &#8220;es un gran desaf\u00edo&#8221; y enumer\u00f3 que la instituci\u00f3n, hasta la fecha, ha realizado 14 operaciones contra el crimen organizado, el tr\u00e1fico de armas y el tr\u00e1fico de personas, lo que &#8220;evidentemente genera alg\u00fan tipo de reacci\u00f3n en los sectores vinculados&#8221;.<\/p>\n\n\n\n<p>Sin embargo, enfatiz\u00f3 que el \u00f3rgano persecutor de los delitos &#8220;seguir\u00e1 firme&#8221; en su labor de investigaci\u00f3n.<\/p>\n\n\n\n<p>Sobre el proyecto que debati\u00f3 con los diputados, Reynoso expres\u00f3 que el Ministerio P\u00fablico tiene una serie de observaciones que prefiri\u00f3 reservarse porque a\u00fan la pieza est\u00e1 en fase de an\u00e1lisis.<\/p>\n\n\n\n<p>&#8220;Por eso preferimos hacer esas propuestas en privado&#8221;, sostuvo la procuradora al hablar del proyecto legislativo.<\/p>\n\n\n\n<p>La pieza que estudia la comisi\u00f3n pretende crear un nuevo instituto para administrar bienes incautados, decomisados y en extinci\u00f3n de dominio que ya aprob\u00f3 el Senado en enero de este a\u00f1o.<\/p>\n\n\n\n<p>La entidad que se pretende crear ser\u00eda un ente aut\u00f3nomo, descentralizado, con personalidad jur\u00eddica y patrimonio propio, la cual ser\u00eda la encargada de administrar y destinar los bienes incautados y decomisados.<\/p>\n\n\n\n<p>Sobre la pieza, el presidente de la C\u00e1mara de Diputados, Alfredo Pacheco, prometi\u00f3 que estar\u00e1 aprobada antes del 26 de julio, fecha en la que concluye la actual legislatura congresual para que as\u00ed sea convertida en ley este a\u00f1o.<\/p>\n\n\n\n<p>Pacheco dijo que el proyecto debe salir del Congreso &#8220;lo m\u00e1s consensuado posible&#8221; y que, por tanto, los legisladores escuchar\u00e1n a varios sectores interesados que deben opinar sobre el tema.<\/p>\n","protected":false},"excerpt":{"rendered":"<p>Admiti\u00f3 que las delicadas funciones del Ministerio P\u00fablico generan reacciones Santo Domingo &#8211; La directora de Persecuci\u00f3n del Ministerio P\u00fablico, Yeni Berenice Reynoso, manifest\u00f3 este lunes que se encuentra &#8220;absolutamente&hellip;<\/p>\n","protected":false},"author":1,"featured_media":51235,"comment_status":"open","ping_status":"open","sticky":false,"template":"","format":"standard","meta":{"content-type":"","jetpack_post_was_ever_published":false,"_jetpack_newsletter_access":"","_jetpack_dont_email_post_to_subs":false,"_jetpack_newsletter_tier_id":0,"_jetpack_memberships_contains_paywalled_content":false,"_jetpack_memberships_contains_paid_content":false,"footnotes":""},"categories":[35],"tags":[2552,2553,1968,2554,2555],"class_list":["post-51234","post","type-post","status-publish","format-standard","has-post-thumbnail","hentry","category-nacionales","tag-absolutamente-sin-temor","tag-amenazas","tag-mp","tag-narcotraficante","tag-yeni-berenice"],"jetpack_featured_media_url":"","jetpack-related-posts":[{"id":117268,"url":"https:\/\/lasprimeras.com.do\/index.php\/2025\/12\/09\/yeni-berenice-reynoso-la-corrupcion-no-tendra-descanso\/","url_meta":{"origin":51234,"position":0},"title":"Yeni Berenice Reynoso: La corrupci\u00f3n no tendr\u00e1 descanso","author":"Nelson Feliz","date":"9 de diciembre de 2025","format":false,"excerpt":"Pese a las presiones y campa\u00f1as en su contra, la procuradora general Yeni Berenice Reynoso afirm\u00f3 que el Ministerio P\u00fablico seguir\u00e1 persiguiendo la corrupci\u00f3n \u201csin descanso\u201d. Reynoso ofreci\u00f3 estas declaraciones durante el acto inaugural del primer congreso \u201cLucha contra la corrupci\u00f3n: desaf\u00edos y oportunidades en RD y la regi\u00f3n\u201d, donde\u2026","rel":"","context":"En \u00abJUSTICIA\u00bb","block_context":{"text":"JUSTICIA","link":"https:\/\/lasprimeras.com.do\/index.php\/category\/justicia\/"},"img":{"alt_text":"Yeni Berenice Reynoso","src":"https:\/\/i0.wp.com\/lasprimeras.com.do\/wp-content\/uploads\/2025\/08\/Yeni-Berenice-Reynoso.jpg?resize=350%2C200&ssl=1","width":350,"height":200,"srcset":"https:\/\/i0.wp.com\/lasprimeras.com.do\/wp-content\/uploads\/2025\/08\/Yeni-Berenice-Reynoso.jpg?resize=350%2C200&ssl=1 1x, https:\/\/i0.wp.com\/lasprimeras.com.do\/wp-content\/uploads\/2025\/08\/Yeni-Berenice-Reynoso.jpg?resize=525%2C300&ssl=1 1.5x, https:\/\/i0.wp.com\/lasprimeras.com.do\/wp-content\/uploads\/2025\/08\/Yeni-Berenice-Reynoso.jpg?resize=700%2C400&ssl=1 2x"},"classes":[]},{"id":117851,"url":"https:\/\/lasprimeras.com.do\/index.php\/2025\/12\/16\/procuradora-mp-no-tiene-acuerdos-con-imputados-de-operacion-cobra\/","url_meta":{"origin":51234,"position":1},"title":"&#8220;Procuradora: MP no tiene acuerdos con imputados de Operaci\u00f3n Cobra&#8221;","author":"Nelson Feliz","date":"16 de diciembre de 2025","format":false,"excerpt":"Yeni Berenice Reynoso asegura que los fiscales buscar\u00e1n en los tribunales las penas que corresponden a los hechos graves cometidos en el SeNaSa por Santiago Hazim y los dem\u00e1s judicializados La procuradora general de la Rep\u00fablica, Yeni Berenice Reynoso, reiter\u00f3 este martes, de manera enf\u00e1tica, que el Ministerio P\u00fablico no\u2026","rel":"","context":"En \u00abJUSTICIA\u00bb","block_context":{"text":"JUSTICIA","link":"https:\/\/lasprimeras.com.do\/index.php\/category\/justicia\/"},"img":{"alt_text":"Yeni Berenice Reynoso","src":"https:\/\/i0.wp.com\/lasprimeras.com.do\/wp-content\/uploads\/2025\/12\/Yeni-Berenice-Reynoso.jpg?resize=350%2C200&ssl=1","width":350,"height":200,"srcset":"https:\/\/i0.wp.com\/lasprimeras.com.do\/wp-content\/uploads\/2025\/12\/Yeni-Berenice-Reynoso.jpg?resize=350%2C200&ssl=1 1x, https:\/\/i0.wp.com\/lasprimeras.com.do\/wp-content\/uploads\/2025\/12\/Yeni-Berenice-Reynoso.jpg?resize=525%2C300&ssl=1 1.5x, https:\/\/i0.wp.com\/lasprimeras.com.do\/wp-content\/uploads\/2025\/12\/Yeni-Berenice-Reynoso.jpg?resize=700%2C400&ssl=1 2x"},"classes":[]},{"id":55047,"url":"https:\/\/lasprimeras.com.do\/index.php\/2023\/07\/17\/periodistas-y-micky-lopez-llegan-a-la-procuraduria-a-cita-con-yeni-berenice-por-denuncias-de-amenazas\/","url_meta":{"origin":51234,"position":2},"title":"Periodistas y Micky L\u00f3pez llegan a la Procuradur\u00eda a cita con Yeni Berenice por denuncias de &#8220;amenazas&#8221;","author":"Nelson Feliz","date":"17 de julio de 2023","format":false,"excerpt":"Sergio Carlo, Alfredo de la Cruz y Pedro Jim\u00e9nez denunciaron que fueron amenazados por el empresario. La Procuradur\u00eda General de la Rep\u00fablica recibi\u00f3 a los tres comunicadores que supuestamente fueron amenazados, v\u00eda redes sociales, por el empresario vegano Miguel Arturo L\u00f3pez Florencia (Micky L\u00f3pez), esposo de la diputada Rosa Amalia\u2026","rel":"","context":"En \u00abJUSTICIA\u00bb","block_context":{"text":"JUSTICIA","link":"https:\/\/lasprimeras.com.do\/index.php\/category\/justicia\/"},"img":{"alt_text":"El periodista Pedro Jim\u00e9nez, quien denunci\u00f3 que fue amenazado por el empresario vegano Miguel Arturo L\u00f3pez Florencia (Micky L\u00f3pez). (DIARIO LIBRE\/JESSICA G\u00d3MEZ.)","src":"https:\/\/i0.wp.com\/lasprimeras.com.do\/wp-content\/uploads\/2023\/07\/Pedro-Jimenez-1.jpg?resize=350%2C200&ssl=1","width":350,"height":200,"srcset":"https:\/\/i0.wp.com\/lasprimeras.com.do\/wp-content\/uploads\/2023\/07\/Pedro-Jimenez-1.jpg?resize=350%2C200&ssl=1 1x, https:\/\/i0.wp.com\/lasprimeras.com.do\/wp-content\/uploads\/2023\/07\/Pedro-Jimenez-1.jpg?resize=525%2C300&ssl=1 1.5x, https:\/\/i0.wp.com\/lasprimeras.com.do\/wp-content\/uploads\/2023\/07\/Pedro-Jimenez-1.jpg?resize=700%2C400&ssl=1 2x"},"classes":[]},{"id":122243,"url":"https:\/\/lasprimeras.com.do\/index.php\/2026\/02\/15\/yeni-berenice-ordena-investigacion-penal-sobre-afectaciones-en-areas-protegidas\/","url_meta":{"origin":51234,"position":3},"title":"Yeni Berenice ordena investigaci\u00f3n penal sobre afectaciones en \u00c1reas Protegidas","author":"Nelson Feliz","date":"15 de febrero de 2026","format":false,"excerpt":"La Procuradora General de la Rep\u00fablica instruy\u00f3 la realizaci\u00f3n de una investigaci\u00f3n exhaustiva e inmediata sobre las afectaciones, ocupaciones ilegales y posibles fraudes inmobiliarios en diversas \u00e1reas protegidas del pa\u00eds, incluyendo el Parque Nacional Jaragua, la zona de Bucany\u00e9, Valle Nuevo, las Dunas de Ban\u00ed, la Sierra de Bahoruco y\u2026","rel":"","context":"En \u00abJUSTICIA\u00bb","block_context":{"text":"JUSTICIA","link":"https:\/\/lasprimeras.com.do\/index.php\/category\/justicia\/"},"img":{"alt_text":"Yeni Berenice Reynoso","src":"https:\/\/i0.wp.com\/lasprimeras.com.do\/wp-content\/uploads\/2026\/02\/Yeni-Berenice-Reynoso.jpg?resize=350%2C200&ssl=1","width":350,"height":200,"srcset":"https:\/\/i0.wp.com\/lasprimeras.com.do\/wp-content\/uploads\/2026\/02\/Yeni-Berenice-Reynoso.jpg?resize=350%2C200&ssl=1 1x, https:\/\/i0.wp.com\/lasprimeras.com.do\/wp-content\/uploads\/2026\/02\/Yeni-Berenice-Reynoso.jpg?resize=525%2C300&ssl=1 1.5x"},"classes":[]},{"id":124214,"url":"https:\/\/lasprimeras.com.do\/index.php\/2026\/03\/09\/yeni-berenice-anuncia-transformacion-del-ministerio-publico\/","url_meta":{"origin":51234,"position":4},"title":"Yeni Berenice anuncia transformaci\u00f3n del Ministerio P\u00fablico","author":"Nelson Feliz","date":"9 de marzo de 2026","format":false,"excerpt":"La procuradora general de la Rep\u00fablica, Yeni Berenice Reynoso, destac\u00f3 este lunes la importancia de seguir aunando esfuerzos para lograr un cambio de paradigma institucional, tras se\u00f1alar que el \u201cMinisterio P\u00fablico se transforma teniendo como norte estar centrado en las personas como arquitecto de la paz social\u201d. \u201cHoy vengo a\u2026","rel":"","context":"En \u00abJUSTICIA\u00bb","block_context":{"text":"JUSTICIA","link":"https:\/\/lasprimeras.com.do\/index.php\/category\/justicia\/"},"img":{"alt_text":"","src":"https:\/\/i0.wp.com\/lasprimeras.com.do\/wp-content\/uploads\/2026\/03\/Yeni-Berenice-c.jpg?resize=350%2C200&ssl=1","width":350,"height":200,"srcset":"https:\/\/i0.wp.com\/lasprimeras.com.do\/wp-content\/uploads\/2026\/03\/Yeni-Berenice-c.jpg?resize=350%2C200&ssl=1 1x, https:\/\/i0.wp.com\/lasprimeras.com.do\/wp-content\/uploads\/2026\/03\/Yeni-Berenice-c.jpg?resize=525%2C300&ssl=1 1.5x, https:\/\/i0.wp.com\/lasprimeras.com.do\/wp-content\/uploads\/2026\/03\/Yeni-Berenice-c.jpg?resize=700%2C400&ssl=1 2x"},"classes":[]},{"id":114702,"url":"https:\/\/lasprimeras.com.do\/index.php\/2025\/11\/16\/crean-procuraduria-antidrogas-para-combatir-narcotrafico\/","url_meta":{"origin":51234,"position":5},"title":"Crean Procuradur\u00eda Antidrogas para combatir narcotr\u00e1fico","author":"Nelson Feliz","date":"16 de noviembre de 2025","format":false,"excerpt":"Como titular interina se design\u00f3 a la procuradora adjunta Sourelly Naihary J\u00e1quez Vialet. El Ministerio P\u00fablico cre\u00f3 la Procuradur\u00eda Especializada contra el Tr\u00e1fico Il\u00edcito de Drogas Narc\u00f3ticas, un nuevo \u00f3rgano dise\u00f1ado para fortalecer la estrategia integral de persecuci\u00f3n del narcotr\u00e1fico en la Rep\u00fablica Dominicana. La dependencia fue aprobada por el\u2026","rel":"","context":"En \u00abJUSTICIA\u00bb","block_context":{"text":"JUSTICIA","link":"https:\/\/lasprimeras.com.do\/index.php\/category\/justicia\/"},"img":{"alt_text":"","src":"https:\/\/i0.wp.com\/lasprimeras.com.do\/wp-content\/uploads\/2023\/08\/Procuraduria.jpg?resize=350%2C200&ssl=1","width":350,"height":200,"srcset":"https:\/\/i0.wp.com\/lasprimeras.com.do\/wp-content\/uploads\/2023\/08\/Procuraduria.jpg?resize=350%2C200&ssl=1 1x, https:\/\/i0.wp.com\/lasprimeras.com.do\/wp-content\/uploads\/2023\/08\/Procuraduria.jpg?resize=525%2C300&ssl=1 1.5x, https:\/\/i0.wp.com\/lasprimeras.com.do\/wp-content\/uploads\/2023\/08\/Procuraduria.jpg?resize=700%2C400&ssl=1 2x"},"classes":[]}],"jetpack_sharing_enabled":true,"_links":{"self":[{"href":"https:\/\/lasprimeras.com.do\/index.php\/wp-json\/wp\/v2\/posts\/51234","targetHints":{"allow":["GET"]}}],"collection":[{"href":"https:\/\/lasprimeras.com.do\/index.php\/wp-json\/wp\/v2\/posts"}],"about":[{"href":"https:\/\/lasprimeras.com.do\/index.php\/wp-json\/wp\/v2\/types\/post"}],"author":[{"embeddable":true,"href":"https:\/\/lasprimeras.com.do\/index.php\/wp-json\/wp\/v2\/users\/1"}],"replies":[{"embeddable":true,"href":"https:\/\/lasprimeras.com.do\/index.php\/wp-json\/wp\/v2\/comments?post=51234"}],"version-history":[{"count":0,"href":"https:\/\/lasprimeras.com.do\/index.php\/wp-json\/wp\/v2\/posts\/51234\/revisions"}],"wp:featuredmedia":[{"embeddable":true,"href":"https:\/\/lasprimeras.com.do\/index.php\/wp-json\/"}],"wp:attachment":[{"href":"https:\/\/lasprimeras.com.do\/index.php\/wp-json\/wp\/v2\/media?parent=51234"}],"wp:term":[{"taxonomy":"category","embeddable":true,"href":"https:\/\/lasprimeras.com.do\/index.php\/wp-json\/wp\/v2\/categories?post=51234"},{"taxonomy":"post_tag","embeddable":true,"href":"https:\/\/lasprimeras.com.do\/index.php\/wp-json\/wp\/v2\/tags?post=51234"}],"curies":[{"name":"wp","href":"https:\/\/api.w.org\/{rel}","templated":true}]}}