{"id":51237,"date":"2023-05-29T13:35:52","date_gmt":"2023-05-29T17:35:52","guid":{"rendered":"https:\/\/atento.com.do\/?p=51237"},"modified":"2023-05-29T13:35:52","modified_gmt":"2023-05-29T17:35:52","slug":"en-fase-final-anteproyecto-de-ley-que-modifica-estructura-de-la-contraloria","status":"publish","type":"post","link":"https:\/\/lasprimeras.com.do\/index.php\/2023\/05\/29\/en-fase-final-anteproyecto-de-ley-que-modifica-estructura-de-la-contraloria\/","title":{"rendered":"En fase final anteproyecto de ley que modifica estructura de la Contralor\u00eda"},"content":{"rendered":"\n<p><strong>Santo Domingo. &#8211; <\/strong>Se encuentra en su fase final el anteproyecto de ley para modificar la estructura org\u00e1nica y funcional de la Contralor\u00eda General de la Rep\u00fablica (CGR), que persigue garantizar un control riguroso y una evaluaci\u00f3n completa de los procesos y actividades gubernamentales.<\/p>\n\n\n\n<p>Al informar que la pieza legislativa ser\u00e1 depositada ante el Congreso Nacional en los pr\u00f3ximos d\u00edas, el contralor general F\u00e9lix Santana Garc\u00eda expres\u00f3 que \u201cla Consultor\u00eda Jur\u00eddica que dirige Antoliano Peralta, tiene en sus manos, debidamente consensuado ese anteproyecto de ley para present\u00e1rselo al presidente de la Rep\u00fablica, Luis Abinader, y \u00e9l dar\u00e1 la orden, en el momento que crea oportuno, de depositar la pieza legislativa en el Congreso Nacional\u201d.<\/p>\n\n\n\n<p>El anteproyecto de modificaci\u00f3n a la Ley 10-07, que instituye el Sistema Nacional de Control Interno y su reglamento de aplicaci\u00f3n 491-07, adicionar\u00e1 dos subcontralor\u00edas especializadas a la que ya existe. Estos tres estamentos har\u00e1n m\u00e1s robusta la estructura operativa de la instituci\u00f3n.<\/p>\n\n\n\n<p>La primera, seguir\u00e1 funcionando como Subcontralor\u00eda General, enfocada en aspectos administrativos, al tiempo de brindar el soporte necesario para el funcionamiento adecuado de la Contralor\u00eda en su conjunto.<\/p>\n\n\n\n<p>La segunda, ser\u00e1 la Subcontralor\u00eda de Auditor\u00edas Especiales, actual Unidad de Auditor\u00edas Especiales, cuya funci\u00f3n espec\u00edfica es realizar auditor\u00edas exhaustivas en diversas \u00e1reas.<\/p>\n\n\n\n<p>Por \u00faltimo, la Subcontralor\u00eda Antifraude, actual Unidad Antifraude, dirigida a prevenir y detectar posibles casos de fraude dentro de la administraci\u00f3n p\u00fablica. Su papel es fundamental en la lucha contra la corrupci\u00f3n y asegurar\u00e1 la integridad y transparencia en el manejo de los recursos del Estado.<\/p>\n\n\n\n<p>Al hablar en la Mesa Redonda Interna de la Contralor\u00eda, con periodistas de la Direcci\u00f3n de Comunicaci\u00f3n de la entidad, el funcionario indic\u00f3 que desde el inicio de la gesti\u00f3n del actual gobierno se ha preocupado y ocupado por fortalecer las funciones y operatividad de la Contralor\u00eda, por lo que esta iniciativa significar\u00e1 un aporte importante a ese esfuerzo por mejorar y modernizar la estructura y marco legal de la instituci\u00f3n.<\/p>\n\n\n\n<p>Santana Garc\u00eda agreg\u00f3 que &#8220;es fundamental que la Contralor\u00eda se dedique, no solo a la fiscalizaci\u00f3n del gasto y al registro del debido ingreso, sino, tambi\u00e9n, a realizar auditor\u00edas exhaustivas que nos permitan conocer el comportamiento de cada instituci\u00f3n, en relaci\u00f3n con la aplicaci\u00f3n de los controles sobre el gasto corriente y de capital&#8221;.<\/p>\n\n\n\n<p>La iniciativa propuesta en el anteproyecto de ley refleja el compromiso del presidente Abinader y su gobierno de impulsar una gesti\u00f3n p\u00fablica basada en la transparencia, la eficiencia y el cumplimiento de los principios \u00e9ticos, con miras a salvaguardar los recursos del pueblo dominicano.<\/p>\n","protected":false},"excerpt":{"rendered":"<p>Santo Domingo. &#8211; Se encuentra en su fase final el anteproyecto de ley para modificar la estructura org\u00e1nica y funcional de la Contralor\u00eda General de la Rep\u00fablica (CGR), que persigue&hellip;<\/p>\n","protected":false},"author":1,"featured_media":51238,"comment_status":"open","ping_status":"open","sticky":false,"template":"","format":"standard","meta":{"content-type":"","jetpack_post_was_ever_published":false,"_jetpack_newsletter_access":"","_jetpack_dont_email_post_to_subs":false,"_jetpack_newsletter_tier_id":0,"_jetpack_memberships_contains_paywalled_content":false,"_jetpack_memberships_contains_paid_content":false,"footnotes":""},"categories":[39,25],"tags":[2556,911,2557,2558,411,2559],"class_list":["post-51237","post","type-post","status-publish","format-standard","has-post-thumbnail","hentry","category-economia","category-portada","tag-anteproyecto","tag-contraloria","tag-estructura","tag-fase-final","tag-ley","tag-modifica"],"jetpack_featured_media_url":"","jetpack-related-posts":[{"id":111954,"url":"https:\/\/lasprimeras.com.do\/index.php\/2025\/10\/15\/senado-recibe-del-poder-ejecutivo-via-el-ministro-de-vivienda-anteproyecto-de-modificacion-ley-160-21\/","url_meta":{"origin":51237,"position":0},"title":"Senado recibe del Poder Ejecutivo, v\u00eda el ministro de Vivienda, anteproyecto de modificaci\u00f3n Ley 160-21","author":"Nelson Feliz","date":"15 de octubre de 2025","format":false,"excerpt":"Ricardo de Los Santos, tras valorar la iniciativa como important\u00edsima, asegur\u00f3 que ser\u00e1 presentada en los pr\u00f3ximos d\u00edas para darle el curso correspondiente. Por: Graciela Acevedo El presidente del Senado de la Rep\u00fablica, Ricardo de los Santos, recibi\u00f3 por parte del Poder Ejecutivo, en una visita que gir\u00f3 el ministro\u2026","rel":"","context":"En \u00abNACIONALES\u00bb","block_context":{"text":"NACIONALES","link":"https:\/\/lasprimeras.com.do\/index.php\/category\/nacionales\/"},"img":{"alt_text":"","src":"https:\/\/i0.wp.com\/lasprimeras.com.do\/wp-content\/uploads\/2025\/07\/senado-2-2.jpg?resize=350%2C200&ssl=1","width":350,"height":200,"srcset":"https:\/\/i0.wp.com\/lasprimeras.com.do\/wp-content\/uploads\/2025\/07\/senado-2-2.jpg?resize=350%2C200&ssl=1 1x, https:\/\/i0.wp.com\/lasprimeras.com.do\/wp-content\/uploads\/2025\/07\/senado-2-2.jpg?resize=525%2C300&ssl=1 1.5x, https:\/\/i0.wp.com\/lasprimeras.com.do\/wp-content\/uploads\/2025\/07\/senado-2-2.jpg?resize=700%2C400&ssl=1 2x"},"classes":[]},{"id":117282,"url":"https:\/\/lasprimeras.com.do\/index.php\/2025\/12\/08\/senado-recibe-del-poder-ejecutivo-anteproyecto-de-ley-organica-de-la-policia-nacional\/","url_meta":{"origin":51237,"position":1},"title":"Senado recibe del Poder Ejecutivo Anteproyecto de Ley Org\u00e1nica de la Polic\u00eda Nacional","author":"Nelson Feliz","date":"8 de diciembre de 2025","format":false,"excerpt":"Ricardo de los Santos garantiz\u00f3 que ma\u00f1ana la pieza ser\u00e1 enviada a una comisi\u00f3n para su estudio El Senado de la Rep\u00fablica recibi\u00f3 del Poder Ejecutivo la tarde de este lunes el Anteproyecto de Ley Org\u00e1nica de la Polic\u00eda Nacional, que busca regular la organizaci\u00f3n y funcionamiento de la uniformada,\u2026","rel":"","context":"En \u00abNACIONALES\u00bb","block_context":{"text":"NACIONALES","link":"https:\/\/lasprimeras.com.do\/index.php\/category\/nacionales\/"},"img":{"alt_text":"","src":"https:\/\/i0.wp.com\/lasprimeras.com.do\/wp-content\/uploads\/2025\/12\/ley-1.jpg?resize=350%2C200&ssl=1","width":350,"height":200,"srcset":"https:\/\/i0.wp.com\/lasprimeras.com.do\/wp-content\/uploads\/2025\/12\/ley-1.jpg?resize=350%2C200&ssl=1 1x, https:\/\/i0.wp.com\/lasprimeras.com.do\/wp-content\/uploads\/2025\/12\/ley-1.jpg?resize=525%2C300&ssl=1 1.5x, https:\/\/i0.wp.com\/lasprimeras.com.do\/wp-content\/uploads\/2025\/12\/ley-1.jpg?resize=700%2C400&ssl=1 2x"},"classes":[]},{"id":114422,"url":"https:\/\/lasprimeras.com.do\/index.php\/2025\/11\/13\/alcalde-santiago-riveron-somete-anteproyecto-de-ley-sobre-regulacion-de-venta-propiedades-a-extranjeros\/","url_meta":{"origin":51237,"position":2},"title":"Alcalde Santiago River\u00f3n somete Anteproyecto de Ley sobre regulaci\u00f3n de venta propiedades a extranjeros","author":"Nelson Feliz","date":"13 de noviembre de 2025","format":false,"excerpt":"El Alcalde del municipio de Dajab\u00f3n, Santiago River\u00f3n, deposit\u00f3 un Anteproyecto de Ley en la C\u00e1mara de Diputados, que busca regular la venta de propiedades inmobiliarias a extranjeros en las provincias de la frontera y fomentar un plan de dominicanizaci\u00f3n en la zona fronteriza.\u00a0Al entregar el documento en la Comisi\u00f3n\u2026","rel":"","context":"En \u00abNACIONALES\u00bb","block_context":{"text":"NACIONALES","link":"https:\/\/lasprimeras.com.do\/index.php\/category\/nacionales\/"},"img":{"alt_text":"","src":"https:\/\/i0.wp.com\/lasprimeras.com.do\/wp-content\/uploads\/2025\/11\/Santiago-Riveron.jpg?resize=350%2C200&ssl=1","width":350,"height":200,"srcset":"https:\/\/i0.wp.com\/lasprimeras.com.do\/wp-content\/uploads\/2025\/11\/Santiago-Riveron.jpg?resize=350%2C200&ssl=1 1x, https:\/\/i0.wp.com\/lasprimeras.com.do\/wp-content\/uploads\/2025\/11\/Santiago-Riveron.jpg?resize=525%2C300&ssl=1 1.5x, https:\/\/i0.wp.com\/lasprimeras.com.do\/wp-content\/uploads\/2025\/11\/Santiago-Riveron.jpg?resize=700%2C400&ssl=1 2x"},"classes":[]},{"id":112977,"url":"https:\/\/lasprimeras.com.do\/index.php\/2025\/10\/29\/presidente-del-senado-recibe-de-la-scj-proyecto-que-actualiza-ley-de-uso-de-medios-digitales\/","url_meta":{"origin":51237,"position":3},"title":"Presidente del Senado recibe de la SCJ proyecto que actualiza &#8220;Ley de Uso de Medios Digitales&#8221;","author":"Nelson Feliz","date":"29 de octubre de 2025","format":false,"excerpt":"El presidente del Senado, Ricardo de los Santos, recibi\u00f3 este martes al Pleno de la Suprema Corte de Justicia, encabezado por su presidente, Luis Henry Molina quien deposit\u00f3 un anteproyecto de modificaci\u00f3n a los art\u00edculos 5, 12 y 14 de la ley que habilita y regula el uso de los\u2026","rel":"","context":"En \u00abNACIONALES\u00bb","block_context":{"text":"NACIONALES","link":"https:\/\/lasprimeras.com.do\/index.php\/category\/nacionales\/"},"img":{"alt_text":"","src":"https:\/\/i0.wp.com\/lasprimeras.com.do\/wp-content\/uploads\/2025\/10\/Ricardo-de-los-Santos-3-1.jpg?resize=350%2C200&ssl=1","width":350,"height":200,"srcset":"https:\/\/i0.wp.com\/lasprimeras.com.do\/wp-content\/uploads\/2025\/10\/Ricardo-de-los-Santos-3-1.jpg?resize=350%2C200&ssl=1 1x, https:\/\/i0.wp.com\/lasprimeras.com.do\/wp-content\/uploads\/2025\/10\/Ricardo-de-los-Santos-3-1.jpg?resize=525%2C300&ssl=1 1.5x, https:\/\/i0.wp.com\/lasprimeras.com.do\/wp-content\/uploads\/2025\/10\/Ricardo-de-los-Santos-3-1.jpg?resize=700%2C400&ssl=1 2x, https:\/\/i0.wp.com\/lasprimeras.com.do\/wp-content\/uploads\/2025\/10\/Ricardo-de-los-Santos-3-1.jpg?resize=1050%2C600&ssl=1 3x, https:\/\/i0.wp.com\/lasprimeras.com.do\/wp-content\/uploads\/2025\/10\/Ricardo-de-los-Santos-3-1.jpg?resize=1400%2C800&ssl=1 4x"},"classes":[]},{"id":56627,"url":"https:\/\/lasprimeras.com.do\/index.php\/2023\/08\/03\/gobierno-somete-al-congreso-el-proyecto-de-presupuesto-reformulado-2023\/","url_meta":{"origin":51237,"position":4},"title":"Gobierno somete al Congreso el proyecto de Presupuesto reformulado 2023","author":"Nelson Feliz","date":"3 de agosto de 2023","format":false,"excerpt":"El Gobierno dominicano, a trav\u00e9s del Ministerio de Hacienda, someti\u00f3 al Congreso Nacional el anteproyecto que modifica la Ley 366-22 que aprueba el Presupuesto General del Estado para el 2023, el cual busca promover el dinamismo econ\u00f3mico mediante un incremento en el gasto p\u00fablico destinado a la inversi\u00f3n y a\u2026","rel":"","context":"En \u00abECONOM\u00cdA\u00bb","block_context":{"text":"ECONOM\u00cdA","link":"https:\/\/lasprimeras.com.do\/index.php\/category\/economia\/"},"img":{"alt_text":"Ministerio de Hacienda","src":"https:\/\/i0.wp.com\/lasprimeras.com.do\/wp-content\/uploads\/2023\/08\/Ministerio-de-Hacienda.jpg?resize=350%2C200&ssl=1","width":350,"height":200,"srcset":"https:\/\/i0.wp.com\/lasprimeras.com.do\/wp-content\/uploads\/2023\/08\/Ministerio-de-Hacienda.jpg?resize=350%2C200&ssl=1 1x, https:\/\/i0.wp.com\/lasprimeras.com.do\/wp-content\/uploads\/2023\/08\/Ministerio-de-Hacienda.jpg?resize=525%2C300&ssl=1 1.5x, https:\/\/i0.wp.com\/lasprimeras.com.do\/wp-content\/uploads\/2023\/08\/Ministerio-de-Hacienda.jpg?resize=700%2C400&ssl=1 2x"},"classes":[]},{"id":96210,"url":"https:\/\/lasprimeras.com.do\/index.php\/2025\/03\/26\/senado-recibe-anteproyecto-de-atencion-integral-a-enfermedades-raras\/","url_meta":{"origin":51237,"position":5},"title":"Senado recibe anteproyecto de atenci\u00f3n integral a enfermedades raras","author":"Nelson Feliz","date":"26 de marzo de 2025","format":false,"excerpt":"El Senado de la Rep\u00fablica recibi\u00f3 un anteproyecto de ley para la atenci\u00f3n integral de la salud de personas que padecen enfermedades raras, poco frecuentes y de complejo manejo, iniciativa depositada por la Alianza Dominicana de Asociaciones de Pacientes (ADAPA), a trav\u00e9s de la Comisi\u00f3n de Salud P\u00fablica del \u00f3rgano\u2026","rel":"","context":"En \u00abNACIONALES\u00bb","block_context":{"text":"NACIONALES","link":"https:\/\/lasprimeras.com.do\/index.php\/category\/nacionales\/"},"img":{"alt_text":"","src":"https:\/\/i0.wp.com\/lasprimeras.com.do\/wp-content\/uploads\/2025\/03\/anteproyecto-1.jpg?resize=350%2C200&ssl=1","width":350,"height":200,"srcset":"https:\/\/i0.wp.com\/lasprimeras.com.do\/wp-content\/uploads\/2025\/03\/anteproyecto-1.jpg?resize=350%2C200&ssl=1 1x, https:\/\/i0.wp.com\/lasprimeras.com.do\/wp-content\/uploads\/2025\/03\/anteproyecto-1.jpg?resize=525%2C300&ssl=1 1.5x, https:\/\/i0.wp.com\/lasprimeras.com.do\/wp-content\/uploads\/2025\/03\/anteproyecto-1.jpg?resize=700%2C400&ssl=1 2x"},"classes":[]}],"jetpack_sharing_enabled":true,"_links":{"self":[{"href":"https:\/\/lasprimeras.com.do\/index.php\/wp-json\/wp\/v2\/posts\/51237","targetHints":{"allow":["GET"]}}],"collection":[{"href":"https:\/\/lasprimeras.com.do\/index.php\/wp-json\/wp\/v2\/posts"}],"about":[{"href":"https:\/\/lasprimeras.com.do\/index.php\/wp-json\/wp\/v2\/types\/post"}],"author":[{"embeddable":true,"href":"https:\/\/lasprimeras.com.do\/index.php\/wp-json\/wp\/v2\/users\/1"}],"replies":[{"embeddable":true,"href":"https:\/\/lasprimeras.com.do\/index.php\/wp-json\/wp\/v2\/comments?post=51237"}],"version-history":[{"count":0,"href":"https:\/\/lasprimeras.com.do\/index.php\/wp-json\/wp\/v2\/posts\/51237\/revisions"}],"wp:featuredmedia":[{"embeddable":true,"href":"https:\/\/lasprimeras.com.do\/index.php\/wp-json\/"}],"wp:attachment":[{"href":"https:\/\/lasprimeras.com.do\/index.php\/wp-json\/wp\/v2\/media?parent=51237"}],"wp:term":[{"taxonomy":"category","embeddable":true,"href":"https:\/\/lasprimeras.com.do\/index.php\/wp-json\/wp\/v2\/categories?post=51237"},{"taxonomy":"post_tag","embeddable":true,"href":"https:\/\/lasprimeras.com.do\/index.php\/wp-json\/wp\/v2\/tags?post=51237"}],"curies":[{"name":"wp","href":"https:\/\/api.w.org\/{rel}","templated":true}]}}