{"id":51284,"date":"2023-05-30T07:11:49","date_gmt":"2023-05-30T11:11:49","guid":{"rendered":"https:\/\/atento.com.do\/?p=51284"},"modified":"2023-05-30T07:11:49","modified_gmt":"2023-05-30T11:11:49","slug":"el-alcalde-manuel-jimenez-intervendra-el-cachon-de-la-rubia","status":"publish","type":"post","link":"https:\/\/lasprimeras.com.do\/index.php\/2023\/05\/30\/el-alcalde-manuel-jimenez-intervendra-el-cachon-de-la-rubia\/","title":{"rendered":"El alcalde Manuel Jim\u00e9nez intervendr\u00e1 el Cach\u00f3n de la Rubia"},"content":{"rendered":"\n<p><strong>Santo Domingo Este.-.<\/strong>El alcalde de Santo Domingo Este, Manuel Jim\u00e9nez, anunci\u00f3 la intervenci\u00f3n del Parque Ecol\u00f3gico El Cach\u00f3n de la Rubia, donde ser\u00e1n instalados una serie de atractivos para el disfrute toda la familia, cuyos trabajos se realizar\u00e1n en coordinaci\u00f3n con el Ministerio de Medio Ambiente.<\/p>\n\n\n\n<p>Jim\u00e9nez indic\u00f3 que el espacio ser\u00e1 un referente en materia de turismo ecotur\u00edstico en el municipio, el cual contar\u00e1 con un gazebo central ecotem\u00e1tico, con un multiuso donde se podr\u00e1n realizar actividades variadas como bodas, cumplea\u00f1os, bautizos, pe\u00f1as literarias, obras de teatro, actividades religiosas y otros actos culturales, en un ambiente que involucra la naturaleza dentro de un circuito urbano.<\/p>\n\n\n\n<p>El Cach\u00f3n de la Rubia es un activo ubicado en el sector Lucerna y\/o Cancino Adentro, el cual ser\u00e1 intervenido en \u00e1reas esenciales permitidas por la Ley 64-00, sobre \u00e1reas protegidas, dijo Jim\u00e9nez, tras se\u00f1alar que adem\u00e1s de los atractivos ya se\u00f1alados, el espacio tambi\u00e9n contar\u00e1 con amplios parqueos y el reacondicionamiento de la entrada principal y la pared perimetral.<\/p>\n\n\n\n<p>\u201cEl Ayuntamiento aspira a que el lugar se convierta en un espacio ecosostenible, tomando en cuenta siempre el cuidado dado por la comunidad para que la gente lo disfrute y tenga un espacio agradable d\u00f3nde visitar\u201d, sostuvo el funcionario municipal.<\/p>\n\n\n\n<p>La obra se desarrollar\u00e1 en el marco del acuerdo del Ayuntamiento con el Programa de las Naciones Para el Desarrollo (PNUD), con una inversi\u00f3n de casi 10 millones de pesos en su primera etapa, incluyendo una colaboraci\u00f3n de la Autoridad Portuaria Dominicana, que se encargar\u00e1 de la construcci\u00f3n de un muelle dom\u00e9stico para botes.<\/p>\n\n\n\n<p>En una segunda etapa el proyecto abarcar\u00e1 la construcci\u00f3n de una ciclov\u00eda y un anfiteatro natural, murales tem\u00e1ticos, y un restaurante.<\/p>\n\n\n\n<p>El Parque Manantial Cach\u00f3n de la Rubia, creado mediante el decreto 207, del 20 de marzo de 2002, es una reserva natural que forma parte de los 16 puntos de la Ruta Tur\u00edstica de Santo Domingo Este, y es uno de los principales atractivos ecotur\u00edsticos con que cuenta el municipio donde, adem\u00e1s, se puede practicar senderismo y ciclismo de monta\u00f1a en su pista de mountan bike.<\/p>\n","protected":false},"excerpt":{"rendered":"<p>Santo Domingo Este.-.El alcalde de Santo Domingo Este, Manuel Jim\u00e9nez, anunci\u00f3 la intervenci\u00f3n del Parque Ecol\u00f3gico El Cach\u00f3n de la Rubia, donde ser\u00e1n instalados una serie de atractivos para el&hellip;<\/p>\n","protected":false},"author":1,"featured_media":51285,"comment_status":"open","ping_status":"open","sticky":false,"template":"","format":"standard","meta":{"content-type":"","jetpack_post_was_ever_published":false,"_jetpack_newsletter_access":"","_jetpack_dont_email_post_to_subs":false,"_jetpack_newsletter_tier_id":0,"_jetpack_memberships_contains_paywalled_content":false,"_jetpack_memberships_contains_paid_content":false,"footnotes":""},"categories":[35,25],"tags":[161,2595,2596,196],"class_list":["post-51284","post","type-post","status-publish","format-standard","has-post-thumbnail","hentry","category-nacionales","category-portada","tag-alcalde","tag-cachon-de-la-rubia","tag-intervendra","tag-manuel-jimenez"],"jetpack_featured_media_url":"","jetpack-related-posts":[{"id":108696,"url":"https:\/\/lasprimeras.com.do\/index.php\/2025\/09\/09\/terrero-se-opone-a-instalacion-de-grancera-en-la-guazara-y-el-cachon\/","url_meta":{"origin":51284,"position":0},"title":"Terrero se opone a instalaci\u00f3n de Grancera en La Gu\u00e1zara y El Cach\u00f3n","author":"Nelson Feliz","date":"9 de septiembre de 2025","format":false,"excerpt":"El exdiputado y miembro del Comit\u00e9 Central del PLD, doctor V\u00edctor Manuel Terrero, califico como un da\u00f1o desconsiderado la instalaci\u00f3n de una grancera en La Gu\u00e1zara y El Cach\u00f3n, supuestamente del empresario Maikel Gonz\u00e1lez. Terrero, se\u00f1ala que las operaciones de esta grancera est\u00e1n causando una disminuci\u00f3n significativa del caudal de\u2026","rel":"","context":"En \u00abPOLITICA\u00bb","block_context":{"text":"POLITICA","link":"https:\/\/lasprimeras.com.do\/index.php\/category\/politica\/"},"img":{"alt_text":"V\u00edctor Manuel Terrero","src":"https:\/\/i0.wp.com\/lasprimeras.com.do\/wp-content\/uploads\/2024\/04\/Victor-Manuel-Terrero.jpg?resize=350%2C200&ssl=1","width":350,"height":200,"srcset":"https:\/\/i0.wp.com\/lasprimeras.com.do\/wp-content\/uploads\/2024\/04\/Victor-Manuel-Terrero.jpg?resize=350%2C200&ssl=1 1x, https:\/\/i0.wp.com\/lasprimeras.com.do\/wp-content\/uploads\/2024\/04\/Victor-Manuel-Terrero.jpg?resize=525%2C300&ssl=1 1.5x"},"classes":[]},{"id":50734,"url":"https:\/\/lasprimeras.com.do\/index.php\/2023\/05\/23\/manuel-jimenez-inaugura-oficina-turistica-municipal-en-santo-domingo-este\/","url_meta":{"origin":51284,"position":1},"title":"Manuel Jim\u00e9nez inaugura oficina tur\u00edstica municipal en Santo Domingo Este","author":"prenxa100","date":"23 de mayo de 2023","format":false,"excerpt":"LA NUEVA PLATAFORMA DE SERVICIO SERVIR\u00c1 DE SOPORTE PARA PROMOCIONAR LA RUTA TUR\u00cdSTICA DEL MUNICIPIO. Santo Domingo Este.-. El alcalde de Santo Domingo Este, Manuel Jim\u00e9nez dej\u00f3 inaugurada la Oficina Tur\u00edstica del municipio, a trav\u00e9s de la cual se podr\u00e1 canalizar y gestionar cualquier tipo de informaci\u00f3n o tr\u00e1mite relacionado\u2026","rel":"","context":"En \u00abNACIONALES\u00bb","block_context":{"text":"NACIONALES","link":"https:\/\/lasprimeras.com.do\/index.php\/category\/nacionales\/"},"img":{"alt_text":"","src":"","width":0,"height":0},"classes":[]},{"id":75256,"url":"https:\/\/lasprimeras.com.do\/index.php\/2024\/01\/30\/presidente-inaugura-saneada-canada-cachon-oeste-en-sde\/","url_meta":{"origin":51284,"position":2},"title":"Presidente inaugura saneada ca\u00f1ada Cach\u00f3n Oeste en SDE","author":"Nelson Feliz","date":"30 de enero de 2024","format":false,"excerpt":"El director de la CAASD destaca que m\u00e1s de 15,000 personas ser\u00e1n beneficiadas con la obra que incluye la construcci\u00f3n de 20 viviendas. El\u00a0presidente Luis Abinader, junto al director general de la Corporaci\u00f3n del Acueducto y Alcantarillado de Santo Domingo\u00a0(CAASD) Felipe Suberv\u00ed, inaugur\u00f3 ya saneada la ca\u00f1ada Cach\u00f3n Oeste, con\u2026","rel":"","context":"En \u00abECONOM\u00cdA\u00bb","block_context":{"text":"ECONOM\u00cdA","link":"https:\/\/lasprimeras.com.do\/index.php\/category\/economia\/"},"img":{"alt_text":"Felipe Suberv\u00ed","src":"https:\/\/i0.wp.com\/lasprimeras.com.do\/wp-content\/uploads\/2024\/01\/Felipe-Subervi.jpg?resize=350%2C200&ssl=1","width":350,"height":200,"srcset":"https:\/\/i0.wp.com\/lasprimeras.com.do\/wp-content\/uploads\/2024\/01\/Felipe-Subervi.jpg?resize=350%2C200&ssl=1 1x, https:\/\/i0.wp.com\/lasprimeras.com.do\/wp-content\/uploads\/2024\/01\/Felipe-Subervi.jpg?resize=525%2C300&ssl=1 1.5x, https:\/\/i0.wp.com\/lasprimeras.com.do\/wp-content\/uploads\/2024\/01\/Felipe-Subervi.jpg?resize=700%2C400&ssl=1 2x"},"classes":[]},{"id":54973,"url":"https:\/\/lasprimeras.com.do\/index.php\/2023\/05\/15\/ayuntamiento-sde-agiliza-construccion-monumento-de-la-revolucion-de-abril-de-1965\/","url_meta":{"origin":51284,"position":3},"title":"Ayuntamiento SDE agiliza construcci\u00f3n monumento de la revoluci\u00f3n de abril de 1965","author":"Nelson Feliz","date":"15 de mayo de 2023","format":false,"excerpt":"Por Martin Restituyo El alcalde del municipio Santo Domingo Este, Manuel Jim\u00e9nez, en su ruta de los s\u00e1bados, pas\u00f3 revista a los trabajos de construcci\u00f3n de un monumento en homenaje a la revoluci\u00f3n de abril de 1964 ubicado en la avenida Tom\u00e1s Fern\u00e1ndez Dom\u00ednguez, como intervenci\u00f3n de las calles del\u2026","rel":"","context":"En \u00abNACIONALES\u00bb","block_context":{"text":"NACIONALES","link":"https:\/\/lasprimeras.com.do\/index.php\/category\/nacionales\/"},"img":{"alt_text":"","src":"https:\/\/i0.wp.com\/lasprimeras.com.do\/wp-content\/uploads\/2023\/07\/manuel-j-2.jpg?resize=350%2C200&ssl=1","width":350,"height":200,"srcset":"https:\/\/i0.wp.com\/lasprimeras.com.do\/wp-content\/uploads\/2023\/07\/manuel-j-2.jpg?resize=350%2C200&ssl=1 1x, https:\/\/i0.wp.com\/lasprimeras.com.do\/wp-content\/uploads\/2023\/07\/manuel-j-2.jpg?resize=525%2C300&ssl=1 1.5x, https:\/\/i0.wp.com\/lasprimeras.com.do\/wp-content\/uploads\/2023\/07\/manuel-j-2.jpg?resize=700%2C400&ssl=1 2x, https:\/\/i0.wp.com\/lasprimeras.com.do\/wp-content\/uploads\/2023\/07\/manuel-j-2.jpg?resize=1050%2C600&ssl=1 3x, https:\/\/i0.wp.com\/lasprimeras.com.do\/wp-content\/uploads\/2023\/07\/manuel-j-2.jpg?resize=1400%2C800&ssl=1 4x"},"classes":[]},{"id":108542,"url":"https:\/\/lasprimeras.com.do\/index.php\/2025\/09\/08\/crece-oposicion-a-la-instalacion-grancera-de-maikel-gonzalez-en-la-guazara-y-el-cachon-en-barahona\/","url_meta":{"origin":51284,"position":4},"title":"Crece oposici\u00f3n a la instalaci\u00f3n grancera de Maikel Gonz\u00e1lez en La Guazara y El Cach\u00f3n en Barahona","author":"Nelson Feliz","date":"8 de septiembre de 2025","format":false,"excerpt":"L\u00edderes comunitarios de Barahona contin\u00faan su oposici\u00f3n a la instalaci\u00f3n de una grancera en La Guazara y El Cach\u00f3n, de parte del empresario Maikel Gonz\u00e1lez, argumentando que es indiscriminada y afecta el medio ambiente y los recursos naturales de la zona. Los dirigentes comunitarios Domingo F\u00e9liz, Yeiry P\u00e9rez y Rams\u00e9s\u2026","rel":"","context":"En \u00abMEDIO AMBIENTE\u00bb","block_context":{"text":"MEDIO AMBIENTE","link":"https:\/\/lasprimeras.com.do\/index.php\/category\/medio-ambiente\/"},"img":{"alt_text":"","src":"https:\/\/i0.wp.com\/lasprimeras.com.do\/wp-content\/uploads\/2025\/09\/comunitarios.jpg?resize=350%2C200&ssl=1","width":350,"height":200,"srcset":"https:\/\/i0.wp.com\/lasprimeras.com.do\/wp-content\/uploads\/2025\/09\/comunitarios.jpg?resize=350%2C200&ssl=1 1x, https:\/\/i0.wp.com\/lasprimeras.com.do\/wp-content\/uploads\/2025\/09\/comunitarios.jpg?resize=525%2C300&ssl=1 1.5x, https:\/\/i0.wp.com\/lasprimeras.com.do\/wp-content\/uploads\/2025\/09\/comunitarios.jpg?resize=700%2C400&ssl=1 2x"},"classes":[]},{"id":58597,"url":"https:\/\/lasprimeras.com.do\/index.php\/2023\/08\/25\/asde-lleva-asistencia-a-familias-afectadas-por-tormenta-franklin\/","url_meta":{"origin":51284,"position":5},"title":"ASDE lleva asistencia a familias afectadas por tormenta Franklin","author":"Nelson Feliz","date":"25 de agosto de 2023","format":false,"excerpt":"EL ALCALDE MANUEL JIM\u00c9NEZ DISPUSO TODOS LOS EQUIPOS NECESARIOS PARA DAR ASISTENCIA A LOS AFECTADOS POR FRANKLIN. Por Martin Restituyo El Ayuntamiento de Santo Domingo Este llev\u00f3 asistencia a decenas de familias que resultaron afectadas por los da\u00f1os causados por la tormenta Franklin que afect\u00f3 al pa\u00eds, en una acci\u00f3n\u2026","rel":"","context":"En \u00abNACIONALES\u00bb","block_context":{"text":"NACIONALES","link":"https:\/\/lasprimeras.com.do\/index.php\/category\/nacionales\/"},"img":{"alt_text":"asde","src":"https:\/\/i0.wp.com\/lasprimeras.com.do\/wp-content\/uploads\/2023\/08\/asde-1-1.jpg?resize=350%2C200&ssl=1","width":350,"height":200,"srcset":"https:\/\/i0.wp.com\/lasprimeras.com.do\/wp-content\/uploads\/2023\/08\/asde-1-1.jpg?resize=350%2C200&ssl=1 1x, https:\/\/i0.wp.com\/lasprimeras.com.do\/wp-content\/uploads\/2023\/08\/asde-1-1.jpg?resize=525%2C300&ssl=1 1.5x, https:\/\/i0.wp.com\/lasprimeras.com.do\/wp-content\/uploads\/2023\/08\/asde-1-1.jpg?resize=700%2C400&ssl=1 2x"},"classes":[]}],"jetpack_sharing_enabled":true,"_links":{"self":[{"href":"https:\/\/lasprimeras.com.do\/index.php\/wp-json\/wp\/v2\/posts\/51284","targetHints":{"allow":["GET"]}}],"collection":[{"href":"https:\/\/lasprimeras.com.do\/index.php\/wp-json\/wp\/v2\/posts"}],"about":[{"href":"https:\/\/lasprimeras.com.do\/index.php\/wp-json\/wp\/v2\/types\/post"}],"author":[{"embeddable":true,"href":"https:\/\/lasprimeras.com.do\/index.php\/wp-json\/wp\/v2\/users\/1"}],"replies":[{"embeddable":true,"href":"https:\/\/lasprimeras.com.do\/index.php\/wp-json\/wp\/v2\/comments?post=51284"}],"version-history":[{"count":0,"href":"https:\/\/lasprimeras.com.do\/index.php\/wp-json\/wp\/v2\/posts\/51284\/revisions"}],"wp:featuredmedia":[{"embeddable":true,"href":"https:\/\/lasprimeras.com.do\/index.php\/wp-json\/"}],"wp:attachment":[{"href":"https:\/\/lasprimeras.com.do\/index.php\/wp-json\/wp\/v2\/media?parent=51284"}],"wp:term":[{"taxonomy":"category","embeddable":true,"href":"https:\/\/lasprimeras.com.do\/index.php\/wp-json\/wp\/v2\/categories?post=51284"},{"taxonomy":"post_tag","embeddable":true,"href":"https:\/\/lasprimeras.com.do\/index.php\/wp-json\/wp\/v2\/tags?post=51284"}],"curies":[{"name":"wp","href":"https:\/\/api.w.org\/{rel}","templated":true}]}}