{"id":51293,"date":"2023-05-30T08:10:37","date_gmt":"2023-05-30T12:10:37","guid":{"rendered":"https:\/\/atento.com.do\/?p=51293"},"modified":"2023-05-30T08:10:37","modified_gmt":"2023-05-30T12:10:37","slug":"alejandro-sanz-agradece-las-muestras-de-carino-recibidas-por-su-estado-de-salud","status":"publish","type":"post","link":"https:\/\/lasprimeras.com.do\/index.php\/2023\/05\/30\/alejandro-sanz-agradece-las-muestras-de-carino-recibidas-por-su-estado-de-salud\/","title":{"rendered":"Alejandro Sanz agradece las muestras de cari\u00f1o recibidas por su estado de salud"},"content":{"rendered":"\n<p>Madrid, Espa\u00f1a, EFE.-.El cantante espa\u00f1ol Alejandro Sanz anunci\u00f3 este martes en su cuenta de Twitter que aunque &#8220;no termina de llegar la luz&#8221;, parece que est\u00e1 mejor y aprovecha para agradecer las muestras de cari\u00f1o recibidas tras comunicar que no se encontraba bien.<\/p>\n\n\n\n<p>&#8220;He tenido un brote fuerte este fin de semana y aunque a\u00fan no termina de llegar la luz, parece que se ha despertado una luci\u00e9rnaga en mi pecho. No quiero suspender la gira&#8221;, ha escrito el artista.<\/p>\n\n\n\n<p>Estas palabras del cantante llegan despu\u00e9s de que hace unos d\u00edas, por el mismo medio, confesara que no se encontraba an\u00edmicamente bien.<\/p>\n\n\n\n<p>Sanz, uno de los cantantes m\u00e1s internacionales de Espa\u00f1a y muy conocido en Latinoam\u00e9rica, no tiene intenci\u00f3n de suspender la gira &#8220;Sanz en vivo&#8221;, de la que tiene m\u00e1s de sesenta fechas programadas en 2023.<\/p>\n\n\n\n<p>La gira incluye pa\u00edses como Colombia, Per\u00fa, Ecuador, Chile, Argentina y Uruguay, para luego regresar a Espa\u00f1a en verano.<\/p>\n\n\n\n<p>&#8220;No quiero suspender la gira porque creo que con la ayuda correcta y un poco de comprensi\u00f3n y apoyo en los shows, lo vamos a sacar adelante. Adem\u00e1s creo que encerrarme no es buena idea&#8221;, se\u00f1ala en su escrito.<\/p>\n\n\n\n<p>&#8220;Gracias por el calorcito. Vamos a por el d\u00eda de ma\u00f1ana. El sol est\u00e1 de camino&#8221;, concluye el mensaje por el que ya ha recibido innumerables muestras de apoyo, entre ellas de Chenoa o Raquel Perera, su expareja.<\/p>\n\n\n\n<p>El 27 de mayo el cantante dio a conocer que su estado de \u00e1nimo no era el de siempre. &#8220;No estoy bien. No s\u00e9 si esto sirve de algo, pero quiero decirlo. Estoy triste y cansado (\u2026) A veces no quiero ni estar&#8221;, con el que visibiliz\u00f3 un problema de salud mental del que intenta recuperarse.<\/p>\n","protected":false},"excerpt":{"rendered":"<p>Madrid, Espa\u00f1a, EFE.-.El cantante espa\u00f1ol Alejandro Sanz anunci\u00f3 este martes en su cuenta de Twitter que aunque &#8220;no termina de llegar la luz&#8221;, parece que est\u00e1 mejor y aprovecha para&hellip;<\/p>\n","protected":false},"author":1,"featured_media":51294,"comment_status":"open","ping_status":"open","sticky":false,"template":"","format":"standard","meta":{"content-type":"","jetpack_post_was_ever_published":false,"_jetpack_newsletter_access":"","_jetpack_dont_email_post_to_subs":false,"_jetpack_newsletter_tier_id":0,"_jetpack_memberships_contains_paywalled_content":false,"_jetpack_memberships_contains_paid_content":false,"footnotes":""},"categories":[84],"tags":[2604,2605,2606],"class_list":["post-51293","post","type-post","status-publish","format-standard","has-post-thumbnail","hentry","category-entretenimiento","tag-alejandro-sanz","tag-carino","tag-estado-de-salud"],"jetpack_featured_media_url":"","jetpack-related-posts":[{"id":71657,"url":"https:\/\/lasprimeras.com.do\/index.php\/2023\/12\/21\/alejandro-sanz-encuentra-el-amor-con-la-hermana-de-una-famosa-actriz\/","url_meta":{"origin":51293,"position":0},"title":"Alejandro Sanz encuentra el amor con la hermana de una famosa actriz","author":"BIMARY DE JES\u00daS Matos","date":"21 de diciembre de 2023","format":false,"excerpt":"Santo Domingo.-La revista \u00a1Hola!, y otros medios espa\u00f1oles, publican esta semana que el cantante Alejandro Sanz encontr\u00f3 el amor en la actriz M\u00f3nica Cruz, hermana de la famos\u00edsima Pen\u00e9lope Cruz. Seg\u00fan la revista, el acercamiento de Alejandro Sanz y M\u00f3nica Cruz se dio el verano pasado. Hasta el momento no\u2026","rel":"","context":"En \u00abENTRETENIMIENTO\u00bb","block_context":{"text":"ENTRETENIMIENTO","link":"https:\/\/lasprimeras.com.do\/index.php\/category\/entretenimiento\/"},"img":{"alt_text":"","src":"https:\/\/i0.wp.com\/lasprimeras.com.do\/wp-content\/uploads\/2023\/12\/WhatsApp-Image-2023-12-21-at-1.17.44-PM-4.jpeg?resize=350%2C200&ssl=1","width":350,"height":200,"srcset":"https:\/\/i0.wp.com\/lasprimeras.com.do\/wp-content\/uploads\/2023\/12\/WhatsApp-Image-2023-12-21-at-1.17.44-PM-4.jpeg?resize=350%2C200&ssl=1 1x, https:\/\/i0.wp.com\/lasprimeras.com.do\/wp-content\/uploads\/2023\/12\/WhatsApp-Image-2023-12-21-at-1.17.44-PM-4.jpeg?resize=525%2C300&ssl=1 1.5x"},"classes":[]},{"id":99062,"url":"https:\/\/lasprimeras.com.do\/index.php\/2025\/05\/16\/alejandro-sanz-anuncia-una-cancion-con-shakira-en-su-nuevo-album\/","url_meta":{"origin":51293,"position":1},"title":"Alejandro Sanz anuncia una canci\u00f3n con Shakira en su nuevo \u00e1lbum","author":"Nelson Feliz","date":"16 de mayo de 2025","format":false,"excerpt":"Alejandro Sanz y Shakira estrenar\u00e1n una nueva canci\u00f3n juntos tras 20 a\u00f1os del lanzamiento del mega \u00e9xito 'La Tortura'. Por Sarah\u00ed G\u00f3mez Esaa El cantante espa\u00f1ol Alejandro Sanz anunci\u00f3 a sus seguidores el lanzamiento de un EP que se estrenar\u00e1 el pr\u00f3ximo 23 de mayo. Una de las mayores sorpresas\u2026","rel":"","context":"En \u00abENTRETENIMIENTO\u00bb","block_context":{"text":"ENTRETENIMIENTO","link":"https:\/\/lasprimeras.com.do\/index.php\/category\/entretenimiento\/"},"img":{"alt_text":"","src":"https:\/\/i0.wp.com\/lasprimeras.com.do\/wp-content\/uploads\/2025\/05\/alejandro.jpg?resize=350%2C200&ssl=1","width":350,"height":200,"srcset":"https:\/\/i0.wp.com\/lasprimeras.com.do\/wp-content\/uploads\/2025\/05\/alejandro.jpg?resize=350%2C200&ssl=1 1x, https:\/\/i0.wp.com\/lasprimeras.com.do\/wp-content\/uploads\/2025\/05\/alejandro.jpg?resize=525%2C300&ssl=1 1.5x, https:\/\/i0.wp.com\/lasprimeras.com.do\/wp-content\/uploads\/2025\/05\/alejandro.jpg?resize=700%2C400&ssl=1 2x"},"classes":[]},{"id":73165,"url":"https:\/\/lasprimeras.com.do\/index.php\/2024\/01\/06\/rosalia-y-alejandro-sanz-le-dan-una-sorpresa-de-reyes-magos\/","url_meta":{"origin":51293,"position":2},"title":"Rosal\u00eda y Alejandro Sanz le dan una sorpresa de Reyes Magos","author":"BIMARY DE JES\u00daS Matos","date":"6 de enero de 2024","format":false,"excerpt":"Santo Domingo.-Rosal\u00eda y Alejandro Sanz se aliaron este jueves para dar una sorpresa a Manuel Alejandro, al que visitaron en su casa con motivo de la fiesta de Reyes Magos, ante la emoci\u00f3n del compositor, que se abraz\u00f3 varias veces a la cantante catalana. \u00abTe traigo un regalito, mira, es\u2026","rel":"","context":"En \u00abENTRETENIMIENTO\u00bb","block_context":{"text":"ENTRETENIMIENTO","link":"https:\/\/lasprimeras.com.do\/index.php\/category\/entretenimiento\/"},"img":{"alt_text":"","src":"https:\/\/i0.wp.com\/lasprimeras.com.do\/wp-content\/uploads\/2024\/01\/WhatsApp-Image-2024-01-06-at-1.25.01-PM-2.jpeg?resize=350%2C200&ssl=1","width":350,"height":200,"srcset":"https:\/\/i0.wp.com\/lasprimeras.com.do\/wp-content\/uploads\/2024\/01\/WhatsApp-Image-2024-01-06-at-1.25.01-PM-2.jpeg?resize=350%2C200&ssl=1 1x, https:\/\/i0.wp.com\/lasprimeras.com.do\/wp-content\/uploads\/2024\/01\/WhatsApp-Image-2024-01-06-at-1.25.01-PM-2.jpeg?resize=525%2C300&ssl=1 1.5x"},"classes":[]},{"id":67515,"url":"https:\/\/lasprimeras.com.do\/index.php\/2023\/11\/16\/alejandro-sanz-celebra-su-entrada-a-sony-music-con-lujosa-fiesta-en-espana\/","url_meta":{"origin":51293,"position":3},"title":"Alejandro Sanz celebra su entrada a Sony Music con lujosa fiesta en Espa\u00f1a","author":"BIMARY DE JES\u00daS Matos","date":"16 de noviembre de 2023","format":false,"excerpt":"Santo Domingo.-Alejandro Sanz se convirti\u00f3 este lunes en el gran protagonista de un evento \u00edntimo en el que le acompa\u00f1aron artistas, compa\u00f1eros de la industria, y otros invitados especiales. En la semana en que los Latin Grammy salen por primera vez de Estados Unidos para trasladarse a Sevilla, Sanz recibi\u00f3\u2026","rel":"","context":"En \u00abENTRETENIMIENTO\u00bb","block_context":{"text":"ENTRETENIMIENTO","link":"https:\/\/lasprimeras.com.do\/index.php\/category\/entretenimiento\/"},"img":{"alt_text":"","src":"https:\/\/i0.wp.com\/lasprimeras.com.do\/wp-content\/uploads\/2023\/11\/Portada-Pagina-WEB-2-8-750x375-12.jpg?resize=350%2C200&ssl=1","width":350,"height":200,"srcset":"https:\/\/i0.wp.com\/lasprimeras.com.do\/wp-content\/uploads\/2023\/11\/Portada-Pagina-WEB-2-8-750x375-12.jpg?resize=350%2C200&ssl=1 1x, https:\/\/i0.wp.com\/lasprimeras.com.do\/wp-content\/uploads\/2023\/11\/Portada-Pagina-WEB-2-8-750x375-12.jpg?resize=525%2C300&ssl=1 1.5x, https:\/\/i0.wp.com\/lasprimeras.com.do\/wp-content\/uploads\/2023\/11\/Portada-Pagina-WEB-2-8-750x375-12.jpg?resize=700%2C400&ssl=1 2x"},"classes":[]},{"id":59901,"url":"https:\/\/lasprimeras.com.do\/index.php\/2023\/09\/08\/sanz-lovaton-recibe-visita-del-embajador-de-la-republica-popular-china-en-el-pais\/","url_meta":{"origin":51293,"position":4},"title":"Sanz Lovat\u00f3n recibe visita del embajador de la Rep\u00fablica Popular China en el pa\u00eds","author":"Nelson Feliz","date":"8 de septiembre de 2023","format":false,"excerpt":"Ambas autoridades conversaron sobre fortalecer los lazos y las oportunidades comerciales entre ambos pa\u00edses. El director general de Aduanas, Eduardo Sanz Lovat\u00f3n, y el embajador de la Rep\u00fablica Popular China ante la Rep\u00fablica Dominicana, Chen Luning, sostuvieron un encuentro donde conversaron sobre las oportunidades comerciales entre ambos pa\u00edses. Adem\u00e1s, se\u2026","rel":"","context":"En \u00abECONOM\u00cdA\u00bb","block_context":{"text":"ECONOM\u00cdA","link":"https:\/\/lasprimeras.com.do\/index.php\/category\/economia\/"},"img":{"alt_text":"Foto 1 El director General de Aduanas, Eduardo Sanz Lovat\u00f3n y el embajador de la Rep\u00fablica Popular Chiana, Chen Luning.","src":"https:\/\/i0.wp.com\/lasprimeras.com.do\/wp-content\/uploads\/2023\/09\/Eduardo-Sanz-Lovaton-y-Chen-Luning.jpg?resize=350%2C200&ssl=1","width":350,"height":200,"srcset":"https:\/\/i0.wp.com\/lasprimeras.com.do\/wp-content\/uploads\/2023\/09\/Eduardo-Sanz-Lovaton-y-Chen-Luning.jpg?resize=350%2C200&ssl=1 1x, https:\/\/i0.wp.com\/lasprimeras.com.do\/wp-content\/uploads\/2023\/09\/Eduardo-Sanz-Lovaton-y-Chen-Luning.jpg?resize=525%2C300&ssl=1 1.5x, https:\/\/i0.wp.com\/lasprimeras.com.do\/wp-content\/uploads\/2023\/09\/Eduardo-Sanz-Lovaton-y-Chen-Luning.jpg?resize=700%2C400&ssl=1 2x"},"classes":[]},{"id":70987,"url":"https:\/\/lasprimeras.com.do\/index.php\/2023\/12\/16\/kany-garcia-lanza-su-nuevo-ep-lo-mas-escuchado-del-2023\/","url_meta":{"origin":51293,"position":5},"title":"Kany Garc\u00eda lanza su nuevo EP, &#8216;Lo m\u00e1s escuchado del 2023&#8217;","author":"BIMARY DE JES\u00daS Matos","date":"16 de diciembre de 2023","format":false,"excerpt":"Puerto Rico.-La cantautora puertorrique\u00f1a Kany Garc\u00eda anunci\u00f3 este viernes el lanzamiento de su nuevo disco EP \u2018Lo m\u00e1s escuchado del 2023\u2019, compuesto de 10 temas. Seg\u00fan resalta un comunicado de prensa enviado por sus representantes, el \u00e1lbum promete ser un reflejo del talento, la pasi\u00f3n y el compromiso musical de\u2026","rel":"","context":"En \u00abENTRETENIMIENTO\u00bb","block_context":{"text":"ENTRETENIMIENTO","link":"https:\/\/lasprimeras.com.do\/index.php\/category\/entretenimiento\/"},"img":{"alt_text":"","src":"https:\/\/i0.wp.com\/lasprimeras.com.do\/wp-content\/uploads\/2023\/12\/WhatsApp-Image-2023-12-16-at-9.27.39-AM-1.jpeg?resize=350%2C200&ssl=1","width":350,"height":200,"srcset":"https:\/\/i0.wp.com\/lasprimeras.com.do\/wp-content\/uploads\/2023\/12\/WhatsApp-Image-2023-12-16-at-9.27.39-AM-1.jpeg?resize=350%2C200&ssl=1 1x, https:\/\/i0.wp.com\/lasprimeras.com.do\/wp-content\/uploads\/2023\/12\/WhatsApp-Image-2023-12-16-at-9.27.39-AM-1.jpeg?resize=525%2C300&ssl=1 1.5x"},"classes":[]}],"jetpack_sharing_enabled":true,"_links":{"self":[{"href":"https:\/\/lasprimeras.com.do\/index.php\/wp-json\/wp\/v2\/posts\/51293","targetHints":{"allow":["GET"]}}],"collection":[{"href":"https:\/\/lasprimeras.com.do\/index.php\/wp-json\/wp\/v2\/posts"}],"about":[{"href":"https:\/\/lasprimeras.com.do\/index.php\/wp-json\/wp\/v2\/types\/post"}],"author":[{"embeddable":true,"href":"https:\/\/lasprimeras.com.do\/index.php\/wp-json\/wp\/v2\/users\/1"}],"replies":[{"embeddable":true,"href":"https:\/\/lasprimeras.com.do\/index.php\/wp-json\/wp\/v2\/comments?post=51293"}],"version-history":[{"count":0,"href":"https:\/\/lasprimeras.com.do\/index.php\/wp-json\/wp\/v2\/posts\/51293\/revisions"}],"wp:featuredmedia":[{"embeddable":true,"href":"https:\/\/lasprimeras.com.do\/index.php\/wp-json\/"}],"wp:attachment":[{"href":"https:\/\/lasprimeras.com.do\/index.php\/wp-json\/wp\/v2\/media?parent=51293"}],"wp:term":[{"taxonomy":"category","embeddable":true,"href":"https:\/\/lasprimeras.com.do\/index.php\/wp-json\/wp\/v2\/categories?post=51293"},{"taxonomy":"post_tag","embeddable":true,"href":"https:\/\/lasprimeras.com.do\/index.php\/wp-json\/wp\/v2\/tags?post=51293"}],"curies":[{"name":"wp","href":"https:\/\/api.w.org\/{rel}","templated":true}]}}