{"id":51341,"date":"2023-05-30T13:51:21","date_gmt":"2023-05-30T17:51:21","guid":{"rendered":"https:\/\/atento.com.do\/?p=51341"},"modified":"2023-05-30T13:51:21","modified_gmt":"2023-05-30T17:51:21","slug":"proyecto-uno-estrena-como-tu-no-hay-dos-su-nuevo-sencillo-con-ritmo-pegajoso","status":"publish","type":"post","link":"https:\/\/lasprimeras.com.do\/index.php\/2023\/05\/30\/proyecto-uno-estrena-como-tu-no-hay-dos-su-nuevo-sencillo-con-ritmo-pegajoso\/","title":{"rendered":"Proyecto Uno estrena \u201cComo t\u00fa no hay dos\u201d, su nuevo sencillo con ritmo pegajoso"},"content":{"rendered":"\n<p><strong>Miami, FL .-. <\/strong>Media Force Global + Partners &#8211; La exitosa agrupaci\u00f3n Proyecto Uno lanza el tema y v\u00eddeo musical \u201cComo t\u00fa no hay dos\u201d, que forma parte de su nueva producci\u00f3n discogr\u00e1fica titulada \u201cAniversario\u201d.<\/p>\n\n\n\n<p>Con m\u00e1s de tres d\u00e9cadas de trayectoria musical y siendo una de las agrupaciones preferidas del p\u00fablico latinoamericano, este tr\u00edo sigue innovando con sus ritmos y letras.<\/p>\n\n\n\n<p>La canci\u00f3n \u201cComo t\u00fa no hay dos\u201d, es uno de los nuevos temas que contiene su reciente \u00e1lbum, bajo la autor\u00eda de Gustavo Ubri. El v\u00eddeo fue producido en Miami, por el director Endry Rovaz y la compa\u00f1\u00eda Pink Diamond Studios.<\/p>\n\n\n\n<p>\u201cQuer\u00edamos darle un toque moderno y urbano a esta canci\u00f3n, que es una nueva versi\u00f3n de un \u00e9xito a ritmo de merengue de los 80\u2019s, que fue hecha popular por el maestro Dionis Fern\u00e1ndez. Para lograr esto contamos con la producci\u00f3n musical de Edwin Garc\u00eda, quien ha sido ganador de premios Latin Grammys y Premios Soberano en Rep\u00fablica Dominicana, as\u00ed como ha colaborado como productor de \u00e9xitos para Eddy Herrera, Manny Cruz e Ilegales.\u201d puntualiza Nelson Zapata, fundador del grupo.<\/p>\n\n\n\n<p>Como parte de su gira musical del 2022, estuvieron presentes en varias ciudades de Estados Unidos, Latinoam\u00e9rica y Europa destac\u00e1ndose en importantes eventos como el festival \u201cI love the 90\u2019s\u201d en Madrid, \u201cViva la m\u00fasica\u201d en Seaworld, Orlando y \u201cViva el merengue\u201d en Bogot\u00e1.<\/p>\n\n\n\n<p>Este verano Proyecto Uno comienza la gira \u201cLos due\u00f1os del party\u201d junto al grupo Ilegales en ciudades como Miami, Weston, Orlando, Tampa, Jacksonville, Houston, Dallas, Atlanta, Denver, entre otras m\u00e1s por confirmar.<\/p>\n\n\n\n<p>Asimismo, ser\u00e1n los anfitriones latinos de la serie de conciertos frente al mar en Virginia Beach en junio.<\/p>\n\n\n\n<p>Tambi\u00e9n est\u00e1 confirmada su participaci\u00f3n en el Retro 90\u2019s Festival, que se llevar\u00e1 a cabo en el Per\u00fa, junto a grandes estrellas como Los Aut\u00e9nticos Decadentes, Los Rabanes, El S\u00edmbolo e Ilegales.<\/p>\n\n\n\n<figure class=\"wp-block-table\"><table><tbody><tr><td><strong>SOBRE PROYECTO UNO<\/strong><\/td><\/tr><\/tbody><\/table><\/figure>\n\n\n\n<figure class=\"wp-block-table\"><table><tbody><tr><td>Agrupaci\u00f3n musical nacida en la ciudad de Nueva York. Conocidos alrededor del mundo como los pioneros y creadores del g\u00e9nero musical merengue- hip hop, el cual se ha mantenido vigente en la cultura latina hasta el d\u00eda de hoy.<br>&nbsp;<br>Su disco &#8220;Todo el mundo&#8221;, los catapult\u00f3 a la fama mundial en el 1991 y en su carrera han logrado importantes galardones como Premios Billboard y Premio Lo Nuestro, logrando varios Discos de Oro, Platino y Doble Platino alrededor del mundo. Actualmente, su m\u00fasica sigue vigente y se encuentran celebrando m\u00e1s de 30 a\u00f1os de carrera art\u00edstica ininterrumpida en toda Latinoam\u00e9rica, Estados Unidos, Europa y Canad\u00e1.<\/td><\/tr><\/tbody><\/table><\/figure>\n","protected":false},"excerpt":{"rendered":"<p>Miami, FL .-. Media Force Global + Partners &#8211; La exitosa agrupaci\u00f3n Proyecto Uno lanza el tema y v\u00eddeo musical \u201cComo t\u00fa no hay dos\u201d, que forma parte de su&hellip;<\/p>\n","protected":false},"author":1,"featured_media":51343,"comment_status":"open","ping_status":"open","sticky":false,"template":"","format":"standard","meta":{"content-type":"","jetpack_post_was_ever_published":false,"_jetpack_newsletter_access":"","_jetpack_dont_email_post_to_subs":false,"_jetpack_newsletter_tier_id":0,"_jetpack_memberships_contains_paywalled_content":false,"_jetpack_memberships_contains_paid_content":false,"footnotes":""},"categories":[84],"tags":[2643,2644,2645,2646,1872,2647],"class_list":["post-51341","post","type-post","status-publish","format-standard","has-post-thumbnail","hentry","category-entretenimiento","tag-como-tu-no-hay-dos","tag-estrena","tag-pegajoso","tag-proyecto-uno","tag-ritmo","tag-sencillo"],"jetpack_featured_media_url":"","jetpack-related-posts":[{"id":115925,"url":"https:\/\/lasprimeras.com.do\/index.php\/2025\/11\/26\/john-electric-lanza-su-nuevo-merengue-urbano-tabla-una-mezcla-explosiva-de-picardia-y-vacilon\/","url_meta":{"origin":51341,"position":0},"title":"John Electric lanza su nuevo merengue urbano \u201cTabla\u201d una mezcla explosiva de picard\u00eda y vacil\u00f3n","author":"Nelson Feliz","date":"26 de noviembre de 2025","format":false,"excerpt":"El artista dominicano radicado en los Estados Unidos, John Torres, conocido art\u00edsticamente como John Electric, lanz\u00f3 oficialmente su nuevo sencillo \u201cTabla\u201d, un merengue urbano cargado de ritmo, humor y las vivencias intensas de las relaciones modernas. El tema forma parte de su m\u00e1s reciente \u00e1lbum musical Ritmo de Dos Orillas\u2026","rel":"","context":"En \u00abENTRETENIMIENTO\u00bb","block_context":{"text":"ENTRETENIMIENTO","link":"https:\/\/lasprimeras.com.do\/index.php\/category\/entretenimiento\/"},"img":{"alt_text":"","src":"https:\/\/i0.wp.com\/lasprimeras.com.do\/wp-content\/uploads\/2025\/11\/John-Electric-1.jpg?resize=350%2C200&ssl=1","width":350,"height":200,"srcset":"https:\/\/i0.wp.com\/lasprimeras.com.do\/wp-content\/uploads\/2025\/11\/John-Electric-1.jpg?resize=350%2C200&ssl=1 1x, https:\/\/i0.wp.com\/lasprimeras.com.do\/wp-content\/uploads\/2025\/11\/John-Electric-1.jpg?resize=525%2C300&ssl=1 1.5x, https:\/\/i0.wp.com\/lasprimeras.com.do\/wp-content\/uploads\/2025\/11\/John-Electric-1.jpg?resize=700%2C400&ssl=1 2x"},"classes":[]},{"id":52739,"url":"https:\/\/lasprimeras.com.do\/index.php\/2023\/06\/13\/jayson-guzman-estrena-nuevo-corte-musical\/","url_meta":{"origin":51341,"position":1},"title":"Jayson Guzm\u00e1n estrena nuevo corte musical","author":"prenxa100","date":"13 de junio de 2023","format":false,"excerpt":"\u201cBeb\u00e9 dame\u201d lleva como t\u00edtulo la nueva canci\u00f3n del joven acordeonista Jayson Guzm\u00e1n, quien tambi\u00e9n se estrena como arreglista de sus propios temas. Se trata de una adaptaci\u00f3n al merengue t\u00edpico de un tema del Grupo Frontera, con los colores y matices modernos que demanda el g\u00e9nero vern\u00e1culo de estos\u2026","rel":"","context":"En \u00abENTRETENIMIENTO\u00bb","block_context":{"text":"ENTRETENIMIENTO","link":"https:\/\/lasprimeras.com.do\/index.php\/category\/entretenimiento\/"},"img":{"alt_text":"","src":"https:\/\/i0.wp.com\/lasprimeras.com.do\/wp-content\/uploads\/2023\/06\/jayson-guzman-estrena-nuevo-corte-musical.jpg?resize=350%2C200&ssl=1","width":350,"height":200,"srcset":"https:\/\/i0.wp.com\/lasprimeras.com.do\/wp-content\/uploads\/2023\/06\/jayson-guzman-estrena-nuevo-corte-musical.jpg?resize=350%2C200&ssl=1 1x, https:\/\/i0.wp.com\/lasprimeras.com.do\/wp-content\/uploads\/2023\/06\/jayson-guzman-estrena-nuevo-corte-musical.jpg?resize=525%2C300&ssl=1 1.5x"},"classes":[]},{"id":84115,"url":"https:\/\/lasprimeras.com.do\/index.php\/2024\/05\/30\/soley-estrena-su-nuevo-sencillo-enemigo\/","url_meta":{"origin":51341,"position":2},"title":"Soley estrena su nuevo sencillo &#8220;Enemigo&#8221;","author":"Nelson Feliz","date":"30 de mayo de 2024","format":false,"excerpt":"Miami, FL \u2013 Despu\u00e9s de haber sido seleccionada por Spotify como la \u00fanica artista femenina entre los talentos colombianos que est\u00e1n revolucionando la m\u00fasica urbana en este 2024, Soley \u201cLa Bellakita\u201d nos presenta su nuevo tema musical \"Enemigo\". Con una letra cargada de emociones crudas y una melod\u00eda pegadiza, \"Enemigo\"\u2026","rel":"","context":"En \u00abENTRETENIMIENTO\u00bb","block_context":{"text":"ENTRETENIMIENTO","link":"https:\/\/lasprimeras.com.do\/index.php\/category\/entretenimiento\/"},"img":{"alt_text":"soley","src":"https:\/\/i0.wp.com\/lasprimeras.com.do\/wp-content\/uploads\/2024\/05\/soley-1.png?resize=350%2C200&ssl=1","width":350,"height":200,"srcset":"https:\/\/i0.wp.com\/lasprimeras.com.do\/wp-content\/uploads\/2024\/05\/soley-1.png?resize=350%2C200&ssl=1 1x, https:\/\/i0.wp.com\/lasprimeras.com.do\/wp-content\/uploads\/2024\/05\/soley-1.png?resize=525%2C300&ssl=1 1.5x, https:\/\/i0.wp.com\/lasprimeras.com.do\/wp-content\/uploads\/2024\/05\/soley-1.png?resize=700%2C400&ssl=1 2x"},"classes":[]},{"id":63924,"url":"https:\/\/lasprimeras.com.do\/index.php\/2023\/10\/17\/los-venezolanos-gaphriel-y-victor-drija-estrenan-un-tesoro-musical\/","url_meta":{"origin":51341,"position":3},"title":"Los venezolanos Gaphriel y V\u00edctor Drija estrenan un &#8220;Tesoro&#8221; musical","author":"BIMARY DE JES\u00daS Matos","date":"17 de octubre de 2023","format":false,"excerpt":"Santo Domingo.-Un nuevo paso en la carrera musical del joven cantautor venezolano radicado en Rep\u00fablica Dominicana Gaphriel, quien presenta su primera colaboraci\u00f3n musical \u201cTesoro\u201d en compa\u00f1\u00eda de su compatriota, el cantante, bailar\u00edn y actor V\u00edctor Drija. \u201cTesoro\u201d fue escrita por Gaphriel y producida por Jair Lat\u00edn en Medell\u00edn, CO., mismo\u2026","rel":"","context":"En \u00abENTRETENIMIENTO\u00bb","block_context":{"text":"ENTRETENIMIENTO","link":"https:\/\/lasprimeras.com.do\/index.php\/category\/entretenimiento\/"},"img":{"alt_text":"","src":"https:\/\/i0.wp.com\/lasprimeras.com.do\/wp-content\/uploads\/2023\/10\/Captura-de-pantalla-2023-10-16-172822.jpg?resize=350%2C200&ssl=1","width":350,"height":200,"srcset":"https:\/\/i0.wp.com\/lasprimeras.com.do\/wp-content\/uploads\/2023\/10\/Captura-de-pantalla-2023-10-16-172822.jpg?resize=350%2C200&ssl=1 1x, https:\/\/i0.wp.com\/lasprimeras.com.do\/wp-content\/uploads\/2023\/10\/Captura-de-pantalla-2023-10-16-172822.jpg?resize=525%2C300&ssl=1 1.5x, https:\/\/i0.wp.com\/lasprimeras.com.do\/wp-content\/uploads\/2023\/10\/Captura-de-pantalla-2023-10-16-172822.jpg?resize=700%2C400&ssl=1 2x, https:\/\/i0.wp.com\/lasprimeras.com.do\/wp-content\/uploads\/2023\/10\/Captura-de-pantalla-2023-10-16-172822.jpg?resize=1050%2C600&ssl=1 3x"},"classes":[]},{"id":87420,"url":"https:\/\/lasprimeras.com.do\/index.php\/2024\/08\/11\/chichi-peralta-lanza-nuevo-sencillo-el-meneito\/","url_meta":{"origin":51341,"position":4},"title":"Chichi Peralta lanza nuevo sencillo \u201cEl Mene\u00edto\u201d","author":"Nelson Feliz","date":"11 de agosto de 2024","format":false,"excerpt":"El reconocido percusionista dominicano Chich\u00ed Peralta est\u00e1 listo para encantar a los oyentes con el lanzamiento de su vibrante nuevo sencillo, \u201cEl Mene\u00edto\u201d. Conocido por su magistral fusi\u00f3n de \u201cWorld Latin\u201d, Chich\u00ed Peralta contin\u00faa desafiando los l\u00edmites musicales, ofreciendo un sonido fresco pero familiar que celebra la rica herencia cultural\u2026","rel":"","context":"En \u00abENTRETENIMIENTO\u00bb","block_context":{"text":"ENTRETENIMIENTO","link":"https:\/\/lasprimeras.com.do\/index.php\/category\/entretenimiento\/"},"img":{"alt_text":"","src":"https:\/\/i0.wp.com\/lasprimeras.com.do\/wp-content\/uploads\/2024\/08\/Chichi-Peralta.jpg?resize=350%2C200&ssl=1","width":350,"height":200,"srcset":"https:\/\/i0.wp.com\/lasprimeras.com.do\/wp-content\/uploads\/2024\/08\/Chichi-Peralta.jpg?resize=350%2C200&ssl=1 1x, https:\/\/i0.wp.com\/lasprimeras.com.do\/wp-content\/uploads\/2024\/08\/Chichi-Peralta.jpg?resize=525%2C300&ssl=1 1.5x, https:\/\/i0.wp.com\/lasprimeras.com.do\/wp-content\/uploads\/2024\/08\/Chichi-Peralta.jpg?resize=700%2C400&ssl=1 2x"},"classes":[]},{"id":76135,"url":"https:\/\/lasprimeras.com.do\/index.php\/2024\/02\/07\/techy-fatule-se-aferra-a-los-ritmos-tropicales\/","url_meta":{"origin":51341,"position":5},"title":"Techy Fatule se aferra a los ritmos tropicales","author":"BIMARY DE JES\u00daS Matos","date":"7 de febrero de 2024","format":false,"excerpt":"Santo Domingo.- La artista dominicana nominada a Latin Grammy Techy Fatule lanz\u00f3 su nuevo sencillo, \u00abTe voy a enamorar\u00bb, un cautivador merengue de su propia autor\u00eda con el que busca conquistar los corazones del p\u00fablico y seguir cant\u00e1ndole al amor. Con letras que inspiran a celebrar el romance, el reencuentro\u2026","rel":"","context":"En \u00abENTRETENIMIENTO\u00bb","block_context":{"text":"ENTRETENIMIENTO","link":"https:\/\/lasprimeras.com.do\/index.php\/category\/entretenimiento\/"},"img":{"alt_text":"","src":"https:\/\/i0.wp.com\/lasprimeras.com.do\/wp-content\/uploads\/2024\/02\/EE_2p011.jpg-2.webp?resize=350%2C200&ssl=1","width":350,"height":200,"srcset":"https:\/\/i0.wp.com\/lasprimeras.com.do\/wp-content\/uploads\/2024\/02\/EE_2p011.jpg-2.webp?resize=350%2C200&ssl=1 1x, https:\/\/i0.wp.com\/lasprimeras.com.do\/wp-content\/uploads\/2024\/02\/EE_2p011.jpg-2.webp?resize=525%2C300&ssl=1 1.5x, https:\/\/i0.wp.com\/lasprimeras.com.do\/wp-content\/uploads\/2024\/02\/EE_2p011.jpg-2.webp?resize=700%2C400&ssl=1 2x"},"classes":[]}],"jetpack_sharing_enabled":true,"_links":{"self":[{"href":"https:\/\/lasprimeras.com.do\/index.php\/wp-json\/wp\/v2\/posts\/51341","targetHints":{"allow":["GET"]}}],"collection":[{"href":"https:\/\/lasprimeras.com.do\/index.php\/wp-json\/wp\/v2\/posts"}],"about":[{"href":"https:\/\/lasprimeras.com.do\/index.php\/wp-json\/wp\/v2\/types\/post"}],"author":[{"embeddable":true,"href":"https:\/\/lasprimeras.com.do\/index.php\/wp-json\/wp\/v2\/users\/1"}],"replies":[{"embeddable":true,"href":"https:\/\/lasprimeras.com.do\/index.php\/wp-json\/wp\/v2\/comments?post=51341"}],"version-history":[{"count":0,"href":"https:\/\/lasprimeras.com.do\/index.php\/wp-json\/wp\/v2\/posts\/51341\/revisions"}],"wp:featuredmedia":[{"embeddable":true,"href":"https:\/\/lasprimeras.com.do\/index.php\/wp-json\/"}],"wp:attachment":[{"href":"https:\/\/lasprimeras.com.do\/index.php\/wp-json\/wp\/v2\/media?parent=51341"}],"wp:term":[{"taxonomy":"category","embeddable":true,"href":"https:\/\/lasprimeras.com.do\/index.php\/wp-json\/wp\/v2\/categories?post=51341"},{"taxonomy":"post_tag","embeddable":true,"href":"https:\/\/lasprimeras.com.do\/index.php\/wp-json\/wp\/v2\/tags?post=51341"}],"curies":[{"name":"wp","href":"https:\/\/api.w.org\/{rel}","templated":true}]}}