{"id":51367,"date":"2023-05-30T18:54:46","date_gmt":"2023-05-30T22:54:46","guid":{"rendered":"https:\/\/atento.com.do\/?p=51367"},"modified":"2023-05-30T18:54:46","modified_gmt":"2023-05-30T22:54:46","slug":"hato-mayor-cntu-atribuye-accidente-al-desorden-que-existe-en-el-transporte-publico","status":"publish","type":"post","link":"https:\/\/lasprimeras.com.do\/index.php\/2023\/05\/30\/hato-mayor-cntu-atribuye-accidente-al-desorden-que-existe-en-el-transporte-publico\/","title":{"rendered":"HATO MAYOR: CNTU atribuye accidente al desorden que existe en el transporte p\u00fablico"},"content":{"rendered":"\n<p><strong>Santo Domingo, RD.-<\/strong> El presidente de la Central Nacional de Transportistas Unificados (CNTU), William P\u00e9rez Figuereo, declar\u00f3 este martes que el accidente de tr\u00e1nsito ocurrido en el tramo carretero Sabana de la Mar \u2013 Hato Mayor, donde perdieron la vida al menos\u00a0 cinco estudiantes y otros resultaron heridos, se debe al desorden que existe en el transporte en Rep\u00fablica Dominicana.<\/p>\n\n\n\n<p>P\u00e9rez Figuereo, sostuvo que los choferes y conductores no respetan los veh\u00edculos de los Bomberos, Polic\u00eda Nacional, Ambulancias y muchos menos la de los estudiantes.<\/p>\n\n\n\n<p>El empresario del transporte, cree que si aqu\u00ed llegamos a razonar como ha ocurrido en los Estados Unidos que un veh\u00edculo de transporte &nbsp;escolar tiene un respeto, donde nadie rebasa, ni se le acerca cuando va transportando ni\u00f1os al recinto escolar.<\/p>\n\n\n\n<p>Se hace necesario llamar a la poblaci\u00f3n en sentido general a que haya un respeto hacia los veh\u00edculos de transporte escolar. Y por eso hemos trabajado y sometido este proyecto al Gobierno del cual ya tenemos el Decreto 616-22 que crea el transporte escolar.<\/p>\n\n\n\n<p>El presidente de la CNTU, William P\u00e9rez Figuereo, solicit\u00f3 al Gobierno que reclute a trav\u00e9s del Plan de Movilidad de Educaci\u00f3n todos esos autobuses que han sido donados en las diferentes administrataciones, para se\u00f1alizarlos, repararlos y sobre todo que los choferes sean educado, porque se trata ni\u00f1os que son el futuro del pa\u00eds, los que se trasladan en estos autobuses.<\/p>\n","protected":false},"excerpt":{"rendered":"<p>Santo Domingo, RD.- El presidente de la Central Nacional de Transportistas Unificados (CNTU), William P\u00e9rez Figuereo, declar\u00f3 este martes que el accidente de tr\u00e1nsito ocurrido en el tramo carretero Sabana&hellip;<\/p>\n","protected":false},"author":1,"featured_media":51368,"comment_status":"open","ping_status":"open","sticky":false,"template":"","format":"standard","meta":{"content-type":"","jetpack_post_was_ever_published":false,"_jetpack_newsletter_access":"","_jetpack_dont_email_post_to_subs":false,"_jetpack_newsletter_tier_id":0,"_jetpack_memberships_contains_paywalled_content":false,"_jetpack_memberships_contains_paid_content":false,"footnotes":""},"categories":[35,25],"tags":[2211,1445,2662,2619,2663],"class_list":["post-51367","post","type-post","status-publish","format-standard","has-post-thumbnail","hentry","category-nacionales","category-portada","tag-accidente","tag-cntu","tag-desorden","tag-hato-mayor","tag-transporte-publico"],"jetpack_featured_media_url":"","jetpack-related-posts":[{"id":109034,"url":"https:\/\/lasprimeras.com.do\/index.php\/2025\/09\/12\/cntu-llama-a-la-conciencia-ciudadana-y-valora-avances-en-el-transporte-colectivo\/","url_meta":{"origin":51367,"position":0},"title":"CNTU llama a la conciencia ciudadana y valora avances en el transporte colectivo","author":"Nelson Feliz","date":"12 de septiembre de 2025","format":false,"excerpt":"El presidente de la Central Nacional del Transporte Unificado (CNTU), William P\u00e9rez Figuereo, expres\u00f3 su preocupaci\u00f3n por la alta incidencia de accidentes de tr\u00e1nsito en la Rep\u00fablica Dominicana, los cuales calific\u00f3 como \u201cuna verdadera tragedia nacional\u201d que afecta a cientos de familias cada a\u00f1o. P\u00e9rez Figuereo record\u00f3 que el pasado\u2026","rel":"","context":"En \u00abNACIONALES\u00bb","block_context":{"text":"NACIONALES","link":"https:\/\/lasprimeras.com.do\/index.php\/category\/nacionales\/"},"img":{"alt_text":"accidentes","src":"https:\/\/i0.wp.com\/lasprimeras.com.do\/wp-content\/uploads\/2023\/10\/accidentes.jpeg?resize=350%2C200&ssl=1","width":350,"height":200,"srcset":"https:\/\/i0.wp.com\/lasprimeras.com.do\/wp-content\/uploads\/2023\/10\/accidentes.jpeg?resize=350%2C200&ssl=1 1x, https:\/\/i0.wp.com\/lasprimeras.com.do\/wp-content\/uploads\/2023\/10\/accidentes.jpeg?resize=525%2C300&ssl=1 1.5x, https:\/\/i0.wp.com\/lasprimeras.com.do\/wp-content\/uploads\/2023\/10\/accidentes.jpeg?resize=700%2C400&ssl=1 2x"},"classes":[]},{"id":105264,"url":"https:\/\/lasprimeras.com.do\/index.php\/2025\/07\/31\/cntu-propone-al-gobierno-un-plan-para-modernizar-el-transporte-publico-mediante-la-sustitucion-del-parque-vehicular\/","url_meta":{"origin":51367,"position":1},"title":"CNTU propone al Gobierno un plan para modernizar el transporte p\u00fablico mediante la sustituci\u00f3n del parque vehicular","author":"Nelson Feliz","date":"31 de julio de 2025","format":false,"excerpt":"El presidente de la Central Nacional de Transportistas Unificados (CNTU), William P\u00e9rez Figuereo, hizo un llamado al Gobierno del presidente Luis Abinader para impulsar una transformaci\u00f3n en el sistema de transporte p\u00fablico del pa\u00eds, proponiendo la sustituci\u00f3n del parque vehicular por un transporte masivo m\u00e1s eficiente y seguro. P\u00e9rez Figuereo\u2026","rel":"","context":"En \u00abNACIONALES\u00bb","block_context":{"text":"NACIONALES","link":"https:\/\/lasprimeras.com.do\/index.php\/category\/nacionales\/"},"img":{"alt_text":"William P\u00e9rez Figuereo","src":"https:\/\/i0.wp.com\/lasprimeras.com.do\/wp-content\/uploads\/2024\/10\/William-Perez-Figuereo-1.jpg?resize=350%2C200&ssl=1","width":350,"height":200,"srcset":"https:\/\/i0.wp.com\/lasprimeras.com.do\/wp-content\/uploads\/2024\/10\/William-Perez-Figuereo-1.jpg?resize=350%2C200&ssl=1 1x, https:\/\/i0.wp.com\/lasprimeras.com.do\/wp-content\/uploads\/2024\/10\/William-Perez-Figuereo-1.jpg?resize=525%2C300&ssl=1 1.5x, https:\/\/i0.wp.com\/lasprimeras.com.do\/wp-content\/uploads\/2024\/10\/William-Perez-Figuereo-1.jpg?resize=700%2C400&ssl=1 2x"},"classes":[]},{"id":56144,"url":"https:\/\/lasprimeras.com.do\/index.php\/2023\/07\/28\/cntu-llama-conductores-a-reducir-velocidad-para-evitar-accidentes\/","url_meta":{"origin":51367,"position":2},"title":"CNTU llama conductores a reducir velocidad para evitar accidentes","author":"Nelson Feliz","date":"28 de julio de 2023","format":false,"excerpt":"P\u00e9rez Figuereo pide se\u00f1alizaci\u00f3n vial y reparaci\u00f3n de los sem\u00e1foros. El presidente de la Central Nacional Transporte Unificado (CNTU), William P\u00e9rez Figuereo, solicit\u00f3 hoy a los directores del Instituto Nacional de Tr\u00e1nsito y Transporte Terrestre (Intrant), y Seguridad de Tr\u00e1nsito y Transporte Terrestre (DIGESETT), interpongan sus buenos oficios e inicien\u2026","rel":"","context":"En \u00abNACIONALES\u00bb","block_context":{"text":"NACIONALES","link":"https:\/\/lasprimeras.com.do\/index.php\/category\/nacionales\/"},"img":{"alt_text":"William Perez Figuereo","src":"https:\/\/i0.wp.com\/lasprimeras.com.do\/wp-content\/uploads\/2023\/06\/William-Perez-Figuereo.jpg?resize=350%2C200&ssl=1","width":350,"height":200,"srcset":"https:\/\/i0.wp.com\/lasprimeras.com.do\/wp-content\/uploads\/2023\/06\/William-Perez-Figuereo.jpg?resize=350%2C200&ssl=1 1x, https:\/\/i0.wp.com\/lasprimeras.com.do\/wp-content\/uploads\/2023\/06\/William-Perez-Figuereo.jpg?resize=525%2C300&ssl=1 1.5x, https:\/\/i0.wp.com\/lasprimeras.com.do\/wp-content\/uploads\/2023\/06\/William-Perez-Figuereo.jpg?resize=700%2C400&ssl=1 2x, https:\/\/i0.wp.com\/lasprimeras.com.do\/wp-content\/uploads\/2023\/06\/William-Perez-Figuereo.jpg?resize=1050%2C600&ssl=1 3x, https:\/\/i0.wp.com\/lasprimeras.com.do\/wp-content\/uploads\/2023\/06\/William-Perez-Figuereo.jpg?resize=1400%2C800&ssl=1 4x"},"classes":[]},{"id":104711,"url":"https:\/\/lasprimeras.com.do\/index.php\/2025\/07\/26\/cntu-solicita-acompanamiento-en-plan-cero-chatarra-y-retornos-operativos-en-giro-izquierda\/","url_meta":{"origin":51367,"position":3},"title":"CNTU solicita acompa\u00f1amiento en &#8220;Plan Cero Chatarra&#8221; y retornos operativos en giro izquierda","author":"Nelson Feliz","date":"26 de julio de 2025","format":false,"excerpt":"Con el prop\u00f3sito de seguir sacando de las calles y espacios p\u00fablicos miles de unidades vehiculares destartaladas, el presidente de la Central Nacional de Transportistas Unificados (CNTU), William P\u00e9rez Figuereo, solicit\u00f3 el acompa\u00f1amiento t\u00e9cnico del Estado y del Gobierno, a fin de continuar la implementaci\u00f3n del \"Plan Cero Chatarra 2025\",\u2026","rel":"","context":"En \u00abNACIONALES\u00bb","block_context":{"text":"NACIONALES","link":"https:\/\/lasprimeras.com.do\/index.php\/category\/nacionales\/"},"img":{"alt_text":"","src":"https:\/\/i0.wp.com\/lasprimeras.com.do\/wp-content\/uploads\/2025\/07\/william-perez-figuereo.jpg?resize=350%2C200&ssl=1","width":350,"height":200,"srcset":"https:\/\/i0.wp.com\/lasprimeras.com.do\/wp-content\/uploads\/2025\/07\/william-perez-figuereo.jpg?resize=350%2C200&ssl=1 1x, https:\/\/i0.wp.com\/lasprimeras.com.do\/wp-content\/uploads\/2025\/07\/william-perez-figuereo.jpg?resize=525%2C300&ssl=1 1.5x, https:\/\/i0.wp.com\/lasprimeras.com.do\/wp-content\/uploads\/2025\/07\/william-perez-figuereo.jpg?resize=700%2C400&ssl=1 2x"},"classes":[]},{"id":115316,"url":"https:\/\/lasprimeras.com.do\/index.php\/2025\/11\/20\/william-perez-figuereo-felicita-al-nuevo-director-de-la-opret-jhael-isa-tavarez\/","url_meta":{"origin":51367,"position":4},"title":"William P\u00e9rez Figuereo felicita al nuevo director de la OPRET Jhael Isa Tav\u00e1rez","author":"Nelson Feliz","date":"20 de noviembre de 2025","format":false,"excerpt":"El presidente de la Central Nacional de Transporte Unificado (CNTU), William P\u00e9rez Figuereo, emiti\u00f3 hoy un comunicado oficial expresando sus felicitaciones y deseando el mayor de los \u00e9xitos a Jhael Isa Tav\u00e1rez, con motivo de su reciente designaci\u00f3n como director ejecutivo de la Oficina para el Reordenamiento del Transporte (OPRET).\u2026","rel":"","context":"En \u00abNACIONALES\u00bb","block_context":{"text":"NACIONALES","link":"https:\/\/lasprimeras.com.do\/index.php\/category\/nacionales\/"},"img":{"alt_text":"William P\u00e9rez Figuereo","src":"https:\/\/i0.wp.com\/lasprimeras.com.do\/wp-content\/uploads\/2024\/10\/William-Perez-Figuereo-1.jpg?resize=350%2C200&ssl=1","width":350,"height":200,"srcset":"https:\/\/i0.wp.com\/lasprimeras.com.do\/wp-content\/uploads\/2024\/10\/William-Perez-Figuereo-1.jpg?resize=350%2C200&ssl=1 1x, https:\/\/i0.wp.com\/lasprimeras.com.do\/wp-content\/uploads\/2024\/10\/William-Perez-Figuereo-1.jpg?resize=525%2C300&ssl=1 1.5x, https:\/\/i0.wp.com\/lasprimeras.com.do\/wp-content\/uploads\/2024\/10\/William-Perez-Figuereo-1.jpg?resize=700%2C400&ssl=1 2x"},"classes":[]},{"id":53501,"url":"https:\/\/lasprimeras.com.do\/index.php\/2023\/06\/27\/perez-figuereo-propone-creacion-de-la-mesa-de-trabajo-entre-gobierno-transportistas-y-empresarios\/","url_meta":{"origin":51367,"position":5},"title":"P\u00e9rez Figuereo propone creaci\u00f3n de la Mesa de Trabajo entre Gobierno, Transportistas y empresarios","author":"Nelson Feliz","date":"27 de junio de 2023","format":false,"excerpt":"El presidente de la Central Nacional de Transportistas Unificados (CNTU), William P\u00e9rez Figuereo, propuso hoy la creaci\u00f3n de una mesa de trabajo y que se involucren autoridades gubernamentales, empresarial y choferil, en contra de los accidentes de tr\u00e1nsitos. P\u00e9rez Figuereo, dijo que la situaci\u00f3n de los accidentes en la Rep\u00fablica\u2026","rel":"","context":"En \u00abNACIONALES\u00bb","block_context":{"text":"NACIONALES","link":"https:\/\/lasprimeras.com.do\/index.php\/category\/nacionales\/"},"img":{"alt_text":"William Perez Figuereo","src":"https:\/\/i0.wp.com\/lasprimeras.com.do\/wp-content\/uploads\/2023\/06\/William-Perez-Figuereo.jpg?resize=350%2C200&ssl=1","width":350,"height":200,"srcset":"https:\/\/i0.wp.com\/lasprimeras.com.do\/wp-content\/uploads\/2023\/06\/William-Perez-Figuereo.jpg?resize=350%2C200&ssl=1 1x, https:\/\/i0.wp.com\/lasprimeras.com.do\/wp-content\/uploads\/2023\/06\/William-Perez-Figuereo.jpg?resize=525%2C300&ssl=1 1.5x, https:\/\/i0.wp.com\/lasprimeras.com.do\/wp-content\/uploads\/2023\/06\/William-Perez-Figuereo.jpg?resize=700%2C400&ssl=1 2x, https:\/\/i0.wp.com\/lasprimeras.com.do\/wp-content\/uploads\/2023\/06\/William-Perez-Figuereo.jpg?resize=1050%2C600&ssl=1 3x, https:\/\/i0.wp.com\/lasprimeras.com.do\/wp-content\/uploads\/2023\/06\/William-Perez-Figuereo.jpg?resize=1400%2C800&ssl=1 4x"},"classes":[]}],"jetpack_sharing_enabled":true,"_links":{"self":[{"href":"https:\/\/lasprimeras.com.do\/index.php\/wp-json\/wp\/v2\/posts\/51367","targetHints":{"allow":["GET"]}}],"collection":[{"href":"https:\/\/lasprimeras.com.do\/index.php\/wp-json\/wp\/v2\/posts"}],"about":[{"href":"https:\/\/lasprimeras.com.do\/index.php\/wp-json\/wp\/v2\/types\/post"}],"author":[{"embeddable":true,"href":"https:\/\/lasprimeras.com.do\/index.php\/wp-json\/wp\/v2\/users\/1"}],"replies":[{"embeddable":true,"href":"https:\/\/lasprimeras.com.do\/index.php\/wp-json\/wp\/v2\/comments?post=51367"}],"version-history":[{"count":0,"href":"https:\/\/lasprimeras.com.do\/index.php\/wp-json\/wp\/v2\/posts\/51367\/revisions"}],"wp:featuredmedia":[{"embeddable":true,"href":"https:\/\/lasprimeras.com.do\/index.php\/wp-json\/"}],"wp:attachment":[{"href":"https:\/\/lasprimeras.com.do\/index.php\/wp-json\/wp\/v2\/media?parent=51367"}],"wp:term":[{"taxonomy":"category","embeddable":true,"href":"https:\/\/lasprimeras.com.do\/index.php\/wp-json\/wp\/v2\/categories?post=51367"},{"taxonomy":"post_tag","embeddable":true,"href":"https:\/\/lasprimeras.com.do\/index.php\/wp-json\/wp\/v2\/tags?post=51367"}],"curies":[{"name":"wp","href":"https:\/\/api.w.org\/{rel}","templated":true}]}}