{"id":51401,"date":"2023-05-30T22:02:03","date_gmt":"2023-05-31T02:02:03","guid":{"rendered":"https:\/\/atento.com.do\/?p=51401"},"modified":"2023-05-30T22:02:03","modified_gmt":"2023-05-31T02:02:03","slug":"destacan-avances-sobre-retos-del-transporte-de-carga-en-la-republica-dominicana","status":"publish","type":"post","link":"https:\/\/lasprimeras.com.do\/index.php\/2023\/05\/30\/destacan-avances-sobre-retos-del-transporte-de-carga-en-la-republica-dominicana\/","title":{"rendered":"Destacan avances sobre retos del transporte de carga en la Rep\u00fablica Dominicana"},"content":{"rendered":"\n<p><strong>Santo Domingo.-. <\/strong>El Comit\u00e9 de Facilitaci\u00f3n de Comercio de la C\u00e1mara Americana de Comercio realiz\u00f3 el conversatorio \u201cEl futuro de la movilidad de carga terrestre\u201d, contando con la participaci\u00f3n del ministro de Obras P\u00fablicas, Deligne Ascensi\u00f3n, el director del INTRANT, Hugo Beras y Jos\u00e9 Enrique P\u00e9rez, consultor del Banco Interamericano de Desarrollo (BID).<\/p>\n\n\n\n<p>Durante el encuentro, el ministro de Obras P\u00fablicas, Deligne Ascensi\u00f3n destac\u00f3 los esfuerzos realizados desde la instituci\u00f3n que dirige para el desarrollo de las infraestructuras viales del pa\u00eds, con el fin de hacer m\u00e1s eficiente la movilidad de carga terrestre.<\/p>\n\n\n\n<p>\u201cSon sumamente importantes el conjunto de autopistas de circunvalaci\u00f3n y nuevas carreteras que ejecutamos a nivel nacional para disminuir el tiempo de trayecto de autom\u00f3viles y carga terrestre entre las principales ciudades del pa\u00eds, interconectando los polos productivos o tur\u00edsticos con los puertos mar\u00edtimos y los aeropuertos en toda Rep\u00fablica Dominicana\u201d, dijo Ascensi\u00f3n.<\/p>\n\n\n\n<figure class=\"wp-block-image size-full\"><img decoding=\"async\" src=\"https:\/\/atento.com.do\/wp-content\/uploads\/2023\/05\/Republica-Dominicana.jpg\" alt=\"\" class=\"wp-image-51403\"\/><\/figure>\n\n\n\n<p>De su lado, Hugo Beras, director del INTRANT resalt\u00f3 los diversos proyectos e iniciativas que desarrollan desde la instituci\u00f3n que encabeza, entre los cuales enmarc\u00f3 el acuerdo firmado con Google y su aplicaci\u00f3n de tr\u00e1fico y navegaci\u00f3n Waze, con el fin de garantizar la seguridad vial al circular en todo el territorio nacional y evitar accidentes, adem\u00e1s de alimentar al pa\u00eds con la tecnolog\u00eda necesaria para monitorear la carga terrestre a trav\u00e9s de sistemas GPS.<\/p>\n\n\n\n<p>\u201cEjecutivos de Google observaron que RD ser\u00e1 el primer pa\u00eds en aplicar para gesti\u00f3n de tr\u00e1fico y mitigaci\u00f3n de accidentes de tr\u00e1nsito con el uso de drones y por eso seremos un modelo de \u00e9xito en ese sentido, puesto que la primera etapa de este proyecto abarcar\u00e1 el Distrito Nacional y el Gran Santo Domingo, y paulatinamente se ir\u00e1 replicando en todo el pa\u00eds\u201d, se\u00f1al\u00f3 Beras.<\/p>\n\n\n\n<p>Adem\u00e1s, Jos\u00e9 Enrique P\u00e9rez, consultor del BID present\u00f3 los avances logrados hasta el momento en el pa\u00eds, para el programa \u201cDigitac-hub\u201d, un proyecto regional que aspira a transformar el sector de carga terrestre y convertirse en la plataforma de innovaci\u00f3n y soluciones aplicadas a la movilidad de carga automotora en Am\u00e9rica Latina y El Caribe, apostando a la innovaci\u00f3n, la capacitaci\u00f3n de los usuarios, el soporte y la facilidad de financiaci\u00f3n.<\/p>\n\n\n\n<p>\u201cBuscamos que esta plataforma permita compartir el conocimiento en soluciones digitales, facilitar a este tipo de soluciones y los peque\u00f1os transportistas de la regi\u00f3n, para convertirse al final en el one stop shop digital\u201d, explic\u00f3 P\u00e9rez.<\/p>\n","protected":false},"excerpt":{"rendered":"<p>Santo Domingo.-. El Comit\u00e9 de Facilitaci\u00f3n de Comercio de la C\u00e1mara Americana de Comercio realiz\u00f3 el conversatorio \u201cEl futuro de la movilidad de carga terrestre\u201d, contando con la participaci\u00f3n del&hellip;<\/p>\n","protected":false},"author":1,"featured_media":51402,"comment_status":"open","ping_status":"open","sticky":false,"template":"","format":"standard","meta":{"content-type":"","jetpack_post_was_ever_published":false,"_jetpack_newsletter_access":"","_jetpack_dont_email_post_to_subs":false,"_jetpack_newsletter_tier_id":0,"_jetpack_memberships_contains_paywalled_content":false,"_jetpack_memberships_contains_paid_content":false,"footnotes":""},"categories":[39],"tags":[1192,2690,549,1906,2691,887],"class_list":["post-51401","post","type-post","status-publish","format-standard","has-post-thumbnail","hentry","category-economia","tag-avances","tag-carga","tag-dominicana","tag-republica","tag-retos","tag-transporte"],"jetpack_featured_media_url":"","jetpack-related-posts":[{"id":52571,"url":"https:\/\/lasprimeras.com.do\/index.php\/2023\/06\/11\/ascension-dice-lluvias-provocaron-danos-millonarios-a-infraestructuras\/","url_meta":{"origin":51401,"position":0},"title":"Ascensi\u00f3n dice lluvias provocaron da\u00f1os millonarios a infraestructuras","author":"prenxa100","date":"11 de junio de 2023","format":false,"excerpt":"El ministro de Obras P\u00fablicas, Deligne Ascensi\u00f3n, inform\u00f3 que los da\u00f1os causados por las lluvias a las infraestructuras ascienden mil millones de pesos. El funcionario, explic\u00f3 los aguaceros de los \u00faltimos d\u00edas afectaron varias provincias de la regi\u00f3n sur. Ascensi\u00f3n,\u00a0 dijo que algunas obras colapsadas\u00a0 estaban en proceso de intervenci\u00f3n\u2026","rel":"","context":"En \u00abECONOM\u00cdA\u00bb","block_context":{"text":"ECONOM\u00cdA","link":"https:\/\/lasprimeras.com.do\/index.php\/category\/economia\/"},"img":{"alt_text":"","src":"https:\/\/i0.wp.com\/lasprimeras.com.do\/wp-content\/uploads\/2023\/06\/ascension-dice-lluvias-provocaron-danos-millonarios-a-infraestructuras.jpg?resize=350%2C200&ssl=1","width":350,"height":200,"srcset":"https:\/\/i0.wp.com\/lasprimeras.com.do\/wp-content\/uploads\/2023\/06\/ascension-dice-lluvias-provocaron-danos-millonarios-a-infraestructuras.jpg?resize=350%2C200&ssl=1 1x, https:\/\/i0.wp.com\/lasprimeras.com.do\/wp-content\/uploads\/2023\/06\/ascension-dice-lluvias-provocaron-danos-millonarios-a-infraestructuras.jpg?resize=525%2C300&ssl=1 1.5x, https:\/\/i0.wp.com\/lasprimeras.com.do\/wp-content\/uploads\/2023\/06\/ascension-dice-lluvias-provocaron-danos-millonarios-a-infraestructuras.jpg?resize=700%2C400&ssl=1 2x"},"classes":[]},{"id":101298,"url":"https:\/\/lasprimeras.com.do\/index.php\/2025\/06\/18\/opret-y-pucmm-impulsan-futuro-del-transporte-masivo-en-el-pais\/","url_meta":{"origin":51401,"position":1},"title":"OPRET y PUCMM impulsan futuro del transporte masivo en el pa\u00eds","author":"Nelson Feliz","date":"18 de junio de 2025","format":false,"excerpt":"La Oficina para el Reordenamiento del Transporte (OPRET), se une a la Pontificia Universidad Cat\u00f3lica Madre y Maestra (PUCMM), para desarrollar el primer Foro de Transporte Masivo de la Rep\u00fablica Dominicana. El Estado y la academia se unen para hacer una revisi\u00f3n de los avances, retos y desaf\u00edos del pa\u00eds\u2026","rel":"","context":"En \u00abNACIONALES\u00bb","block_context":{"text":"NACIONALES","link":"https:\/\/lasprimeras.com.do\/index.php\/category\/nacionales\/"},"img":{"alt_text":"","src":"https:\/\/i0.wp.com\/lasprimeras.com.do\/wp-content\/uploads\/2025\/06\/OPRET.jpg?resize=350%2C200&ssl=1","width":350,"height":200,"srcset":"https:\/\/i0.wp.com\/lasprimeras.com.do\/wp-content\/uploads\/2025\/06\/OPRET.jpg?resize=350%2C200&ssl=1 1x, https:\/\/i0.wp.com\/lasprimeras.com.do\/wp-content\/uploads\/2025\/06\/OPRET.jpg?resize=525%2C300&ssl=1 1.5x, https:\/\/i0.wp.com\/lasprimeras.com.do\/wp-content\/uploads\/2025\/06\/OPRET.jpg?resize=700%2C400&ssl=1 2x"},"classes":[]},{"id":53501,"url":"https:\/\/lasprimeras.com.do\/index.php\/2023\/06\/27\/perez-figuereo-propone-creacion-de-la-mesa-de-trabajo-entre-gobierno-transportistas-y-empresarios\/","url_meta":{"origin":51401,"position":2},"title":"P\u00e9rez Figuereo propone creaci\u00f3n de la Mesa de Trabajo entre Gobierno, Transportistas y empresarios","author":"Nelson Feliz","date":"27 de junio de 2023","format":false,"excerpt":"El presidente de la Central Nacional de Transportistas Unificados (CNTU), William P\u00e9rez Figuereo, propuso hoy la creaci\u00f3n de una mesa de trabajo y que se involucren autoridades gubernamentales, empresarial y choferil, en contra de los accidentes de tr\u00e1nsitos. P\u00e9rez Figuereo, dijo que la situaci\u00f3n de los accidentes en la Rep\u00fablica\u2026","rel":"","context":"En \u00abNACIONALES\u00bb","block_context":{"text":"NACIONALES","link":"https:\/\/lasprimeras.com.do\/index.php\/category\/nacionales\/"},"img":{"alt_text":"William Perez Figuereo","src":"https:\/\/i0.wp.com\/lasprimeras.com.do\/wp-content\/uploads\/2023\/06\/William-Perez-Figuereo.jpg?resize=350%2C200&ssl=1","width":350,"height":200,"srcset":"https:\/\/i0.wp.com\/lasprimeras.com.do\/wp-content\/uploads\/2023\/06\/William-Perez-Figuereo.jpg?resize=350%2C200&ssl=1 1x, https:\/\/i0.wp.com\/lasprimeras.com.do\/wp-content\/uploads\/2023\/06\/William-Perez-Figuereo.jpg?resize=525%2C300&ssl=1 1.5x, https:\/\/i0.wp.com\/lasprimeras.com.do\/wp-content\/uploads\/2023\/06\/William-Perez-Figuereo.jpg?resize=700%2C400&ssl=1 2x, https:\/\/i0.wp.com\/lasprimeras.com.do\/wp-content\/uploads\/2023\/06\/William-Perez-Figuereo.jpg?resize=1050%2C600&ssl=1 3x, https:\/\/i0.wp.com\/lasprimeras.com.do\/wp-content\/uploads\/2023\/06\/William-Perez-Figuereo.jpg?resize=1400%2C800&ssl=1 4x"},"classes":[]},{"id":53811,"url":"https:\/\/lasprimeras.com.do\/index.php\/2023\/07\/01\/osiris-de-leon-agradecio-cortesia-ministro-ascension-por-haberlo-citado-en-congreso\/","url_meta":{"origin":51401,"position":3},"title":"Osiris de Le\u00f3n agradeci\u00f3 cortes\u00eda ministro Ascensi\u00f3n por haberlo citado en Congreso","author":"Nelson Feliz","date":"1 de julio de 2023","format":false,"excerpt":"El ge\u00f3logo y ambientalista Osiris de Le\u00f3n agradeci\u00f3 la cortes\u00eda del ministro de Obras P\u00fablicas, Ing. Deligne Ascensi\u00f3n, por haberlo citado en su discurso de apertura del 1er Congreso Internacional sobre Terremotos y Vulnerabilidad S\u00edsmica. De Le\u00f3n, sostuvo que Ascensi\u00f3n, al hacer uso de la palabra en el evento se\u2026","rel":"","context":"En \u00abNACIONALES\u00bb","block_context":{"text":"NACIONALES","link":"https:\/\/lasprimeras.com.do\/index.php\/category\/nacionales\/"},"img":{"alt_text":"Osiris de Leon","src":"https:\/\/i0.wp.com\/lasprimeras.com.do\/wp-content\/uploads\/2023\/07\/Osiris-de-Leon.jpg?resize=350%2C200&ssl=1","width":350,"height":200,"srcset":"https:\/\/i0.wp.com\/lasprimeras.com.do\/wp-content\/uploads\/2023\/07\/Osiris-de-Leon.jpg?resize=350%2C200&ssl=1 1x, https:\/\/i0.wp.com\/lasprimeras.com.do\/wp-content\/uploads\/2023\/07\/Osiris-de-Leon.jpg?resize=525%2C300&ssl=1 1.5x, https:\/\/i0.wp.com\/lasprimeras.com.do\/wp-content\/uploads\/2023\/07\/Osiris-de-Leon.jpg?resize=700%2C400&ssl=1 2x"},"classes":[]},{"id":113767,"url":"https:\/\/lasprimeras.com.do\/index.php\/2025\/11\/05\/rd-se-mueve-mejora-velocidades-hasta-un-30-en-areas-de-santo-domingo\/","url_meta":{"origin":51401,"position":4},"title":"&#8220;RD Se Mueve&#8221; mejora velocidades hasta un 30 % en \u00e1reas de Santo Domingo","author":"Nelson Feliz","date":"5 de noviembre de 2025","format":false,"excerpt":"Primera fase ejecut\u00f3 medidas de gesti\u00f3n horaria, optimizaci\u00f3n semaf\u00f3rica y regulaci\u00f3n del estacionamiento. El Gabinete de Transporte del Gobierno dominicano inform\u00f3 que el plan \u201cRD se Mueve\u201d ha completado m\u00e1s del 70 % de sus acciones previstas en su primera etapa, logrando mejoras de hasta un 30 % en las\u2026","rel":"","context":"En \u00abNACIONALES\u00bb","block_context":{"text":"NACIONALES","link":"https:\/\/lasprimeras.com.do\/index.php\/category\/nacionales\/"},"img":{"alt_text":"","src":"https:\/\/i0.wp.com\/lasprimeras.com.do\/wp-content\/uploads\/2025\/11\/Milton-Morrison.jpg?resize=350%2C200&ssl=1","width":350,"height":200,"srcset":"https:\/\/i0.wp.com\/lasprimeras.com.do\/wp-content\/uploads\/2025\/11\/Milton-Morrison.jpg?resize=350%2C200&ssl=1 1x, https:\/\/i0.wp.com\/lasprimeras.com.do\/wp-content\/uploads\/2025\/11\/Milton-Morrison.jpg?resize=525%2C300&ssl=1 1.5x, https:\/\/i0.wp.com\/lasprimeras.com.do\/wp-content\/uploads\/2025\/11\/Milton-Morrison.jpg?resize=700%2C400&ssl=1 2x"},"classes":[]},{"id":70398,"url":"https:\/\/lasprimeras.com.do\/index.php\/2023\/12\/11\/juan-hubieres-se-querella-en-pgr-por-supuesta-estafa-del-transporte-escolar\/","url_meta":{"origin":51401,"position":5},"title":"Juan Hubieres se querella en PGR por supuesta estafa del transporte escolar","author":"BIMARY DE JES\u00daS Matos","date":"11 de diciembre de 2023","format":false,"excerpt":"Santo Domingo.- El presidente del Movimiento Rebelde, Juan Hubieres, deposit\u00f3 este lunes una denuncia en la Procuradur\u00eda General de la Rep\u00fablica (PGR) a los fines de que se investigue los m\u00e1s de dos mil 500 millones de pesos invertidos en el programa de Transporte Escolar (Trae), por el Ministerio de\u2026","rel":"","context":"En \u00abNACIONALES\u00bb","block_context":{"text":"NACIONALES","link":"https:\/\/lasprimeras.com.do\/index.php\/category\/nacionales\/"},"img":{"alt_text":"","src":"https:\/\/i0.wp.com\/lasprimeras.com.do\/wp-content\/uploads\/2023\/12\/juegos-sde-1.webp?resize=350%2C200&ssl=1","width":350,"height":200,"srcset":"https:\/\/i0.wp.com\/lasprimeras.com.do\/wp-content\/uploads\/2023\/12\/juegos-sde-1.webp?resize=350%2C200&ssl=1 1x, https:\/\/i0.wp.com\/lasprimeras.com.do\/wp-content\/uploads\/2023\/12\/juegos-sde-1.webp?resize=525%2C300&ssl=1 1.5x"},"classes":[]}],"jetpack_sharing_enabled":true,"_links":{"self":[{"href":"https:\/\/lasprimeras.com.do\/index.php\/wp-json\/wp\/v2\/posts\/51401","targetHints":{"allow":["GET"]}}],"collection":[{"href":"https:\/\/lasprimeras.com.do\/index.php\/wp-json\/wp\/v2\/posts"}],"about":[{"href":"https:\/\/lasprimeras.com.do\/index.php\/wp-json\/wp\/v2\/types\/post"}],"author":[{"embeddable":true,"href":"https:\/\/lasprimeras.com.do\/index.php\/wp-json\/wp\/v2\/users\/1"}],"replies":[{"embeddable":true,"href":"https:\/\/lasprimeras.com.do\/index.php\/wp-json\/wp\/v2\/comments?post=51401"}],"version-history":[{"count":0,"href":"https:\/\/lasprimeras.com.do\/index.php\/wp-json\/wp\/v2\/posts\/51401\/revisions"}],"wp:featuredmedia":[{"embeddable":true,"href":"https:\/\/lasprimeras.com.do\/index.php\/wp-json\/"}],"wp:attachment":[{"href":"https:\/\/lasprimeras.com.do\/index.php\/wp-json\/wp\/v2\/media?parent=51401"}],"wp:term":[{"taxonomy":"category","embeddable":true,"href":"https:\/\/lasprimeras.com.do\/index.php\/wp-json\/wp\/v2\/categories?post=51401"},{"taxonomy":"post_tag","embeddable":true,"href":"https:\/\/lasprimeras.com.do\/index.php\/wp-json\/wp\/v2\/tags?post=51401"}],"curies":[{"name":"wp","href":"https:\/\/api.w.org\/{rel}","templated":true}]}}