{"id":51408,"date":"2023-05-30T22:13:38","date_gmt":"2023-05-31T02:13:38","guid":{"rendered":"https:\/\/atento.com.do\/?p=51408"},"modified":"2023-05-30T22:13:38","modified_gmt":"2023-05-31T02:13:38","slug":"ministerio-de-trabajo-invita-a-feria-y-jornada-de-empleo-para-nagua-y-el-distrito-nacional","status":"publish","type":"post","link":"https:\/\/lasprimeras.com.do\/index.php\/2023\/05\/30\/ministerio-de-trabajo-invita-a-feria-y-jornada-de-empleo-para-nagua-y-el-distrito-nacional\/","title":{"rendered":"Ministerio de Trabajo invita a feria y jornada de empleo para Nagua y el Distrito Nacional"},"content":{"rendered":"\n<p>Santo Domingo. El Ministerio de Trabajo en su funci\u00f3n de intermediario de las empresas que necesitan cubrir sus vacantes disponibles, invita a las personas interesadas a participar en la feria de empleo este jueves 1 y viernes 2 de junio en Nagua y el viernes 2 a la jornada de empleo en el Distrito Nacional.<\/p>\n\n\n\n<p>La jornada de empleo en Nagua se realizar\u00e1 en el horario de 9:00 am a 2:00 pm. y la feria de empleo en el Distrito Nacional de 2:00 pm a 3:00 pm.<\/p>\n\n\n\n<p>En Nagua, la misma se llevar\u00e1 a cabo en el recinto de la Universidad Aut\u00f3noma de Santo Domingo, en la Autopista Nagua San Francisco de Macor\u00eds, La Cruz Nagua y en el Distrito Nacional en el Aula Magna de la citada Universidad, Cede Central de la Avenida Alma Mater.<\/p>\n\n\n\n<p>100 vacantes disponen la jornada de Nagua: Como encargados de l\u00edder de tienda, l\u00edder fresco y centro de tienda, l\u00edder de atenci\u00f3n y servicio al cliente, l\u00edder supervisi\u00f3n, atenci\u00f3n y servicio, l\u00edder de recepci\u00f3n de mercanc\u00edas, l\u00edder PCP tienda y encargado cuadre de ventas.<\/p>\n\n\n\n<p>Igual, encargados jr, l\u00edder jr. Centro tienda, l\u00edder jr. Frescos (Carnes, Vegetales, Deli, Panader\u00eda) y coordinador de integridad de g\u00f3ndola.<\/p>\n\n\n\n<p>Como auxiliares de atenci\u00f3n y servicios, auxiliar surtido de tienda, auxiliar recepci\u00f3n de mercanc\u00edas, auxiliar carnicer\u00eda, auxiliar de frutas y vegetales, auxiliar panader\u00eda y rosticer\u00eda, auxiliar de se\u00f1alizaci\u00f3n y gesti\u00f3n de suministro, t\u00e9cnico de mantenimiento II, seguridad de tienda y soporte t\u00e9cnico.<\/p>\n\n\n\n<p>Para la feria del Distrito Nacional hay 200 vacantes como gerente de restaurantes, l\u00edder de turno, l\u00edder de producci\u00f3n, personal de producci\u00f3n y servicio, chofer de cami\u00f3n y ayudante de cami\u00f3n.<\/p>\n\n\n\n<p>Los requisitos para todas las vacantes est\u00e1n detallados en las redes sociales del Ministerio de Trabajo.<\/p>\n\n\n\n<p>El Ministerio de Trabajo aclara que el proceso de reclutamiento depende de cada empresa, algunas de ellas toman un poco m\u00e1s de tiempo, debido a la naturaleza de sus vacantes.<\/p>\n\n\n\n<p>Los interesados favor registrarse en la p\u00e1gina web: rdtrabaja.mt.gob.do o llamar a los tel\u00e9fonos (829) 222-2859 en Nagua y al (809) 784-4335 en el Distrito Nacional.<\/p>\n","protected":false},"excerpt":{"rendered":"<p>Santo Domingo. El Ministerio de Trabajo en su funci\u00f3n de intermediario de las empresas que necesitan cubrir sus vacantes disponibles, invita a las personas interesadas a participar en la feria&hellip;<\/p>\n","protected":false},"author":1,"featured_media":42281,"comment_status":"open","ping_status":"open","sticky":false,"template":"","format":"standard","meta":{"content-type":"","jetpack_post_was_ever_published":false,"_jetpack_newsletter_access":"","_jetpack_dont_email_post_to_subs":false,"_jetpack_newsletter_tier_id":0,"_jetpack_memberships_contains_paywalled_content":false,"_jetpack_memberships_contains_paid_content":false,"footnotes":""},"categories":[39],"tags":[2492,964,1146,281,444,2026,967],"class_list":["post-51408","post","type-post","status-publish","format-standard","has-post-thumbnail","hentry","category-economia","tag-distrito-nacional","tag-empleo","tag-feria","tag-jornada","tag-ministerio","tag-nagua","tag-trabajo"],"jetpack_featured_media_url":"","jetpack-related-posts":[{"id":55800,"url":"https:\/\/lasprimeras.com.do\/index.php\/2023\/07\/25\/ministerio-de-trabajo-invita-a-feria-de-empleo-para-el-distrito-nacional\/","url_meta":{"origin":51408,"position":0},"title":"Ministerio de Trabajo invita a feria de empleo para el Distrito Nacional","author":"Nelson Feliz","date":"25 de julio de 2023","format":false,"excerpt":"El Ministerio de Trabajo en su funci\u00f3n de intermediario de las empresas que necesitan cubrir sus vacantes disponibles, invita a las personas interesadas a participar en la feria de empleo que se realizar\u00e1 este mi\u00e9rcoles 26 de julio para el Distrito Nacional. La misma se llevar\u00e1 a cabo de 9:00\u2026","rel":"","context":"En \u00abECONOM\u00cdA\u00bb","block_context":{"text":"ECONOM\u00cdA","link":"https:\/\/lasprimeras.com.do\/index.php\/category\/economia\/"},"img":{"alt_text":"Ministerio de Trabajo","src":"https:\/\/i0.wp.com\/lasprimeras.com.do\/wp-content\/uploads\/2023\/07\/Ministerio-de-Trabajo.jpg?resize=350%2C200&ssl=1","width":350,"height":200,"srcset":"https:\/\/i0.wp.com\/lasprimeras.com.do\/wp-content\/uploads\/2023\/07\/Ministerio-de-Trabajo.jpg?resize=350%2C200&ssl=1 1x, https:\/\/i0.wp.com\/lasprimeras.com.do\/wp-content\/uploads\/2023\/07\/Ministerio-de-Trabajo.jpg?resize=525%2C300&ssl=1 1.5x, https:\/\/i0.wp.com\/lasprimeras.com.do\/wp-content\/uploads\/2023\/07\/Ministerio-de-Trabajo.jpg?resize=700%2C400&ssl=1 2x"},"classes":[]},{"id":56095,"url":"https:\/\/lasprimeras.com.do\/index.php\/2023\/07\/27\/ministerio-de-trabajo-invita-a-jornada-y-feria-de-empleo-para-puerto-plata-y-mao\/","url_meta":{"origin":51408,"position":1},"title":"Ministerio de Trabajo invita a jornada y feria de empleo para Puerto Plata y Mao\u00a0","author":"Nelson Feliz","date":"27 de julio de 2023","format":false,"excerpt":"El Ministerio de Trabajo en su funci\u00f3n de intermediario de las empresas que necesitan cubrir sus vacantes disponibles, invita a las personas interesadas a participar en la jornada y feria de empleo que se realizar\u00e1n este viernes 28 de julio para Puerto Plata y Mao, Valverde.\u00a0 Ambas ferias se llevar\u00e1n\u2026","rel":"","context":"En \u00abECONOM\u00cdA\u00bb","block_context":{"text":"ECONOM\u00cdA","link":"https:\/\/lasprimeras.com.do\/index.php\/category\/economia\/"},"img":{"alt_text":"Ministerio de Trabajo","src":"https:\/\/i0.wp.com\/lasprimeras.com.do\/wp-content\/uploads\/2023\/07\/Ministerio-de-Trabajo.jpg?resize=350%2C200&ssl=1","width":350,"height":200,"srcset":"https:\/\/i0.wp.com\/lasprimeras.com.do\/wp-content\/uploads\/2023\/07\/Ministerio-de-Trabajo.jpg?resize=350%2C200&ssl=1 1x, https:\/\/i0.wp.com\/lasprimeras.com.do\/wp-content\/uploads\/2023\/07\/Ministerio-de-Trabajo.jpg?resize=525%2C300&ssl=1 1.5x, https:\/\/i0.wp.com\/lasprimeras.com.do\/wp-content\/uploads\/2023\/07\/Ministerio-de-Trabajo.jpg?resize=700%2C400&ssl=1 2x"},"classes":[]},{"id":49281,"url":"https:\/\/lasprimeras.com.do\/index.php\/2023\/05\/09\/ministerio-de-trabajo-invita-a-jornada-de-empleo-para-la-romana-spm-y-bani\/","url_meta":{"origin":51408,"position":2},"title":"Ministerio de Trabajo invita a jornada de empleo para La Romana, SPM y Ban\u00ed","author":"prenxa100","date":"9 de mayo de 2023","format":false,"excerpt":"Santo Domingo. - El Ministerio de Trabajo en su funci\u00f3n de intermediario de las empresas que necesitan cubrir sus vacantes disponibles, invita a las personas interesadas a participar en las ferias de empleo que se realizar\u00e1n este 10 y 11 de mayo, para La Romana y el viernes 12 de\u2026","rel":"","context":"En \u00abECONOM\u00cdA\u00bb","block_context":{"text":"ECONOM\u00cdA","link":"https:\/\/lasprimeras.com.do\/index.php\/category\/economia\/"},"img":{"alt_text":"","src":"","width":0,"height":0},"classes":[]},{"id":65065,"url":"https:\/\/lasprimeras.com.do\/index.php\/2023\/10\/25\/ministerio-de-trabajo-invita-a-ferias-de-empleo-para-veron-spm-y-el-dn\/","url_meta":{"origin":51408,"position":3},"title":"Ministerio de Trabajo invita a ferias de empleo para Ver\u00f3n, SPM y el DN","author":"Nelson Feliz","date":"25 de octubre de 2023","format":false,"excerpt":"El Ministerio de Trabajo en su funci\u00f3n de intermediario de las empresas que necesitan cubrir sus vacantes disponibles, invita a las personas interesadas a participar en las ferias de empleo que se realizar\u00e1n este jueves 26 de octubre de 2023 en Ver\u00f3n, Hig\u00fcey; y el viernes 27 en San Pedro\u2026","rel":"","context":"En \u00abECONOM\u00cdA\u00bb","block_context":{"text":"ECONOM\u00cdA","link":"https:\/\/lasprimeras.com.do\/index.php\/category\/economia\/"},"img":{"alt_text":"Ministerio de Trabajo","src":"https:\/\/i0.wp.com\/lasprimeras.com.do\/wp-content\/uploads\/2023\/07\/Ministerio-de-Trabajo.jpg?resize=350%2C200&ssl=1","width":350,"height":200,"srcset":"https:\/\/i0.wp.com\/lasprimeras.com.do\/wp-content\/uploads\/2023\/07\/Ministerio-de-Trabajo.jpg?resize=350%2C200&ssl=1 1x, https:\/\/i0.wp.com\/lasprimeras.com.do\/wp-content\/uploads\/2023\/07\/Ministerio-de-Trabajo.jpg?resize=525%2C300&ssl=1 1.5x, https:\/\/i0.wp.com\/lasprimeras.com.do\/wp-content\/uploads\/2023\/07\/Ministerio-de-Trabajo.jpg?resize=700%2C400&ssl=1 2x"},"classes":[]},{"id":87931,"url":"https:\/\/lasprimeras.com.do\/index.php\/2024\/08\/19\/ministro-de-trabajo-invita-a-jornadas-de-empleo-para-empresa-de-cruceros-en-la-romana-dn-y-puerto-plata\/","url_meta":{"origin":51408,"position":4},"title":"Ministro de Trabajo invita a jornadas de empleo para empresa de cruceros en La Romana, DN y Puerto Plata","author":"Nelson Feliz","date":"19 de agosto de 2024","format":false,"excerpt":"El Ministerio de Trabajo en su funci\u00f3n de intermediario de las empresas que necesitan cubrir sus vacantes disponibles, invita a las personas interesadas a participar en las jornadas de empleo para una empresa de cruceros, este mi\u00e9rcoles 21 de agosto del 2024, jueves 22 y viernes 23, en La Romana,\u2026","rel":"","context":"En \u00abECONOM\u00cdA\u00bb","block_context":{"text":"ECONOM\u00cdA","link":"https:\/\/lasprimeras.com.do\/index.php\/category\/economia\/"},"img":{"alt_text":"Ministerio de Trabajo","src":"https:\/\/i0.wp.com\/lasprimeras.com.do\/wp-content\/uploads\/2023\/07\/Ministerio-de-Trabajo.jpg?resize=350%2C200&ssl=1","width":350,"height":200,"srcset":"https:\/\/i0.wp.com\/lasprimeras.com.do\/wp-content\/uploads\/2023\/07\/Ministerio-de-Trabajo.jpg?resize=350%2C200&ssl=1 1x, https:\/\/i0.wp.com\/lasprimeras.com.do\/wp-content\/uploads\/2023\/07\/Ministerio-de-Trabajo.jpg?resize=525%2C300&ssl=1 1.5x, https:\/\/i0.wp.com\/lasprimeras.com.do\/wp-content\/uploads\/2023\/07\/Ministerio-de-Trabajo.jpg?resize=700%2C400&ssl=1 2x"},"classes":[]},{"id":56863,"url":"https:\/\/lasprimeras.com.do\/index.php\/2023\/08\/06\/roberto-angel-inaugura-paseo-de-los-colores-en-nagua-mas-de-mil-metros-cuadrados-de-arte-publico\/","url_meta":{"origin":51408,"position":5},"title":"Roberto \u00c1ngel inaugura \u201cPaseo de los Colores\u201d en Nagua; m\u00e1s de mil metros cuadrados de arte p\u00fablico","author":"Nelson Feliz","date":"6 de agosto de 2023","format":false,"excerpt":"El director general de Proyectos Estrat\u00e9gicos y Especiales de la Presidencia, Roberto \u00c1ngel Salcedo, inaugur\u00f3 este domingo el Paseo de los Colores RD en el barrio Las 500s, de este municipio, como parte del Programa \"Dominicana Cultural y Creativa\", que desarrolla la instituci\u00f3n en distintas localidades del pa\u00eds. Al entregar\u2026","rel":"","context":"En \u00abNACIONALES\u00bb","block_context":{"text":"NACIONALES","link":"https:\/\/lasprimeras.com.do\/index.php\/category\/nacionales\/"},"img":{"alt_text":"Roberto \u00c1ngel Salcedo","src":"https:\/\/i0.wp.com\/lasprimeras.com.do\/wp-content\/uploads\/2023\/08\/Roberto-Angel-Salcedo-1.jpg?resize=350%2C200&ssl=1","width":350,"height":200,"srcset":"https:\/\/i0.wp.com\/lasprimeras.com.do\/wp-content\/uploads\/2023\/08\/Roberto-Angel-Salcedo-1.jpg?resize=350%2C200&ssl=1 1x, https:\/\/i0.wp.com\/lasprimeras.com.do\/wp-content\/uploads\/2023\/08\/Roberto-Angel-Salcedo-1.jpg?resize=525%2C300&ssl=1 1.5x, https:\/\/i0.wp.com\/lasprimeras.com.do\/wp-content\/uploads\/2023\/08\/Roberto-Angel-Salcedo-1.jpg?resize=700%2C400&ssl=1 2x"},"classes":[]}],"jetpack_sharing_enabled":true,"_links":{"self":[{"href":"https:\/\/lasprimeras.com.do\/index.php\/wp-json\/wp\/v2\/posts\/51408","targetHints":{"allow":["GET"]}}],"collection":[{"href":"https:\/\/lasprimeras.com.do\/index.php\/wp-json\/wp\/v2\/posts"}],"about":[{"href":"https:\/\/lasprimeras.com.do\/index.php\/wp-json\/wp\/v2\/types\/post"}],"author":[{"embeddable":true,"href":"https:\/\/lasprimeras.com.do\/index.php\/wp-json\/wp\/v2\/users\/1"}],"replies":[{"embeddable":true,"href":"https:\/\/lasprimeras.com.do\/index.php\/wp-json\/wp\/v2\/comments?post=51408"}],"version-history":[{"count":0,"href":"https:\/\/lasprimeras.com.do\/index.php\/wp-json\/wp\/v2\/posts\/51408\/revisions"}],"wp:featuredmedia":[{"embeddable":true,"href":"https:\/\/lasprimeras.com.do\/index.php\/wp-json\/"}],"wp:attachment":[{"href":"https:\/\/lasprimeras.com.do\/index.php\/wp-json\/wp\/v2\/media?parent=51408"}],"wp:term":[{"taxonomy":"category","embeddable":true,"href":"https:\/\/lasprimeras.com.do\/index.php\/wp-json\/wp\/v2\/categories?post=51408"},{"taxonomy":"post_tag","embeddable":true,"href":"https:\/\/lasprimeras.com.do\/index.php\/wp-json\/wp\/v2\/tags?post=51408"}],"curies":[{"name":"wp","href":"https:\/\/api.w.org\/{rel}","templated":true}]}}