{"id":51410,"date":"2023-05-30T22:18:25","date_gmt":"2023-05-31T02:18:25","guid":{"rendered":"https:\/\/atento.com.do\/?p=51410"},"modified":"2023-05-30T22:18:25","modified_gmt":"2023-05-31T02:18:25","slug":"el-bid-organiza-cuarta-reunion-de-la-red-fintechlac","status":"publish","type":"post","link":"https:\/\/lasprimeras.com.do\/index.php\/2023\/05\/30\/el-bid-organiza-cuarta-reunion-de-la-red-fintechlac\/","title":{"rendered":"El BID organiza cuarta reuni\u00f3n de la Red FintechLAC"},"content":{"rendered":"\n<p><strong>Santo Domingo.-. <\/strong>Reguladores financieros, asociaciones y c\u00e1maras fintech y el ecosistema fintech de Am\u00e9rica Latina y el Caribe se reunir\u00e1n el 7 y 8 de junio de 2023 en Washington D.C. para discutir las \u00faltimas tendencias e innovaciones en la industria durante la cuarta reuni\u00f3n de la Red FintechLAC.<\/p>\n\n\n\n<p>El evento, que se llamar\u00e1 &#8220;Construyendo un ecosistema Fintech para la inclusi\u00f3n financiera&#8221;, estar\u00e1 abierto en l\u00ednea para periodistas y otras audiencias. Los interesados en participar pueden inscribirse a trav\u00e9s de este enlace.<\/p>\n\n\n\n<p>Participar\u00e1n responsables pol\u00edticos, funcionarios p\u00fablicos, representantes del sector privado y expertos internacionales de la industria fintech y la academia.<\/p>\n\n\n\n<p>La agenda incluir\u00e1 debates sobre finanzas abiertas e inclusi\u00f3n financiera, criptoactivos, monedas digitales de los bancos centrales (CBDC), innovaciones regulatorias como entornos de prueba (sandboxes) regulatorios y centros de innovaci\u00f3n, y Suptech y Regtech.<\/p>\n\n\n\n<p>FintechLAC es el primer grupo p\u00fablico-privado de fintech en Am\u00e9rica Latina y el Caribe.<\/p>\n\n\n\n<p>Financiado por el Banco Interamericano de Desarrollo (BID), este grupo incluye reguladores y supervisores financieros y asociaciones y c\u00e1maras fintech de la regi\u00f3n.<\/p>\n\n\n\n<p>FintechLAC busca apoyar el desarrollo, consolidaci\u00f3n e integraci\u00f3n de las finanzas digitales en Am\u00e9rica Latina y el Caribe mediante la promoci\u00f3n de pol\u00edticas y regulaciones, y el fortalecimiento institucional de los actores del ecosistema.<\/p>\n\n\n\n<ul class=\"wp-block-list\">\n<li>QU\u00c9: Cuarta reuni\u00f3n de la Red FintechLAC: &#8220;Construyendo un ecosistema Fintech para la inclusi\u00f3n financiera&#8221;.<\/li>\n\n\n\n<li>CU\u00c1NDO: 7 y 8 de junio de 2023.<\/li>\n\n\n\n<li>D\u00d3NDE: Sede del Banco Interamericano de Desarrollo y por internet.<\/li>\n\n\n\n<li>QUI\u00c9NES:<br>\u2022 Miguel D\u00edaz. Director del InnovationHub para las Am\u00e9ricas del BIS<br>\u2022 In\u00e9s P\u00e1ez. Jefa del Departamento de Innovaci\u00f3n e Inclusi\u00f3n Financiera de la Superintendencia de Bancos de la Rep\u00fablica Dominicana y Presidenta del Comit\u00e9 Ejecutivo de FintechLAC<br>\u2022 Mario Andr\u00e9s Lopez. Presidente, Fintech Iberoam\u00e9rica y Representante del Sector Fintech de Am\u00e9rica Latina y el Caribe<br>\u2022 Hanna Schiuma. Chief Growth Officer, Callao<br>\u2022 Peter Renton. Cofundador y Presidente de Fintech Nexus<br>\u2022 Diego Perez. Presidente, ABFintechs, Brasil<br>\u2022 Susana Cordeiro Guerra. Gerente del Sector de Instituciones para el Desarrollo del BID.<\/li>\n<\/ul>\n\n\n\n<p>En esta agenda podr\u00e1 ver la lista completa de oradores.<\/p>\n","protected":false},"excerpt":{"rendered":"<p>Santo Domingo.-. Reguladores financieros, asociaciones y c\u00e1maras fintech y el ecosistema fintech de Am\u00e9rica Latina y el Caribe se reunir\u00e1n el 7 y 8 de junio de 2023 en Washington&hellip;<\/p>\n","protected":false},"author":1,"featured_media":51411,"comment_status":"open","ping_status":"open","sticky":false,"template":"","format":"standard","meta":{"content-type":"","jetpack_post_was_ever_published":false,"_jetpack_newsletter_access":"","_jetpack_dont_email_post_to_subs":false,"_jetpack_newsletter_tier_id":0,"_jetpack_memberships_contains_paywalled_content":false,"_jetpack_memberships_contains_paid_content":false,"footnotes":""},"categories":[39],"tags":[2694],"class_list":["post-51410","post","type-post","status-publish","format-standard","has-post-thumbnail","hentry","category-economia","tag-fintechlac"],"jetpack_featured_media_url":"","jetpack-related-posts":[{"id":101711,"url":"https:\/\/lasprimeras.com.do\/index.php\/2025\/06\/25\/la-inclusion-financiera-y-los-riesgos-digitales\/","url_meta":{"origin":51410,"position":0},"title":"La inclusi\u00f3n financiera y los riesgos digitales","author":"Nelson Feliz","date":"25 de junio de 2025","format":false,"excerpt":"El 96% de los dominicanos cree que el acceso al cr\u00e9dito es importante. Un 43% abandona sus solicitudes en l\u00ednea de productos financieros o de seguros, debido a la falta de confianza en la seguridad o a las aplicaciones complejas. En un mundo cada vez m\u00e1s digitalizado, la inclusi\u00f3n financiera\u2026","rel":"","context":"En \u00abECONOM\u00cdA\u00bb","block_context":{"text":"ECONOM\u00cdA","link":"https:\/\/lasprimeras.com.do\/index.php\/category\/economia\/"},"img":{"alt_text":"","src":"https:\/\/i0.wp.com\/lasprimeras.com.do\/wp-content\/uploads\/2025\/06\/UNA-1.jpg?resize=350%2C200&ssl=1","width":350,"height":200},"classes":[]},{"id":114760,"url":"https:\/\/lasprimeras.com.do\/index.php\/2025\/11\/17\/la-banca-digital-y-las-fintech-ganan-terreno-en-republica-dominicana-segun-reporte-de-consumer-pulse\/","url_meta":{"origin":51410,"position":1},"title":"La banca digital y las fintech ganan terreno en Rep\u00fablica Dominicana, seg\u00fan reporte de Consumer Pulse","author":"Nelson Feliz","date":"17 de noviembre de 2025","format":false,"excerpt":"M\u00e1s de la mitad de la poblaci\u00f3n dominicana (60%) est\u00e1 dispuesta a solicitar productos financieros a trav\u00e9s de canales digitales, incluyendo fintechs y neobancos, seg\u00fan los resultados del reciente Estudio Consumer Pulse de TransUnion del segundo trimestre de 2025. Este reporte revela que hay una creciente apertura hacia alternativas financieras\u2026","rel":"","context":"En \u00abECONOM\u00cdA\u00bb","block_context":{"text":"ECONOM\u00cdA","link":"https:\/\/lasprimeras.com.do\/index.php\/category\/economia\/"},"img":{"alt_text":"","src":"https:\/\/i0.wp.com\/lasprimeras.com.do\/wp-content\/uploads\/2025\/11\/banca-digital.jpg?resize=350%2C200&ssl=1","width":350,"height":200,"srcset":"https:\/\/i0.wp.com\/lasprimeras.com.do\/wp-content\/uploads\/2025\/11\/banca-digital.jpg?resize=350%2C200&ssl=1 1x, https:\/\/i0.wp.com\/lasprimeras.com.do\/wp-content\/uploads\/2025\/11\/banca-digital.jpg?resize=525%2C300&ssl=1 1.5x, https:\/\/i0.wp.com\/lasprimeras.com.do\/wp-content\/uploads\/2025\/11\/banca-digital.jpg?resize=700%2C400&ssl=1 2x"},"classes":[]},{"id":110137,"url":"https:\/\/lasprimeras.com.do\/index.php\/2025\/09\/23\/sb-adofintech-y-el-hub-de-innovacion-financiera-promueven-finanzas-abiertas-para-aumentar-la-inclusion-y-la-innovacion\/","url_meta":{"origin":51410,"position":2},"title":"SB, Adofintech y el Hub de Innovaci\u00f3n Financiera promueven finanzas abiertas para aumentar la inclusi\u00f3n y la innovaci\u00f3n","author":"Nelson Feliz","date":"23 de septiembre de 2025","format":false,"excerpt":"Las finanzas abiertas tienen el potencial de fomentar la innovaci\u00f3n en el sistema financiero, favorecer la inclusi\u00f3n de la poblaci\u00f3n y estimular el desarrollo econ\u00f3mico. La Superintendencia de Bancos (SB), la Asociaci\u00f3n Dominicana de Empresas Fintech (Adofintech) y el Hub de Innovaci\u00f3n Financiera realizaron el III Foro Open Banking de\u2026","rel":"","context":"En \u00abECONOM\u00cdA\u00bb","block_context":{"text":"ECONOM\u00cdA","link":"https:\/\/lasprimeras.com.do\/index.php\/category\/economia\/"},"img":{"alt_text":"","src":"https:\/\/i0.wp.com\/lasprimeras.com.do\/wp-content\/uploads\/2025\/09\/banca-abierta.jpg?resize=350%2C200&ssl=1","width":350,"height":200,"srcset":"https:\/\/i0.wp.com\/lasprimeras.com.do\/wp-content\/uploads\/2025\/09\/banca-abierta.jpg?resize=350%2C200&ssl=1 1x, https:\/\/i0.wp.com\/lasprimeras.com.do\/wp-content\/uploads\/2025\/09\/banca-abierta.jpg?resize=525%2C300&ssl=1 1.5x, https:\/\/i0.wp.com\/lasprimeras.com.do\/wp-content\/uploads\/2025\/09\/banca-abierta.jpg?resize=700%2C400&ssl=1 2x"},"classes":[]},{"id":108747,"url":"https:\/\/lasprimeras.com.do\/index.php\/2025\/09\/10\/mio-banreservas-lanza-una-pieza-clave-su-credencial-mastercard-para-potenciar-inclusion-financiera\/","url_meta":{"origin":51410,"position":3},"title":"MIO Banreservas lanza una pieza clave: su credencial Mastercard para potenciar inclusi\u00f3n financiera","author":"Nelson Feliz","date":"10 de septiembre de 2025","format":false,"excerpt":"Esta alianza estrat\u00e9gica permite a los usuarios disfrutar de una experiencia de pago m\u00e1s flexible. MIO, la innovadora fintech l\u00edder en inclusi\u00f3n financiera en Rep\u00fablica Dominicana, anuncia la expansi\u00f3n de su portafolio con la incorporaci\u00f3n de la credencial de pago Mastercard a su cuenta digital o de pago electr\u00f3nico MIO\u2026","rel":"","context":"En \u00abECONOM\u00cdA\u00bb","block_context":{"text":"ECONOM\u00cdA","link":"https:\/\/lasprimeras.com.do\/index.php\/category\/economia\/"},"img":{"alt_text":"","src":"https:\/\/i0.wp.com\/lasprimeras.com.do\/wp-content\/uploads\/2025\/09\/Ejecutivos-de-MIO-Banreservas-y-Mastercard-en-la-firma-del-acuerdo.jpg?resize=350%2C200&ssl=1","width":350,"height":200,"srcset":"https:\/\/i0.wp.com\/lasprimeras.com.do\/wp-content\/uploads\/2025\/09\/Ejecutivos-de-MIO-Banreservas-y-Mastercard-en-la-firma-del-acuerdo.jpg?resize=350%2C200&ssl=1 1x, https:\/\/i0.wp.com\/lasprimeras.com.do\/wp-content\/uploads\/2025\/09\/Ejecutivos-de-MIO-Banreservas-y-Mastercard-en-la-firma-del-acuerdo.jpg?resize=525%2C300&ssl=1 1.5x, https:\/\/i0.wp.com\/lasprimeras.com.do\/wp-content\/uploads\/2025\/09\/Ejecutivos-de-MIO-Banreservas-y-Mastercard-en-la-firma-del-acuerdo.jpg?resize=700%2C400&ssl=1 2x"},"classes":[]},{"id":125103,"url":"https:\/\/lasprimeras.com.do\/index.php\/2026\/03\/19\/banreservas-mio-y-ria-money-transfer-anuncian-alianza-para-fortalecer-remesas-e-inclusion-financiera-en-republica-dominicana\/","url_meta":{"origin":51410,"position":4},"title":"Banreservas, MIO y Ria Money Transfer anuncian alianza para fortalecer remesas e inclusi\u00f3n financiera en Rep\u00fablica Dominicana","author":"Nelson Feliz","date":"19 de marzo de 2026","format":false,"excerpt":"La iniciativa impulsa la digitalizaci\u00f3n de los pagos y ampl\u00eda el acceso a servicios financieros Nueva York.- El Banco de Reservas de la Rep\u00fablica Dominicana, MIO, S.A.S. y Ria Money Transfer anunciaron la firma de una alianza estrat\u00e9gica orientada a fortalecer y modernizar los servicios de env\u00edo y recepci\u00f3n de\u2026","rel":"","context":"En \u00abECONOM\u00cdA\u00bb","block_context":{"text":"ECONOM\u00cdA","link":"https:\/\/lasprimeras.com.do\/index.php\/category\/economia\/"},"img":{"alt_text":"","src":"https:\/\/i0.wp.com\/lasprimeras.com.do\/wp-content\/uploads\/2026\/03\/IMG-20260319-WA0489-scaled.jpg?resize=350%2C200&ssl=1","width":350,"height":200,"srcset":"https:\/\/i0.wp.com\/lasprimeras.com.do\/wp-content\/uploads\/2026\/03\/IMG-20260319-WA0489-scaled.jpg?resize=350%2C200&ssl=1 1x, https:\/\/i0.wp.com\/lasprimeras.com.do\/wp-content\/uploads\/2026\/03\/IMG-20260319-WA0489-scaled.jpg?resize=525%2C300&ssl=1 1.5x, https:\/\/i0.wp.com\/lasprimeras.com.do\/wp-content\/uploads\/2026\/03\/IMG-20260319-WA0489-scaled.jpg?resize=700%2C400&ssl=1 2x, https:\/\/i0.wp.com\/lasprimeras.com.do\/wp-content\/uploads\/2026\/03\/IMG-20260319-WA0489-scaled.jpg?resize=1050%2C600&ssl=1 3x, https:\/\/i0.wp.com\/lasprimeras.com.do\/wp-content\/uploads\/2026\/03\/IMG-20260319-WA0489-scaled.jpg?resize=1400%2C800&ssl=1 4x"},"classes":[]},{"id":113112,"url":"https:\/\/lasprimeras.com.do\/index.php\/2025\/10\/30\/superintendente-de-bancos-destaca-avances-de-la-banca-digital-dominicana-en-madrid\/","url_meta":{"origin":51410,"position":5},"title":"Superintendente de Bancos destaca avances de la banca digital Dominicana, en Madrid","author":"Nelson Feliz","date":"30 de octubre de 2025","format":false,"excerpt":"Alejandro Fern\u00e1ndez W. pronunci\u00f3 una conferencia tras la inauguraci\u00f3n de la Semana Dominicana en Espa\u00f1a. Madrid, Espa\u00f1a.- El superintendente de Bancos (SB), Alejandro Fern\u00e1ndez W., destac\u00f3 los significativos avances del pa\u00eds en materia de banca digital, regulaci\u00f3n habilitadora y estabilidad del sistema financiero. Fern\u00e1ndez W. se refiri\u00f3 al tema este\u2026","rel":"","context":"En \u00abECONOM\u00cdA\u00bb","block_context":{"text":"ECONOM\u00cdA","link":"https:\/\/lasprimeras.com.do\/index.php\/category\/economia\/"},"img":{"alt_text":"Alejandro Fern\u00e1ndez W.","src":"https:\/\/i0.wp.com\/lasprimeras.com.do\/wp-content\/uploads\/2025\/10\/Alejandro-Fernandez-W.jpg?resize=350%2C200&ssl=1","width":350,"height":200,"srcset":"https:\/\/i0.wp.com\/lasprimeras.com.do\/wp-content\/uploads\/2025\/10\/Alejandro-Fernandez-W.jpg?resize=350%2C200&ssl=1 1x, https:\/\/i0.wp.com\/lasprimeras.com.do\/wp-content\/uploads\/2025\/10\/Alejandro-Fernandez-W.jpg?resize=525%2C300&ssl=1 1.5x, https:\/\/i0.wp.com\/lasprimeras.com.do\/wp-content\/uploads\/2025\/10\/Alejandro-Fernandez-W.jpg?resize=700%2C400&ssl=1 2x"},"classes":[]}],"jetpack_sharing_enabled":true,"_links":{"self":[{"href":"https:\/\/lasprimeras.com.do\/index.php\/wp-json\/wp\/v2\/posts\/51410","targetHints":{"allow":["GET"]}}],"collection":[{"href":"https:\/\/lasprimeras.com.do\/index.php\/wp-json\/wp\/v2\/posts"}],"about":[{"href":"https:\/\/lasprimeras.com.do\/index.php\/wp-json\/wp\/v2\/types\/post"}],"author":[{"embeddable":true,"href":"https:\/\/lasprimeras.com.do\/index.php\/wp-json\/wp\/v2\/users\/1"}],"replies":[{"embeddable":true,"href":"https:\/\/lasprimeras.com.do\/index.php\/wp-json\/wp\/v2\/comments?post=51410"}],"version-history":[{"count":0,"href":"https:\/\/lasprimeras.com.do\/index.php\/wp-json\/wp\/v2\/posts\/51410\/revisions"}],"wp:featuredmedia":[{"embeddable":true,"href":"https:\/\/lasprimeras.com.do\/index.php\/wp-json\/"}],"wp:attachment":[{"href":"https:\/\/lasprimeras.com.do\/index.php\/wp-json\/wp\/v2\/media?parent=51410"}],"wp:term":[{"taxonomy":"category","embeddable":true,"href":"https:\/\/lasprimeras.com.do\/index.php\/wp-json\/wp\/v2\/categories?post=51410"},{"taxonomy":"post_tag","embeddable":true,"href":"https:\/\/lasprimeras.com.do\/index.php\/wp-json\/wp\/v2\/tags?post=51410"}],"curies":[{"name":"wp","href":"https:\/\/api.w.org\/{rel}","templated":true}]}}