{"id":51422,"date":"2023-05-31T06:49:37","date_gmt":"2023-05-31T10:49:37","guid":{"rendered":"https:\/\/atento.com.do\/?p=51422"},"modified":"2023-05-31T06:49:37","modified_gmt":"2023-05-31T10:49:37","slug":"policia-balea-en-el-pecho-a-nino-de-11-anos-en-eeuu","status":"publish","type":"post","link":"https:\/\/lasprimeras.com.do\/index.php\/2023\/05\/31\/policia-balea-en-el-pecho-a-nino-de-11-anos-en-eeuu\/","title":{"rendered":"Polic\u00eda balea en el pecho a ni\u00f1o de 11 a\u00f1os en EEUU"},"content":{"rendered":"\n<p><strong>Mississippi.-.<\/strong>Un ni\u00f1o de 11 a\u00f1os que llam\u00f3 a la polic\u00eda de Mississippi para que ayudara a su familia y luego fue baleado por un agente dijo que la bala que le perfor\u00f3 el pulm\u00f3n se sinti\u00f3 \u201ccomo un fuerte golpe en el pecho\u201d.<\/p>\n\n\n\n<p>\u201cDe verdad pens\u00e9 que iba a morir\u201d, coment\u00f3 Aderrien Murry al programa televisivo \u201cGood Morning America\u201d en una entrevista que se transmiti\u00f3 el martes.<\/p>\n\n\n\n<p>El incidente ocurri\u00f3 el 20 de mayo en Indianola, una localidad de unos 9.300 habitantes en la zona rural de Mississippi, a unos 153 kil\u00f3metros (95 millas) al noroeste de la capital Jackson.<\/p>\n\n\n\n<p>La madre de Aderrien, Nakala Murry, present\u00f3 una demanda federal el martes contra Indianola, el jefe de la polic\u00eda de la localidad y el agente acusado de balear a su hijo. La querella, que busca al menos 5 millones de d\u00f3lares, se\u00f1ala que Indianola no capacit\u00f3 como era debido al agente y que este us\u00f3 fuerza excesiva.<\/p>\n\n\n\n<p>Nakala Murry le pidi\u00f3 a su hijo que llamara a la polic\u00eda a las 4 de la madrugada, cuando el padre de uno de sus otros hijos se present\u00f3 en su vivienda, coment\u00f3 Carlos Moore, abogado de la familia Murry, a The Associated Press la semana pasada. Moore dijo que el hombre estaba furioso y Nakala Murry se sinti\u00f3 amenazada.<\/p>\n\n\n\n<p>Moore se\u00f1al\u00f3 que dos polic\u00edas acudieron a la residencia, y uno de ellos pate\u00f3 y derrib\u00f3 la puerta principal antes de que Nakala Murry la abriera. La mujer les dijo que el hombre que hab\u00eda causado el alboroto se hab\u00eda ido, pero que hab\u00eda tres ni\u00f1os dentro de la casa, de acuerdo con Moore.<\/p>\n\n\n\n<p>El abogado a\u00f1adi\u00f3 que Nakala Murry le dijo que el sargento Greg Capers, quien es de raza negra, comenz\u00f3 a gritar y dijo que cualquiera que estuviera dentro de la casa deb\u00eda salir con las manos levantadas.<\/p>\n\n\n\n<p>Moore dijo que Aderrien, quien tambi\u00e9n es negro, camin\u00f3 a la sala sin nada en las manos, y Capers le dispar\u00f3 en el pecho.<\/p>\n\n\n\n<p>\u201cSal\u00ed haciendo esto\u201d, coment\u00f3 Aderrien a \u201cGood Morning America\u201d mientras ten\u00eda las manos levantadas. Dijo que le sali\u00f3 sangre de la boca tras haber sido baleado.<\/p>\n\n\n\n<p>Aderrien Murry estuvo hospitalizado cinco d\u00edas por colapso pulmonar, laceraci\u00f3n hep\u00e1tica y fractura de costillas, seg\u00fan Moore.<\/p>\n\n\n\n<p>\u201cDios fue el que salv\u00f3 mi vida\u201d, coment\u00f3 Aderrien al programa. \u201cY de verdad creo eso\u201d.<\/p>\n","protected":false},"excerpt":{"rendered":"<p>Mississippi.-.Un ni\u00f1o de 11 a\u00f1os que llam\u00f3 a la polic\u00eda de Mississippi para que ayudara a su familia y luego fue baleado por un agente dijo que la bala que&hellip;<\/p>\n","protected":false},"author":1,"featured_media":43479,"comment_status":"open","ping_status":"open","sticky":false,"template":"","format":"standard","meta":{"content-type":"","jetpack_post_was_ever_published":false,"_jetpack_newsletter_access":"","_jetpack_dont_email_post_to_subs":false,"_jetpack_newsletter_tier_id":0,"_jetpack_memberships_contains_paywalled_content":false,"_jetpack_memberships_contains_paid_content":false,"footnotes":""},"categories":[1],"tags":[2698,206,498,2699,48],"class_list":["post-51422","post","type-post","status-publish","format-standard","has-post-thumbnail","hentry","category-sin-categoria","tag-balea","tag-ee-uu","tag-nino","tag-pecho","tag-policia"],"jetpack_featured_media_url":"","jetpack-related-posts":[{"id":57393,"url":"https:\/\/lasprimeras.com.do\/index.php\/2023\/08\/11\/sargento-pn-y-presunto-delincuente-mueren-en-intercambio-de-disparos-en-sabana-perdida\/","url_meta":{"origin":51422,"position":0},"title":"Sargento PN y presunto delincuente mueren en intercambio de disparos en Sabana Perdida","author":"Nelson Feliz","date":"11 de agosto de 2023","format":false,"excerpt":"Un sargento de la Polic\u00eda Nacional (PN) y un presunto delincuente resultaron muertos en un enfrentamiento a tiros en Sabana Perdida, Santo Domingo Norte. El sargento fue identificado como Franco Mel\u00e9ndez M\u00e9ndez, de 38 a\u00f1os, quien falleci\u00f3 la ma\u00f1ana del jueves mientras recib\u00eda atenciones m\u00e9dicas como consecuencia de herida de\u2026","rel":"","context":"En \u00abMILITARES\u00bb","block_context":{"text":"MILITARES","link":"https:\/\/lasprimeras.com.do\/index.php\/category\/militares\/"},"img":{"alt_text":"Tres hombres fueron asesinados la madrugada de este martes a balazos en el barrio Campeche","src":"https:\/\/i0.wp.com\/lasprimeras.com.do\/wp-content\/uploads\/2023\/07\/bala.jpg?resize=350%2C200&ssl=1","width":350,"height":200,"srcset":"https:\/\/i0.wp.com\/lasprimeras.com.do\/wp-content\/uploads\/2023\/07\/bala.jpg?resize=350%2C200&ssl=1 1x, https:\/\/i0.wp.com\/lasprimeras.com.do\/wp-content\/uploads\/2023\/07\/bala.jpg?resize=525%2C300&ssl=1 1.5x, https:\/\/i0.wp.com\/lasprimeras.com.do\/wp-content\/uploads\/2023\/07\/bala.jpg?resize=700%2C400&ssl=1 2x"},"classes":[]},{"id":92102,"url":"https:\/\/lasprimeras.com.do\/index.php\/2024\/12\/29\/tornados-azotan-texas-y-mississippi-hay-2-muertos-y-6-heridos\/","url_meta":{"origin":51422,"position":1},"title":"Tornados azotan Texas y Mississippi; hay 2 muertos y 6 heridos","author":"Nelson Feliz","date":"29 de diciembre de 2024","format":false,"excerpt":"HOUSTON (AP) \u2014 Un fuerte sistema de tormentas amenazaba con generar m\u00e1s tornados en el sureste de Estados Unidos el domingo, un d\u00eda despu\u00e9s de que el clima severo cobr\u00f3 al menos dos vidas en Texas y Mississippi. Se espera que las fuertes tormentas que se desplazan por el sureste\u2026","rel":"","context":"En \u00abINTERNACIONALES\u00bb","block_context":{"text":"INTERNACIONALES","link":"https:\/\/lasprimeras.com.do\/index.php\/category\/sin-categoria\/internacionales\/"},"img":{"alt_text":"","src":"https:\/\/i0.wp.com\/lasprimeras.com.do\/wp-content\/uploads\/2024\/12\/tornados.png?resize=350%2C200&ssl=1","width":350,"height":200,"srcset":"https:\/\/i0.wp.com\/lasprimeras.com.do\/wp-content\/uploads\/2024\/12\/tornados.png?resize=350%2C200&ssl=1 1x, https:\/\/i0.wp.com\/lasprimeras.com.do\/wp-content\/uploads\/2024\/12\/tornados.png?resize=525%2C300&ssl=1 1.5x, https:\/\/i0.wp.com\/lasprimeras.com.do\/wp-content\/uploads\/2024\/12\/tornados.png?resize=700%2C400&ssl=1 2x"},"classes":[]},{"id":50688,"url":"https:\/\/lasprimeras.com.do\/index.php\/2023\/05\/23\/juez-federal-extiende-suspension-temporal-de-jueces-designados-en-la-capital-de-mississippi\/","url_meta":{"origin":51422,"position":2},"title":"Juez federal extiende suspensi\u00f3n temporal de jueces designados en la capital de Mississippi","author":"prenxa100","date":"23 de mayo de 2023","format":false,"excerpt":"Por EMILY WAGSTER PETTUS JACKSON, Mississippi, EE.UU. (AP) \u2014 Un juez federal extendi\u00f3 el lunes su orden que impide temporalmente que el presidente del Tribunal Supremo de Mississippi nombre jueces en la ciudad capital de Jackson y el condado donde se encuentra, ambos de mayor\u00eda negra. La nueva orden del\u2026","rel":"","context":"En \u00abSin categor\u00eda\u00bb","block_context":{"text":"Sin categor\u00eda","link":"https:\/\/lasprimeras.com.do\/index.php\/category\/sin-categoria\/"},"img":{"alt_text":"","src":"","width":0,"height":0},"classes":[]},{"id":93734,"url":"https:\/\/lasprimeras.com.do\/index.php\/2025\/02\/19\/el-vicegobernador-de-mississippi-se-desploma-en-el-pleno-del-senado\/","url_meta":{"origin":51422,"position":3},"title":"El vicegobernador de Mississippi se desploma en el pleno del Senado","author":"Nelson Feliz","date":"19 de febrero de 2025","format":false,"excerpt":"JACKSON, Mississippi, EE.UU. (AP) \u2014 El vicegobernador de Mississippi, Delbert Hosemann, se desplom\u00f3 en el pleno del Senado estatal el mi\u00e9rcoles, horas m\u00e1s tarde difundi\u00f3 un comunicado en el que destac\u00f3 que se encontraba deshidratado. Un video tomado en la c\u00e1mara del Senado mostr\u00f3 al vicegobernador de pie en un\u2026","rel":"","context":"En \u00abINTERNACIONALES\u00bb","block_context":{"text":"INTERNACIONALES","link":"https:\/\/lasprimeras.com.do\/index.php\/category\/sin-categoria\/internacionales\/"},"img":{"alt_text":"","src":"https:\/\/i0.wp.com\/lasprimeras.com.do\/wp-content\/uploads\/2025\/02\/Delbert-Hosemann.jpg?resize=350%2C200&ssl=1","width":350,"height":200,"srcset":"https:\/\/i0.wp.com\/lasprimeras.com.do\/wp-content\/uploads\/2025\/02\/Delbert-Hosemann.jpg?resize=350%2C200&ssl=1 1x, https:\/\/i0.wp.com\/lasprimeras.com.do\/wp-content\/uploads\/2025\/02\/Delbert-Hosemann.jpg?resize=525%2C300&ssl=1 1.5x, https:\/\/i0.wp.com\/lasprimeras.com.do\/wp-content\/uploads\/2025\/02\/Delbert-Hosemann.jpg?resize=700%2C400&ssl=1 2x"},"classes":[]},{"id":55785,"url":"https:\/\/lasprimeras.com.do\/index.php\/2023\/07\/25\/tres-hombres-muertos-en-el-tercer-asesinato-multiple-de-2023-en-puerto-rico\/","url_meta":{"origin":51422,"position":4},"title":"Tres hombres muertos en el tercer asesinato m\u00faltiple de 2023 en Puerto Rico","author":"Nelson Feliz","date":"25 de julio de 2023","format":false,"excerpt":"Tres hombres fueron asesinados la madrugada de este martes a balazos en el barrio Campeche del municipio de Carolina, en el norte de Puerto Rico, en el tercer asesinato m\u00faltiple ocurrido en la isla este 2023. A las 6.20 hora local (10.20 GMT) la Polic\u00eda fue alertada sobre un incidente\u2026","rel":"","context":"En \u00abSin categor\u00eda\u00bb","block_context":{"text":"Sin categor\u00eda","link":"https:\/\/lasprimeras.com.do\/index.php\/category\/sin-categoria\/"},"img":{"alt_text":"Tres hombres fueron asesinados la madrugada de este martes a balazos en el barrio Campeche","src":"https:\/\/i0.wp.com\/lasprimeras.com.do\/wp-content\/uploads\/2023\/07\/bala.jpg?resize=350%2C200&ssl=1","width":350,"height":200,"srcset":"https:\/\/i0.wp.com\/lasprimeras.com.do\/wp-content\/uploads\/2023\/07\/bala.jpg?resize=350%2C200&ssl=1 1x, https:\/\/i0.wp.com\/lasprimeras.com.do\/wp-content\/uploads\/2023\/07\/bala.jpg?resize=525%2C300&ssl=1 1.5x, https:\/\/i0.wp.com\/lasprimeras.com.do\/wp-content\/uploads\/2023\/07\/bala.jpg?resize=700%2C400&ssl=1 2x"},"classes":[]},{"id":82972,"url":"https:\/\/lasprimeras.com.do\/index.php\/2024\/05\/10\/son-dominicanos-los-tres-ninos-asesinados-en-un-parque-de-georgia-ee-uu\/","url_meta":{"origin":51422,"position":5},"title":"Son dominicanos los tres ni\u00f1os asesinados en un parque de Georgia, EE.UU.","author":"BIMARY DE JES\u00daS Matos","date":"10 de mayo de 2024","format":false,"excerpt":"Las autoridades del condado de Gwinnett, en el estado de Georgia (EE. UU.), identificaron a los tres hermanos dominicanos, dos ni\u00f1as y un ni\u00f1o, que fueron encontrados muertos la madrugada del mi\u00e9rcoles por herida de bala dentro de un autom\u00f3vil, en el que se encontr\u00f3 tambi\u00e9n el cad\u00e1ver de un\u2026","rel":"","context":"En \u00abSin categor\u00eda\u00bb","block_context":{"text":"Sin categor\u00eda","link":"https:\/\/lasprimeras.com.do\/index.php\/category\/sin-categoria\/"},"img":{"alt_text":"","src":"https:\/\/i0.wp.com\/lasprimeras.com.do\/wp-content\/uploads\/2024\/05\/6a0c8a05-4f4b-48f5-a1d9-1ad180753c4a-11.jpg?resize=350%2C200&ssl=1","width":350,"height":200,"srcset":"https:\/\/i0.wp.com\/lasprimeras.com.do\/wp-content\/uploads\/2024\/05\/6a0c8a05-4f4b-48f5-a1d9-1ad180753c4a-11.jpg?resize=350%2C200&ssl=1 1x, https:\/\/i0.wp.com\/lasprimeras.com.do\/wp-content\/uploads\/2024\/05\/6a0c8a05-4f4b-48f5-a1d9-1ad180753c4a-11.jpg?resize=525%2C300&ssl=1 1.5x, https:\/\/i0.wp.com\/lasprimeras.com.do\/wp-content\/uploads\/2024\/05\/6a0c8a05-4f4b-48f5-a1d9-1ad180753c4a-11.jpg?resize=700%2C400&ssl=1 2x"},"classes":[]}],"jetpack_sharing_enabled":true,"_links":{"self":[{"href":"https:\/\/lasprimeras.com.do\/index.php\/wp-json\/wp\/v2\/posts\/51422","targetHints":{"allow":["GET"]}}],"collection":[{"href":"https:\/\/lasprimeras.com.do\/index.php\/wp-json\/wp\/v2\/posts"}],"about":[{"href":"https:\/\/lasprimeras.com.do\/index.php\/wp-json\/wp\/v2\/types\/post"}],"author":[{"embeddable":true,"href":"https:\/\/lasprimeras.com.do\/index.php\/wp-json\/wp\/v2\/users\/1"}],"replies":[{"embeddable":true,"href":"https:\/\/lasprimeras.com.do\/index.php\/wp-json\/wp\/v2\/comments?post=51422"}],"version-history":[{"count":0,"href":"https:\/\/lasprimeras.com.do\/index.php\/wp-json\/wp\/v2\/posts\/51422\/revisions"}],"wp:featuredmedia":[{"embeddable":true,"href":"https:\/\/lasprimeras.com.do\/index.php\/wp-json\/"}],"wp:attachment":[{"href":"https:\/\/lasprimeras.com.do\/index.php\/wp-json\/wp\/v2\/media?parent=51422"}],"wp:term":[{"taxonomy":"category","embeddable":true,"href":"https:\/\/lasprimeras.com.do\/index.php\/wp-json\/wp\/v2\/categories?post=51422"},{"taxonomy":"post_tag","embeddable":true,"href":"https:\/\/lasprimeras.com.do\/index.php\/wp-json\/wp\/v2\/tags?post=51422"}],"curies":[{"name":"wp","href":"https:\/\/api.w.org\/{rel}","templated":true}]}}