{"id":51432,"date":"2023-05-31T07:34:12","date_gmt":"2023-05-31T11:34:12","guid":{"rendered":"https:\/\/atento.com.do\/?p=51432"},"modified":"2023-05-31T07:34:12","modified_gmt":"2023-05-31T11:34:12","slug":"apresan-mujer-que-ultimo-a-su-esposo-en-boca-chica","status":"publish","type":"post","link":"https:\/\/lasprimeras.com.do\/index.php\/2023\/05\/31\/apresan-mujer-que-ultimo-a-su-esposo-en-boca-chica\/","title":{"rendered":"Apresan mujer que ultim\u00f3 a su esposo en Boca Chica"},"content":{"rendered":"\n<p><strong>SANTO DOMINGO.-.<\/strong>La Direcci\u00f3n Central de Investigaci\u00f3n (DICRIM) apresaron una mujer por haberle quitado la vida a su esposo a pu\u00f1aladas, en un hecho ocurrido en el sector de Andr\u00e9s, municipio de Boca Chica, provincia Santo Domingo.<\/p>\n\n\n\n<p>Se trata de Ydorina V\u00e1zquez P\u00e9rez, de 35 a\u00f1os, quien es se\u00f1alada como la presunta autora del homicidio de su esposo Ladismil Carrasco Arias, de 53, como consecuencia de m\u00faltiples heridas por arma cortopunzantes.<\/p>\n\n\n\n<p>De acuerdo a las declaraciones de un testigo del suceso, Ydorina (detenida) le habr\u00eda ocasionado las heridas mortales a su marido cuando ambos sosten\u00edan una fuerte discusi\u00f3n en la vivienda de ambos, por alegados motivos de celos.<\/p>\n\n\n\n<p>Agentes de la Polic\u00eda Cient\u00edfica colectaron en la escena un cuchillo con la empu\u00f1adura de madera de aproximadamente 12 pulgadas de largo.<\/p>\n\n\n\n<p>La detenida fue puesta a disposici\u00f3n del Ministerio P\u00fablico, para los fines legales correspondientes.<\/p>\n","protected":false},"excerpt":{"rendered":"<p>SANTO DOMINGO.-.La Direcci\u00f3n Central de Investigaci\u00f3n (DICRIM) apresaron una mujer por haberle quitado la vida a su esposo a pu\u00f1aladas, en un hecho ocurrido en el sector de Andr\u00e9s, municipio&hellip;<\/p>\n","protected":false},"author":1,"featured_media":51433,"comment_status":"open","ping_status":"open","sticky":false,"template":"","format":"standard","meta":{"content-type":"","jetpack_post_was_ever_published":false,"_jetpack_newsletter_access":"","_jetpack_dont_email_post_to_subs":false,"_jetpack_newsletter_tier_id":0,"_jetpack_memberships_contains_paywalled_content":false,"_jetpack_memberships_contains_paid_content":false,"footnotes":""},"categories":[35],"tags":[2702,2703,1659,429,757],"class_list":["post-51432","post","type-post","status-publish","format-standard","has-post-thumbnail","hentry","category-nacionales","tag-apreso","tag-boca-chica","tag-esposo","tag-mujer","tag-ultimo-2"],"jetpack_featured_media_url":"","jetpack-related-posts":[{"id":65253,"url":"https:\/\/lasprimeras.com.do\/index.php\/2023\/10\/26\/apresan-mujer-por-ultimar-hombre-en-boca-chica\/","url_meta":{"origin":51432,"position":0},"title":"Apresan mujer por ultimar hombre en Boca Chica","author":"Nelson Feliz","date":"26 de octubre de 2023","format":false,"excerpt":"Por Martin Restituyo Agentes policiales, adscritos a la Divisi\u00f3n de Investigaci\u00f3n (DICRIM), apresaron de inmediato a mujer que ultim\u00f3 a su pareja sentimental en medio de una fuerte discusi\u00f3n en el sector Las Flores, del distrito municipal de La Caleta, Boca Chica, provincia Santo Domingo. Se trata de Amanec\u00eda Castillo\u2026","rel":"","context":"En \u00abMILITARES\u00bb","block_context":{"text":"MILITARES","link":"https:\/\/lasprimeras.com.do\/index.php\/category\/militares\/"},"img":{"alt_text":"Mujer Presa","src":"https:\/\/i0.wp.com\/lasprimeras.com.do\/wp-content\/uploads\/2023\/07\/Mujer-Presa.jpg?resize=350%2C200&ssl=1","width":350,"height":200},"classes":[]},{"id":65533,"url":"https:\/\/lasprimeras.com.do\/index.php\/2023\/10\/29\/apresan-hombre-acusado-de-homicidio-de-una-mujer-en-santo-domingo-norte\/","url_meta":{"origin":51432,"position":1},"title":"Apresan hombre acusado de homicidio de una mujer en Santo Domingo Norte","author":"Nelson Feliz","date":"29 de octubre de 2023","format":false,"excerpt":"Por Martin Restituyo Agentes policiales de servicio en el municipio de Santo Domingo Norte, apresaron a un hombre requerido por la justicia por su presunta implicaci\u00f3n en la muerte de una mujer, a causa de herida corto punzante, el 18 de agosto del a\u00f1o en curso, cuyo cuerpo fue encontrado\u2026","rel":"","context":"En \u00abMILITARES\u00bb","block_context":{"text":"MILITARES","link":"https:\/\/lasprimeras.com.do\/index.php\/category\/militares\/"},"img":{"alt_text":"preso-celda","src":"https:\/\/i0.wp.com\/lasprimeras.com.do\/wp-content\/uploads\/2023\/06\/preso-celda.jpg?resize=350%2C200&ssl=1","width":350,"height":200,"srcset":"https:\/\/i0.wp.com\/lasprimeras.com.do\/wp-content\/uploads\/2023\/06\/preso-celda.jpg?resize=350%2C200&ssl=1 1x, https:\/\/i0.wp.com\/lasprimeras.com.do\/wp-content\/uploads\/2023\/06\/preso-celda.jpg?resize=525%2C300&ssl=1 1.5x, https:\/\/i0.wp.com\/lasprimeras.com.do\/wp-content\/uploads\/2023\/06\/preso-celda.jpg?resize=700%2C400&ssl=1 2x"},"classes":[]},{"id":58118,"url":"https:\/\/lasprimeras.com.do\/index.php\/2023\/08\/20\/apresan-hombre-por-presunta-violacion-sexual-de-su-hijastra-de-14-anos-en-boca-chica\/","url_meta":{"origin":51432,"position":2},"title":"Apresan hombre por presunta violaci\u00f3n sexual de su hijastra de 14 a\u00f1os en Boca Chica","author":"Nelson Feliz","date":"20 de agosto de 2023","format":false,"excerpt":"Agentes policiales, adscritos a la Divisi\u00f3n de Delitos Sexuales y Violencia Intrafamiliar, de la Direcci\u00f3n Central de Investigaci\u00f3n (DICRIM), y miembros preventivos, ejecutaron una orden de arresto y conducencia contra un hombre se\u00f1alado como el responsable de haber violado sexualmente a su hijastra de 14 a\u00f1os. El hecho ocurri\u00f3 en\u2026","rel":"","context":"En \u00abMILITARES\u00bb","block_context":{"text":"MILITARES","link":"https:\/\/lasprimeras.com.do\/index.php\/category\/militares\/"},"img":{"alt_text":"","src":"https:\/\/i0.wp.com\/lasprimeras.com.do\/wp-content\/uploads\/2023\/08\/Esposas.jpg?resize=350%2C200&ssl=1","width":350,"height":200,"srcset":"https:\/\/i0.wp.com\/lasprimeras.com.do\/wp-content\/uploads\/2023\/08\/Esposas.jpg?resize=350%2C200&ssl=1 1x, https:\/\/i0.wp.com\/lasprimeras.com.do\/wp-content\/uploads\/2023\/08\/Esposas.jpg?resize=525%2C300&ssl=1 1.5x"},"classes":[]},{"id":84449,"url":"https:\/\/lasprimeras.com.do\/index.php\/2024\/06\/08\/apresa-en-bonao-a-una-mujer-por-quemar-a-su-esposo-en-los-rios\/","url_meta":{"origin":51432,"position":3},"title":"Apresa en Bonao a una mujer por quemar a su esposo en Los R\u00edos","author":"Nelson Feliz","date":"8 de junio de 2024","format":false,"excerpt":"Agentes de la Polic\u00eda Nacional adscritos a la Direcci\u00f3n Regional Cibao Sur, con sede en Bonao, provincia Monse\u00f1or Nouel, capturaron a una mujer quien era buscada por ocasionar quemaduras a su esposo, en un hecho ocurrido en el sector Los R\u00edos, del Distrito Nacional. Se trata de Marielis Franchesca Guzm\u00e1n,\u2026","rel":"","context":"En \u00abMILITARES\u00bb","block_context":{"text":"MILITARES","link":"https:\/\/lasprimeras.com.do\/index.php\/category\/militares\/"},"img":{"alt_text":"","src":"https:\/\/i0.wp.com\/lasprimeras.com.do\/wp-content\/uploads\/2024\/06\/guagua.jpg?resize=350%2C200&ssl=1","width":350,"height":200,"srcset":"https:\/\/i0.wp.com\/lasprimeras.com.do\/wp-content\/uploads\/2024\/06\/guagua.jpg?resize=350%2C200&ssl=1 1x, https:\/\/i0.wp.com\/lasprimeras.com.do\/wp-content\/uploads\/2024\/06\/guagua.jpg?resize=525%2C300&ssl=1 1.5x, https:\/\/i0.wp.com\/lasprimeras.com.do\/wp-content\/uploads\/2024\/06\/guagua.jpg?resize=700%2C400&ssl=1 2x"},"classes":[]},{"id":98663,"url":"https:\/\/lasprimeras.com.do\/index.php\/2025\/05\/09\/20-anos-de-prision-para-hombre-que-violo-sexualmente-a-una-mujer-en-boca-chica\/","url_meta":{"origin":51432,"position":4},"title":"20 a\u00f1os de prisi\u00f3n para hombre que viol\u00f3 sexualmente a una mujer en Boca Chica","author":"Nelson Feliz","date":"9 de mayo de 2025","format":false,"excerpt":"Un tribunal acogi\u00f3 la acusaci\u00f3n presentada por el Ministerio P\u00fablico contra un hombre que viol\u00f3 sexualmente a una mujer y lo conden\u00f3 a 20 a\u00f1os de prisi\u00f3n. El Ministerio P\u00fablico, representado por la fiscal litigante Evelyn Pe\u00f1a, demostr\u00f3 la culpabilidad de Carlos Alberto Virgen Juan, en los hechos cometidos en\u2026","rel":"","context":"En \u00abJUSTICIA\u00bb","block_context":{"text":"JUSTICIA","link":"https:\/\/lasprimeras.com.do\/index.php\/category\/justicia\/"},"img":{"alt_text":"","src":"","width":0,"height":0},"classes":[]},{"id":72666,"url":"https:\/\/lasprimeras.com.do\/index.php\/2024\/01\/02\/muere-madre-del-alcalde-de-boca-chica-fermin-brito\/","url_meta":{"origin":51432,"position":5},"title":"Muere madre del alcalde de Boca Chica Ferm\u00edn Brito","author":"Nelson Feliz","date":"2 de enero de 2024","format":false,"excerpt":"Falleci\u00f3 el pasado lunes la madre del alcalde de Boca Chica, ingeniero Ferm\u00edn Brito Rinc\u00f3n, a los 93 a\u00f1os de edad. Do\u00f1a Esther Luc\u00eda Rinc\u00f3n estuvo d\u00edas antes internada en un centro asistencial de este municipio. Sus restos est\u00e1n siendo velados en la Funeraria San Andr\u00e9s, ubicada en la calle\u2026","rel":"","context":"En \u00abNACIONALES\u00bb","block_context":{"text":"NACIONALES","link":"https:\/\/lasprimeras.com.do\/index.php\/category\/nacionales\/"},"img":{"alt_text":"","src":"","width":0,"height":0},"classes":[]}],"jetpack_sharing_enabled":true,"_links":{"self":[{"href":"https:\/\/lasprimeras.com.do\/index.php\/wp-json\/wp\/v2\/posts\/51432","targetHints":{"allow":["GET"]}}],"collection":[{"href":"https:\/\/lasprimeras.com.do\/index.php\/wp-json\/wp\/v2\/posts"}],"about":[{"href":"https:\/\/lasprimeras.com.do\/index.php\/wp-json\/wp\/v2\/types\/post"}],"author":[{"embeddable":true,"href":"https:\/\/lasprimeras.com.do\/index.php\/wp-json\/wp\/v2\/users\/1"}],"replies":[{"embeddable":true,"href":"https:\/\/lasprimeras.com.do\/index.php\/wp-json\/wp\/v2\/comments?post=51432"}],"version-history":[{"count":0,"href":"https:\/\/lasprimeras.com.do\/index.php\/wp-json\/wp\/v2\/posts\/51432\/revisions"}],"wp:featuredmedia":[{"embeddable":true,"href":"https:\/\/lasprimeras.com.do\/index.php\/wp-json\/"}],"wp:attachment":[{"href":"https:\/\/lasprimeras.com.do\/index.php\/wp-json\/wp\/v2\/media?parent=51432"}],"wp:term":[{"taxonomy":"category","embeddable":true,"href":"https:\/\/lasprimeras.com.do\/index.php\/wp-json\/wp\/v2\/categories?post=51432"},{"taxonomy":"post_tag","embeddable":true,"href":"https:\/\/lasprimeras.com.do\/index.php\/wp-json\/wp\/v2\/tags?post=51432"}],"curies":[{"name":"wp","href":"https:\/\/api.w.org\/{rel}","templated":true}]}}