{"id":51491,"date":"2023-05-31T22:11:53","date_gmt":"2023-06-01T02:11:53","guid":{"rendered":"https:\/\/atento.com.do\/?p=51491"},"modified":"2023-05-31T22:11:53","modified_gmt":"2023-06-01T02:11:53","slug":"presidente-abinader-comitiva-oficial-y-empresarial-realizan-este-jueves-historico-viaje-a-guyana","status":"publish","type":"post","link":"https:\/\/lasprimeras.com.do\/index.php\/2023\/05\/31\/presidente-abinader-comitiva-oficial-y-empresarial-realizan-este-jueves-historico-viaje-a-guyana\/","title":{"rendered":"Presidente Abinader, comitiva oficial y empresarial realizan este jueves hist\u00f3rico viaje a Guyana"},"content":{"rendered":"\n<p>Ambos pa\u00edses inician relaciones diplom\u00e1ticas y comerciales con muchas expectativas.<\/p>\n\n\n\n<p>Por Wilson P\u00e9rez<\/p>\n\n\n\n<p><strong>Santo Domingo.- <\/strong>El presidente Luis Abinader, junto a una comitiva oficial y empresarial realizar\u00e1n este jueves un hist\u00f3rico viaje a La Rep\u00fablica Cooperativa de Guyana para agotar una agenda de trabajo que incluye reuniones bilaterales, inauguraci\u00f3n de la Embajada Dominicana en Guyana y el inicio de relaciones entre ambas naciones.<\/p>\n\n\n\n<p>El mandatario y la comitiva que le acompa\u00f1a, tienen previsto salir en horas de la ma\u00f1ana desde el Aeropuerto Internacional de Las Am\u00e9ricas \u201cJos\u00e9 Francisco Pe\u00f1a G\u00f3mez\u201d hacia el Aeropuerto Internacional de Cheddi Jagan.<\/p>\n\n\n\n<p>Entre las actividades programadas a la llegada del mandatario a Guyana est\u00e1 prevista una reuni\u00f3n bilateral con el presiente de la Rep\u00fablica Cooperativa de Guyana, Mohamed Irfaan Ali.<\/p>\n\n\n\n<p>El presidente Abinader, comitiva oficial y empresarial participar\u00e1n tambi\u00e9n en un almuerzo a desarrollarse en el Centro de Convenciones Arthur Chung.<\/p>\n\n\n\n<p>Adem\u00e1s, sostendr\u00e1 una reuni\u00f3n entre las comitivas oficial y empresarial de la Rep\u00fablica Dominicana y la Rep\u00fablica Cooperativa de Guyana, presidida por el presidente Luis Abinader y el primer ministro de la Rep\u00fablica Cooperativa de Guyana, en el Sal\u00f3n Principal del Centro de Convenciones.<\/p>\n\n\n\n<p>Posteriormente, el jefe de Estado sostendr\u00e1 una reuni\u00f3n con la secretaria general de la Comunidad del Caribe, Carla Barnett en la sede del CARICOM.<\/p>\n\n\n\n<p>Luego, se trasladar\u00e1n hacia el Centro Corporativo Pegasus, sede de la embajada dominicana, para dejar formalmente inaugurada la sede diplom\u00e1tica en Guyana.<\/p>\n\n\n\n<p>Al t\u00e9rmino de la misma, el presidente Abinader y su comitiva oficial y empresarial sostendr\u00e1n un encuentro con la di\u00e1spora y presidir\u00e1n un acto de reconocimiento a las dominicanas destacadas en Guyana, Leonida Minalla Foo y Gladys Accra.<\/p>\n\n\n\n<p>Posteriormente, el jefe de Estado y su comitiva participar\u00e1n en una cena ofrecida por el Presidente de la Rep\u00fablica Cooperativa de Guyana Mohamed Irfaan Ali en la Casa de Gobierno.<\/p>\n\n\n\n<p>El retorno del mandatario dominicano y sus acompa\u00f1antes est\u00e1 previsto para el viernes en horas de la ma\u00f1ana por el Aeropuerto Internacional de las Am\u00e9ricas \u201cJos\u00e9 Francisco Pe\u00f1a G\u00f3mez\u201d.<\/p>\n","protected":false},"excerpt":{"rendered":"<p>Ambos pa\u00edses inician relaciones diplom\u00e1ticas y comerciales con muchas expectativas. Por Wilson P\u00e9rez Santo Domingo.- El presidente Luis Abinader, junto a una comitiva oficial y empresarial realizar\u00e1n este jueves un&hellip;<\/p>\n","protected":false},"author":1,"featured_media":51492,"comment_status":"open","ping_status":"open","sticky":false,"template":"","format":"standard","meta":{"content-type":"","jetpack_post_was_ever_published":false,"_jetpack_newsletter_access":"","_jetpack_dont_email_post_to_subs":false,"_jetpack_newsletter_tier_id":0,"_jetpack_memberships_contains_paywalled_content":false,"_jetpack_memberships_contains_paid_content":false,"footnotes":""},"categories":[35,25],"tags":[2743,1843,2744,2745,67,2746,2334],"class_list":["post-51491","post","type-post","status-publish","format-standard","has-post-thumbnail","hentry","category-nacionales","category-portada","tag-comitiva","tag-empresarial","tag-guyana","tag-historico","tag-luis-abinader","tag-oficial","tag-viaje"],"jetpack_featured_media_url":"","jetpack-related-posts":[{"id":51742,"url":"https:\/\/lasprimeras.com.do\/index.php\/2023\/06\/02\/presidente-abinader-califica-de-estrategica-su-visita-a-guyana\/","url_meta":{"origin":51491,"position":0},"title":"Presidente Abinader califica de estrat\u00e9gica su visita a Guyana","author":"prenxa100","date":"2 de junio de 2023","format":false,"excerpt":"Asegura su crecimiento econ\u00f3mico representa una gran oportunidad para RD. Por Wilson P\u00e9rez Santo Domingo. \u2013 El presidente Luis Abinader calific\u00f3 este viernes su visita a la Rep\u00fablica Cooperativa de Guyana como estrat\u00e9gica e hist\u00f3rica desde el punto de vista del fortalecimiento de las relaciones entre ambas naciones y dijo\u2026","rel":"","context":"En \u00abECONOM\u00cdA\u00bb","block_context":{"text":"ECONOM\u00cdA","link":"https:\/\/lasprimeras.com.do\/index.php\/category\/economia\/"},"img":{"alt_text":"","src":"","width":0,"height":0},"classes":[]},{"id":57047,"url":"https:\/\/lasprimeras.com.do\/index.php\/2023\/08\/08\/abinader-recibe-a-su-homologo-de-guyana-mohamed-irfaan-ali-en-visita-oficial\/","url_meta":{"origin":51491,"position":1},"title":"Abinader recibe a su hom\u00f3logo de Guyana, Mohamed Irfaan Al\u00ed, en visita oficial","author":"Nelson Feliz","date":"8 de agosto de 2023","format":false,"excerpt":"El presidente Luis Abinader recibi\u00f3 este martes en el Palacio Nacional a su hom\u00f3logo de la Rep\u00fablica Cooperativa de Guyana, Mohamed Irfaan Al\u00ed, quien realiza una visita oficial al pa\u00eds. La visita del presidente de Guyana se realiza en el marco de las iniciativas de fortalecimiento de las relaciones diplom\u00e1ticas\u2026","rel":"","context":"En \u00abNACIONALES\u00bb","block_context":{"text":"NACIONALES","link":"https:\/\/lasprimeras.com.do\/index.php\/category\/nacionales\/"},"img":{"alt_text":"Luis Abinader","src":"https:\/\/i0.wp.com\/lasprimeras.com.do\/wp-content\/uploads\/2023\/08\/Luis-Abinader-1-1.jpg?resize=350%2C200&ssl=1","width":350,"height":200,"srcset":"https:\/\/i0.wp.com\/lasprimeras.com.do\/wp-content\/uploads\/2023\/08\/Luis-Abinader-1-1.jpg?resize=350%2C200&ssl=1 1x, https:\/\/i0.wp.com\/lasprimeras.com.do\/wp-content\/uploads\/2023\/08\/Luis-Abinader-1-1.jpg?resize=525%2C300&ssl=1 1.5x, https:\/\/i0.wp.com\/lasprimeras.com.do\/wp-content\/uploads\/2023\/08\/Luis-Abinader-1-1.jpg?resize=700%2C400&ssl=1 2x"},"classes":[]},{"id":96306,"url":"https:\/\/lasprimeras.com.do\/index.php\/2025\/03\/28\/supera-los-us97-millones-intercambio-comercial-entre-rd-y-guyana-resalta-raquel-pena\/","url_meta":{"origin":51491,"position":2},"title":"Supera los US$97 millones intercambio comercial entre RD y Guyana, resalta Raquel Pe\u00f1a","author":"Nelson Feliz","date":"28 de marzo de 2025","format":false,"excerpt":"La vicepresidenta revel\u00f3 la informaci\u00f3n al encabezar el foro empresarial que reuni\u00f3 a l\u00edderes p\u00fablicos y privados para trazar una hoja de ruta conjunta en sectores productivos clave para ambos pa\u00edses. La C\u00e1mara de Comercio Guyanesa en Rep\u00fablica Dominicana (GuyanaCham) reafirm\u00f3 su compromiso con el fortalecimiento de los lazos comerciales\u2026","rel":"","context":"En \u00abECONOM\u00cdA\u00bb","block_context":{"text":"ECONOM\u00cdA","link":"https:\/\/lasprimeras.com.do\/index.php\/category\/economia\/"},"img":{"alt_text":"Raquel Pe\u00f1a","src":"https:\/\/i0.wp.com\/lasprimeras.com.do\/wp-content\/uploads\/2025\/03\/Raquel-Pena.jpg?resize=350%2C200&ssl=1","width":350,"height":200,"srcset":"https:\/\/i0.wp.com\/lasprimeras.com.do\/wp-content\/uploads\/2025\/03\/Raquel-Pena.jpg?resize=350%2C200&ssl=1 1x, https:\/\/i0.wp.com\/lasprimeras.com.do\/wp-content\/uploads\/2025\/03\/Raquel-Pena.jpg?resize=525%2C300&ssl=1 1.5x, https:\/\/i0.wp.com\/lasprimeras.com.do\/wp-content\/uploads\/2025\/03\/Raquel-Pena.jpg?resize=700%2C400&ssl=1 2x"},"classes":[]},{"id":104194,"url":"https:\/\/lasprimeras.com.do\/index.php\/2025\/07\/22\/abinader-sale-la-manana-de-este-miercoles-a-guyana-y-regresa-en-horas-de-la-tarde\/","url_meta":{"origin":51491,"position":3},"title":"Abinader sale la ma\u00f1ana de este mi\u00e9rcoles a Guyana y regresa en horas de la tarde","author":"Nelson Feliz","date":"22 de julio de 2025","format":false,"excerpt":"Mandatario viaja para asistir a la fundaci\u00f3n de la Alianza Global por la Biodiversidad de la cual es fundador. El presidente Luis Abinader partir\u00e1 la ma\u00f1ana de este mi\u00e9rcoles hacia Guyana y regresar\u00e1 en horas de la tarde, para participar en el acto inaugural de la Alianza Global por la\u2026","rel":"","context":"En \u00abNACIONALES\u00bb","block_context":{"text":"NACIONALES","link":"https:\/\/lasprimeras.com.do\/index.php\/category\/nacionales\/"},"img":{"alt_text":"Luis Abinader","src":"https:\/\/i0.wp.com\/lasprimeras.com.do\/wp-content\/uploads\/2023\/07\/Luis-Abinader-viaja.jpg?resize=350%2C200&ssl=1","width":350,"height":200,"srcset":"https:\/\/i0.wp.com\/lasprimeras.com.do\/wp-content\/uploads\/2023\/07\/Luis-Abinader-viaja.jpg?resize=350%2C200&ssl=1 1x, https:\/\/i0.wp.com\/lasprimeras.com.do\/wp-content\/uploads\/2023\/07\/Luis-Abinader-viaja.jpg?resize=525%2C300&ssl=1 1.5x, https:\/\/i0.wp.com\/lasprimeras.com.do\/wp-content\/uploads\/2023\/07\/Luis-Abinader-viaja.jpg?resize=700%2C400&ssl=1 2x"},"classes":[]},{"id":104283,"url":"https:\/\/lasprimeras.com.do\/index.php\/2025\/07\/23\/abinader-viaja-a-guyana-para-participar-en-la-fundacion-de-la-alianza-global-por-la-biodiversidad\/","url_meta":{"origin":51491,"position":4},"title":"Abinader viaja a Guyana para participar en la fundaci\u00f3n de la Alianza Global por la Biodiversidad","author":"Nelson Feliz","date":"23 de julio de 2025","format":false,"excerpt":"En estos momentos, el presidente Luis Abinader viaja hacia la Rep\u00fablica Cooperativa de Guyana para participar en el acto inaugural de la Alianza Global por la Biodiversidad. El mandatario sali\u00f3 a las 7:29 de la ma\u00f1ana desde la Base A\u00e9rea de San Isidro, donde fue despedido por el ministro de\u2026","rel":"","context":"En \u00abNACIONALES\u00bb","block_context":{"text":"NACIONALES","link":"https:\/\/lasprimeras.com.do\/index.php\/category\/nacionales\/"},"img":{"alt_text":"","src":"https:\/\/i0.wp.com\/lasprimeras.com.do\/wp-content\/uploads\/2025\/07\/LA-viaja.jpg?resize=350%2C200&ssl=1","width":350,"height":200,"srcset":"https:\/\/i0.wp.com\/lasprimeras.com.do\/wp-content\/uploads\/2025\/07\/LA-viaja.jpg?resize=350%2C200&ssl=1 1x, https:\/\/i0.wp.com\/lasprimeras.com.do\/wp-content\/uploads\/2025\/07\/LA-viaja.jpg?resize=525%2C300&ssl=1 1.5x, https:\/\/i0.wp.com\/lasprimeras.com.do\/wp-content\/uploads\/2025\/07\/LA-viaja.jpg?resize=700%2C400&ssl=1 2x"},"classes":[]},{"id":51739,"url":"https:\/\/lasprimeras.com.do\/index.php\/2023\/06\/02\/empresarios-valoran-acercamiento-entre-republica-dominicana-y-guyana\/","url_meta":{"origin":51491,"position":5},"title":"Empresarios valoran acercamiento entre Rep\u00fablica Dominicana y Guyana","author":"prenxa100","date":"2 de junio de 2023","format":false,"excerpt":"Por Wilson P\u00e9rez Santo Domingo. - Los presidentes del Consejo Nacional de la Empresa Privada (CONEP), Celso Juan Marranzini y de la Asociaci\u00f3n de Industrias de la Rep\u00fablica Dominicana (AIRD), Julio Virgilio Brache, valoraron la visi\u00f3n del presidente Luis Abinader de promover un acercamiento de la Rep\u00fablica Dominicana con Guyana.\u2026","rel":"","context":"En \u00abECONOM\u00cdA\u00bb","block_context":{"text":"ECONOM\u00cdA","link":"https:\/\/lasprimeras.com.do\/index.php\/category\/economia\/"},"img":{"alt_text":"","src":"","width":0,"height":0},"classes":[]}],"jetpack_sharing_enabled":true,"_links":{"self":[{"href":"https:\/\/lasprimeras.com.do\/index.php\/wp-json\/wp\/v2\/posts\/51491","targetHints":{"allow":["GET"]}}],"collection":[{"href":"https:\/\/lasprimeras.com.do\/index.php\/wp-json\/wp\/v2\/posts"}],"about":[{"href":"https:\/\/lasprimeras.com.do\/index.php\/wp-json\/wp\/v2\/types\/post"}],"author":[{"embeddable":true,"href":"https:\/\/lasprimeras.com.do\/index.php\/wp-json\/wp\/v2\/users\/1"}],"replies":[{"embeddable":true,"href":"https:\/\/lasprimeras.com.do\/index.php\/wp-json\/wp\/v2\/comments?post=51491"}],"version-history":[{"count":0,"href":"https:\/\/lasprimeras.com.do\/index.php\/wp-json\/wp\/v2\/posts\/51491\/revisions"}],"wp:featuredmedia":[{"embeddable":true,"href":"https:\/\/lasprimeras.com.do\/index.php\/wp-json\/"}],"wp:attachment":[{"href":"https:\/\/lasprimeras.com.do\/index.php\/wp-json\/wp\/v2\/media?parent=51491"}],"wp:term":[{"taxonomy":"category","embeddable":true,"href":"https:\/\/lasprimeras.com.do\/index.php\/wp-json\/wp\/v2\/categories?post=51491"},{"taxonomy":"post_tag","embeddable":true,"href":"https:\/\/lasprimeras.com.do\/index.php\/wp-json\/wp\/v2\/tags?post=51491"}],"curies":[{"name":"wp","href":"https:\/\/api.w.org\/{rel}","templated":true}]}}