{"id":51578,"date":"2023-06-01T11:03:50","date_gmt":"2023-06-01T15:03:50","guid":{"rendered":"https:\/\/atento.com.do\/?p=51578"},"modified":"2023-06-01T11:03:50","modified_gmt":"2023-06-01T15:03:50","slug":"cristal-acevedo-anuncia-prorroga-para-trabajadores-de-periodicos-digitales","status":"publish","type":"post","link":"https:\/\/lasprimeras.com.do\/index.php\/2023\/06\/01\/cristal-acevedo-anuncia-prorroga-para-trabajadores-de-periodicos-digitales\/","title":{"rendered":"Cristal Acevedo anuncia pr\u00f3rroga para trabajadores de peri\u00f3dicos digitales"},"content":{"rendered":"\n<p><strong>Santo Domingo.-.<\/strong> El Observatorio de Medios Digitales Dominicanos anunci\u00f3 este jueves que habilit\u00f3 una pr\u00f3rroga para que los trabajadores de peri\u00f3dicos digitales del pa\u00eds tengan tiempo de inscribirse en la habilitaci\u00f3n ocupacional que ha organizado junto al Instituto de Formaci\u00f3n T\u00e9cnico Profesional (Infotep).<\/p>\n\n\n\n<p>La fundadora y presidenta del Observatorio de Medios Digitales Dominicanos, Cristal Acevedo, inform\u00f3 que la pr\u00f3rroga estar\u00e1 habilitada hasta el pr\u00f3ximo 30 de junio, fecha en que ser\u00e1n cerradas las inscripciones en la habilitaci\u00f3n ocupacional, dise\u00f1ada exclusivamente para quienes laboran en peri\u00f3dicos digitales dominicanos.<\/p>\n\n\n\n<p>Precis\u00f3 que para inscribirse, los trabajadores de peri\u00f3dicos digitales deben acceder al link: https:\/\/forms.gle\/mGV3MUcLTn9wZquTA, donde encontrar\u00e1n un formulario que deben completar.<\/p>\n\n\n\n<p>Detall\u00f3 que al final del formulario deben anexar un expediente en PDF, el cual debe contener copia de c\u00e9dula de identidad, una carta donde se certifique que tiene m\u00e1s de un a\u00f1o laborando en un peri\u00f3dico digital y link de 5 noticias o reportajes, que hayan sido escritos y publicados por el solicitante.<\/p>\n\n\n\n<p>Indic\u00f3 que ya inscritos en la habilitaci\u00f3n ocupacional, los participantes deber\u00e1n aprobar una capacitaci\u00f3n de 5 semanas, para luego tomar un examen te\u00f3rico y un examen pr\u00e1ctico.<\/p>\n\n\n\n<p>Con respecto a la capacitaci\u00f3n, agreg\u00f3 que iniciar\u00e1 el lunes 3 de julio y ser\u00e1 virtual, al igual que el examen te\u00f3rico. Mientras que el examen pr\u00e1ctico se impartir\u00e1 de forma presencial en las oficinas regionales de Infotep, ubicadas en distintos puntos del pa\u00eds, luego de impartido el examen te\u00f3rico.<\/p>\n\n\n\n<p>Cualquier duda sobre el proceso de inscripci\u00f3n, los interesados pueden contactar al Observatorio de Medios Digitales al correo electr\u00f3nico: &nbsp;&nbsp;observatoriodemediosdigitales@gmail.com, donde se les brindar\u00e1 todo el apoyo que requieran para participar de esta habilitaci\u00f3n ocupacional, la cual no es un curso sino un proceso para reconocer la experiencia de las personas que tienen m\u00e1s de un a\u00f1o laborando en un peri\u00f3dico digital.<\/p>\n","protected":false},"excerpt":{"rendered":"<p>Santo Domingo.-. El Observatorio de Medios Digitales Dominicanos anunci\u00f3 este jueves que habilit\u00f3 una pr\u00f3rroga para que los trabajadores de peri\u00f3dicos digitales del pa\u00eds tengan tiempo de inscribirse en la&hellip;<\/p>\n","protected":false},"author":1,"featured_media":51579,"comment_status":"open","ping_status":"open","sticky":false,"template":"","format":"standard","meta":{"content-type":"","jetpack_post_was_ever_published":false,"_jetpack_newsletter_access":"","_jetpack_dont_email_post_to_subs":false,"_jetpack_newsletter_tier_id":0,"_jetpack_memberships_contains_paywalled_content":false,"_jetpack_memberships_contains_paid_content":false,"footnotes":""},"categories":[35,25],"tags":[2806,83,2807,2808,2809,156],"class_list":["post-51578","post","type-post","status-publish","format-standard","has-post-thumbnail","hentry","category-nacionales","category-portada","tag-cristal-acevedo","tag-digitales","tag-omd","tag-periodicos","tag-prorroga","tag-trabajadores"],"jetpack_featured_media_url":"","jetpack-related-posts":[{"id":88636,"url":"https:\/\/lasprimeras.com.do\/index.php\/2024\/09\/01\/cristal-acevedo-es-designada-como-gerente-de-medios-en-indotel\/","url_meta":{"origin":51578,"position":0},"title":"Cristal Acevedo es designada como gerente de Medios en Indotel","author":"Nelson Feliz","date":"1 de septiembre de 2024","format":false,"excerpt":"La periodista Cristal Acevedo fue designada como gerente de Medios en el Instituto Dominicano de las Telecomunicaciones (Indotel). Su designaci\u00f3n fue hecha por Guido G\u00f3mez Mazara, quien es el nuevo director ejecutivo del Indotel. Acevedo, adem\u00e1s de periodista es escritora y catedr\u00e1tica universitaria. Ha desarrollado una extensa carrera en medios\u2026","rel":"","context":"En \u00abNACIONALES\u00bb","block_context":{"text":"NACIONALES","link":"https:\/\/lasprimeras.com.do\/index.php\/category\/nacionales\/"},"img":{"alt_text":"Cristal Acevedo","src":"https:\/\/i0.wp.com\/lasprimeras.com.do\/wp-content\/uploads\/2024\/01\/Cristal-Acevedo.jpg?resize=350%2C200&ssl=1","width":350,"height":200,"srcset":"https:\/\/i0.wp.com\/lasprimeras.com.do\/wp-content\/uploads\/2024\/01\/Cristal-Acevedo.jpg?resize=350%2C200&ssl=1 1x, https:\/\/i0.wp.com\/lasprimeras.com.do\/wp-content\/uploads\/2024\/01\/Cristal-Acevedo.jpg?resize=525%2C300&ssl=1 1.5x, https:\/\/i0.wp.com\/lasprimeras.com.do\/wp-content\/uploads\/2024\/01\/Cristal-Acevedo.jpg?resize=700%2C400&ssl=1 2x"},"classes":[]},{"id":111662,"url":"https:\/\/lasprimeras.com.do\/index.php\/2025\/10\/12\/observatorio-de-medios-digitales-abre-convocatoria-para-premio-nacional-de-periodismo-digital-2025\/","url_meta":{"origin":51578,"position":1},"title":"Observatorio de Medios Digitales abre convocatoria para Premio Nacional de Periodismo Digital 2025","author":"Nelson Feliz","date":"12 de octubre de 2025","format":false,"excerpt":"El Observatorio de Medios Digitales Dominicanos inform\u00f3 este martes que est\u00e1n abiertas las postulaciones y el proceso de evaluaci\u00f3n para el Premio Nacional de Periodismo Digital de la Rep\u00fablica Dominicana 2025, iniciativa auspiciada por el Banco Popular. As\u00ed lo inform\u00f3 la periodista y maestra, Cristal Acevedo, quien precis\u00f3 que las\u2026","rel":"","context":"En \u00abTECNOL\u00d3GIA\u00bb","block_context":{"text":"TECNOL\u00d3GIA","link":"https:\/\/lasprimeras.com.do\/index.php\/category\/tecnologia\/"},"img":{"alt_text":"","src":"https:\/\/i0.wp.com\/lasprimeras.com.do\/wp-content\/uploads\/2025\/10\/WhatsApp-Image-2025-10-08-at-10.47.54-AM.jpeg?resize=350%2C200&ssl=1","width":350,"height":200,"srcset":"https:\/\/i0.wp.com\/lasprimeras.com.do\/wp-content\/uploads\/2025\/10\/WhatsApp-Image-2025-10-08-at-10.47.54-AM.jpeg?resize=350%2C200&ssl=1 1x, https:\/\/i0.wp.com\/lasprimeras.com.do\/wp-content\/uploads\/2025\/10\/WhatsApp-Image-2025-10-08-at-10.47.54-AM.jpeg?resize=525%2C300&ssl=1 1.5x, https:\/\/i0.wp.com\/lasprimeras.com.do\/wp-content\/uploads\/2025\/10\/WhatsApp-Image-2025-10-08-at-10.47.54-AM.jpeg?resize=700%2C400&ssl=1 2x, https:\/\/i0.wp.com\/lasprimeras.com.do\/wp-content\/uploads\/2025\/10\/WhatsApp-Image-2025-10-08-at-10.47.54-AM.jpeg?resize=1050%2C600&ssl=1 3x"},"classes":[]},{"id":63172,"url":"https:\/\/lasprimeras.com.do\/index.php\/2023\/10\/10\/observatorio-de-medios-digitales-anuncia-premio-nacional-de-periodismo-digital-2023\/","url_meta":{"origin":51578,"position":2},"title":"Observatorio de Medios Digitales anuncia Premio Nacional de Periodismo Digital 2023","author":"Nelson Feliz","date":"10 de octubre de 2023","format":false,"excerpt":"La ceremonia de entrega ser\u00e1 el martes 28 de noviembre, en el Centro Indotel de la Zona Colonial. Con el respaldo del Banco Popular y el Consorcio Energ\u00e9tico Punta Cana-Macao, el Observatorio de Medios Digitales anunci\u00f3 la sexta versi\u00f3n del Premio Nacional de Periodismo Digital de la Rep\u00fablica Dominicana, iniciativa\u2026","rel":"","context":"En \u00abENTRETENIMIENTO\u00bb","block_context":{"text":"ENTRETENIMIENTO","link":"https:\/\/lasprimeras.com.do\/index.php\/category\/entretenimiento\/"},"img":{"alt_text":"observatorio","src":"https:\/\/i0.wp.com\/lasprimeras.com.do\/wp-content\/uploads\/2023\/10\/observatorio-1.jpg?resize=350%2C200&ssl=1","width":350,"height":200,"srcset":"https:\/\/i0.wp.com\/lasprimeras.com.do\/wp-content\/uploads\/2023\/10\/observatorio-1.jpg?resize=350%2C200&ssl=1 1x, https:\/\/i0.wp.com\/lasprimeras.com.do\/wp-content\/uploads\/2023\/10\/observatorio-1.jpg?resize=525%2C300&ssl=1 1.5x, https:\/\/i0.wp.com\/lasprimeras.com.do\/wp-content\/uploads\/2023\/10\/observatorio-1.jpg?resize=700%2C400&ssl=1 2x"},"classes":[]},{"id":66865,"url":"https:\/\/lasprimeras.com.do\/index.php\/2023\/11\/10\/observatorio-anuncia-nominados-a-premio-nacional-de-periodismo-digital-2023\/","url_meta":{"origin":51578,"position":3},"title":"Observatorio anuncia nominados a Premio Nacional de Periodismo Digital 2023","author":"Nelson Feliz","date":"10 de noviembre de 2023","format":false,"excerpt":"El Observatorio de Medios Digitales Dominicanos anunci\u00f3 este jueves los nominados al Premio Nacional de Periodismo Digital 2023, iniciativa respaldada por el Banco Popular y el Consorcio Energ\u00e9tico Punta Cana-Macao (CEPM). El anuncio lo hizo la periodista Cristal Acevedo, presidenta del Observatorio, quien inform\u00f3 que este a\u00f1o la ceremonia de\u2026","rel":"","context":"En \u00abENTRETENIMIENTO\u00bb","block_context":{"text":"ENTRETENIMIENTO","link":"https:\/\/lasprimeras.com.do\/index.php\/category\/entretenimiento\/"},"img":{"alt_text":"Observatorio de Medios Digitales Dominicanos","src":"https:\/\/i0.wp.com\/lasprimeras.com.do\/wp-content\/uploads\/2023\/11\/Observatorio-de-Medios-Digitales-Dominicanos.jpg?resize=350%2C200&ssl=1","width":350,"height":200},"classes":[]},{"id":86112,"url":"https:\/\/lasprimeras.com.do\/index.php\/2024\/07\/18\/observatorio-de-medios-digitales-preocupado-por-crecimiento-de-difusion-de-contenido-vulgar-en-plataformas-digitales\/","url_meta":{"origin":51578,"position":4},"title":"Observatorio de Medios Digitales preocupado por crecimiento de difusi\u00f3n de contenido vulgar en plataformas digitales","author":"Nelson Feliz","date":"18 de julio de 2024","format":false,"excerpt":"El Observatorio de Medios Digitales Dominicanos manifest\u00f3 este jueves preocupaci\u00f3n por la gran cantidad de contenido expl\u00edcito y vulgar que circula en los medios digitales nacionales. Al hablar en nombre de la entidad, la periodista y maestra Cristal Acevedo, dijo que es alarmante c\u00f3mo sigue creciendo la producci\u00f3n y difusi\u00f3n\u2026","rel":"","context":"En \u00abPORTADA\u00bb","block_context":{"text":"PORTADA","link":"https:\/\/lasprimeras.com.do\/index.php\/category\/portada\/"},"img":{"alt_text":"Cristal Acevedo","src":"https:\/\/i0.wp.com\/lasprimeras.com.do\/wp-content\/uploads\/2024\/07\/Cristal-Acevedo-1.jpg?resize=350%2C200&ssl=1","width":350,"height":200,"srcset":"https:\/\/i0.wp.com\/lasprimeras.com.do\/wp-content\/uploads\/2024\/07\/Cristal-Acevedo-1.jpg?resize=350%2C200&ssl=1 1x, https:\/\/i0.wp.com\/lasprimeras.com.do\/wp-content\/uploads\/2024\/07\/Cristal-Acevedo-1.jpg?resize=525%2C300&ssl=1 1.5x, https:\/\/i0.wp.com\/lasprimeras.com.do\/wp-content\/uploads\/2024\/07\/Cristal-Acevedo-1.jpg?resize=700%2C400&ssl=1 2x"},"classes":[]},{"id":90005,"url":"https:\/\/lasprimeras.com.do\/index.php\/2024\/10\/12\/observatorio-de-medios-digitales-abre-convocatoria-a-premio-nacional-de-periodismo-digital-2024\/","url_meta":{"origin":51578,"position":5},"title":"Observatorio de Medios Digitales abre convocatoria a Premio Nacional de Periodismo Digital 2024","author":"Nelson Feliz","date":"12 de octubre de 2024","format":false,"excerpt":"El Observatorio de Medios Digitales Dominicanos anunci\u00f3 este jueves la s\u00e9ptima versi\u00f3n del Premio Nacional de Periodismo Digital de la Rep\u00fablica Dominicana, iniciativa que reconoce la labor de periodistas, comunicadores y due\u00f1os de medios digitales. El anuncio lo hizo la periodista y maestra, Cristal Acevedo, quien explic\u00f3 que el evento\u2026","rel":"","context":"En \u00abNACIONALES\u00bb","block_context":{"text":"NACIONALES","link":"https:\/\/lasprimeras.com.do\/index.php\/category\/nacionales\/"},"img":{"alt_text":"","src":"https:\/\/i0.wp.com\/lasprimeras.com.do\/wp-content\/uploads\/2024\/10\/OBSE.jpg?resize=350%2C200&ssl=1","width":350,"height":200,"srcset":"https:\/\/i0.wp.com\/lasprimeras.com.do\/wp-content\/uploads\/2024\/10\/OBSE.jpg?resize=350%2C200&ssl=1 1x, https:\/\/i0.wp.com\/lasprimeras.com.do\/wp-content\/uploads\/2024\/10\/OBSE.jpg?resize=525%2C300&ssl=1 1.5x, https:\/\/i0.wp.com\/lasprimeras.com.do\/wp-content\/uploads\/2024\/10\/OBSE.jpg?resize=700%2C400&ssl=1 2x"},"classes":[]}],"jetpack_sharing_enabled":true,"_links":{"self":[{"href":"https:\/\/lasprimeras.com.do\/index.php\/wp-json\/wp\/v2\/posts\/51578","targetHints":{"allow":["GET"]}}],"collection":[{"href":"https:\/\/lasprimeras.com.do\/index.php\/wp-json\/wp\/v2\/posts"}],"about":[{"href":"https:\/\/lasprimeras.com.do\/index.php\/wp-json\/wp\/v2\/types\/post"}],"author":[{"embeddable":true,"href":"https:\/\/lasprimeras.com.do\/index.php\/wp-json\/wp\/v2\/users\/1"}],"replies":[{"embeddable":true,"href":"https:\/\/lasprimeras.com.do\/index.php\/wp-json\/wp\/v2\/comments?post=51578"}],"version-history":[{"count":0,"href":"https:\/\/lasprimeras.com.do\/index.php\/wp-json\/wp\/v2\/posts\/51578\/revisions"}],"wp:featuredmedia":[{"embeddable":true,"href":"https:\/\/lasprimeras.com.do\/index.php\/wp-json\/"}],"wp:attachment":[{"href":"https:\/\/lasprimeras.com.do\/index.php\/wp-json\/wp\/v2\/media?parent=51578"}],"wp:term":[{"taxonomy":"category","embeddable":true,"href":"https:\/\/lasprimeras.com.do\/index.php\/wp-json\/wp\/v2\/categories?post=51578"},{"taxonomy":"post_tag","embeddable":true,"href":"https:\/\/lasprimeras.com.do\/index.php\/wp-json\/wp\/v2\/tags?post=51578"}],"curies":[{"name":"wp","href":"https:\/\/api.w.org\/{rel}","templated":true}]}}