{"id":51581,"date":"2023-06-01T11:26:09","date_gmt":"2023-06-01T15:26:09","guid":{"rendered":"https:\/\/atento.com.do\/?p=51581"},"modified":"2023-06-01T11:26:09","modified_gmt":"2023-06-01T15:26:09","slug":"navarro-asegura-el-pld-esta-abierta-a-realizar-cualquier-alianza","status":"publish","type":"post","link":"https:\/\/lasprimeras.com.do\/index.php\/2023\/06\/01\/navarro-asegura-el-pld-esta-abierta-a-realizar-cualquier-alianza\/","title":{"rendered":"Navarro asegura el PLD est\u00e1 abierta a realizar cualquier alianza"},"content":{"rendered":"\n<p><strong>Santo Domingo.-. <\/strong>El miembro del Comit\u00e9 Pol\u00edtico del Partido de la Liberaci\u00f3n Dominicana, Andr\u00e9s Navarro, declar\u00f3 que esa organizaci\u00f3n est\u00e1 abierta a realizar alianzas con organizaciones pol\u00edticas sin descartar a la Fuerza del Pueblo.<\/p>\n\n\n\n<p>Navarro, aclar\u00f3 que en esta etapa de la campa\u00f1a el PLD est\u00e1 en un proceso de fortalecimiento y de crecimiento de la candidatura presidencial.<\/p>\n\n\n\n<p>El dirigente pelede\u00edsta, entiende que en pa\u00edses como la Rep\u00fablica Dominicana, las campa\u00f1as electorales generan mucha bulla.<\/p>\n\n\n\n<p>Andr\u00e9s Navarro, dijo que en la actualidad se est\u00e1 dando a conocer la propuesta electoral del PLD.<\/p>\n","protected":false},"excerpt":{"rendered":"<p>Santo Domingo.-. El miembro del Comit\u00e9 Pol\u00edtico del Partido de la Liberaci\u00f3n Dominicana, Andr\u00e9s Navarro, declar\u00f3 que esa organizaci\u00f3n est\u00e1 abierta a realizar alianzas con organizaciones pol\u00edticas sin descartar a&hellip;<\/p>\n","protected":false},"author":1,"featured_media":50780,"comment_status":"open","ping_status":"open","sticky":false,"template":"","format":"standard","meta":{"content-type":"","jetpack_post_was_ever_published":false,"_jetpack_newsletter_access":"","_jetpack_dont_email_post_to_subs":false,"_jetpack_newsletter_tier_id":0,"_jetpack_memberships_contains_paywalled_content":false,"_jetpack_memberships_contains_paid_content":false,"footnotes":""},"categories":[25],"tags":[2810,2811,2262,269],"class_list":["post-51581","post","type-post","status-publish","format-standard","has-post-thumbnail","hentry","category-portada","tag-abierta","tag-alianza-pais","tag-andres-navarro","tag-pld"],"jetpack_featured_media_url":"","jetpack-related-posts":[{"id":81478,"url":"https:\/\/lasprimeras.com.do\/index.php\/2024\/04\/21\/andres-navarro-alianza-rescate-rd-ha-sumado-a-la-cultura-politica-dominicana\/","url_meta":{"origin":51581,"position":0},"title":"Andr\u00e9s Navarro: Alianza Rescate RD ha sumado a la cultura pol\u00edtica dominicana","author":"Nelson Feliz","date":"21 de abril de 2024","format":false,"excerpt":"El coordinador de la campa\u00f1a del candidato presidencial del Partido de la Liberaci\u00f3n Dominicana, Abel Mart\u00ednez ponder\u00f3 los ejes de acci\u00f3n presentando en el Programa de Gobierno 2024 del PLD y su candidato Presidencial. Andr\u00e9s Navarro,\u00a0 resalta el contenido del documento explicando en un acto el pasado jueves que el\u2026","rel":"","context":"En \u00abPORTADA\u00bb","block_context":{"text":"PORTADA","link":"https:\/\/lasprimeras.com.do\/index.php\/category\/portada\/"},"img":{"alt_text":"Andr\u00e9s Navarro","src":"https:\/\/i0.wp.com\/lasprimeras.com.do\/wp-content\/uploads\/2024\/04\/Andres-Navarro.jpg?resize=350%2C200&ssl=1","width":350,"height":200,"srcset":"https:\/\/i0.wp.com\/lasprimeras.com.do\/wp-content\/uploads\/2024\/04\/Andres-Navarro.jpg?resize=350%2C200&ssl=1 1x, https:\/\/i0.wp.com\/lasprimeras.com.do\/wp-content\/uploads\/2024\/04\/Andres-Navarro.jpg?resize=525%2C300&ssl=1 1.5x"},"classes":[]},{"id":84060,"url":"https:\/\/lasprimeras.com.do\/index.php\/2024\/05\/30\/andres-navarro-satisfecho-con-la-decision-adoptada-por-el-cp-del-pld\/","url_meta":{"origin":51581,"position":1},"title":"Andr\u00e9s Navarro: &#8220;Satisfecho con la decisi\u00f3n adoptada por el CP del PLD&#8221;","author":"Nelson Feliz","date":"30 de mayo de 2024","format":false,"excerpt":"El Partido de la Liberaci\u00f3n Dominicana (PLD) precisa de cambios profundos, explica Andr\u00e9s Navarro al analizar los resultados electorales. El miembro del Comit\u00e9 Pol\u00edtico del Partido de la Liberaci\u00f3n Dominicana (PLD), Andr\u00e9s Navarro, sostuvo que los resultados de las pasadas elecciones llevan un mensaje claro al PLD y es que\u2026","rel":"","context":"En \u00abPORTADA\u00bb","block_context":{"text":"PORTADA","link":"https:\/\/lasprimeras.com.do\/index.php\/category\/portada\/"},"img":{"alt_text":"Andr\u00e9s Navarro","src":"https:\/\/i0.wp.com\/lasprimeras.com.do\/wp-content\/uploads\/2024\/05\/Andres-Navarro.jpeg?resize=350%2C200&ssl=1","width":350,"height":200,"srcset":"https:\/\/i0.wp.com\/lasprimeras.com.do\/wp-content\/uploads\/2024\/05\/Andres-Navarro.jpeg?resize=350%2C200&ssl=1 1x, https:\/\/i0.wp.com\/lasprimeras.com.do\/wp-content\/uploads\/2024\/05\/Andres-Navarro.jpeg?resize=525%2C300&ssl=1 1.5x"},"classes":[]},{"id":126538,"url":"https:\/\/lasprimeras.com.do\/index.php\/2026\/04\/02\/andres-navarro-denuncia-supuesta-campana-sucia-contra-gonzalo-castillo\/","url_meta":{"origin":51581,"position":2},"title":"Andr\u00e9s Navarro denuncia supuesta campa\u00f1a sucia contra Gonzalo Castillo","author":"Nelson Feliz","date":"2 de abril de 2026","format":false,"excerpt":"El exministro de Educaci\u00f3n Andr\u00e9s Navarro denunci\u00f3 este jueves, que habr\u00eda una presunta campa\u00f1a sucia en contra de Gonzalo Castillo impulsada por sectores opositores al Partido de la Liberaci\u00f3n Dominicana (PLD). La informaci\u00f3n fue ofrecida a trav\u00e9s de su cuenta en la red social X, donde afirm\u00f3 que existen datos\u2026","rel":"","context":"En \u00abPOLITICA\u00bb","block_context":{"text":"POLITICA","link":"https:\/\/lasprimeras.com.do\/index.php\/category\/politica\/"},"img":{"alt_text":"","src":"https:\/\/i0.wp.com\/lasprimeras.com.do\/wp-content\/uploads\/2026\/04\/andres-navarro.jpg?resize=350%2C200&ssl=1","width":350,"height":200,"srcset":"https:\/\/i0.wp.com\/lasprimeras.com.do\/wp-content\/uploads\/2026\/04\/andres-navarro.jpg?resize=350%2C200&ssl=1 1x, https:\/\/i0.wp.com\/lasprimeras.com.do\/wp-content\/uploads\/2026\/04\/andres-navarro.jpg?resize=525%2C300&ssl=1 1.5x, https:\/\/i0.wp.com\/lasprimeras.com.do\/wp-content\/uploads\/2026\/04\/andres-navarro.jpg?resize=700%2C400&ssl=1 2x"},"classes":[]},{"id":83242,"url":"https:\/\/lasprimeras.com.do\/index.php\/2024\/05\/13\/andres-navarro-el-pld-informa-del-cierre-de-campana\/","url_meta":{"origin":51581,"position":3},"title":"Andr\u00e9s Navarro: El PLD informa del Cierre de Campa\u00f1a","author":"Nelson Feliz","date":"13 de mayo de 2024","format":false,"excerpt":"El PLD informa de las actividades de final de la campa\u00f1a electoral. Abel Mart\u00ednez en las calles, presentando su propuesta de Gobierno. El Partido de la Liberaci\u00f3n Dominicana (PLD) dio a conocer este d\u00eda las actividades programadas para esta semana, las que junto a las realizadas la semana pasada, se\u2026","rel":"","context":"En \u00abSin categor\u00eda\u00bb","block_context":{"text":"Sin categor\u00eda","link":"https:\/\/lasprimeras.com.do\/index.php\/category\/sin-categoria\/"},"img":{"alt_text":"Andr\u00e9s Navarro","src":"https:\/\/i0.wp.com\/lasprimeras.com.do\/wp-content\/uploads\/2024\/05\/Andres-Navarro.jpg?resize=350%2C200&ssl=1","width":350,"height":200,"srcset":"https:\/\/i0.wp.com\/lasprimeras.com.do\/wp-content\/uploads\/2024\/05\/Andres-Navarro.jpg?resize=350%2C200&ssl=1 1x, https:\/\/i0.wp.com\/lasprimeras.com.do\/wp-content\/uploads\/2024\/05\/Andres-Navarro.jpg?resize=525%2C300&ssl=1 1.5x"},"classes":[]},{"id":50779,"url":"https:\/\/lasprimeras.com.do\/index.php\/2023\/05\/23\/andres-navarro-dice-terminado-duelo-abel-martinez-retomara-ritmo-de-trabajo\/","url_meta":{"origin":51581,"position":4},"title":"Andr\u00e9s Navarro dice terminado duelo Abel Mart\u00ednez retomar\u00e1 ritmo de trabajo","author":"prenxa100","date":"23 de mayo de 2023","format":false,"excerpt":"Santo Domingo.-.El miembro del Comit\u00e9 Pol\u00edtico del Partido de la Liberaci\u00f3n Dominicano, Andr\u00e9s Navarro, destac\u00f3 el ambiente de armon\u00eda y de respeto dominante en las estructuras de promoci\u00f3n de la candidatura presidencial de esa organizaci\u00f3n representada en Abel Mart\u00ednez, escogido de forma mayoritaria en la Consulta Ciudadana del pasado octubre.\u2026","rel":"","context":"En \u00abSin categor\u00eda\u00bb","block_context":{"text":"Sin categor\u00eda","link":"https:\/\/lasprimeras.com.do\/index.php\/category\/sin-categoria\/"},"img":{"alt_text":"","src":"","width":0,"height":0},"classes":[]},{"id":123658,"url":"https:\/\/lasprimeras.com.do\/index.php\/2026\/03\/03\/andres-navarro-aboga-por-un-rol-mas-activo-de-la-onu\/","url_meta":{"origin":51581,"position":5},"title":"Andr\u00e9s Navarro aboga por un rol m\u00e1s activo de la ONU","author":"Nelson Feliz","date":"3 de marzo de 2026","format":false,"excerpt":"El conflicto actual en medio oriente evidencia el alto nivel de debilidad diplom\u00e1tica por el que atraviesa el mundo, opina Andr\u00e9s Navarro, del CP del PLD. El miembro del Comit\u00e9 Pol\u00edtico del Partido de la Liberaci\u00f3n Dominicana (PLD) Andr\u00e9s Navarro, considera que los ataques de Estados Unidos e Israel hacia\u2026","rel":"","context":"En \u00abPOLITICA\u00bb","block_context":{"text":"POLITICA","link":"https:\/\/lasprimeras.com.do\/index.php\/category\/politica\/"},"img":{"alt_text":"Andr\u00e9s Navarro","src":"https:\/\/i0.wp.com\/lasprimeras.com.do\/wp-content\/uploads\/2025\/11\/Andres-Navarro-1.png?resize=350%2C200&ssl=1","width":350,"height":200,"srcset":"https:\/\/i0.wp.com\/lasprimeras.com.do\/wp-content\/uploads\/2025\/11\/Andres-Navarro-1.png?resize=350%2C200&ssl=1 1x, https:\/\/i0.wp.com\/lasprimeras.com.do\/wp-content\/uploads\/2025\/11\/Andres-Navarro-1.png?resize=525%2C300&ssl=1 1.5x"},"classes":[]}],"jetpack_sharing_enabled":true,"_links":{"self":[{"href":"https:\/\/lasprimeras.com.do\/index.php\/wp-json\/wp\/v2\/posts\/51581","targetHints":{"allow":["GET"]}}],"collection":[{"href":"https:\/\/lasprimeras.com.do\/index.php\/wp-json\/wp\/v2\/posts"}],"about":[{"href":"https:\/\/lasprimeras.com.do\/index.php\/wp-json\/wp\/v2\/types\/post"}],"author":[{"embeddable":true,"href":"https:\/\/lasprimeras.com.do\/index.php\/wp-json\/wp\/v2\/users\/1"}],"replies":[{"embeddable":true,"href":"https:\/\/lasprimeras.com.do\/index.php\/wp-json\/wp\/v2\/comments?post=51581"}],"version-history":[{"count":0,"href":"https:\/\/lasprimeras.com.do\/index.php\/wp-json\/wp\/v2\/posts\/51581\/revisions"}],"wp:featuredmedia":[{"embeddable":true,"href":"https:\/\/lasprimeras.com.do\/index.php\/wp-json\/"}],"wp:attachment":[{"href":"https:\/\/lasprimeras.com.do\/index.php\/wp-json\/wp\/v2\/media?parent=51581"}],"wp:term":[{"taxonomy":"category","embeddable":true,"href":"https:\/\/lasprimeras.com.do\/index.php\/wp-json\/wp\/v2\/categories?post=51581"},{"taxonomy":"post_tag","embeddable":true,"href":"https:\/\/lasprimeras.com.do\/index.php\/wp-json\/wp\/v2\/tags?post=51581"}],"curies":[{"name":"wp","href":"https:\/\/api.w.org\/{rel}","templated":true}]}}