{"id":51639,"date":"2023-06-01T22:28:12","date_gmt":"2023-06-02T02:28:12","guid":{"rendered":"https:\/\/atento.com.do\/?p=51639"},"modified":"2023-06-01T22:28:12","modified_gmt":"2023-06-02T02:28:12","slug":"joe-biden-se-cayo-durante-un-acto-de-graduacion-de-la-fuerza-aerea-de-eeuu","status":"publish","type":"post","link":"https:\/\/lasprimeras.com.do\/index.php\/2023\/06\/01\/joe-biden-se-cayo-durante-un-acto-de-graduacion-de-la-fuerza-aerea-de-eeuu\/","title":{"rendered":"Joe Biden se cay\u00f3 durante un acto de graduaci\u00f3n de la Fuerza A\u00e9rea de EEUU"},"content":{"rendered":"\n<p><strong>ESTADOS UNIDOS.-<\/strong> Un momento de preocupaci\u00f3n se vivi\u00f3 este jueves por la tarde durante el acto de graduaci\u00f3n de la Academia de la Fuerza A\u00e9rea de Estados Unidos.<\/p>\n\n\n\n<p>El presidente Joe Biden particip\u00f3 de la ceremonia y, luego de su intervenci\u00f3n ante los presentes, sufri\u00f3 una ca\u00edda arriba del escenario.<\/p>\n\n\n\n<p>En las im\u00e1genes se puede observar al jefe de Estado saludando a uno de los j\u00f3venes graduados. Acto seguido, se da vuelta para trasladarse a otra parte de la tarima e instant\u00e1neamente cae al piso.<\/p>\n\n\n\n<p>R\u00e1pidamente fue asistido por su equipo de seguridad y se reincorpor\u00f3 a la ceremonia.<\/p>\n","protected":false},"excerpt":{"rendered":"<p>ESTADOS UNIDOS.- Un momento de preocupaci\u00f3n se vivi\u00f3 este jueves por la tarde durante el acto de graduaci\u00f3n de la Academia de la Fuerza A\u00e9rea de Estados Unidos. El presidente&hellip;<\/p>\n","protected":false},"author":1,"featured_media":51640,"comment_status":"open","ping_status":"open","sticky":false,"template":"","format":"standard","meta":{"content-type":"","jetpack_post_was_ever_published":false,"_jetpack_newsletter_access":"","_jetpack_dont_email_post_to_subs":false,"_jetpack_newsletter_tier_id":0,"_jetpack_memberships_contains_paywalled_content":false,"_jetpack_memberships_contains_paid_content":false,"footnotes":""},"categories":[1],"tags":[979,2332,1641,1343,2843],"class_list":["post-51639","post","type-post","status-publish","format-standard","has-post-thumbnail","hentry","category-sin-categoria","tag-eeuu","tag-fuerza-aerea","tag-graduacion","tag-joe-biden","tag-se-cayo"],"jetpack_featured_media_url":"","jetpack-related-posts":[{"id":49669,"url":"https:\/\/lasprimeras.com.do\/index.php\/2023\/05\/13\/biden-dice-que-el-supremacismo-blanco-es-la-mayor-amenaza-terrorista-en-eeuu\/","url_meta":{"origin":51639,"position":0},"title":"Biden dice que el supremacismo blanco es la mayor &#8220;amenaza terrorista&#8221; en EEUU","author":"prenxa100","date":"13 de mayo de 2023","format":false,"excerpt":"Washington, EEUU, EFE.-. El presidente de Estados Unidos, Joe Biden, dijo este s\u00e1bado que el supremacismo blanco es la \"amenaza terrorista\" m\u00e1s peligrosa del pa\u00eds e hizo un llamamiento a frenar la violencia pol\u00edtica ante las elecciones del pr\u00f3ximo a\u00f1o. As\u00ed se expres\u00f3 el mandatario en un acto de graduaci\u00f3n\u2026","rel":"","context":"En \u00abSin categor\u00eda\u00bb","block_context":{"text":"Sin categor\u00eda","link":"https:\/\/lasprimeras.com.do\/index.php\/category\/sin-categoria\/"},"img":{"alt_text":"","src":"","width":0,"height":0},"classes":[]},{"id":83584,"url":"https:\/\/lasprimeras.com.do\/index.php\/2024\/05\/19\/biden-dice-a-los-graduados-de-morehouse-que-escucha-sus-voces-de-protesta-por-la-guerra-en-gaza\/","url_meta":{"origin":51639,"position":1},"title":"Biden dice a los graduados de Morehouse que escucha sus voces de protesta por la guerra en Gaza","author":"Nelson Feliz","date":"19 de mayo de 2024","format":false,"excerpt":"POR DARLENE SUPERVILLE, BILL BARROW Y MATT BROWN ATLANTA (AP) \u2014 El presidente Joe Biden dijo el domingo a los graduados del Morehouse College durante su discurso de graduaci\u00f3n que escuch\u00f3 sus voces de protesta por la guerra entre Israel y Hamas y que las escenas del conflicto en Gaza\u2026","rel":"","context":"En \u00abSin categor\u00eda\u00bb","block_context":{"text":"Sin categor\u00eda","link":"https:\/\/lasprimeras.com.do\/index.php\/category\/sin-categoria\/"},"img":{"alt_text":"","src":"https:\/\/i0.wp.com\/lasprimeras.com.do\/wp-content\/uploads\/2024\/05\/JOE-BIDEN-1-1.jpg?resize=350%2C200&ssl=1","width":350,"height":200,"srcset":"https:\/\/i0.wp.com\/lasprimeras.com.do\/wp-content\/uploads\/2024\/05\/JOE-BIDEN-1-1.jpg?resize=350%2C200&ssl=1 1x, https:\/\/i0.wp.com\/lasprimeras.com.do\/wp-content\/uploads\/2024\/05\/JOE-BIDEN-1-1.jpg?resize=525%2C300&ssl=1 1.5x, https:\/\/i0.wp.com\/lasprimeras.com.do\/wp-content\/uploads\/2024\/05\/JOE-BIDEN-1-1.jpg?resize=700%2C400&ssl=1 2x"},"classes":[]},{"id":102488,"url":"https:\/\/lasprimeras.com.do\/index.php\/2025\/07\/04\/lf-participara-este-sabado-en-graduacion-de-diplomado-especializado-de-la-jce\/","url_meta":{"origin":51639,"position":2},"title":"LF participar\u00e1 este s\u00e1bado en graduaci\u00f3n de diplomado especializado de la JCE","author":"Nelson Feliz","date":"4 de julio de 2025","format":false,"excerpt":"El expresidente de la Rep\u00fablica y actual presidente del partido Fuerza del Pueblo (FP), Leonel Fern\u00e1ndez, asistir\u00e1 este s\u00e1bado al acto de graduaci\u00f3n del Diplomado Especializado en Administraci\u00f3n Electoral, iniciativa acad\u00e9mica coordinada por el Instituto Especializado Superior en Formaci\u00f3n Pol\u00edtica, Electoral y del Estado Civil (IESPEC), \u00f3rgano acad\u00e9mico de la\u2026","rel":"","context":"En \u00abNACIONALES\u00bb","block_context":{"text":"NACIONALES","link":"https:\/\/lasprimeras.com.do\/index.php\/category\/nacionales\/"},"img":{"alt_text":"","src":"https:\/\/i0.wp.com\/lasprimeras.com.do\/wp-content\/uploads\/2025\/07\/Leonel-Fernandez-y-Roman-Jaquez-Liranzo.jpg?resize=350%2C200&ssl=1","width":350,"height":200,"srcset":"https:\/\/i0.wp.com\/lasprimeras.com.do\/wp-content\/uploads\/2025\/07\/Leonel-Fernandez-y-Roman-Jaquez-Liranzo.jpg?resize=350%2C200&ssl=1 1x, https:\/\/i0.wp.com\/lasprimeras.com.do\/wp-content\/uploads\/2025\/07\/Leonel-Fernandez-y-Roman-Jaquez-Liranzo.jpg?resize=525%2C300&ssl=1 1.5x, https:\/\/i0.wp.com\/lasprimeras.com.do\/wp-content\/uploads\/2025\/07\/Leonel-Fernandez-y-Roman-Jaquez-Liranzo.jpg?resize=700%2C400&ssl=1 2x"},"classes":[]},{"id":122265,"url":"https:\/\/lasprimeras.com.do\/index.php\/2026\/02\/15\/director-de-la-pn-es-condecorado-en-el-78-o-aniversario-de-la-fuerza-aerea-dominicana\/","url_meta":{"origin":51639,"position":3},"title":"Director de la PN es condecorado en el 78.\u00ba aniversario de la Fuerza A\u00e9rea Dominicana","author":"Nelson Feliz","date":"15 de febrero de 2026","format":false,"excerpt":"El director general de la Polic\u00eda Nacional, mayor general Ram\u00f3n Antonio Guzm\u00e1n Peralta, particip\u00f3 en los actos conmemorativos del 78.\u00ba aniversario de la Fuerza A\u00e9rea de Rep\u00fablica Dominicana (FARD), donde fue condecorado junto a varios oficiales policiales por su aporte al fortalecimiento de la cooperaci\u00f3n interinstitucional. La agenda inici\u00f3 con\u2026","rel":"","context":"En \u00abMILITARES\u00bb","block_context":{"text":"MILITARES","link":"https:\/\/lasprimeras.com.do\/index.php\/category\/militares\/"},"img":{"alt_text":"","src":"https:\/\/i0.wp.com\/lasprimeras.com.do\/wp-content\/uploads\/2026\/02\/conde.jpg?resize=350%2C200&ssl=1","width":350,"height":200,"srcset":"https:\/\/i0.wp.com\/lasprimeras.com.do\/wp-content\/uploads\/2026\/02\/conde.jpg?resize=350%2C200&ssl=1 1x, https:\/\/i0.wp.com\/lasprimeras.com.do\/wp-content\/uploads\/2026\/02\/conde.jpg?resize=525%2C300&ssl=1 1.5x, https:\/\/i0.wp.com\/lasprimeras.com.do\/wp-content\/uploads\/2026\/02\/conde.jpg?resize=700%2C400&ssl=1 2x"},"classes":[]},{"id":101652,"url":"https:\/\/lasprimeras.com.do\/index.php\/2025\/06\/24\/abinader-encabezara-hoy-acto-de-graduacion-del-programa-de-servicio-militar-voluntario\/","url_meta":{"origin":51639,"position":4},"title":"Abinader encabezar\u00e1 hoy acto de graduaci\u00f3n del Programa de Servicio Militar Voluntario","author":"Nelson Feliz","date":"24 de junio de 2025","format":false,"excerpt":"El presidente Luis Abinader participar\u00e1 este mi\u00e9rcoles en el acto de graduaci\u00f3n del Programa de Formaci\u00f3n en Valores del Servicio Militar Voluntario en el Centro de Convenciones de Sans Souc\u00ed. El evento marca la culminaci\u00f3n de la formaci\u00f3n de j\u00f3venes en valores, disciplina y servicio a la naci\u00f3n. Se espera\u2026","rel":"","context":"En \u00abNACIONALES\u00bb","block_context":{"text":"NACIONALES","link":"https:\/\/lasprimeras.com.do\/index.php\/category\/nacionales\/"},"img":{"alt_text":"","src":"https:\/\/i0.wp.com\/lasprimeras.com.do\/wp-content\/uploads\/2025\/06\/Luis-Abinader-2-1.jpg?resize=350%2C200&ssl=1","width":350,"height":200,"srcset":"https:\/\/i0.wp.com\/lasprimeras.com.do\/wp-content\/uploads\/2025\/06\/Luis-Abinader-2-1.jpg?resize=350%2C200&ssl=1 1x, https:\/\/i0.wp.com\/lasprimeras.com.do\/wp-content\/uploads\/2025\/06\/Luis-Abinader-2-1.jpg?resize=525%2C300&ssl=1 1.5x, https:\/\/i0.wp.com\/lasprimeras.com.do\/wp-content\/uploads\/2025\/06\/Luis-Abinader-2-1.jpg?resize=700%2C400&ssl=1 2x"},"classes":[]},{"id":76079,"url":"https:\/\/lasprimeras.com.do\/index.php\/2024\/02\/07\/eeuu-biden-logra-el-90-por-ciento-en-las-primarias-de-nevada\/","url_meta":{"origin":51639,"position":5},"title":"EEUU: Biden logra el 90 por ciento en las primarias de Nevada","author":"BIMARY DE JES\u00daS Matos","date":"7 de febrero de 2024","format":false,"excerpt":"NEVADA, EEUU.- El presidente de Estados Unidos, Joe Biden, ha logrado una amplia victoria en las elecciones primarias que se han celebrado este martes en el estado de Nevada, de cara a los comicios presidenciales de 2024, seg\u00fan proyecciones basados en el 71 por ciento del escrutinio. Biden ha conseguido\u2026","rel":"","context":"En \u00abSin categor\u00eda\u00bb","block_context":{"text":"Sin categor\u00eda","link":"https:\/\/lasprimeras.com.do\/index.php\/category\/sin-categoria\/"},"img":{"alt_text":"","src":"https:\/\/i0.wp.com\/lasprimeras.com.do\/wp-content\/uploads\/2024\/02\/BIDEN.jpg?resize=350%2C200&ssl=1","width":350,"height":200,"srcset":"https:\/\/i0.wp.com\/lasprimeras.com.do\/wp-content\/uploads\/2024\/02\/BIDEN.jpg?resize=350%2C200&ssl=1 1x, https:\/\/i0.wp.com\/lasprimeras.com.do\/wp-content\/uploads\/2024\/02\/BIDEN.jpg?resize=525%2C300&ssl=1 1.5x"},"classes":[]}],"jetpack_sharing_enabled":true,"_links":{"self":[{"href":"https:\/\/lasprimeras.com.do\/index.php\/wp-json\/wp\/v2\/posts\/51639","targetHints":{"allow":["GET"]}}],"collection":[{"href":"https:\/\/lasprimeras.com.do\/index.php\/wp-json\/wp\/v2\/posts"}],"about":[{"href":"https:\/\/lasprimeras.com.do\/index.php\/wp-json\/wp\/v2\/types\/post"}],"author":[{"embeddable":true,"href":"https:\/\/lasprimeras.com.do\/index.php\/wp-json\/wp\/v2\/users\/1"}],"replies":[{"embeddable":true,"href":"https:\/\/lasprimeras.com.do\/index.php\/wp-json\/wp\/v2\/comments?post=51639"}],"version-history":[{"count":0,"href":"https:\/\/lasprimeras.com.do\/index.php\/wp-json\/wp\/v2\/posts\/51639\/revisions"}],"wp:featuredmedia":[{"embeddable":true,"href":"https:\/\/lasprimeras.com.do\/index.php\/wp-json\/"}],"wp:attachment":[{"href":"https:\/\/lasprimeras.com.do\/index.php\/wp-json\/wp\/v2\/media?parent=51639"}],"wp:term":[{"taxonomy":"category","embeddable":true,"href":"https:\/\/lasprimeras.com.do\/index.php\/wp-json\/wp\/v2\/categories?post=51639"},{"taxonomy":"post_tag","embeddable":true,"href":"https:\/\/lasprimeras.com.do\/index.php\/wp-json\/wp\/v2\/tags?post=51639"}],"curies":[{"name":"wp","href":"https:\/\/api.w.org\/{rel}","templated":true}]}}