{"id":51689,"date":"2023-06-02T08:51:54","date_gmt":"2023-06-02T12:51:54","guid":{"rendered":"https:\/\/atento.com.do\/?p=51689"},"modified":"2023-06-02T08:51:54","modified_gmt":"2023-06-02T12:51:54","slug":"la-arrabalizacion-y-el-desorden-son-cosas-del-pasado-en-santo-domingo-norte","status":"publish","type":"post","link":"https:\/\/lasprimeras.com.do\/index.php\/2023\/06\/02\/la-arrabalizacion-y-el-desorden-son-cosas-del-pasado-en-santo-domingo-norte\/","title":{"rendered":"La arrabalizaci\u00f3n y el desorden, son cosas del pasado en Santo Domingo Norte"},"content":{"rendered":"\n<p>Por: Freddy M. Mart\u00ednez<\/p>\n\n\n\n<p>Santo Domingo Norte, es actualmente una ciudad distinta, en donde la arrabalizaci\u00f3n y el desorden, forman parte del pasado, ya que no volver\u00e1n jam\u00e1s a entorpecer o ralentizar el desarrollo que experimenta este municipio, ya que, cuyo progreso y bienestar, es resultado de la eficiencia, en pol\u00edticas p\u00fablicas municipales, ejecutadas desde la Alcald\u00eda, durante la presente administraci\u00f3n del alcalde Carlos Guzm\u00e1n.<\/p>\n\n\n\n<p>Producto de esto, con ejes centrales fundamentados en impulsar Un Nuevo Norte, encaminando a esta demarcaci\u00f3n a convertirse en el principal centro hacia una ciudad modelo, como paradigma y ejemplo de desarrollo que deben emular otras alcald\u00edas en territorio dominicano e incluso cabildos internacionales, tanto por los buenos niveles de eficiencia en los servicios y alta calidad en las ejecuciones.<\/p>\n\n\n\n<p>Este resultado se traduce, que por primera vez, las pol\u00edticas p\u00fablicas puesta en marcha en una gesti\u00f3n municipal han impactado de manera positiva a los ciudadanos de las zonas urbanas y rurales de SDN.<\/p>\n\n\n\n<p>Hoy, Santo Domingo Norte expresa, que por primera vez cuenta con un verdadero alcalde que ha garantizado estabilidad, seguridad con la puesta en marcha de un amplio programa de iluminaci\u00f3n y, sobre todo, con un verdadero gerente municipal, que, en apenas tres a\u00f1os de gesti\u00f3n, ha resuelto miles de problemas que por m\u00e1s de 20 a\u00f1os afectaba de manera directa a los ciudadanos de esta localidad.<\/p>\n\n\n\n<figure class=\"wp-block-image size-full\"><img decoding=\"async\" src=\"http:\/\/atento.com.do\/wp-content\/uploads\/2023\/06\/WhatsApp-Image-2023-06-02-at-8.48.53-AM.jpeg\" alt=\"\" class=\"wp-image-51690\"\/><\/figure>\n\n\n\n<p>Como ejemplo ha esto, el caos que imperaba en el vertedero de Duquesa y otros problemas que afectaban a los mun\u00edcipeses, ahora forman parte del pasado, al igual que la suciedad, el desorden, la falta de iluminaci\u00f3n, ineficiencia en el servicio de recogida de la basura, entre otros males, ya fueron superado, y hoy los ciudadanos tienen un Santo Domingo Norte m\u00e1s limpio, organizado y moderno.<\/p>\n\n\n\n<p>El Santo Domingo Norte de ayer no es el mismo Santo Domingo Norte de hoy, y eso lo saben los ciudadanos. Aqu\u00ed ya no hay caos, no hay arrabalizaci\u00f3n y el peat\u00f3n puede caminar libremente sin temor a ser atropellado, porque la Alcald\u00eda de Santo Domingo Norte ha rescatado las aceras y otros espacios p\u00fablicos que han sido devueltos a la gente.<\/p>\n\n\n\n<p>Construcciones de cientos de obras, remozamientos de otros proyectos y embellecimiento en su totalidad de las principales avenidas y periferia de Santo Domingo Norte han marcado la buena gesti\u00f3n del alcalde Carlos Guzm\u00e1n. Adem\u00e1s, que ha destinado inversiones para las edificaciones de obras en los barrios que componen la localidad.<\/p>\n\n\n\n<p>A esto se destaca, la buena gerencia \u201ca carta cabal\u201d de estadista municipal haciendo frente a diversas crisis que durante a\u00f1os empa\u00f1aron la imagen del municipio y que otros alcaldes nunca resolvieron.<\/p>\n\n\n\n<p>Y esto no solo lo expresan los ciudadanos, sino tambi\u00e9n, el empresariado nacional que ha empezado a instalar sus empresas en este municipio, tanto por la seguridad jur\u00eddica, desarrollo, expansi\u00f3n y otros elementos a tomar en cuenta, puesto en marcha en la gesti\u00f3n municipal de Carlos Guzm\u00e1n.<\/p>\n\n\n\n<p>Grandes plazas y reputadas marcas por primera vez visualizan a Santo Domingo Norte como la Nueva Ciudad en la Rep\u00fablica Dominicana, con gran aprovechamiento de expansi\u00f3n, desarrollo y progreso colectivo. En tanto que estos logros y avances alcanzados por la administraci\u00f3n que dirige Carlos Guzm\u00e1n, no se pueden detener, ni poner en manos de improvisados, que en su momento no hicieron nada para garantizar el desarrollo del municipio.<\/p>\n\n\n\n<p>Las transformaciones alcanzadas en Santo Domingo Norte han sido muchas y son visibles. Nuestro ruego es unificar esfuerzos, y la visi\u00f3n del alcalde es que el desarrollo de SDN est\u00e1 por encima de cualquier cosa.<\/p>\n\n\n\n<p>Esto es algo elogiable, por ende, en este art\u00edculo adem\u00e1s de resaltar la visi\u00f3n de estadista municipal del alcalde Carlos Guzm\u00e1n, es reiterar por si hay dudas y s\u00e9 que no la hay: es que el caos, arrabalizaci\u00f3n y desorden son cosas del pasado, y que el Santo Domingo Norte de ayer no es el mismo Santo Domingo Norte de hoy. En tanto, la limpieza, seguridad y modernidad son cosas del presente en Santo Domingo Norte.<\/p>\n","protected":false},"excerpt":{"rendered":"<p>Por: Freddy M. Mart\u00ednez Santo Domingo Norte, es actualmente una ciudad distinta, en donde la arrabalizaci\u00f3n y el desorden, forman parte del pasado, ya que no volver\u00e1n jam\u00e1s a entorpecer&hellip;<\/p>\n","protected":false},"author":1,"featured_media":51692,"comment_status":"open","ping_status":"open","sticky":false,"template":"","format":"standard","meta":{"content-type":"","jetpack_post_was_ever_published":false,"_jetpack_newsletter_access":"","_jetpack_dont_email_post_to_subs":false,"_jetpack_newsletter_tier_id":0,"_jetpack_memberships_contains_paywalled_content":false,"_jetpack_memberships_contains_paid_content":false,"footnotes":""},"categories":[95,25],"tags":[2870,2871],"class_list":["post-51689","post","type-post","status-publish","format-standard","has-post-thumbnail","hentry","category-opinion","category-portada","tag-la-arrabalizacion-y-el-desorden","tag-son-cosas-del-pasado-en-santo-domingo-norte"],"jetpack_featured_media_url":"","jetpack-related-posts":[{"id":92821,"url":"https:\/\/lasprimeras.com.do\/index.php\/2025\/01\/15\/miguel-florentino-gestion-municipal-de-betty-geronimo-es-un-fiasco\/","url_meta":{"origin":51689,"position":0},"title":"Miguel Florentino: Gesti\u00f3n municipal de Betty Ger\u00f3nimo es un fiasco","author":"Nelson Feliz","date":"15 de enero de 2025","format":false,"excerpt":"El comunicador y miembro de la Direcci\u00f3n Central del partido Fuerza del Pueblo (FP), licenciado Miguel Florentino, denunci\u00f3 este mi\u00e9rcoles que la alcaldesa de Santo Domingo Norte (SDN), Betty Ger\u00f3nimo, mantiene a ese municipio abandonado y arrabalizado al permitir que m\u00e1s de 200 vendedores informales la mayor\u00eda de origen haitiano\u2026","rel":"","context":"En \u00abPOLITICA\u00bb","block_context":{"text":"POLITICA","link":"https:\/\/lasprimeras.com.do\/index.php\/category\/politica\/"},"img":{"alt_text":"","src":"https:\/\/i0.wp.com\/lasprimeras.com.do\/wp-content\/uploads\/2025\/01\/Miguel-Florentino-Jimenez.webp?resize=350%2C200&ssl=1","width":350,"height":200},"classes":[]},{"id":69483,"url":"https:\/\/lasprimeras.com.do\/index.php\/2023\/12\/02\/alcalde-carlos-guzman-inscribe-candidatura-a-la-misma-posicion-por-la-fp\/","url_meta":{"origin":51689,"position":1},"title":"Alcalde Carlos Guzm\u00e1n inscribe candidatura a la misma posici\u00f3n por la FP","author":"Nelson Feliz","date":"2 de diciembre de 2023","format":false,"excerpt":"Guzm\u00e1n reiter\u00f3 que el caos, el desorden, la arrabalizaci\u00f3n y la incertidumbre no pueden volver a dirigir los destinos de SDN. Por Martin Restituyo El alcalde de Santo Domingo Norte (SDN), Carlos Guzm\u00e1n, inscribi\u00f3 oficialmente su candidatura a la misma posici\u00f3n por el Partido Fuerza del Pueblo (FP), que integra\u2026","rel":"","context":"En \u00abPORTADA\u00bb","block_context":{"text":"PORTADA","link":"https:\/\/lasprimeras.com.do\/index.php\/category\/portada\/"},"img":{"alt_text":"Carlos Guzm\u00e1n","src":"https:\/\/i0.wp.com\/lasprimeras.com.do\/wp-content\/uploads\/2023\/12\/Carlos-Guzman-1.jpg?resize=350%2C200&ssl=1","width":350,"height":200,"srcset":"https:\/\/i0.wp.com\/lasprimeras.com.do\/wp-content\/uploads\/2023\/12\/Carlos-Guzman-1.jpg?resize=350%2C200&ssl=1 1x, https:\/\/i0.wp.com\/lasprimeras.com.do\/wp-content\/uploads\/2023\/12\/Carlos-Guzman-1.jpg?resize=525%2C300&ssl=1 1.5x"},"classes":[]},{"id":118714,"url":"https:\/\/lasprimeras.com.do\/index.php\/2026\/01\/02\/alcaldesa-de-sdn-no-tuvo-ningun-logro-que-exhibir-en-el-2025\/","url_meta":{"origin":51689,"position":2},"title":"Alcaldesa de SDN no tuvo ning\u00fan logro que exhibir en el 2025","author":"Nelson Feliz","date":"2 de enero de 2026","format":false,"excerpt":"Autor V\u00edctor Pav\u00f3nEmpresario y ex candidato a diputado FP La gesti\u00f3n municipal m\u00e1s ineficiente e incapaz que ha tenido Santo Domingo Norte (SDN) desde que se constituy\u00f3 el municipio, sin lugar a equivocarnos ha sido y es hasta ahora la que dirige la alcaldesa perreme\u00edsta, Betty Ger\u00f3nimo. Y no es\u2026","rel":"","context":"En \u00abOPINI\u00d3N\u00bb","block_context":{"text":"OPINI\u00d3N","link":"https:\/\/lasprimeras.com.do\/index.php\/category\/opinion\/"},"img":{"alt_text":"V\u00edctor Pav\u00f3n","src":"https:\/\/i0.wp.com\/lasprimeras.com.do\/wp-content\/uploads\/2026\/01\/Victor-Pavon.jpg?resize=350%2C200&ssl=1","width":350,"height":200,"srcset":"https:\/\/i0.wp.com\/lasprimeras.com.do\/wp-content\/uploads\/2026\/01\/Victor-Pavon.jpg?resize=350%2C200&ssl=1 1x, https:\/\/i0.wp.com\/lasprimeras.com.do\/wp-content\/uploads\/2026\/01\/Victor-Pavon.jpg?resize=525%2C300&ssl=1 1.5x, https:\/\/i0.wp.com\/lasprimeras.com.do\/wp-content\/uploads\/2026\/01\/Victor-Pavon.jpg?resize=700%2C400&ssl=1 2x"},"classes":[]},{"id":119397,"url":"https:\/\/lasprimeras.com.do\/index.php\/2026\/01\/12\/diputada-dulce-rojas-anuncia-aspiraciones-a-la-alcaldia-de-sdn\/","url_meta":{"origin":51689,"position":3},"title":"Diputada Dulce Rojas anuncia aspiraciones a la Alcald\u00eda de SDN","author":"Nelson Feliz","date":"12 de enero de 2026","format":false,"excerpt":"Dulce Rojas","rel":"","context":"En \u00abPOLITICA\u00bb","block_context":{"text":"POLITICA","link":"https:\/\/lasprimeras.com.do\/index.php\/category\/politica\/"},"img":{"alt_text":"","src":"https:\/\/i0.wp.com\/lasprimeras.com.do\/wp-content\/uploads\/2026\/01\/IMG-20260111-WA0259.jpg?resize=350%2C200&ssl=1","width":350,"height":200,"srcset":"https:\/\/i0.wp.com\/lasprimeras.com.do\/wp-content\/uploads\/2026\/01\/IMG-20260111-WA0259.jpg?resize=350%2C200&ssl=1 1x, https:\/\/i0.wp.com\/lasprimeras.com.do\/wp-content\/uploads\/2026\/01\/IMG-20260111-WA0259.jpg?resize=525%2C300&ssl=1 1.5x, https:\/\/i0.wp.com\/lasprimeras.com.do\/wp-content\/uploads\/2026\/01\/IMG-20260111-WA0259.jpg?resize=700%2C400&ssl=1 2x, https:\/\/i0.wp.com\/lasprimeras.com.do\/wp-content\/uploads\/2026\/01\/IMG-20260111-WA0259.jpg?resize=1050%2C600&ssl=1 3x, https:\/\/i0.wp.com\/lasprimeras.com.do\/wp-content\/uploads\/2026\/01\/IMG-20260111-WA0259.jpg?resize=1400%2C800&ssl=1 4x"},"classes":[]},{"id":124094,"url":"https:\/\/lasprimeras.com.do\/index.php\/2026\/03\/06\/victor-pavon-califica-como-abuso-de-betty-geronimo-no-pagar-prestaciones-a-ex-empleados-alcaldia-sdn\/","url_meta":{"origin":51689,"position":4},"title":"V\u00edctor Pav\u00f3n califica como abuso de Betty Ger\u00f3nimo no pagar prestaciones a ex empleados Alcald\u00eda SDN","author":"Nelson Feliz","date":"6 de marzo de 2026","format":false,"excerpt":"El aspirante a alcalde por la Fuerza del Pueblo en Santo Domingo Norte, V\u00edctor Pav\u00f3n, acus\u00f3 a la alcaldesa de esa demarcaci\u00f3n, Betty Ger\u00f3nimo de violar la ley de prestaciones laborales al no entregarles el dinero correspondiente por los a\u00f1os de servicio a los ex empleados de la Alcald\u00eda. Pav\u00f3n\u2026","rel":"","context":"En \u00abPOLITICA\u00bb","block_context":{"text":"POLITICA","link":"https:\/\/lasprimeras.com.do\/index.php\/category\/politica\/"},"img":{"alt_text":"V\u00edctor Pav\u00f3n","src":"https:\/\/i0.wp.com\/lasprimeras.com.do\/wp-content\/uploads\/2026\/01\/Victor-Pavon.jpg?resize=350%2C200&ssl=1","width":350,"height":200,"srcset":"https:\/\/i0.wp.com\/lasprimeras.com.do\/wp-content\/uploads\/2026\/01\/Victor-Pavon.jpg?resize=350%2C200&ssl=1 1x, https:\/\/i0.wp.com\/lasprimeras.com.do\/wp-content\/uploads\/2026\/01\/Victor-Pavon.jpg?resize=525%2C300&ssl=1 1.5x, https:\/\/i0.wp.com\/lasprimeras.com.do\/wp-content\/uploads\/2026\/01\/Victor-Pavon.jpg?resize=700%2C400&ssl=1 2x"},"classes":[]},{"id":106158,"url":"https:\/\/lasprimeras.com.do\/index.php\/2025\/08\/11\/rafael-castillo-denuncia-alcaldia-impone-desorden-y-busqueda-en-incautacion-de-motocicletas-en-sde\/","url_meta":{"origin":51689,"position":5},"title":"Rafael Castillo denuncia Alcald\u00eda impone \u201cdesorden y b\u00fasqueda\u201d en incautaci\u00f3n de motocicletas en SDE","author":"Nelson Feliz","date":"11 de agosto de 2025","format":false,"excerpt":"\"Castillo inicia acciones legales contra Alcald\u00eda, para detener abusos contra motoristas y promover una regulaci\u00f3n real en este tipo de transporte\". El diputado y vocero de la Fuerza del Pueblo en la c\u00e1mara baja, Rafael Castillo, acus\u00f3 a la Alcald\u00eda de Santo Domingo Este de imponer un \u201cdesorden y negocio\u2026","rel":"","context":"En \u00abPOLITICA\u00bb","block_context":{"text":"POLITICA","link":"https:\/\/lasprimeras.com.do\/index.php\/category\/politica\/"},"img":{"alt_text":"Rafael Castillo","src":"https:\/\/i0.wp.com\/lasprimeras.com.do\/wp-content\/uploads\/2025\/08\/Rafael-Castillo-1.jpg?resize=350%2C200&ssl=1","width":350,"height":200,"srcset":"https:\/\/i0.wp.com\/lasprimeras.com.do\/wp-content\/uploads\/2025\/08\/Rafael-Castillo-1.jpg?resize=350%2C200&ssl=1 1x, https:\/\/i0.wp.com\/lasprimeras.com.do\/wp-content\/uploads\/2025\/08\/Rafael-Castillo-1.jpg?resize=525%2C300&ssl=1 1.5x, https:\/\/i0.wp.com\/lasprimeras.com.do\/wp-content\/uploads\/2025\/08\/Rafael-Castillo-1.jpg?resize=700%2C400&ssl=1 2x"},"classes":[]}],"jetpack_sharing_enabled":true,"_links":{"self":[{"href":"https:\/\/lasprimeras.com.do\/index.php\/wp-json\/wp\/v2\/posts\/51689","targetHints":{"allow":["GET"]}}],"collection":[{"href":"https:\/\/lasprimeras.com.do\/index.php\/wp-json\/wp\/v2\/posts"}],"about":[{"href":"https:\/\/lasprimeras.com.do\/index.php\/wp-json\/wp\/v2\/types\/post"}],"author":[{"embeddable":true,"href":"https:\/\/lasprimeras.com.do\/index.php\/wp-json\/wp\/v2\/users\/1"}],"replies":[{"embeddable":true,"href":"https:\/\/lasprimeras.com.do\/index.php\/wp-json\/wp\/v2\/comments?post=51689"}],"version-history":[{"count":0,"href":"https:\/\/lasprimeras.com.do\/index.php\/wp-json\/wp\/v2\/posts\/51689\/revisions"}],"wp:featuredmedia":[{"embeddable":true,"href":"https:\/\/lasprimeras.com.do\/index.php\/wp-json\/"}],"wp:attachment":[{"href":"https:\/\/lasprimeras.com.do\/index.php\/wp-json\/wp\/v2\/media?parent=51689"}],"wp:term":[{"taxonomy":"category","embeddable":true,"href":"https:\/\/lasprimeras.com.do\/index.php\/wp-json\/wp\/v2\/categories?post=51689"},{"taxonomy":"post_tag","embeddable":true,"href":"https:\/\/lasprimeras.com.do\/index.php\/wp-json\/wp\/v2\/tags?post=51689"}],"curies":[{"name":"wp","href":"https:\/\/api.w.org\/{rel}","templated":true}]}}