{"id":51694,"date":"2023-06-02T09:03:55","date_gmt":"2023-06-02T13:03:55","guid":{"rendered":"https:\/\/atento.com.do\/?p=51694"},"modified":"2023-06-02T09:03:55","modified_gmt":"2023-06-02T13:03:55","slug":"vicepresidenta-de-la-republica-encabeza-inicio-cuarta-version-de-la-feria-expo-provisiones-2023","status":"publish","type":"post","link":"https:\/\/lasprimeras.com.do\/index.php\/2023\/06\/02\/vicepresidenta-de-la-republica-encabeza-inicio-cuarta-version-de-la-feria-expo-provisiones-2023\/","title":{"rendered":"Vicepresidenta de la Rep\u00fablica encabeza inicio cuarta versi\u00f3n de la feria Expo Provisiones 2023"},"content":{"rendered":"\n<p><strong>Santo Domingo-. <\/strong>El Consejo Nacional del Comercio en Provisiones (CNCP), junto a la vicepresidenta de la Rep\u00fablica, Raquel Pe\u00f1a, dejaron iniciada la cuarta edici\u00f3n de la Feria Expo Provisiones 2023, que este a\u00f1o lleva el lema \u201cAportando valor junto a las Industrias y MIPYMES\u201d, y que est\u00e1 dedicada al Grupo Rica a celebrarse desde este jueves 01 de junio hasta el domingo 04, en el sal\u00f3n de eventos de Sambil.<\/p>\n\n\n\n<p>Durante la actividad, el presidente del CNCP, Julio C\u00e9sar P\u00e9rez Mata, precis\u00f3 que uno de los pilares fundamentales de esa entidad radica en las buenas relaciones y el acercamiento permanente con todos los asociados, lo que permite escucharlos, colaborarles, gestionarles y aportarles en todo lo que como representantes del sector le compete.<\/p>\n\n\n\n<p>Hizo \u00e9nfasis en que, si algo se debe tener claro en el sector, es que, para permanecer en el tiempo, es necesario adaptarse a los cambios, las innovaciones y sobre todo al mundo de la tecnolog\u00eda, como la llegada inminente de la facturaci\u00f3n electr\u00f3nica.<\/p>\n\n\n\n<p>\u201cComerciantes, las empresas, el sector financiero y educativo, podemos brindar oportunidades de negocios, intercambios y conocimientos, teniendo como objetivo principal los precios asequibles para todas las familias.<\/p>\n\n\n\n<p>Reiteramos nuestra gratitud por el apoyo, la confianza y participaci\u00f3n de las industrias, as\u00ed como a todos los que han hecho posible Expo Provisiones 2023\u201d, expres\u00f3 P\u00e9rez Mata, quien agradeci\u00f3 el apoyo, la confianza y participaci\u00f3n de las industrias.<\/p>\n\n\n\n<p>Dijo que es precisamente esta cuarta entrega de Expo Provisiones lo que pone de manifiesto uno de los grandes logros de la instituci\u00f3n que dirige, que lo llena de orgullo y satisfacci\u00f3n, ya que a pesar de lo joven que es la feria, desde sus inicios, cada a\u00f1o ha superado las expectativas, logrando con ello posicionarla como uno de los eventos m\u00e1s esperados para el disfrute de toda la familia, y donde los expositores tienen la oportunidad de ofrecer sus productos en un ambiente festivo, junto a sus colegas y allegados.<\/p>\n\n\n\n<figure class=\"wp-block-image size-full\"><img decoding=\"async\" src=\"https:\/\/atento.com.do\/wp-content\/uploads\/2023\/06\/Raquel-Pena-1.jpg\" alt=\"\" class=\"wp-image-51696\"\/><\/figure>\n\n\n\n<p><strong>Vicepresidenta resalta feria<\/strong><\/p>\n\n\n\n<p>En tanto, que la vicepresidenta de la Rep\u00fablica, Raquel Pe\u00f1a, manifest\u00f3 que el comercio en provisiones es esencial para el desarrollo de una econom\u00eda sana y competitiva, porque proporciona a las personas los productos y servicios necesarios para el desempe\u00f1o de sus actividades y al mismo tiempo fortalece las empresas nacionales para participar en los mercados internacionales.<\/p>\n\n\n\n<p>\u201cEstamos convencidos del \u00e9xito que tendr\u00e1 esta exposici\u00f3n tan estrat\u00e9gicamente organizada por el Consejo Nacional del Comercio en Provisiones, a quien felicitamos por un certamen m\u00e1s, desarrollado con la acostumbrada calidad que les caracteriza\u201d, precis\u00f3 Pe\u00f1a.<\/p>\n\n\n\n<p>La funcionaria resalt\u00f3 el apoyo y la participaci\u00f3n de m\u00e1s de 70 industrias que realizan grandes aportes a la econom\u00eda; adem\u00e1s de contar con la colaboraci\u00f3n del sector mipymes, motor de empuje para el desarrollo nacional y, tambi\u00e9n, tener la presencia de los emprendedores que apuestan al \u00e9xito mediante la creatividad y la innovaci\u00f3n.<\/p>\n\n\n\n<p>Pe\u00f1a aprovech\u00f3 la oportunidad para, en nombre del presidente Luis Abinader, reiterar el m\u00e1s sincero deseo de apoyar ese sector, escucharlos y trabajar junto a ellos por el bienestar y crecimiento del pa\u00eds.<\/p>\n\n\n\n<p><strong>Mipymes<\/strong><\/p>\n\n\n\n<p>Mientras que, el presidente del Comit\u00e9 Organizador de Expo Provisiones 2023, Alberto Leroux, resalt\u00f3 la relevancia que tiene la participaci\u00f3n de los representantes del sector de las MIPYMES, ya que estos garantizan el abastecimiento de la canasta familiar, aportando de manera significativa a la econom\u00eda nacional.<\/p>\n\n\n\n<p><strong>Sobre el evento<\/strong><\/p>\n\n\n\n<p>Este a\u00f1o la feria tiene a El Salvador como pa\u00eds invitado, que a trav\u00e9s de su embajada presentar\u00e1 parte de su cultura, costumbres e historia, lo que representa una oportunidad para establecer relaciones comerciales binacionales. Esta es la segunda ocasi\u00f3n que otra naci\u00f3n participa como invitada, siendo Guatemala la primera, en la edici\u00f3n pasada.<\/p>\n\n\n\n<p>El evento permite a comerciantes de provisiones en productos de consumos expandir las oportunidades de negocios hacia otros mercados, as\u00ed como crear espacios para desarrollar relaciones entre sectores p\u00fablico-privado, y poner en contacto a proveedores de bienes y servicios con los comercios de suministros.<\/p>\n\n\n\n<p>Durante la actividad, se entreg\u00f3 un reconocimiento al Grupo Rica, por consolidarse durante 57 a\u00f1os, liderando la industria nacional a trav\u00e9s de la calidad de su oferta, lo que le ha permitido posicionarse en m\u00e1s de 20 pa\u00edses.<\/p>\n\n\n\n<p>La placa fue entregada al empresario Pedro Brache, presidente ejecutivo del Grupo Rica, por la vicepresidenta de la Rep\u00fablica, Raquel Pe\u00f1a, junto a los se\u00f1ores Julio C\u00e9sar P\u00e9rez Mata y Alberto Leroux.<\/p>\n\n\n\n<p>Adem\u00e1s, fue reconocida la embajada de El Salvador a trav\u00e9s de su embajadora, Dania Elena Tolentino.<\/p>\n","protected":false},"excerpt":{"rendered":"<p>Santo Domingo-. El Consejo Nacional del Comercio en Provisiones (CNCP), junto a la vicepresidenta de la Rep\u00fablica, Raquel Pe\u00f1a, dejaron iniciada la cuarta edici\u00f3n de la Feria Expo Provisiones 2023,&hellip;<\/p>\n","protected":false},"author":1,"featured_media":51695,"comment_status":"open","ping_status":"open","sticky":false,"template":"","format":"standard","meta":{"content-type":"","jetpack_post_was_ever_published":false,"_jetpack_newsletter_access":"","_jetpack_dont_email_post_to_subs":false,"_jetpack_newsletter_tier_id":0,"_jetpack_memberships_contains_paywalled_content":false,"_jetpack_memberships_contains_paid_content":false,"footnotes":""},"categories":[39,25],"tags":[2872,1145,1146,2873,1906,1810,2874],"class_list":["post-51694","post","type-post","status-publish","format-standard","has-post-thumbnail","hentry","category-economia","category-portada","tag-cuarta","tag-expo-provisiones-2023","tag-feria","tag-raquel-pena","tag-republica","tag-version","tag-vicepresidenta"],"jetpack_featured_media_url":"","jetpack-related-posts":[{"id":84419,"url":"https:\/\/lasprimeras.com.do\/index.php\/2024\/06\/08\/vicepresidenta-da-inicio-a-expo-provisiones-2024-la-gran-fiesta-del-comercio\/","url_meta":{"origin":51694,"position":0},"title":"Vicepresidenta da inicio a Expo Provisiones 2024: \u201cLa Gran Fiesta del Comercio\u201d","author":"Nelson Feliz","date":"8 de junio de 2024","format":false,"excerpt":"En su quinta versi\u00f3n, dedicada al Grupo Linda, en la persona de su presidente se\u00f1or F\u00e9lix Garc\u00eda, tiene como pa\u00eds invitado a la Rep\u00fablica de Honduras, bajo el lema \u201cJuntos por la estabilidad del Comercio\u201d. El Consejo Nacional del Comercio en Provisiones (CNCP) dej\u00f3 inaugurada la quinta versi\u00f3n de la\u2026","rel":"","context":"En \u00abECONOM\u00cdA\u00bb","block_context":{"text":"ECONOM\u00cdA","link":"https:\/\/lasprimeras.com.do\/index.php\/category\/economia\/"},"img":{"alt_text":"","src":"https:\/\/i0.wp.com\/lasprimeras.com.do\/wp-content\/uploads\/2024\/06\/comercio.jpg?resize=350%2C200&ssl=1","width":350,"height":200,"srcset":"https:\/\/i0.wp.com\/lasprimeras.com.do\/wp-content\/uploads\/2024\/06\/comercio.jpg?resize=350%2C200&ssl=1 1x, https:\/\/i0.wp.com\/lasprimeras.com.do\/wp-content\/uploads\/2024\/06\/comercio.jpg?resize=525%2C300&ssl=1 1.5x"},"classes":[]},{"id":49469,"url":"https:\/\/lasprimeras.com.do\/index.php\/2023\/05\/11\/consejo-del-comercio-en-provisiones-anuncia-su-feria-expo-provisiones-2023\/","url_meta":{"origin":51694,"position":1},"title":"Consejo del Comercio en Provisiones anuncia su feria &#8220;Expo Provisiones 2023&#8221;","author":"prenxa100","date":"11 de mayo de 2023","format":false,"excerpt":"Bajo el tema : \u201cAportando valor junto a las Industrias y MiPymes\". Santo Domingo.-. El Consejo Nacional del Comercio en Provisiones (CNCP) anunci\u00f3 su feria Expo Provisiones 2023, a celebrarse desde el jueves 01 al domingo 4 de junio, de 10:00 a .m a 10:00 p .m en el Sal\u00f3n\u2026","rel":"","context":"En \u00abECONOM\u00cdA\u00bb","block_context":{"text":"ECONOM\u00cdA","link":"https:\/\/lasprimeras.com.do\/index.php\/category\/economia\/"},"img":{"alt_text":"","src":"","width":0,"height":0},"classes":[]},{"id":51728,"url":"https:\/\/lasprimeras.com.do\/index.php\/2023\/06\/02\/cncp-asegura-productos-continuaran-bajando-de-precios-y-espera-liberacion-encaje-legal-dinamice-economia\/","url_meta":{"origin":51694,"position":2},"title":"CNCP asegura productos continuar\u00e1n bajando de precios y espera liberaci\u00f3n encaje legal dinamice econom\u00eda","author":"prenxa100","date":"2 de junio de 2023","format":false,"excerpt":"Santo Domingo.-.El Consejo Nacional del Comercio en Provisiones (CNCP) asegur\u00f3 este viernes que varios productos de la canasta b\u00e1sica bajaron de precios y que esperan que en los pr\u00f3ximos 45 d\u00edas otros alimentos tambi\u00e9n empiecen a reflejar rebajas. Al hablar este viernes durante el segundo d\u00eda de la cuarta versi\u00f3n\u2026","rel":"","context":"En \u00abECONOM\u00cdA\u00bb","block_context":{"text":"ECONOM\u00cdA","link":"https:\/\/lasprimeras.com.do\/index.php\/category\/economia\/"},"img":{"alt_text":"","src":"","width":0,"height":0},"classes":[]},{"id":84634,"url":"https:\/\/lasprimeras.com.do\/index.php\/2024\/06\/12\/expo-provisiones-2024-supera-expectativas-en-asistencia-y-transacciones-comerciales\/","url_meta":{"origin":51694,"position":3},"title":"Expo Provisiones 2024 supera Expectativas en Asistencia y Transacciones Comerciales","author":"Nelson Feliz","date":"12 de junio de 2024","format":false,"excerpt":"La quinta edici\u00f3n de la feria Expo Provisiones 2024 concluy\u00f3 con \u00e9xito este domingo, atrayendo a m\u00e1s de 30 mil asistentes y facilitando transacciones econ\u00f3micas entre mayoristas y minoristas por un valor superior a RD$300 millones. Organizada por el Consejo Nacional del Comercio en Provisiones (CNCP), la feria se llev\u00f3\u2026","rel":"","context":"En \u00abECONOM\u00cdA\u00bb","block_context":{"text":"ECONOM\u00cdA","link":"https:\/\/lasprimeras.com.do\/index.php\/category\/economia\/"},"img":{"alt_text":"","src":"https:\/\/i0.wp.com\/lasprimeras.com.do\/wp-content\/uploads\/2024\/06\/Reconocen.jpg?resize=350%2C200&ssl=1","width":350,"height":200,"srcset":"https:\/\/i0.wp.com\/lasprimeras.com.do\/wp-content\/uploads\/2024\/06\/Reconocen.jpg?resize=350%2C200&ssl=1 1x, https:\/\/i0.wp.com\/lasprimeras.com.do\/wp-content\/uploads\/2024\/06\/Reconocen.jpg?resize=525%2C300&ssl=1 1.5x, https:\/\/i0.wp.com\/lasprimeras.com.do\/wp-content\/uploads\/2024\/06\/Reconocen.jpg?resize=700%2C400&ssl=1 2x"},"classes":[]},{"id":52345,"url":"https:\/\/lasprimeras.com.do\/index.php\/2023\/06\/09\/cncp-resalta-expo-provisiones-2023-genero-mas-de-280-millones-de-pesos\/","url_meta":{"origin":51694,"position":4},"title":"CNCP resalta Expo Provisiones 2023 gener\u00f3 m\u00e1s de 280 millones de pesos","author":"prenxa100","date":"9 de junio de 2023","format":false,"excerpt":"El Consejo Nacional del Comercio en Provisiones (CNCP) cerr\u00f3 con gran \u00e9xito la cuarta versi\u00f3n de Expo Provisiones 2023, con operaciones de negocios que registran ventas de alrededor de 280 millones de pesos entre mayoristas y minoristas. El presidente de CNCP, Julio C\u00e9sar P\u00e9rez Mata, inform\u00f3 que la expo que\u2026","rel":"","context":"En \u00abECONOM\u00cdA\u00bb","block_context":{"text":"ECONOM\u00cdA","link":"https:\/\/lasprimeras.com.do\/index.php\/category\/economia\/"},"img":{"alt_text":"","src":"","width":0,"height":0},"classes":[]},{"id":51838,"url":"https:\/\/lasprimeras.com.do\/index.php\/2023\/06\/04\/cncp-reconoce-trayectoria-viceministro-mipymes-jorge-morales\/","url_meta":{"origin":51694,"position":5},"title":"CNCP reconoce trayectoria viceministro Mipymes Jorge Morales","author":"prenxa100","date":"4 de junio de 2023","format":false,"excerpt":"En la celebraci\u00f3n de Expo Provisiones 2023, el Consejo Nacional del Comercio en Provisiones (CNCP) reconoci\u00f3 la destacada trayectoria y su invaluable labor como funcionario p\u00fablico del viceministro de Fomento a la Micro, Peque\u00f1a y Mediana Empresa, Jorge Morales. En el reconocimiento el CNCP destac\u00f3 las cualidades de Morales indicando\u2026","rel":"","context":"En \u00abECONOM\u00cdA\u00bb","block_context":{"text":"ECONOM\u00cdA","link":"https:\/\/lasprimeras.com.do\/index.php\/category\/economia\/"},"img":{"alt_text":"","src":"","width":0,"height":0},"classes":[]}],"jetpack_sharing_enabled":true,"_links":{"self":[{"href":"https:\/\/lasprimeras.com.do\/index.php\/wp-json\/wp\/v2\/posts\/51694","targetHints":{"allow":["GET"]}}],"collection":[{"href":"https:\/\/lasprimeras.com.do\/index.php\/wp-json\/wp\/v2\/posts"}],"about":[{"href":"https:\/\/lasprimeras.com.do\/index.php\/wp-json\/wp\/v2\/types\/post"}],"author":[{"embeddable":true,"href":"https:\/\/lasprimeras.com.do\/index.php\/wp-json\/wp\/v2\/users\/1"}],"replies":[{"embeddable":true,"href":"https:\/\/lasprimeras.com.do\/index.php\/wp-json\/wp\/v2\/comments?post=51694"}],"version-history":[{"count":0,"href":"https:\/\/lasprimeras.com.do\/index.php\/wp-json\/wp\/v2\/posts\/51694\/revisions"}],"wp:featuredmedia":[{"embeddable":true,"href":"https:\/\/lasprimeras.com.do\/index.php\/wp-json\/"}],"wp:attachment":[{"href":"https:\/\/lasprimeras.com.do\/index.php\/wp-json\/wp\/v2\/media?parent=51694"}],"wp:term":[{"taxonomy":"category","embeddable":true,"href":"https:\/\/lasprimeras.com.do\/index.php\/wp-json\/wp\/v2\/categories?post=51694"},{"taxonomy":"post_tag","embeddable":true,"href":"https:\/\/lasprimeras.com.do\/index.php\/wp-json\/wp\/v2\/tags?post=51694"}],"curies":[{"name":"wp","href":"https:\/\/api.w.org\/{rel}","templated":true}]}}