{"id":51701,"date":"2023-06-02T09:56:23","date_gmt":"2023-06-02T13:56:23","guid":{"rendered":"https:\/\/atento.com.do\/?p=51701"},"modified":"2023-06-02T09:56:23","modified_gmt":"2023-06-02T13:56:23","slug":"mescyt-entrega-170-becas-a-alumnos-que-cursaran-programas-de-posgrados-en-espana-e-italia","status":"publish","type":"post","link":"https:\/\/lasprimeras.com.do\/index.php\/2023\/06\/02\/mescyt-entrega-170-becas-a-alumnos-que-cursaran-programas-de-posgrados-en-espana-e-italia\/","title":{"rendered":"MESCYT entrega 170 becas a alumnos que cursar\u00e1n programas de posgrados en Espa\u00f1a e Italia"},"content":{"rendered":"\n<p>Los estudiantes corresponden al primer grupo de becarios que participaron en la Convocatoria de Becas Internacionales 2023<\/p>\n\n\n\n<p><strong>Santo Domingo.-<\/strong>El Ministerio de Educaci\u00f3n Superior, Ciencia y Tecnolog\u00eda (MESCYT), entreg\u00f3 170 certificaciones de becas internacionales, al primer grupo de alumnos meritorios que cursar\u00e1n, programas de posgrado, en seis universidades ubicadas en Espa\u00f1a e Italia, beneficiados durante la convocatoria a Becas Internacionales 2023.<\/p>\n\n\n\n<p>En el acto encabezado por el titular de la instituci\u00f3n, doctor Franklin Garc\u00eda Ferm\u00edn y organizado por la directora de becas internacionales, Roselia P\u00e9rez, los estudiantes excepcionales, recibieron sus acreditaciones para cursar maestr\u00edas en las Instituciones de Educaci\u00f3n Superior (IES); Alfonso X El Sabio, Escuela Internacional de Negocios CESTE, Instituto Marangoni, Spain Business School; Nuova Accademia Di Belle Art y CMI Business School.<\/p>\n\n\n\n<p>Los beneficiarios cursar\u00e1n maestr\u00edas en: Direcci\u00f3n Financiera, Emprendimiento Internacional, Log\u00edstica y Cadena de Suministro, Gesti\u00f3n Humana y Desarrollo Institucional, Direcci\u00f3n de Marketing y Comercio Internacional Responsable, Ciencia de Datos e Inteligencia Artificial para Negocios, Energ\u00eda Renovable y Eficiencia Energ\u00e9tica y Ciberseguridad.<\/p>\n\n\n\n<p>Al pronunciar su discurso el ministro Franklin Garc\u00eda Ferm\u00edn resalt\u00f3 la satisfacci\u00f3n que le causa participar en la despedida de 170 alumnos, que representan el primer grupo de enviados a IES extranjeras, durante la convocatoria de este a\u00f1o.<\/p>\n\n\n\n<p>\u201cLos felicito, no solo por haberse ganado esta oportunidad de estudiar en Universidades del exterior del pa\u00eds, sino tambi\u00e9n por su entusiasmo y la seriedad con la que afrontan sus estudios, con la firme voluntad de regresar a su pa\u00eds para contribuir con su desarrollo\u201d, asegur\u00f3 el funcionario.<\/p>\n\n\n\n<p>Garc\u00eda Ferm\u00edn subray\u00f3 que los becarios provienen de provincias como; Independencia, Santiago Rodriguez, La Romana, Santiago, Hermanas Mirabal, La Vega, Monse\u00f1or Nouel, San Crist\u00f3bal, Barahona y Bahoruco.<\/p>\n\n\n\n<p>Al hablar en representaci\u00f3n de los becados, Ivanna Ricardo, asegur\u00f3 que el Programa de Becas Internacionales es incluyente porque llega a todos los sectores del pa\u00eds, barrios, ciudades, incluyendo Valverde Mao de donde es oriunda.<\/p>\n\n\n\n<p>\u201cAgradecemos al presidente Luis Abinader y al MESCYT, por ser beneficiados con esta beca internacional, asumiendo cada uno de nosotros el compromiso con nuestro pa\u00eds, para continuar con su desarrollo econ\u00f3mico y social&#8221;, concluy\u00f3.<\/p>\n\n\n\n<p>Estuvieron presentes los viceministros, Jos\u00e9 A. Cancel, Paula Disla, Maria Lopez Polanco y Genaro Rodriguez Martinez, as\u00ed como el director de gabinete, Juan F. Medina y el asesor del Poder Ejecutivo en materia de educaci\u00f3n superior, Francisco Vegazo.<\/p>\n","protected":false},"excerpt":{"rendered":"<p>Los estudiantes corresponden al primer grupo de becarios que participaron en la Convocatoria de Becas Internacionales 2023 Santo Domingo.-El Ministerio de Educaci\u00f3n Superior, Ciencia y Tecnolog\u00eda (MESCYT), entreg\u00f3 170 certificaciones&hellip;<\/p>\n","protected":false},"author":1,"featured_media":51702,"comment_status":"open","ping_status":"open","sticky":false,"template":"","format":"standard","meta":{"content-type":"","jetpack_post_was_ever_published":false,"_jetpack_newsletter_access":"","_jetpack_dont_email_post_to_subs":false,"_jetpack_newsletter_tier_id":0,"_jetpack_memberships_contains_paywalled_content":false,"_jetpack_memberships_contains_paid_content":false,"footnotes":""},"categories":[35],"tags":[2876,2877,2878,28,1870,1736,2879,555],"class_list":["post-51701","post","type-post","status-publish","format-standard","has-post-thumbnail","hentry","category-nacionales","tag-alumnos","tag-becas","tag-cursaran","tag-espana","tag-italia","tag-mescyt","tag-posgrados","tag-programas"],"jetpack_featured_media_url":"","jetpack-related-posts":[{"id":54797,"url":"https:\/\/lasprimeras.com.do\/index.php\/2023\/07\/14\/mescyt-envia-a-miles-de-jovenes-a-estudiar-a-oxford-reino-unido-y-a-otras-universidades\/","url_meta":{"origin":51701,"position":0},"title":"Mescyt env\u00eda a miles de j\u00f3venes a estudiar a Oxford, Reino Unido y a otras universidades","author":"Nelson Feliz","date":"14 de julio de 2023","format":false,"excerpt":"Cada a\u00f1o, un total de 2,000 j\u00f3venes dominicanos son beneficiados con becas internacionales para cursar especialidades, maestr\u00edas y doctorados en alrededor de 60 Instituciones de Educaci\u00f3n Superior (IES) El Ministerio de Educaci\u00f3n Superior, Ciencia y Tecnolog\u00eda (Mescyt) inform\u00f3 que ha enviado hasta julio de este a\u00f1o, un total de 1,093\u2026","rel":"","context":"En \u00abNACIONALES\u00bb","block_context":{"text":"NACIONALES","link":"https:\/\/lasprimeras.com.do\/index.php\/category\/nacionales\/"},"img":{"alt_text":"Franklin Garc\u00eda Ferm\u00edn","src":"https:\/\/i0.wp.com\/lasprimeras.com.do\/wp-content\/uploads\/2023\/07\/Franklin-Garcia-Fermin-2.jpg?resize=350%2C200&ssl=1","width":350,"height":200,"srcset":"https:\/\/i0.wp.com\/lasprimeras.com.do\/wp-content\/uploads\/2023\/07\/Franklin-Garcia-Fermin-2.jpg?resize=350%2C200&ssl=1 1x, https:\/\/i0.wp.com\/lasprimeras.com.do\/wp-content\/uploads\/2023\/07\/Franklin-Garcia-Fermin-2.jpg?resize=525%2C300&ssl=1 1.5x, https:\/\/i0.wp.com\/lasprimeras.com.do\/wp-content\/uploads\/2023\/07\/Franklin-Garcia-Fermin-2.jpg?resize=700%2C400&ssl=1 2x"},"classes":[]},{"id":75496,"url":"https:\/\/lasprimeras.com.do\/index.php\/2024\/02\/01\/la-escuela-tecnologica-a-la-que-pueden-aplicar-con-las-becas-internacionales-de-la-mescyt\/","url_meta":{"origin":51701,"position":1},"title":"La escuela tecnol\u00f3gica a la que pueden aplicar con las becas internacionales de la Mescyt","author":"Nelson Feliz","date":"1 de febrero de 2024","format":false,"excerpt":"Madrid Executive Business School, MEBS, nace para dar respuesta, tanto a estudiantes que quieren progresar con sus estudios en \u00e1reas tecnol\u00f3gicas, como para dar soluci\u00f3n a las empresas que demandan este tipo de perfiles y no son capaces a encontrarlos. El Ministerio de Educaci\u00f3n, Ciencia y Tecnolog\u00eda, Mescyt, convoca su\u2026","rel":"","context":"En \u00abNACIONALES\u00bb","block_context":{"text":"NACIONALES","link":"https:\/\/lasprimeras.com.do\/index.php\/category\/nacionales\/"},"img":{"alt_text":"Beca Mescyt Internacional","src":"https:\/\/i0.wp.com\/lasprimeras.com.do\/wp-content\/uploads\/2024\/02\/Beca-Mescyt-Internacional-1.jpg?resize=350%2C200&ssl=1","width":350,"height":200,"srcset":"https:\/\/i0.wp.com\/lasprimeras.com.do\/wp-content\/uploads\/2024\/02\/Beca-Mescyt-Internacional-1.jpg?resize=350%2C200&ssl=1 1x, https:\/\/i0.wp.com\/lasprimeras.com.do\/wp-content\/uploads\/2024\/02\/Beca-Mescyt-Internacional-1.jpg?resize=525%2C300&ssl=1 1.5x, https:\/\/i0.wp.com\/lasprimeras.com.do\/wp-content\/uploads\/2024\/02\/Beca-Mescyt-Internacional-1.jpg?resize=700%2C400&ssl=1 2x"},"classes":[]},{"id":60311,"url":"https:\/\/lasprimeras.com.do\/index.php\/2023\/09\/13\/rector-de-unapec-resalta-proceso-de-seleccion-de-becados-es-mas-claro-diafano-y-transparente-que-nunca\/","url_meta":{"origin":51701,"position":2},"title":"Rector de UNAPEC resalta proceso de selecci\u00f3n de becados es m\u00e1s claro, di\u00e1fano y transparente que nunca","author":"Nelson Feliz","date":"13 de septiembre de 2023","format":false,"excerpt":"En acto de entrega de 140 becas nacionales de grado y posgrado a estudiantes de esa instituci\u00f3n, ministro del MESCYT dice que j\u00f3venes que deseen prepararse contar\u00e1n con el apoyo de Luis Abinader. Por Martin Restituyo El Ministerio de Educaci\u00f3n Superior, Ciencia y Tecnolog\u00eda (MESCYT), otorg\u00f3 un total de 140\u2026","rel":"","context":"En \u00abNACIONALES\u00bb","block_context":{"text":"NACIONALES","link":"https:\/\/lasprimeras.com.do\/index.php\/category\/nacionales\/"},"img":{"alt_text":"MESCYT","src":"https:\/\/i0.wp.com\/lasprimeras.com.do\/wp-content\/uploads\/2023\/09\/MESCYT.jpg?resize=350%2C200&ssl=1","width":350,"height":200,"srcset":"https:\/\/i0.wp.com\/lasprimeras.com.do\/wp-content\/uploads\/2023\/09\/MESCYT.jpg?resize=350%2C200&ssl=1 1x, https:\/\/i0.wp.com\/lasprimeras.com.do\/wp-content\/uploads\/2023\/09\/MESCYT.jpg?resize=525%2C300&ssl=1 1.5x, https:\/\/i0.wp.com\/lasprimeras.com.do\/wp-content\/uploads\/2023\/09\/MESCYT.jpg?resize=700%2C400&ssl=1 2x"},"classes":[]},{"id":59989,"url":"https:\/\/lasprimeras.com.do\/index.php\/2023\/09\/09\/mescyt-entrega-151-becas-a-para-cursar-programas-tecnicos-superiores-en-tecnologia-en-el-itla\/","url_meta":{"origin":51701,"position":3},"title":"MESCYT entrega 151 becas a para cursar programas t\u00e9cnicos-superiores en tecnolog\u00eda en el ITLA","author":"Nelson Feliz","date":"9 de septiembre de 2023","format":false,"excerpt":"Programas de tecnolog\u00eda son de los m\u00e1s solicitados en convocatoria de becas. El Ministerio de Educaci\u00f3n Superior, Ciencia y Tecnolog\u00eda (MESCYT), entreg\u00f3 151 becas a igual n\u00famero de estudiantes del Instituto Tecnol\u00f3gico de las Am\u00e9ricas (ITLA), para cursar programas t\u00e9cnico superior en tecnolog\u00eda. Los alumnos, que forman parte de los\u2026","rel":"","context":"En \u00abNACIONALES\u00bb","block_context":{"text":"NACIONALES","link":"https:\/\/lasprimeras.com.do\/index.php\/category\/nacionales\/"},"img":{"alt_text":"BECAS","src":"https:\/\/i0.wp.com\/lasprimeras.com.do\/wp-content\/uploads\/2023\/09\/BECAS.jpg?resize=350%2C200&ssl=1","width":350,"height":200,"srcset":"https:\/\/i0.wp.com\/lasprimeras.com.do\/wp-content\/uploads\/2023\/09\/BECAS.jpg?resize=350%2C200&ssl=1 1x, https:\/\/i0.wp.com\/lasprimeras.com.do\/wp-content\/uploads\/2023\/09\/BECAS.jpg?resize=525%2C300&ssl=1 1.5x, https:\/\/i0.wp.com\/lasprimeras.com.do\/wp-content\/uploads\/2023\/09\/BECAS.jpg?resize=700%2C400&ssl=1 2x"},"classes":[]},{"id":61434,"url":"https:\/\/lasprimeras.com.do\/index.php\/2023\/09\/27\/mescyt-entrega-53-becas-nacionales-a-alumnos-de-la-universidad-uce\/","url_meta":{"origin":51701,"position":4},"title":"MESCYT entrega 53 becas nacionales a alumnos de la Universidad UCE","author":"Nelson Feliz","date":"27 de septiembre de 2023","format":false,"excerpt":"Por Martin Restituyo El Ministerio de Educaci\u00f3n Superior, Ciencia y Tecnolog\u00eda (MESCYT) entreg\u00f3 53 certificaciones de becas al primer grupo de alumnos meritorios que cursar\u00e1n programas de grado y de postgrado en la Universidad Central del Este (UCE). El prop\u00f3sito del MESCYT es garantizar una formaci\u00f3n profesional basado en tres\u2026","rel":"","context":"En \u00abNACIONALES\u00bb","block_context":{"text":"NACIONALES","link":"https:\/\/lasprimeras.com.do\/index.php\/category\/nacionales\/"},"img":{"alt_text":"Franklin Garc\u00eda Ferm\u00edn","src":"https:\/\/i0.wp.com\/lasprimeras.com.do\/wp-content\/uploads\/2023\/09\/WhatsApp-Image-2023-09-26-at-7.38.54-PM.jpeg?resize=350%2C200&ssl=1","width":350,"height":200,"srcset":"https:\/\/i0.wp.com\/lasprimeras.com.do\/wp-content\/uploads\/2023\/09\/WhatsApp-Image-2023-09-26-at-7.38.54-PM.jpeg?resize=350%2C200&ssl=1 1x, https:\/\/i0.wp.com\/lasprimeras.com.do\/wp-content\/uploads\/2023\/09\/WhatsApp-Image-2023-09-26-at-7.38.54-PM.jpeg?resize=525%2C300&ssl=1 1.5x, https:\/\/i0.wp.com\/lasprimeras.com.do\/wp-content\/uploads\/2023\/09\/WhatsApp-Image-2023-09-26-at-7.38.54-PM.jpeg?resize=700%2C400&ssl=1 2x"},"classes":[]},{"id":57210,"url":"https:\/\/lasprimeras.com.do\/index.php\/2023\/08\/10\/mescyt-envia-a-326-becados-en-programas-de-doctorados-y-maestrias-a-europa-mexico-y-estados-unidos\/","url_meta":{"origin":51701,"position":5},"title":"MESCYT env\u00eda a 326 becados en programas de doctorados y maestr\u00edas a Europa, M\u00e9xico y Estados Unidos","author":"Nelson Feliz","date":"10 de agosto de 2023","format":false,"excerpt":"Ministro Garc\u00eda Ferm\u00edn asegura inter\u00e9s del presidente Luis Abinader es que las becas lleguen a los estudiantes m\u00e1s despose\u00eddos. Por Mart\u00edn Restituyo El Ministerio de Educaci\u00f3n Superior, Ciencia y Tecnolog\u00eda (MESCYT) entreg\u00f3 certificaciones de becas al cuarto grupo de 326 becarios seleccionados durante la Convocatoria a Becas Internacionales 2023, que\u2026","rel":"","context":"En \u00abNACIONALES\u00bb","block_context":{"text":"NACIONALES","link":"https:\/\/lasprimeras.com.do\/index.php\/category\/nacionales\/"},"img":{"alt_text":"Ministro Garc\u00eda Ferm\u00edn","src":"https:\/\/i0.wp.com\/lasprimeras.com.do\/wp-content\/uploads\/2023\/08\/becas-1.jpg?resize=350%2C200&ssl=1","width":350,"height":200,"srcset":"https:\/\/i0.wp.com\/lasprimeras.com.do\/wp-content\/uploads\/2023\/08\/becas-1.jpg?resize=350%2C200&ssl=1 1x, https:\/\/i0.wp.com\/lasprimeras.com.do\/wp-content\/uploads\/2023\/08\/becas-1.jpg?resize=525%2C300&ssl=1 1.5x, https:\/\/i0.wp.com\/lasprimeras.com.do\/wp-content\/uploads\/2023\/08\/becas-1.jpg?resize=700%2C400&ssl=1 2x"},"classes":[]}],"jetpack_sharing_enabled":true,"_links":{"self":[{"href":"https:\/\/lasprimeras.com.do\/index.php\/wp-json\/wp\/v2\/posts\/51701","targetHints":{"allow":["GET"]}}],"collection":[{"href":"https:\/\/lasprimeras.com.do\/index.php\/wp-json\/wp\/v2\/posts"}],"about":[{"href":"https:\/\/lasprimeras.com.do\/index.php\/wp-json\/wp\/v2\/types\/post"}],"author":[{"embeddable":true,"href":"https:\/\/lasprimeras.com.do\/index.php\/wp-json\/wp\/v2\/users\/1"}],"replies":[{"embeddable":true,"href":"https:\/\/lasprimeras.com.do\/index.php\/wp-json\/wp\/v2\/comments?post=51701"}],"version-history":[{"count":0,"href":"https:\/\/lasprimeras.com.do\/index.php\/wp-json\/wp\/v2\/posts\/51701\/revisions"}],"wp:featuredmedia":[{"embeddable":true,"href":"https:\/\/lasprimeras.com.do\/index.php\/wp-json\/"}],"wp:attachment":[{"href":"https:\/\/lasprimeras.com.do\/index.php\/wp-json\/wp\/v2\/media?parent=51701"}],"wp:term":[{"taxonomy":"category","embeddable":true,"href":"https:\/\/lasprimeras.com.do\/index.php\/wp-json\/wp\/v2\/categories?post=51701"},{"taxonomy":"post_tag","embeddable":true,"href":"https:\/\/lasprimeras.com.do\/index.php\/wp-json\/wp\/v2\/tags?post=51701"}],"curies":[{"name":"wp","href":"https:\/\/api.w.org\/{rel}","templated":true}]}}