{"id":51707,"date":"2023-06-02T11:06:31","date_gmt":"2023-06-02T15:06:31","guid":{"rendered":"https:\/\/atento.com.do\/?p=51707"},"modified":"2023-06-02T11:06:31","modified_gmt":"2023-06-02T15:06:31","slug":"autoridades-del-inposdom-firman-carta-compromiso-de-etica-e-integridad-gubernamental","status":"publish","type":"post","link":"https:\/\/lasprimeras.com.do\/index.php\/2023\/06\/02\/autoridades-del-inposdom-firman-carta-compromiso-de-etica-e-integridad-gubernamental\/","title":{"rendered":"Autoridades del INPOSDOM firman \u201cCarta Compromiso\u201d de \u00e9tica e integridad gubernamental"},"content":{"rendered":"\n<p><strong>Santo Domingo. \u2013<\/strong> El director general del Instituto Postal Dominicano (INPOSDOM), Erick Guzm\u00e1n, junto a las autoridades de la entidad firmaron este viernes la \u201cCarta Compromiso\u201d de \u00e9tica e integridad gubernamental.<\/p>\n\n\n\n<p>El objetivo de formalizar y dar fiel cumplimiento al lineamiento de Gobierno de trabajar por una administraci\u00f3n del Estado transparente.<\/p>\n\n\n\n<p>Guzm\u00e1n resalt\u00f3 que debido al trabajo que como servidores p\u00fablicos se ha venido realizando, la percepci\u00f3n que ten\u00eda el Gobierno sobre la instituci\u00f3n ha ido cambiando y se refleja en el apoyo recibido.<\/p>\n\n\n\n<p>\u201cYa el Gobierno nos mira con buenas caras y ha comenzado a apoyarnos en todo el sentido de la palabra\u201d, manifest\u00f3 el incumbente del INPOSDOM.<\/p>\n\n\n\n<p>El funcionario reiter\u00f3 que la firma de este documento es un compromiso que deben asumir los funcionarios y todo el personal de la instituci\u00f3n.<\/p>\n\n\n\n<p>\u201cEste compromiso no es solamente para los que manejan fondos, no es solamente para el director o los subdirectores, es para cada uno de los colaboradores. No importa el rango todos debemos de firmar este acuerdo, este compromiso con el pa\u00eds, con Dios, con nuestra familia, con el presidente de la Rep\u00fablica y con ustedes mismos\u201d, afirm\u00f3 Guzm\u00e1n.<\/p>\n\n\n\n<p>En el acto de firma, estuvieron acompa\u00f1ando en la mesa central al director del Instituto postal; los subdirectores Fernando Arturo Ram\u00edrez Qui\u00f1onez, Manuela Qui\u00f1ones Mateo, Juan Francisco Barrera Reyes y Oscar David Reyes; adem\u00e1s de Manuel Emilio Santana Pacheco, coordinador general de la Comisi\u00f3n de \u00c9tica e Integridad Gubernamental y Cumplimiento Normativo (CEIGCN), as\u00ed como tambi\u00e9n, otros funcionarios, miembros de la Comisi\u00f3n y colaboradores de la instituci\u00f3n.<\/p>\n","protected":false},"excerpt":{"rendered":"<p>Santo Domingo. \u2013 El director general del Instituto Postal Dominicano (INPOSDOM), Erick Guzm\u00e1n, junto a las autoridades de la entidad firmaron este viernes la \u201cCarta Compromiso\u201d de \u00e9tica e integridad&hellip;<\/p>\n","protected":false},"author":1,"featured_media":51708,"comment_status":"open","ping_status":"open","sticky":false,"template":"","format":"standard","meta":{"content-type":"","jetpack_post_was_ever_published":false,"_jetpack_newsletter_access":"","_jetpack_dont_email_post_to_subs":false,"_jetpack_newsletter_tier_id":0,"_jetpack_memberships_contains_paywalled_content":false,"_jetpack_memberships_contains_paid_content":false,"footnotes":""},"categories":[35,25],"tags":[949,2883,2884,2885,2886,2887],"class_list":["post-51707","post","type-post","status-publish","format-standard","has-post-thumbnail","hentry","category-nacionales","category-portada","tag-autoridades","tag-carta-compromiso","tag-etica","tag-gubernamental","tag-inposdom","tag-integridad"],"jetpack_featured_media_url":"","jetpack-related-posts":[{"id":73420,"url":"https:\/\/lasprimeras.com.do\/index.php\/2024\/01\/10\/instituto-postal-dominicano-recibe-la-donacion-de-nueve-camiones-por-parte-de-la-union-postal-universal\/","url_meta":{"origin":51707,"position":0},"title":"Instituto Postal Dominicano recibe la donaci\u00f3n de nueve camiones por parte de la Uni\u00f3n Postal Universal","author":"BIMARY DE JES\u00daS Matos","date":"10 de enero de 2024","format":false,"excerpt":"SANTO DOMINGO. El Instituto Postal Dominicano (Inposdom) recibi\u00f3 la donaci\u00f3n de nueve camiones por parte de la Uni\u00f3n Postal Universal (UPU) y de 68 balanzas digitales, a trav\u00e9s de la Uni\u00f3n Postal de La Am\u00e9ricas, Espa\u00f1a y Portugal (UPAEP), como parte de la estrategia de recuperaci\u00f3n dise\u00f1ado para brindar un\u2026","rel":"","context":"En \u00abPORTADA\u00bb","block_context":{"text":"PORTADA","link":"https:\/\/lasprimeras.com.do\/index.php\/category\/portada\/"},"img":{"alt_text":"","src":"https:\/\/i0.wp.com\/lasprimeras.com.do\/wp-content\/uploads\/2024\/01\/WhatsApp-Image-2024-01-10-at-1.50.33-PM-scaled.jpeg?resize=350%2C200&ssl=1","width":350,"height":200,"srcset":"https:\/\/i0.wp.com\/lasprimeras.com.do\/wp-content\/uploads\/2024\/01\/WhatsApp-Image-2024-01-10-at-1.50.33-PM-scaled.jpeg?resize=350%2C200&ssl=1 1x, https:\/\/i0.wp.com\/lasprimeras.com.do\/wp-content\/uploads\/2024\/01\/WhatsApp-Image-2024-01-10-at-1.50.33-PM-scaled.jpeg?resize=525%2C300&ssl=1 1.5x, https:\/\/i0.wp.com\/lasprimeras.com.do\/wp-content\/uploads\/2024\/01\/WhatsApp-Image-2024-01-10-at-1.50.33-PM-scaled.jpeg?resize=700%2C400&ssl=1 2x, https:\/\/i0.wp.com\/lasprimeras.com.do\/wp-content\/uploads\/2024\/01\/WhatsApp-Image-2024-01-10-at-1.50.33-PM-scaled.jpeg?resize=1050%2C600&ssl=1 3x, https:\/\/i0.wp.com\/lasprimeras.com.do\/wp-content\/uploads\/2024\/01\/WhatsApp-Image-2024-01-10-at-1.50.33-PM-scaled.jpeg?resize=1400%2C800&ssl=1 4x"},"classes":[]},{"id":91182,"url":"https:\/\/lasprimeras.com.do\/index.php\/2024\/11\/12\/denuncian-director-de-inposdom-viola-derechos-laborales-y-desacata-sentencias-judiciales\/","url_meta":{"origin":51707,"position":1},"title":"Denuncian director de INPOSDOM viola derechos laborales y desacata sentencias judiciales","author":"Nelson Feliz","date":"12 de noviembre de 2024","format":false,"excerpt":"Por concepto de salarios dejados de pagar y astreinte por retraso, la mala gesti\u00f3n de Erick Guzm\u00e1n le ha costado al Estado 178 mil pesos mensuales, desde marzo 2024, o sea RD$1,602,000 mil pesos y contando. El abogado Oliver Bat\u00eda denunci\u00f3 este martes que la administraci\u00f3n del Instituto Postal Dominicano\u2026","rel":"","context":"En \u00abECONOM\u00cdA\u00bb","block_context":{"text":"ECONOM\u00cdA","link":"https:\/\/lasprimeras.com.do\/index.php\/category\/economia\/"},"img":{"alt_text":"","src":"https:\/\/i0.wp.com\/lasprimeras.com.do\/wp-content\/uploads\/2024\/11\/ERICK-GUZMAN.jpg?resize=350%2C200&ssl=1","width":350,"height":200,"srcset":"https:\/\/i0.wp.com\/lasprimeras.com.do\/wp-content\/uploads\/2024\/11\/ERICK-GUZMAN.jpg?resize=350%2C200&ssl=1 1x, https:\/\/i0.wp.com\/lasprimeras.com.do\/wp-content\/uploads\/2024\/11\/ERICK-GUZMAN.jpg?resize=525%2C300&ssl=1 1.5x, https:\/\/i0.wp.com\/lasprimeras.com.do\/wp-content\/uploads\/2024\/11\/ERICK-GUZMAN.jpg?resize=700%2C400&ssl=1 2x"},"classes":[]},{"id":53730,"url":"https:\/\/lasprimeras.com.do\/index.php\/2023\/06\/30\/inposdom-pone-en-circulacion-sello-postal-en-la-iv-convencion-de-historiadores-y-numismaticos-2023\/","url_meta":{"origin":51707,"position":2},"title":"INPOSDOM pone en circulaci\u00f3n sello postal en la \u201cIV Convenci\u00f3n de Historiadores y Numism\u00e1ticos 2023\u201d","author":"Nelson Feliz","date":"30 de junio de 2023","format":false,"excerpt":"Por Mart\u00edn Restituyo El Instituto Postal Dominicano (INPOSDOM) puso en circulaci\u00f3n un sello postal conmemorativo a la celebraci\u00f3n de la \u201cIV Convenci\u00f3n de Historiadores y Numism\u00e1ticos de Santo Domingo\u201d. El director del INPOSDOM, Erick Guzm\u00e1n, respaldo el proyecto de la puesta en circulaci\u00f3n de una estampilla conmemorativa, que mantendr\u00e1 en\u2026","rel":"","context":"En \u00abNACIONALES\u00bb","block_context":{"text":"NACIONALES","link":"https:\/\/lasprimeras.com.do\/index.php\/category\/nacionales\/"},"img":{"alt_text":"INPOSDOM","src":"https:\/\/i0.wp.com\/lasprimeras.com.do\/wp-content\/uploads\/2023\/06\/INPOSDOM.jpg?resize=350%2C200&ssl=1","width":350,"height":200,"srcset":"https:\/\/i0.wp.com\/lasprimeras.com.do\/wp-content\/uploads\/2023\/06\/INPOSDOM.jpg?resize=350%2C200&ssl=1 1x, https:\/\/i0.wp.com\/lasprimeras.com.do\/wp-content\/uploads\/2023\/06\/INPOSDOM.jpg?resize=525%2C300&ssl=1 1.5x, https:\/\/i0.wp.com\/lasprimeras.com.do\/wp-content\/uploads\/2023\/06\/INPOSDOM.jpg?resize=700%2C400&ssl=1 2x"},"classes":[]},{"id":104495,"url":"https:\/\/lasprimeras.com.do\/index.php\/2025\/07\/24\/idoppril-y-digeig-firman-compromiso-estrategico-para-prevencion-de-corrupcion-administrativa\/","url_meta":{"origin":51707,"position":3},"title":"IDOPPRIL y DIGEIG firman Compromiso Estrat\u00e9gico para Prevenci\u00f3n de Corrupci\u00f3n Administrativa","author":"Nelson Feliz","date":"24 de julio de 2025","format":false,"excerpt":"Mediante esta iniciativa, el \u00f3rgano asegurador refuerza sus acciones en favor de la \u00e9tica y la transparencia en la gesti\u00f3n p\u00fablica. El Instituto Dominicano de Prevenci\u00f3n y Protecci\u00f3n de Riesgos Laborales (IDOPPRIL) y la Direcci\u00f3n General de \u00c9tica e Integridad Gubernamental (DIGEIG) suscribieron el Compromiso Estrat\u00e9gico de Integridad y Prevenci\u00f3n\u2026","rel":"","context":"En \u00abECONOM\u00cdA\u00bb","block_context":{"text":"ECONOM\u00cdA","link":"https:\/\/lasprimeras.com.do\/index.php\/category\/economia\/"},"img":{"alt_text":"","src":"https:\/\/i0.wp.com\/lasprimeras.com.do\/wp-content\/uploads\/2025\/07\/IDOPPRIL-y-DIGEIG.jpg?resize=350%2C200&ssl=1","width":350,"height":200,"srcset":"https:\/\/i0.wp.com\/lasprimeras.com.do\/wp-content\/uploads\/2025\/07\/IDOPPRIL-y-DIGEIG.jpg?resize=350%2C200&ssl=1 1x, https:\/\/i0.wp.com\/lasprimeras.com.do\/wp-content\/uploads\/2025\/07\/IDOPPRIL-y-DIGEIG.jpg?resize=525%2C300&ssl=1 1.5x, https:\/\/i0.wp.com\/lasprimeras.com.do\/wp-content\/uploads\/2025\/07\/IDOPPRIL-y-DIGEIG.jpg?resize=700%2C400&ssl=1 2x"},"classes":[]},{"id":55068,"url":"https:\/\/lasprimeras.com.do\/index.php\/2023\/07\/17\/inposdom-y-consulado-de-miami-abren-una-ventanilla-especial-para-envios-a-rd\/","url_meta":{"origin":51707,"position":4},"title":"INPOSDOM y Consulado de Miami abren una ventanilla especial para env\u00edos a RD","author":"Nelson Feliz","date":"17 de julio de 2023","format":false,"excerpt":"El Director General del Instituto Postal Dominicano, Erick Guzm\u00e1n y la C\u00f3nsul General de Rep\u00fablica Dominicana en Miami, Geanilda Vasquez, firmaron un acuerdo de colaboraci\u00f3n e inmediatamente inauguraron una ventanilla especial para iniciar con las operaciones que establecieron en el convenio. Ambas instituciones han acordado motivar el uso de los\u2026","rel":"","context":"En \u00abNACIONALES\u00bb","block_context":{"text":"NACIONALES","link":"https:\/\/lasprimeras.com.do\/index.php\/category\/nacionales\/"},"img":{"alt_text":"Geanilda Vasquez y Erick Guzm\u00e1n","src":"https:\/\/i0.wp.com\/lasprimeras.com.do\/wp-content\/uploads\/2023\/07\/Geanilda-Vasquez-y-Erick-Guzman.jpg?resize=350%2C200&ssl=1","width":350,"height":200,"srcset":"https:\/\/i0.wp.com\/lasprimeras.com.do\/wp-content\/uploads\/2023\/07\/Geanilda-Vasquez-y-Erick-Guzman.jpg?resize=350%2C200&ssl=1 1x, https:\/\/i0.wp.com\/lasprimeras.com.do\/wp-content\/uploads\/2023\/07\/Geanilda-Vasquez-y-Erick-Guzman.jpg?resize=525%2C300&ssl=1 1.5x, https:\/\/i0.wp.com\/lasprimeras.com.do\/wp-content\/uploads\/2023\/07\/Geanilda-Vasquez-y-Erick-Guzman.jpg?resize=700%2C400&ssl=1 2x"},"classes":[]},{"id":57766,"url":"https:\/\/lasprimeras.com.do\/index.php\/2023\/08\/15\/ministro-de-juventud-reafirma-su-apego-con-la-etica-y-transparencia\/","url_meta":{"origin":51707,"position":5},"title":"Ministro de Juventud reafirma su apego con la \u00e9tica y transparencia","author":"Nelson Feliz","date":"15 de agosto de 2023","format":false,"excerpt":"El ministro de la Juventud, Rafael F\u00e9liz Garc\u00eda, firm\u00f3 la resoluci\u00f3n \"Declaraci\u00f3n Institucional de Compromiso de M\u00e1xima Autoridad\" n\u00famero MJ-001-2023 de compromiso \u00e9tico emanada por la Direcci\u00f3n General de \u00c9tica e Integridad Gubernamental(DIGEIG) bajo la gesti\u00f3n de Milagros Ortiz Bosch. F\u00e9liz Garc\u00eda acompa\u00f1ado de la Comisi\u00f3n de Integridad Gubernamental y\u2026","rel":"","context":"En \u00abNACIONALES\u00bb","block_context":{"text":"NACIONALES","link":"https:\/\/lasprimeras.com.do\/index.php\/category\/nacionales\/"},"img":{"alt_text":"Ministro de Juventud","src":"https:\/\/i0.wp.com\/lasprimeras.com.do\/wp-content\/uploads\/2023\/08\/Ministro-de-Juventud-reafirma-su-apego-con-la-etica-y-transparencia_-firma-Declaracion-de-Compromiso.jpg?resize=350%2C200&ssl=1","width":350,"height":200,"srcset":"https:\/\/i0.wp.com\/lasprimeras.com.do\/wp-content\/uploads\/2023\/08\/Ministro-de-Juventud-reafirma-su-apego-con-la-etica-y-transparencia_-firma-Declaracion-de-Compromiso.jpg?resize=350%2C200&ssl=1 1x, https:\/\/i0.wp.com\/lasprimeras.com.do\/wp-content\/uploads\/2023\/08\/Ministro-de-Juventud-reafirma-su-apego-con-la-etica-y-transparencia_-firma-Declaracion-de-Compromiso.jpg?resize=525%2C300&ssl=1 1.5x, https:\/\/i0.wp.com\/lasprimeras.com.do\/wp-content\/uploads\/2023\/08\/Ministro-de-Juventud-reafirma-su-apego-con-la-etica-y-transparencia_-firma-Declaracion-de-Compromiso.jpg?resize=700%2C400&ssl=1 2x"},"classes":[]}],"jetpack_sharing_enabled":true,"_links":{"self":[{"href":"https:\/\/lasprimeras.com.do\/index.php\/wp-json\/wp\/v2\/posts\/51707","targetHints":{"allow":["GET"]}}],"collection":[{"href":"https:\/\/lasprimeras.com.do\/index.php\/wp-json\/wp\/v2\/posts"}],"about":[{"href":"https:\/\/lasprimeras.com.do\/index.php\/wp-json\/wp\/v2\/types\/post"}],"author":[{"embeddable":true,"href":"https:\/\/lasprimeras.com.do\/index.php\/wp-json\/wp\/v2\/users\/1"}],"replies":[{"embeddable":true,"href":"https:\/\/lasprimeras.com.do\/index.php\/wp-json\/wp\/v2\/comments?post=51707"}],"version-history":[{"count":0,"href":"https:\/\/lasprimeras.com.do\/index.php\/wp-json\/wp\/v2\/posts\/51707\/revisions"}],"wp:featuredmedia":[{"embeddable":true,"href":"https:\/\/lasprimeras.com.do\/index.php\/wp-json\/"}],"wp:attachment":[{"href":"https:\/\/lasprimeras.com.do\/index.php\/wp-json\/wp\/v2\/media?parent=51707"}],"wp:term":[{"taxonomy":"category","embeddable":true,"href":"https:\/\/lasprimeras.com.do\/index.php\/wp-json\/wp\/v2\/categories?post=51707"},{"taxonomy":"post_tag","embeddable":true,"href":"https:\/\/lasprimeras.com.do\/index.php\/wp-json\/wp\/v2\/tags?post=51707"}],"curies":[{"name":"wp","href":"https:\/\/api.w.org\/{rel}","templated":true}]}}