{"id":51710,"date":"2023-06-02T11:12:29","date_gmt":"2023-06-02T15:12:29","guid":{"rendered":"https:\/\/atento.com.do\/?p=51710"},"modified":"2023-06-02T11:12:29","modified_gmt":"2023-06-02T15:12:29","slug":"copardom-reitera-compromiso-con-sistema-de-pensiones-destaca-325-mil-beneficiados","status":"publish","type":"post","link":"https:\/\/lasprimeras.com.do\/index.php\/2023\/06\/02\/copardom-reitera-compromiso-con-sistema-de-pensiones-destaca-325-mil-beneficiados\/","title":{"rendered":"Copardom reitera compromiso con sistema de pensiones; destaca 325 mil beneficiados"},"content":{"rendered":"\n<p>La entidad que representa a los empleados en el Consejo Nacional de la Seguridad Social instruy\u00f3 sobre el tema a m\u00e1s de 70 representantes de empresas.<\/p>\n\n\n\n<p><strong>Santo Domingo, RD.-<\/strong> La presidenta de la Confederaci\u00f3n Patronal de la Rep\u00fablica Dominicana (Copardom), Laura Pe\u00f1a Izquierdo, reiter\u00f3 el compromiso de esa agrupaci\u00f3n de empleadores con el fortalecimiento del Sistema Dominicano de Seguridad Social y destac\u00f3 los m\u00e1s 325 mil beneficiados con recursos econ\u00f3micos por concepto de ingresos tard\u00edo, herencias, pensiones por edad avanzada, vejez anticipada, sobrevivencia y discapacidad.<\/p>\n\n\n\n<p>La dirigente empresarial intervino en un encuentro-taller sobre pensiones que auspici\u00f3 la Copardom, con representantes de m\u00e1s de 70 empresas, coordinado con la Superintendencia de Pensiones (Sipen), en la torre de la Asociaci\u00f3n de Industrias, e impartido por Juan Manuel P\u00e9rez, asesor del Superintendente para Proyectos Especiales.<\/p>\n\n\n\n<p>Pe\u00f1a Izquierdo consider\u00f3 que el reto que presenta el sistema de pensiones es la identificaci\u00f3n de las disposiciones permiten lograr una mayor cobertura a los afiliados y continuar promoviendo el uso de esos fondos en actividades y sectores productivos de alto impacto en el crecimiento del pa\u00eds y la generaci\u00f3n del bienestar.<\/p>\n\n\n\n<p>La presidenta de la Copardom precis\u00f3 que \u201cel sistema de pensiones permiti\u00f3 que el seguro previsional, aun presentando oportunidades de mejora, impacte positivamente la econom\u00eda a trav\u00e9s del ahorro interno y contribuyendo a la estabilidad macroecon\u00f3mica que exhibe el pa\u00eds hoy d\u00eda\u201d.<\/p>\n\n\n\n<p>Sobre el objetivo del encuentro-taller, manifest\u00f3 que tuvo como objetivo compartir las estipulaciones del sistema de pensiones, el cual forma parte de un acuerdo de colaboraci\u00f3n entre la Copardom y la Superintendencia de Pensiones (SIPEN), quienes se comprometieron a fomentar y trabajar de manera conjunta para identificar y superar cualquier reto que presente el sistema de pensiones.<\/p>\n","protected":false},"excerpt":{"rendered":"<p>La entidad que representa a los empleados en el Consejo Nacional de la Seguridad Social instruy\u00f3 sobre el tema a m\u00e1s de 70 representantes de empresas. Santo Domingo, RD.- La&hellip;<\/p>\n","protected":false},"author":1,"featured_media":51711,"comment_status":"open","ping_status":"open","sticky":false,"template":"","format":"standard","meta":{"content-type":"","jetpack_post_was_ever_published":false,"_jetpack_newsletter_access":"","_jetpack_dont_email_post_to_subs":false,"_jetpack_newsletter_tier_id":0,"_jetpack_memberships_contains_paywalled_content":false,"_jetpack_memberships_contains_paid_content":false,"footnotes":""},"categories":[39,25],"tags":[2888,562,1194,531,532],"class_list":["post-51710","post","type-post","status-publish","format-standard","has-post-thumbnail","hentry","category-economia","category-portada","tag-beneficiados","tag-compromiso","tag-copardom","tag-pensiones","tag-sistema"],"jetpack_featured_media_url":"","jetpack-related-posts":[{"id":103026,"url":"https:\/\/lasprimeras.com.do\/index.php\/2025\/07\/10\/copardom-alerta-sobre-impactos-negativos-de-la-reforma-laboral\/","url_meta":{"origin":51710,"position":0},"title":"COPARDOM alerta sobre impactos negativos de la reforma laboral","author":"Nelson Feliz","date":"10 de julio de 2025","format":false,"excerpt":"La presidente de la entidad empresarial, Laura Pe\u00f1a Izquierdo, rechaza retrocesos en derechos y seguridad jur\u00eddica. La Confederaci\u00f3n Patronal de la Rep\u00fablica Dominicana (COPARDOM) manifest\u00f3 hoy su preocupaci\u00f3n ante la reciente aprobaci\u00f3n del proyecto de ley que modifica el C\u00f3digo Laboral, advirtiendo que esta reforma supone serios retrocesos para la\u2026","rel":"","context":"En \u00abECONOM\u00cdA\u00bb","block_context":{"text":"ECONOM\u00cdA","link":"https:\/\/lasprimeras.com.do\/index.php\/category\/economia\/"},"img":{"alt_text":"Laura Pe\u00f1a Izquierdo","src":"https:\/\/i0.wp.com\/lasprimeras.com.do\/wp-content\/uploads\/2025\/07\/Laura-Pena-Izquierdo-presidenta-Copardom-2023-2025.jpg?resize=350%2C200&ssl=1","width":350,"height":200,"srcset":"https:\/\/i0.wp.com\/lasprimeras.com.do\/wp-content\/uploads\/2025\/07\/Laura-Pena-Izquierdo-presidenta-Copardom-2023-2025.jpg?resize=350%2C200&ssl=1 1x, https:\/\/i0.wp.com\/lasprimeras.com.do\/wp-content\/uploads\/2025\/07\/Laura-Pena-Izquierdo-presidenta-Copardom-2023-2025.jpg?resize=525%2C300&ssl=1 1.5x, https:\/\/i0.wp.com\/lasprimeras.com.do\/wp-content\/uploads\/2025\/07\/Laura-Pena-Izquierdo-presidenta-Copardom-2023-2025.jpg?resize=700%2C400&ssl=1 2x"},"classes":[]},{"id":49519,"url":"https:\/\/lasprimeras.com.do\/index.php\/2023\/05\/11\/presidenta-de-copardom-cita-avances-del-sistema-de-seguridad-social\/","url_meta":{"origin":51710,"position":1},"title":"Presidenta de Copardom cita avances del sistema de seguridad social","author":"prenxa100","date":"11 de mayo de 2023","format":false,"excerpt":"Santo Domingo, RD.- La presidenta de la Confederaci\u00f3n Patronal de la Rep\u00fablica Dominicana, Laura Pe\u00f1a Izquierdo, destac\u00f3 los logros del sistema de pensiones entre los cuales cit\u00f3 los 9,548 jubilados por discapacidad, 28,370 beneficiarios de pensiones por sobrevivencia, la entrega de 5,117 millones de pesos por herencia a familiares de\u2026","rel":"","context":"En \u00abECONOM\u00cdA\u00bb","block_context":{"text":"ECONOM\u00cdA","link":"https:\/\/lasprimeras.com.do\/index.php\/category\/economia\/"},"img":{"alt_text":"","src":"","width":0,"height":0},"classes":[]},{"id":107853,"url":"https:\/\/lasprimeras.com.do\/index.php\/2025\/08\/31\/adocose-llama-a-crear-propuestas-para-fortalecer-un-sistema-de-seguridad-social-mas-justo\/","url_meta":{"origin":51710,"position":2},"title":"ADOCOSE llama a crear propuestas para fortalecer un sistema de Seguridad Social m\u00e1s justo","author":"Nelson Feliz","date":"31 de agosto de 2025","format":false,"excerpt":"La Asociaci\u00f3n celebr\u00f3 un panel que reuni\u00f3 a representantes de diferentes sectores. El presidente de la Asociaci\u00f3n Dominicana de Corredores de Seguros (ADOCOSE), Richard Ros, manifest\u00f3 que la seguridad social es uno de los pilares fundamentales para el desarrollo del pa\u00eds. Subray\u00f3 el compromiso con \u201cla creaci\u00f3n de propuestas y\u2026","rel":"","context":"En \u00abECONOM\u00cdA\u00bb","block_context":{"text":"ECONOM\u00cdA","link":"https:\/\/lasprimeras.com.do\/index.php\/category\/economia\/"},"img":{"alt_text":"","src":"https:\/\/i0.wp.com\/lasprimeras.com.do\/wp-content\/uploads\/2025\/08\/ADOCOSE.jpg?resize=350%2C200&ssl=1","width":350,"height":200,"srcset":"https:\/\/i0.wp.com\/lasprimeras.com.do\/wp-content\/uploads\/2025\/08\/ADOCOSE.jpg?resize=350%2C200&ssl=1 1x, https:\/\/i0.wp.com\/lasprimeras.com.do\/wp-content\/uploads\/2025\/08\/ADOCOSE.jpg?resize=525%2C300&ssl=1 1.5x, https:\/\/i0.wp.com\/lasprimeras.com.do\/wp-content\/uploads\/2025\/08\/ADOCOSE.jpg?resize=700%2C400&ssl=1 2x"},"classes":[]},{"id":108545,"url":"https:\/\/lasprimeras.com.do\/index.php\/2025\/09\/08\/copardom-designa-a-lissette-dumit-como-su-directora-ejecutiva\/","url_meta":{"origin":51710,"position":3},"title":"Copardom designa a Lissette Dumit como su directora ejecutiva","author":"Nelson Feliz","date":"8 de septiembre de 2025","format":false,"excerpt":"Con amplia experiencia en gesti\u00f3n y di\u00e1logo social, asume el compromiso de fortalecer la representaci\u00f3n empresarial. La Confederaci\u00f3n Patronal de la Rep\u00fablica Dominicana (Copardom) design\u00f3 a la especialista en derecho comercial, Lissette Dumit, como su nueva directora ejecutiva, lo cual se inscribe en la visi\u00f3n de fortalecer y dar continuidad\u2026","rel":"","context":"En \u00abECONOM\u00cdA\u00bb","block_context":{"text":"ECONOM\u00cdA","link":"https:\/\/lasprimeras.com.do\/index.php\/category\/economia\/"},"img":{"alt_text":"","src":"https:\/\/i0.wp.com\/lasprimeras.com.do\/wp-content\/uploads\/2025\/09\/Lissette-Dumit.jpg?resize=350%2C200&ssl=1","width":350,"height":200,"srcset":"https:\/\/i0.wp.com\/lasprimeras.com.do\/wp-content\/uploads\/2025\/09\/Lissette-Dumit.jpg?resize=350%2C200&ssl=1 1x, https:\/\/i0.wp.com\/lasprimeras.com.do\/wp-content\/uploads\/2025\/09\/Lissette-Dumit.jpg?resize=525%2C300&ssl=1 1.5x, https:\/\/i0.wp.com\/lasprimeras.com.do\/wp-content\/uploads\/2025\/09\/Lissette-Dumit.jpg?resize=700%2C400&ssl=1 2x"},"classes":[]},{"id":49868,"url":"https:\/\/lasprimeras.com.do\/index.php\/2023\/05\/15\/presidente-de-copardom-destaca-logros-en-el-sistema-de-pensiones\/","url_meta":{"origin":51710,"position":4},"title":"Presidente de Copardom destaca logros en el sistema de pensiones","author":"prenxa100","date":"15 de mayo de 2023","format":false,"excerpt":"Santo Domingo.-. La presidenta de la Confederaci\u00f3n Patronal de la Rep\u00fablica Dominicana, Laura Pe\u00f1a Izquierdo, destac\u00f3 los logros del sistema de pensiones entre los cuales cit\u00f3 los 9,548 jubilados por discapacidad, y 28,370 beneficiarios de pensiones por sobrevivencia. Asimismo, la entrega de 5,117 millones de pesos por herencia a familiares\u2026","rel":"","context":"En \u00abECONOM\u00cdA\u00bb","block_context":{"text":"ECONOM\u00cdA","link":"https:\/\/lasprimeras.com.do\/index.php\/category\/economia\/"},"img":{"alt_text":"","src":"","width":0,"height":0},"classes":[]},{"id":50571,"url":"https:\/\/lasprimeras.com.do\/index.php\/2023\/05\/22\/copardom-sistema-de-seguridad-social-erogo-rd658-mm-en-prestaciones-y-atenciones-en-salud-a-afiliados\/","url_meta":{"origin":51710,"position":5},"title":"Copardom: Sistema de Seguridad Social erog\u00f3 RD$658 MM en prestaciones y atenciones en salud a afiliados","author":"prenxa100","date":"22 de mayo de 2023","format":false,"excerpt":"La representante de los empleadores, Laura Pe\u00f1a Izquierdo, cit\u00f3 los avances y retos del Seguro Familiar de Salud. Santo Domingo, RD.- La presidenta de la Confederaci\u00f3n Patronal de la Rep\u00fablica Dominicana, Laura Pe\u00f1a Izquierdo, destac\u00f3 que el Sistema Dominicano de Seguridad Social entreg\u00f3 desde el 2010 al 2022 m\u00e1s de\u2026","rel":"","context":"En \u00abECONOM\u00cdA\u00bb","block_context":{"text":"ECONOM\u00cdA","link":"https:\/\/lasprimeras.com.do\/index.php\/category\/economia\/"},"img":{"alt_text":"","src":"","width":0,"height":0},"classes":[]}],"jetpack_sharing_enabled":true,"_links":{"self":[{"href":"https:\/\/lasprimeras.com.do\/index.php\/wp-json\/wp\/v2\/posts\/51710","targetHints":{"allow":["GET"]}}],"collection":[{"href":"https:\/\/lasprimeras.com.do\/index.php\/wp-json\/wp\/v2\/posts"}],"about":[{"href":"https:\/\/lasprimeras.com.do\/index.php\/wp-json\/wp\/v2\/types\/post"}],"author":[{"embeddable":true,"href":"https:\/\/lasprimeras.com.do\/index.php\/wp-json\/wp\/v2\/users\/1"}],"replies":[{"embeddable":true,"href":"https:\/\/lasprimeras.com.do\/index.php\/wp-json\/wp\/v2\/comments?post=51710"}],"version-history":[{"count":0,"href":"https:\/\/lasprimeras.com.do\/index.php\/wp-json\/wp\/v2\/posts\/51710\/revisions"}],"wp:featuredmedia":[{"embeddable":true,"href":"https:\/\/lasprimeras.com.do\/index.php\/wp-json\/"}],"wp:attachment":[{"href":"https:\/\/lasprimeras.com.do\/index.php\/wp-json\/wp\/v2\/media?parent=51710"}],"wp:term":[{"taxonomy":"category","embeddable":true,"href":"https:\/\/lasprimeras.com.do\/index.php\/wp-json\/wp\/v2\/categories?post=51710"},{"taxonomy":"post_tag","embeddable":true,"href":"https:\/\/lasprimeras.com.do\/index.php\/wp-json\/wp\/v2\/tags?post=51710"}],"curies":[{"name":"wp","href":"https:\/\/api.w.org\/{rel}","templated":true}]}}