{"id":51713,"date":"2023-06-02T12:34:21","date_gmt":"2023-06-02T16:34:21","guid":{"rendered":"https:\/\/atento.com.do\/?p=51713"},"modified":"2023-06-02T12:34:21","modified_gmt":"2023-06-02T16:34:21","slug":"diputados-entrevistan-miembros-camara-cuentas-por-crisis-interna","status":"publish","type":"post","link":"https:\/\/lasprimeras.com.do\/index.php\/2023\/06\/02\/diputados-entrevistan-miembros-camara-cuentas-por-crisis-interna\/","title":{"rendered":"Diputados entrevistan miembros C\u00e1mara Cuentas por crisis interna"},"content":{"rendered":"\n<p>SANTO DOMINGO.- La comisi\u00f3n de la C\u00e1mara de Diputados designada para investigar la crisis interna en la C\u00e1mara de Cuentas comenz\u00f3 este viernes a entrevistar, a puertas cerradas, a los miembros del pleno de la entidad fiscalizadora.<\/p>\n\n\n\n<p>Est\u00e1 previsto que a lo largo del d\u00eda sean entrevistados los cinco miembros de la C\u00e1mara de Cuentas y que posteriormente, en una fecha por establecer, los congresistas escuchen tambi\u00e9n a otros funcionarios del organismo.<\/p>\n\n\n\n<p>La C\u00e1mara de Diputados aprob\u00f3 el mes pasado el proyecto de resoluci\u00f3n que cre\u00f3 una comisi\u00f3n especial para investigar la presunta comisi\u00f3n de faltas graves por parte de los miembros de la C\u00e1mara de Cuentas en el ejercicio de sus funciones.<\/p>\n\n\n\n<p>Esto, con motivo de las denuncias presentadas por algunos de sus miembros, que deriv\u00f3 en la presentaci\u00f3n de una propuesta de resoluci\u00f3n para determinar si es necesario realizar un juicio pol\u00edtico a los miembros de la C\u00e1mara de Cuentas para el periodo 2021-2025.<\/p>\n\n\n\n<p>El presidente de la C\u00e1mara de Diputados, Alfredo Pacheco, propuso el pasado 4 de mayo una \u00abprofunda\u00bb investigaci\u00f3n sobre el conflicto interno en la C\u00e1mara de Cuentas y present\u00f3, junto a sus colegas Julio F\u00falcar y Ram\u00f3n Bueno, un proyecto de resoluci\u00f3n con el objetivo de que el pleno de los diputados designe una comisi\u00f3n que conozca la situaci\u00f3n.<\/p>\n\n\n\n<p>Tambi\u00e9n el diputado Jos\u00e9 Horacio Rodr\u00edguez, de Opci\u00f3n Democr\u00e1tica (OD), present\u00f3 en la misma fecha una propuesta en el mismo sentido como resultado de los cuestionamientos que se han realizado a la C\u00e1mara de Cuentas en las \u00faltimas semanas.<\/p>\n\n\n\n<p>Un d\u00eda antes, la Alianza Dominicana Contra la Corrupci\u00f3n (Adocco) deposit\u00f3 una petici\u00f3n ciudadana en la C\u00e1mara de Diputados para que iniciase investigaciones y apoderase al Senado para abrir juicio pol\u00edtico contra los funcionarios de la C\u00e1mara de Cuentas, por faltas graves en el ejercicio de sus funciones.<\/p>\n\n\n\n<p>En la solicitud de apertura de juicio pol\u00edtico se incluye al presidente del pleno de la C\u00e1mara de Cuentas, Janel Andr\u00e9s Ram\u00edrez; a la vicepresidenta, Elsa Mar\u00eda Catano; a la integrante de la Secretar\u00eda Tomasina Tolentino y a los miembros del \u00f3rgano Mario Arturo Fern\u00e1ndez y Elsa Pe\u00f1a Pe\u00f1a.<\/p>\n","protected":false},"excerpt":{"rendered":"<p>SANTO DOMINGO.- La comisi\u00f3n de la C\u00e1mara de Diputados designada para investigar la crisis interna en la C\u00e1mara de Cuentas comenz\u00f3 este viernes a entrevistar, a puertas cerradas, a los&hellip;<\/p>\n","protected":false},"author":1,"featured_media":51714,"comment_status":"open","ping_status":"open","sticky":false,"template":"","format":"standard","meta":{"content-type":"","jetpack_post_was_ever_published":false,"_jetpack_newsletter_access":"","_jetpack_dont_email_post_to_subs":false,"_jetpack_newsletter_tier_id":0,"_jetpack_memberships_contains_paywalled_content":false,"_jetpack_memberships_contains_paid_content":false,"footnotes":""},"categories":[35,25],"tags":[2889,216,274,2890,2253,475],"class_list":["post-51713","post","type-post","status-publish","format-standard","has-post-thumbnail","hentry","category-nacionales","category-portada","tag-camara-cuentas","tag-crisis","tag-diputados","tag-entrevistan","tag-interna","tag-miembros"],"jetpack_featured_media_url":"","jetpack-related-posts":[{"id":49969,"url":"https:\/\/lasprimeras.com.do\/index.php\/2023\/05\/16\/comision-de-diputados-no-recibira-esta-semana-actas-del-pleno-camara-de-cuentas\/","url_meta":{"origin":51713,"position":0},"title":"Comisi\u00f3n de diputados no recibir\u00e1 esta semana actas del Pleno C\u00e1mara de Cuentas","author":"prenxa100","date":"16 de mayo de 2023","format":false,"excerpt":"Genao Lanza asegura que la resoluci\u00f3n de diputados no ha llegado a la C\u00e1mara de Cuentas. SANTO DOMINGO.-. Aunque ten\u00edan previsto iniciar esta semana con la investigaci\u00f3n a la C\u00e1mara de Cuentas, los diputados podr\u00edan retrasar sus indagatorias porque estiman que no recibir\u00e1n en estos d\u00edas las actas del Pleno\u2026","rel":"","context":"En \u00abSin categor\u00eda\u00bb","block_context":{"text":"Sin categor\u00eda","link":"https:\/\/lasprimeras.com.do\/index.php\/category\/sin-categoria\/"},"img":{"alt_text":"","src":"","width":0,"height":0},"classes":[]},{"id":53671,"url":"https:\/\/lasprimeras.com.do\/index.php\/2023\/06\/29\/camara-de-cuentas-escondio-auditorias-y-alteraba-actas\/","url_meta":{"origin":51713,"position":1},"title":"C\u00e1mara de Cuentas escondi\u00f3 auditor\u00edas y alteraba actas","author":"Nelson Feliz","date":"29 de junio de 2023","format":false,"excerpt":"Pacheco confirm\u00f3 que el informe acusa a miembros del pleno fiscalizador de usurpar funciones, entregar informes incompletos y nombrar personal de forma irregular. Miembros titulares de la C\u00e1mara de Cuentas cometieron m\u00e1s de cinco faltas graves que pudieran llevarlos a un juicio pol\u00edtico en el Senado, seg\u00fan hizo constar un\u2026","rel":"","context":"En \u00abECONOM\u00cdA\u00bb","block_context":{"text":"ECONOM\u00cdA","link":"https:\/\/lasprimeras.com.do\/index.php\/category\/economia\/"},"img":{"alt_text":"La C\u00e1mara de Diputados investiga desde el 10 de mayo a los cinco funcionarios por supuestas faltas.","src":"https:\/\/i0.wp.com\/lasprimeras.com.do\/wp-content\/uploads\/2023\/06\/cc.jpg?resize=350%2C200&ssl=1","width":350,"height":200,"srcset":"https:\/\/i0.wp.com\/lasprimeras.com.do\/wp-content\/uploads\/2023\/06\/cc.jpg?resize=350%2C200&ssl=1 1x, https:\/\/i0.wp.com\/lasprimeras.com.do\/wp-content\/uploads\/2023\/06\/cc.jpg?resize=525%2C300&ssl=1 1.5x, https:\/\/i0.wp.com\/lasprimeras.com.do\/wp-content\/uploads\/2023\/06\/cc.jpg?resize=700%2C400&ssl=1 2x"},"classes":[]},{"id":49149,"url":"https:\/\/lasprimeras.com.do\/index.php\/2023\/05\/08\/diputado-pide-que-se-investigue-lo-que-sucede-en-la-camara-de-cuentas\/","url_meta":{"origin":51713,"position":2},"title":"Diputado pide que se investigue lo que sucede en la C\u00e1mara de Cuentas","author":"prenxa100","date":"8 de mayo de 2023","format":false,"excerpt":"Santo Domingo.-. El diputado de Opci\u00f3n Democr\u00e1tica, Jos\u00e9 Horacio Rodr\u00edguez, expres\u00f3 la necesidad de que se investiguen las denuncias sobre lo que sucede a lo interno de la C\u00e1mara de Cuentas. Rodr\u00edguez, propuso que se conforme una comisi\u00f3n especial de la C\u00e1mara de la C\u00e1mara de Diputados para que investigue\u2026","rel":"","context":"En \u00abPORTADA\u00bb","block_context":{"text":"PORTADA","link":"https:\/\/lasprimeras.com.do\/index.php\/category\/portada\/"},"img":{"alt_text":"","src":"","width":0,"height":0},"classes":[]},{"id":97600,"url":"https:\/\/lasprimeras.com.do\/index.php\/2025\/04\/23\/senado-de-la-republica-juramenta-y-posesiona-a-los-nuevos-miembros-de-la-camara-de-cuentas\/","url_meta":{"origin":51713,"position":3},"title":"Senado de la Rep\u00fablica juramenta y posesiona a los nuevos miembros de la C\u00e1mara de Cuentas","author":"Nelson Feliz","date":"23 de abril de 2025","format":false,"excerpt":"Por Adalgisa S\u00e1nchez El presidente del Senado de la Rep\u00fablica Dominicana, Ricardo de los Santos, jurament\u00f3 y posesion\u00f3 a los nuevos miembros de la C\u00e1mara de Cuentas, para el periodo 2025-2029. Durante el acto de juramentaci\u00f3n, De los Santos recomend\u00f3 realizar una buena labor apegada a la \u00e9tica, aplicando el\u2026","rel":"","context":"En \u00abNACIONALES\u00bb","block_context":{"text":"NACIONALES","link":"https:\/\/lasprimeras.com.do\/index.php\/category\/nacionales\/"},"img":{"alt_text":"","src":"https:\/\/i0.wp.com\/lasprimeras.com.do\/wp-content\/uploads\/2025\/04\/cuentas-miembros.jpg?resize=350%2C200&ssl=1","width":350,"height":200,"srcset":"https:\/\/i0.wp.com\/lasprimeras.com.do\/wp-content\/uploads\/2025\/04\/cuentas-miembros.jpg?resize=350%2C200&ssl=1 1x, https:\/\/i0.wp.com\/lasprimeras.com.do\/wp-content\/uploads\/2025\/04\/cuentas-miembros.jpg?resize=525%2C300&ssl=1 1.5x, https:\/\/i0.wp.com\/lasprimeras.com.do\/wp-content\/uploads\/2025\/04\/cuentas-miembros.jpg?resize=700%2C400&ssl=1 2x"},"classes":[]},{"id":96476,"url":"https:\/\/lasprimeras.com.do\/index.php\/2025\/04\/01\/concluye-entrevistas-a-postulantes-a-dirigir-camara-de-cuentas-2024-2028\/","url_meta":{"origin":51713,"position":4},"title":"Concluye entrevistas a postulantes a dirigir C\u00e1mara de Cuentas 2024-2028","author":"Nelson Feliz","date":"1 de abril de 2025","format":false,"excerpt":"El presidente de la comisi\u00f3n inform\u00f3 que los miembros de la comisi\u00f3n se reunir\u00e1n ma\u00f1ana martes a las 10:00 am para analizar cinco ternas cada una de ellas compuestas por tres aspirante. Por Adalgisa S\u00e1nchez La Comisi\u00f3n Especial del Senado que estudia las ternas conformadas para la elecci\u00f3n de los\u2026","rel":"","context":"En \u00abNACIONALES\u00bb","block_context":{"text":"NACIONALES","link":"https:\/\/lasprimeras.com.do\/index.php\/category\/nacionales\/"},"img":{"alt_text":"","src":"https:\/\/i0.wp.com\/lasprimeras.com.do\/wp-content\/uploads\/2025\/04\/comision.jpg?resize=350%2C200&ssl=1","width":350,"height":200,"srcset":"https:\/\/i0.wp.com\/lasprimeras.com.do\/wp-content\/uploads\/2025\/04\/comision.jpg?resize=350%2C200&ssl=1 1x, https:\/\/i0.wp.com\/lasprimeras.com.do\/wp-content\/uploads\/2025\/04\/comision.jpg?resize=525%2C300&ssl=1 1.5x"},"classes":[]},{"id":96275,"url":"https:\/\/lasprimeras.com.do\/index.php\/2025\/03\/28\/senado-anuncia-para-el-proximo-lunes-seleccion-de-miembros-de-la-camara-de-cuentas\/","url_meta":{"origin":51713,"position":5},"title":"Senado anuncia para el pr\u00f3ximo lunes selecci\u00f3n de miembros de la C\u00e1mara de Cuentas","author":"Nelson Feliz","date":"28 de marzo de 2025","format":false,"excerpt":"La Comisi\u00f3n especial del Senado que estudia las ternas conformadas para la elecci\u00f3n de los nuevos miembros de la C\u00e1mara de Cuentas durante el per\u00edodo 2024-2028 estableci\u00f3 este viernes la metodolog\u00eda de trabajo. El presidente de la comisi\u00f3n, Andr\u00e9s Guillermo Lama, decidi\u00f3 convocar a los aspirantes a partir del pr\u00f3ximo\u2026","rel":"","context":"En \u00abPOLITICA\u00bb","block_context":{"text":"POLITICA","link":"https:\/\/lasprimeras.com.do\/index.php\/category\/politica\/"},"img":{"alt_text":"","src":"https:\/\/i0.wp.com\/lasprimeras.com.do\/wp-content\/uploads\/2025\/03\/senado-2.jpg?resize=350%2C200&ssl=1","width":350,"height":200,"srcset":"https:\/\/i0.wp.com\/lasprimeras.com.do\/wp-content\/uploads\/2025\/03\/senado-2.jpg?resize=350%2C200&ssl=1 1x, https:\/\/i0.wp.com\/lasprimeras.com.do\/wp-content\/uploads\/2025\/03\/senado-2.jpg?resize=525%2C300&ssl=1 1.5x, https:\/\/i0.wp.com\/lasprimeras.com.do\/wp-content\/uploads\/2025\/03\/senado-2.jpg?resize=700%2C400&ssl=1 2x"},"classes":[]}],"jetpack_sharing_enabled":true,"_links":{"self":[{"href":"https:\/\/lasprimeras.com.do\/index.php\/wp-json\/wp\/v2\/posts\/51713","targetHints":{"allow":["GET"]}}],"collection":[{"href":"https:\/\/lasprimeras.com.do\/index.php\/wp-json\/wp\/v2\/posts"}],"about":[{"href":"https:\/\/lasprimeras.com.do\/index.php\/wp-json\/wp\/v2\/types\/post"}],"author":[{"embeddable":true,"href":"https:\/\/lasprimeras.com.do\/index.php\/wp-json\/wp\/v2\/users\/1"}],"replies":[{"embeddable":true,"href":"https:\/\/lasprimeras.com.do\/index.php\/wp-json\/wp\/v2\/comments?post=51713"}],"version-history":[{"count":0,"href":"https:\/\/lasprimeras.com.do\/index.php\/wp-json\/wp\/v2\/posts\/51713\/revisions"}],"wp:featuredmedia":[{"embeddable":true,"href":"https:\/\/lasprimeras.com.do\/index.php\/wp-json\/"}],"wp:attachment":[{"href":"https:\/\/lasprimeras.com.do\/index.php\/wp-json\/wp\/v2\/media?parent=51713"}],"wp:term":[{"taxonomy":"category","embeddable":true,"href":"https:\/\/lasprimeras.com.do\/index.php\/wp-json\/wp\/v2\/categories?post=51713"},{"taxonomy":"post_tag","embeddable":true,"href":"https:\/\/lasprimeras.com.do\/index.php\/wp-json\/wp\/v2\/tags?post=51713"}],"curies":[{"name":"wp","href":"https:\/\/api.w.org\/{rel}","templated":true}]}}