{"id":51734,"date":"2023-06-02T20:45:58","date_gmt":"2023-06-03T00:45:58","guid":{"rendered":"https:\/\/atento.com.do\/?p=51734"},"modified":"2023-06-02T20:45:58","modified_gmt":"2023-06-03T00:45:58","slug":"division-de-oposicion-facilita-triunfo-de-prm","status":"publish","type":"post","link":"https:\/\/lasprimeras.com.do\/index.php\/2023\/06\/02\/division-de-oposicion-facilita-triunfo-de-prm\/","title":{"rendered":"Divisi\u00f3n de oposici\u00f3n facilita triunfo de PRM"},"content":{"rendered":"\n<p>Danilo Cruz Pichardo<\/p>\n\n\n\n<p>danilocruzpichardo@gmail.com<\/p>\n\n\n\n<p>Joaqu\u00edn Balaguer gobern\u00f3 22 a\u00f1os en una \u00e9poca en la que la Constituci\u00f3n de la Rep\u00fablica no requer\u00eda mayor\u00eda absoluta para ganar un proceso eleccionario. Con mayor\u00eda simple era suficiente. Y algunos de sus \u201ctriunfos\u201d fueron cuestionables, como es el caso del registrado en 1966, donde el pa\u00eds estuvo ocupado por tropas norteamericanas.<\/p>\n\n\n\n<p>Tambi\u00e9n tienen asteriscos los de los cert\u00e1menes de 1970 y 1974, en los cuales, producto del terror pol\u00edtico y ausencia de libertades, la oposici\u00f3n se vio forzada a la abstenci\u00f3n.<\/p>\n\n\n\n<p>El autor de este art\u00edculo no tiene ninguna duda de que en 1970, si Juan Bosch se hubiera puesto al frente de una coalici\u00f3n opositora, se pudo haber construido una mayor\u00eda electoral.<\/p>\n\n\n\n<p>Empero, el entonces l\u00edder del PRD, al venir de Benidorm, Espa\u00f1a, lo que hizo fue quitarle las garrapatas al buey y guardar distancia con las organizaciones de izquierda, sobre todo con el MPD. En 1974 tambi\u00e9n el Acuerdo de Santiago ten\u00eda la fuerza necesaria para ganar el certamen comicial.<\/p>\n\n\n\n<p>Se sabe, de todas maneras, que Balaguer no entregar\u00eda el poder y estaba dispuesto a matar opositores y que, producto de la Guerra Fr\u00eda, contaba con el apoyo de Estados Unidos.<\/p>\n\n\n\n<p>La oposici\u00f3n, sin embargo, supo tambi\u00e9n pon\u00e9rsela f\u00e1cil a Balaguer. Es el caso de la contienda de 1990, donde, por la divisi\u00f3n del PRD, el profesor Juan Bosch fue la opci\u00f3n electoral de la oposici\u00f3n y, por triunfalismo o sectarismo, rechaz\u00f3 el apoyo del PRD y el doctor Pe\u00f1a G\u00f3mez, que terminaron alcanzando un 24%.<\/p>\n\n\n\n<p>El candidato del PLD tambi\u00e9n declin\u00f3 el respaldo de Jacobo Majluta y su PRI, que logr\u00f3 en las urnas un 7%. El hecho es que el l\u00edder pelede\u00edsta se qued\u00f3 en un 34%, un punto menos que Joaqu\u00edn Balaguer, a quien la JCE le otorg\u00f3 un 35%.<\/p>\n\n\n\n<p>Bosch aleg\u00f3 fraude electoral, pero no pudo demostrarlo. Y la consigna post electoral de que \u201cBalaguer que se vaya ya\u201d no tuvo acogida en una poblaci\u00f3n que no dej\u00f3 de preguntarse: \u00bfPor qu\u00e9 don Juan no acept\u00f3 el apoyo de Pe\u00f1a y Jacobo, que le garantizaba un triunfo arrollador contra Joaqu\u00edn Balaguer? Todos los dominicanos quer\u00edamos verlo en la Presidencia de la Rep\u00fablica, porque era un hombre honrado.<\/p>\n\n\n\n<p>Nadie pod\u00eda imaginarse que Bosch ascender\u00eda al poder a robarse dinero del erario. Nunca ocurrir\u00eda.<\/p>\n\n\n\n<p>Pero mostr\u00f3 ser sectario en extremo y carente de vocaci\u00f3n de poder. Ese, no otro, fue el motivo por el cual el PLD se empeque\u00f1eci\u00f3 nuevamente y apenas alcanz\u00f3 un 13% para el torneo de 1994. Fue un castigo del electorado a un hombre que despreci\u00f3 el respaldo de Pe\u00f1a y Jacobo, pero si supo recibir el de Balaguer en 1996, el cual ni siquiera fue para \u00e9l, sino para un disc\u00edpulo, como es el caso de Leonel Fern\u00e1ndez.<\/p>\n\n\n\n<p>Todo parece indicar que las heridas entre Bosch y Pe\u00f1a nunca cicatrizaron, por lo menos para el maestro.<\/p>\n\n\n\n<p>Con estos datos hist\u00f3ricos se explica que cuando se busca el poder pol\u00edtico no se puede actuar con odios, rencores, ego\u00edsmo ni sectarismo. El que busca el poder tiene que expresar, inclusive, desprendimiento y sacrificio, aspectos que no se observan en las dos principales fuerzas pol\u00edticas opositoras.<\/p>\n\n\n\n<p>Quien suscribe ha tenido diferencias con el presente Gobierno, pero ser\u00eda mezquino no admitir que todas las encuestas serias, realizadas en las \u00faltimas semanas, otorgan un repunte al oficialismo, es decir, al PRM. En ning\u00fan estudio de opini\u00f3n est\u00e1 por debajo del 45% y en casi todos coquetea con el 50, por la sencilla raz\u00f3n de que se est\u00e1 haciendo, en t\u00e9rmino electoral, lo mismo que hac\u00eda el PLD.<\/p>\n\n\n\n<p>El PLD daba muchas asistencias y el presente gobierno las ha multiplicado, consciente de que la gente pobre y sin escolaridad otorga su voto, mayoritariamente, a quien le da cosas materiales. Adem\u00e1s, los gobiernistas lucen agresivos en la compra de cuadros pelede\u00edstas, los cuales, guardando excepciones, est\u00e1n en oferta en todos los municipios del pa\u00eds. No es solo que el gobierno compra pelede\u00edstas, sino que los pelede\u00edstas se ofertan en subastas p\u00fablicas. Naturalmente, como mercenarios de la pol\u00edtica al fin, su pago est\u00e1 garantizado en el mismo momento de la venta.<\/p>\n\n\n\n<p>Ese mismo fen\u00f3meno se da con los denominados partidos chiquitos, que se ofertan en el mercado. Y casi todos est\u00e1n apoyando al PRM, una r\u00e9plica de lo mismo que se dio con el PLD cuando estuvo en el poder. Ante la ausencia de ideolog\u00edas, el escenario pol\u00edtico nacional se ha convertido en una verdadera compraventa.<\/p>\n\n\n\n<p>El PRM tiene el inconveniente del disgusto de millares de sus militantes que hicieron campa\u00f1a bajo pandemia, ofrecieron lealtad y sacrificios, despu\u00e9s 16 largos a\u00f1os de oposici\u00f3n, y no han sido compensados durante tres a\u00f1os de administraci\u00f3n. Desde palacio, por razones que muchos ignoran, se ha preferido la adquisici\u00f3n de nuevos dirigentes provenientes de otras parcelas pol\u00edticas, un reciclaje que, conforme a las \u00faltimas encuestas, podr\u00eda garantizar la permanencia en el poder por otro per\u00edodo de cuatro a\u00f1os.<\/p>\n\n\n\n<p>Sin embargo, para que no se malinterprete, no estoy diciendo que el proceso presidencial del a\u00f1o entrante est\u00e1 definido.<\/p>\n\n\n\n<p>De ninguna manera. Leonel Fern\u00e1ndez anda con un 30% en los bolsillos y Abel oscila entre un 15 y un 18%, por lo que con un eventual entendimiento electoral entre esos dos candidatos, con el impacto sicol\u00f3gico que tendr\u00eda esa alianza en la poblaci\u00f3n,&nbsp; las elecciones ser\u00edan muy re\u00f1idas y&nbsp; habr\u00eda definici\u00f3n en una sola ronda. Esa definici\u00f3n ser\u00eda de un lado u otro.<\/p>\n\n\n\n<p>Es un escenario posible, pero dif\u00edcil de cristalizarse, porque a esta fecha, faltando once meses y d\u00edas para el proceso presidencial, el PLD y la FP ni siquiera dan pasos encaminados a negociar las candidaturas municipales, pese a que los comicios para alcaldes y regidores son en febrero.<\/p>\n\n\n\n<p>El PLD y Fuerza del Pueblo, separados, podr\u00edan ser barridos y esos resultados repercuten negativamente para las presidenciales de mayo. La oposici\u00f3n, as\u00ed dividida como est\u00e1, no tiene posibilidades.<\/p>\n\n\n\n<p>El caso de Leonel y Danilo se parece al de Bosch y Pe\u00f1a, guardando las diferencias hist\u00f3ricas, pero las heridas fueron tan profundas que a\u00fan est\u00e1n abiertas. Lo que siempre se dice es que Danilo Medina es un hombre rencoroso. Y que Leonel es orgulloso, no es humilde y tiene un ego muy elevado.<\/p>\n\n\n\n<p>Si no echan todos esos posibles rencores, orgullos y arrogancias a un lado, est\u00e1n destinados a una larga espera, lo que no es un juego en dos personas que rondan las siete d\u00e9cadas.<\/p>\n","protected":false},"excerpt":{"rendered":"<p>Danilo Cruz Pichardo danilocruzpichardo@gmail.com Joaqu\u00edn Balaguer gobern\u00f3 22 a\u00f1os en una \u00e9poca en la que la Constituci\u00f3n de la Rep\u00fablica no requer\u00eda mayor\u00eda absoluta para ganar un proceso eleccionario. Con&hellip;<\/p>\n","protected":false},"author":1,"featured_media":44003,"comment_status":"open","ping_status":"open","sticky":false,"template":"","format":"standard","meta":{"content-type":"","jetpack_post_was_ever_published":false,"_jetpack_newsletter_access":"","_jetpack_dont_email_post_to_subs":false,"_jetpack_newsletter_tier_id":0,"_jetpack_memberships_contains_paywalled_content":false,"_jetpack_memberships_contains_paid_content":false,"footnotes":""},"categories":[95],"tags":[2906],"class_list":["post-51734","post","type-post","status-publish","format-standard","has-post-thumbnail","hentry","category-opinion","tag-division-de-oposicion-facilita-triunfo-de-prm"],"jetpack_featured_media_url":"","jetpack-related-posts":[{"id":77276,"url":"https:\/\/lasprimeras.com.do\/index.php\/2024\/02\/19\/senador-ricardo-de-los-santos-vaticina-triunfo-de-abinader-en-elecciones-de-mayo\/","url_meta":{"origin":51734,"position":0},"title":"Senador Ricardo de los Santos vaticina triunfo de Abinader en elecciones de mayo","author":"Nelson Feliz","date":"19 de febrero de 2024","format":false,"excerpt":"El senador por la provincia S\u00e1nchez Ram\u00edrez y miembro de la Direcci\u00f3n Ejecutiva del Partido Revolucionario Moderno (PRM), Ricardo de los Santos vaticin\u00f3 que lo que pas\u00f3 en las elecciones municipales del pasado domingo 18 de febrero es un claro mensaje de que Luis Abinader seguir\u00e1 siendo presidente m\u00e1s all\u00e1\u2026","rel":"","context":"En \u00abPORTADA\u00bb","block_context":{"text":"PORTADA","link":"https:\/\/lasprimeras.com.do\/index.php\/category\/portada\/"},"img":{"alt_text":"Ricardo de los Santos","src":"https:\/\/i0.wp.com\/lasprimeras.com.do\/wp-content\/uploads\/2024\/02\/Ricardo-de-los-Santos-2-1.jpg?resize=350%2C200&ssl=1","width":350,"height":200,"srcset":"https:\/\/i0.wp.com\/lasprimeras.com.do\/wp-content\/uploads\/2024\/02\/Ricardo-de-los-Santos-2-1.jpg?resize=350%2C200&ssl=1 1x, https:\/\/i0.wp.com\/lasprimeras.com.do\/wp-content\/uploads\/2024\/02\/Ricardo-de-los-Santos-2-1.jpg?resize=525%2C300&ssl=1 1.5x, https:\/\/i0.wp.com\/lasprimeras.com.do\/wp-content\/uploads\/2024\/02\/Ricardo-de-los-Santos-2-1.jpg?resize=700%2C400&ssl=1 2x"},"classes":[]},{"id":77322,"url":"https:\/\/lasprimeras.com.do\/index.php\/2024\/02\/20\/senador-ricardo-de-los-santos-vaticina-triunfo-de-abinader-en-elecciones-de-mayo-proximo\/","url_meta":{"origin":51734,"position":1},"title":"Senador Ricardo de los Santos vaticina triunfo de Abinader en elecciones de mayo pr\u00f3ximo","author":"BIMARY DE JES\u00daS Matos","date":"20 de febrero de 2024","format":false,"excerpt":"Martin Restituyo COTUI, PROVINCIA SANCHEZ RAMIREZ-. El senador por la provincia S\u00e1nchez Ram\u00edrez y miembro de la Direcci\u00f3n Ejecutiva del Partido Revolucionario Moderno (PRM), Ricardo de los Santos vaticin\u00f3, la tarde de este lunes, que lo que pas\u00f3 en las elecciones municipales del pasado domingo 18 de febrero es un\u2026","rel":"","context":"En \u00abSin categor\u00eda\u00bb","block_context":{"text":"Sin categor\u00eda","link":"https:\/\/lasprimeras.com.do\/index.php\/category\/sin-categoria\/"},"img":{"alt_text":"","src":"https:\/\/i0.wp.com\/lasprimeras.com.do\/wp-content\/uploads\/2024\/02\/IMG-20240220-WA0005-scaled.jpg?resize=350%2C200&ssl=1","width":350,"height":200,"srcset":"https:\/\/i0.wp.com\/lasprimeras.com.do\/wp-content\/uploads\/2024\/02\/IMG-20240220-WA0005-scaled.jpg?resize=350%2C200&ssl=1 1x, https:\/\/i0.wp.com\/lasprimeras.com.do\/wp-content\/uploads\/2024\/02\/IMG-20240220-WA0005-scaled.jpg?resize=525%2C300&ssl=1 1.5x, https:\/\/i0.wp.com\/lasprimeras.com.do\/wp-content\/uploads\/2024\/02\/IMG-20240220-WA0005-scaled.jpg?resize=700%2C400&ssl=1 2x, https:\/\/i0.wp.com\/lasprimeras.com.do\/wp-content\/uploads\/2024\/02\/IMG-20240220-WA0005-scaled.jpg?resize=1050%2C600&ssl=1 3x, https:\/\/i0.wp.com\/lasprimeras.com.do\/wp-content\/uploads\/2024\/02\/IMG-20240220-WA0005-scaled.jpg?resize=1400%2C800&ssl=1 4x"},"classes":[]},{"id":79374,"url":"https:\/\/lasprimeras.com.do\/index.php\/2024\/03\/26\/ricardo-de-los-santos-nada-impedira-que-prm-gane-en-primera-vuelta\/","url_meta":{"origin":51734,"position":2},"title":"Ricardo de los Santos:\u201d Nada impedir\u00e1 que PRM gane\u00a0 en primera vuelta\u201c","author":"Nelson Feliz","date":"26 de marzo de 2024","format":false,"excerpt":"Asegur\u00f3 que ni siquiera un acto de fe, como el caminar a pie hasta la Bas\u00edlica de Hig\u00fcey, evitar\u00e1 el triunfo de Luis Abinader. El presidente del Senado de la Rep\u00fablica, Ricardo de los Santos, dijo hoy que nada impedir\u00e1 que las elecciones presidenciales se definan el 19 de mayo\u2026","rel":"","context":"En \u00abPORTADA\u00bb","block_context":{"text":"PORTADA","link":"https:\/\/lasprimeras.com.do\/index.php\/category\/portada\/"},"img":{"alt_text":"Ricardo de los Santos","src":"https:\/\/i0.wp.com\/lasprimeras.com.do\/wp-content\/uploads\/2024\/03\/Ricardo-de-los-Santos-4.jpg?resize=350%2C200&ssl=1","width":350,"height":200,"srcset":"https:\/\/i0.wp.com\/lasprimeras.com.do\/wp-content\/uploads\/2024\/03\/Ricardo-de-los-Santos-4.jpg?resize=350%2C200&ssl=1 1x, https:\/\/i0.wp.com\/lasprimeras.com.do\/wp-content\/uploads\/2024\/03\/Ricardo-de-los-Santos-4.jpg?resize=525%2C300&ssl=1 1.5x, https:\/\/i0.wp.com\/lasprimeras.com.do\/wp-content\/uploads\/2024\/03\/Ricardo-de-los-Santos-4.jpg?resize=700%2C400&ssl=1 2x"},"classes":[]},{"id":79348,"url":"https:\/\/lasprimeras.com.do\/index.php\/2024\/03\/26\/senador-ricardo-de-los-santos-dice-nada-impedira-que-prm-gane-en-primera-vuelta-el-19-de-mayo\/","url_meta":{"origin":51734,"position":3},"title":"Senador Ricardo de los Santos dice nada impedir\u00e1 que PRM gane en primera vuelta el 19 de mayo","author":"BIMARY DE JES\u00daS Matos","date":"26 de marzo de 2024","format":false,"excerpt":"Martin Restituyo Asegur\u00f3 que ni siquiera un acto de fe, como el caminar a pie hasta la Bas\u00edlica de Hig\u00fcey, evitar\u00e1 el triunfo de Luis Abinader. SANTO DOMINGO,RD.-El presidente del Senado de la Rep\u00fablica, Ricardo de los Santos, dijo hoy que nada impedir\u00e1 que las elecciones presidenciales se definan el\u2026","rel":"","context":"En \u00abNACIONALES\u00bb","block_context":{"text":"NACIONALES","link":"https:\/\/lasprimeras.com.do\/index.php\/category\/nacionales\/"},"img":{"alt_text":"","src":"https:\/\/i0.wp.com\/lasprimeras.com.do\/wp-content\/uploads\/2024\/03\/IMG-20240326-WA0006.jpg?resize=350%2C200&ssl=1","width":350,"height":200,"srcset":"https:\/\/i0.wp.com\/lasprimeras.com.do\/wp-content\/uploads\/2024\/03\/IMG-20240326-WA0006.jpg?resize=350%2C200&ssl=1 1x, https:\/\/i0.wp.com\/lasprimeras.com.do\/wp-content\/uploads\/2024\/03\/IMG-20240326-WA0006.jpg?resize=525%2C300&ssl=1 1.5x, https:\/\/i0.wp.com\/lasprimeras.com.do\/wp-content\/uploads\/2024\/03\/IMG-20240326-WA0006.jpg?resize=700%2C400&ssl=1 2x, https:\/\/i0.wp.com\/lasprimeras.com.do\/wp-content\/uploads\/2024\/03\/IMG-20240326-WA0006.jpg?resize=1050%2C600&ssl=1 3x"},"classes":[]},{"id":79205,"url":"https:\/\/lasprimeras.com.do\/index.php\/2024\/03\/24\/elecciones-presidenciales-y-division-de-la-oligarquia\/","url_meta":{"origin":51734,"position":4},"title":"Elecciones presidenciales y divisi\u00f3n de la oligarqu\u00eda","author":"Nelson Feliz","date":"24 de marzo de 2024","format":false,"excerpt":"El Mirador Por Luis C\u00e9spedes Pe\u00f1a Estamos seguros de que nuestros lectores recordar\u00e1n que antes de las elecciones municipales, escribimos que el Partido Revolucionario Moderno (PRM) hab\u00eda escogido a la ciudad de Santiago, para desarrollar un plan piloto-electoral que ten\u00eda como objetivo ganar los comicios, en el propio territorio del\u2026","rel":"","context":"En \u00abOPINI\u00d3N\u00bb","block_context":{"text":"OPINI\u00d3N","link":"https:\/\/lasprimeras.com.do\/index.php\/category\/opinion\/"},"img":{"alt_text":"","src":"https:\/\/i0.wp.com\/lasprimeras.com.do\/wp-content\/uploads\/2024\/03\/Luis-Cespedes.jpg?resize=350%2C200&ssl=1","width":350,"height":200},"classes":[]},{"id":121226,"url":"https:\/\/lasprimeras.com.do\/index.php\/2026\/02\/02\/en-especial\/","url_meta":{"origin":51734,"position":5},"title":"EN ESPECIAL","author":"Nelson Feliz","date":"2 de febrero de 2026","format":false,"excerpt":"Abinader frente a intereses aspirantes Cristhian Jim\u00e9nez Luis Abinader est\u00e1 obligado a la visi\u00f3n hol\u00edstica: estabilidad y seguridad, necesidades ciudadanas, legado pol\u00edtico y mantenimiento de su partido en el poder. Los aspirantes presidenciales perremeistas, en la mayor\u00eda de los casos, solo la mirada tubular de sus intereses, mientras que la\u2026","rel":"","context":"En \u00abOPINI\u00d3N\u00bb","block_context":{"text":"OPINI\u00d3N","link":"https:\/\/lasprimeras.com.do\/index.php\/category\/opinion\/"},"img":{"alt_text":"","src":"https:\/\/i0.wp.com\/lasprimeras.com.do\/wp-content\/uploads\/2026\/02\/images_20_b26e49ac86a2394273f3e72181f45cfd.jpg?resize=350%2C200&ssl=1","width":350,"height":200},"classes":[]}],"jetpack_sharing_enabled":true,"_links":{"self":[{"href":"https:\/\/lasprimeras.com.do\/index.php\/wp-json\/wp\/v2\/posts\/51734","targetHints":{"allow":["GET"]}}],"collection":[{"href":"https:\/\/lasprimeras.com.do\/index.php\/wp-json\/wp\/v2\/posts"}],"about":[{"href":"https:\/\/lasprimeras.com.do\/index.php\/wp-json\/wp\/v2\/types\/post"}],"author":[{"embeddable":true,"href":"https:\/\/lasprimeras.com.do\/index.php\/wp-json\/wp\/v2\/users\/1"}],"replies":[{"embeddable":true,"href":"https:\/\/lasprimeras.com.do\/index.php\/wp-json\/wp\/v2\/comments?post=51734"}],"version-history":[{"count":0,"href":"https:\/\/lasprimeras.com.do\/index.php\/wp-json\/wp\/v2\/posts\/51734\/revisions"}],"wp:featuredmedia":[{"embeddable":true,"href":"https:\/\/lasprimeras.com.do\/index.php\/wp-json\/"}],"wp:attachment":[{"href":"https:\/\/lasprimeras.com.do\/index.php\/wp-json\/wp\/v2\/media?parent=51734"}],"wp:term":[{"taxonomy":"category","embeddable":true,"href":"https:\/\/lasprimeras.com.do\/index.php\/wp-json\/wp\/v2\/categories?post=51734"},{"taxonomy":"post_tag","embeddable":true,"href":"https:\/\/lasprimeras.com.do\/index.php\/wp-json\/wp\/v2\/tags?post=51734"}],"curies":[{"name":"wp","href":"https:\/\/api.w.org\/{rel}","templated":true}]}}