{"id":51849,"date":"2023-06-04T18:59:59","date_gmt":"2023-06-04T22:59:59","guid":{"rendered":"https:\/\/atento.com.do\/?p=51849"},"modified":"2023-06-04T18:59:59","modified_gmt":"2023-06-04T22:59:59","slug":"rusia-repele-ofensiva-a-gran-escala-de-las-fuerzas-armadas-de-ucrania","status":"publish","type":"post","link":"https:\/\/lasprimeras.com.do\/index.php\/2023\/06\/04\/rusia-repele-ofensiva-a-gran-escala-de-las-fuerzas-armadas-de-ucrania\/","title":{"rendered":"Rusia repele ofensiva a gran escala de las Fuerzas Armadas de Ucrania"},"content":{"rendered":"\n<p><strong>&#8220;El objetivo del enemigo era romper nuestras defensas en el sector m\u00e1s vulnerable del frente, seg\u00fan su opini\u00f3n. El enemigo no logr\u00f3 sus tareas, no tuvo \u00e9xito&#8221;, se\u00f1al\u00f3 el Ministerio de Defensa de Rusia.<\/strong><\/p>\n\n\n\n<p>El Ministerio de Defensa de Rusia anunci\u00f3 que en la ma\u00f1ana del 4 de junio las Fuerzas Armadas de Ucrania &#8220;lanzaron una ofensiva a gran escala en cinco sectores del frente en direcci\u00f3n al sur de Donetsk&#8221;. El enemigo no &#8220;tuvo \u00e9xito&#8221;, precis\u00f3 el organismo.<\/p>\n\n\n\n<p>Las fuerzas de Ucrania &#8220;introdujeron en la batalla las brigadas mecanizadas 23 y 31 de las reservas estrat\u00e9gicas de las Fuerzas Armadas de Ucrania con el apoyo de otras unidades y subunidades militares&#8221;.<\/p>\n\n\n\n<p>&#8220;En total, participaron seis batallones mecanizados y dos batallones de tanques enemigos&#8221;, inform\u00f3 el ministerio.<\/p>\n\n\n\n<p>&#8220;El objetivo del enemigo era romper nuestras defensas en el sector m\u00e1s vulnerable del frente, seg\u00fan su opini\u00f3n. El enemigo no logr\u00f3 sus tareas, no tuvo \u00e9xito&#8221;, asegur\u00f3 la cartera militar.<\/p>\n\n\n\n<p>&#8220;Como resultado de las acciones h\u00e1biles y competentes de la agrupaci\u00f3n de tropas del Este, las p\u00e9rdidas de las Fuerzas Armadas de Ucrania ascendieron a m\u00e1s de 250 efectivos, 16 tanques, tres veh\u00edculos de combate de infanter\u00eda y 21 veh\u00edculos blindados de combate&#8221;, se\u00f1al\u00f3 el organismo.<\/p>\n\n\n\n<p>El comandante de la Agrupaci\u00f3n Conjunta de Tropas en la zona de la operaci\u00f3n militar especial el jefe del Estado Mayor de las Fuerzas Armadas de Rusia, el general de Ej\u00e9rcito Valeri Guer\u00e1simov, se encontraba en el momento de la ofensiva fallida en &#8220;uno de los puestos de mando de vanguardia en esta direcci\u00f3n&#8221;.<\/p>\n\n\n\n<p>Fuente RT<\/p>\n","protected":false},"excerpt":{"rendered":"<p>&#8220;El objetivo del enemigo era romper nuestras defensas en el sector m\u00e1s vulnerable del frente, seg\u00fan su opini\u00f3n. El enemigo no logr\u00f3 sus tareas, no tuvo \u00e9xito&#8221;, se\u00f1al\u00f3 el Ministerio&hellip;<\/p>\n","protected":false},"author":1,"featured_media":51850,"comment_status":"open","ping_status":"open","sticky":false,"template":"","format":"standard","meta":{"content-type":"","jetpack_post_was_ever_published":false,"_jetpack_newsletter_access":"","_jetpack_dont_email_post_to_subs":false,"_jetpack_newsletter_tier_id":0,"_jetpack_memberships_contains_paywalled_content":false,"_jetpack_memberships_contains_paid_content":false,"footnotes":""},"categories":[1],"tags":[2957,2958,2959,2960,1119,1108],"class_list":["post-51849","post","type-post","status-publish","format-standard","has-post-thumbnail","hentry","category-sin-categoria","tag-fuerzas-armadas","tag-gran-escala","tag-ofensiva","tag-repele","tag-rusia","tag-ucrania"],"jetpack_featured_media_url":"","jetpack-related-posts":[{"id":73796,"url":"https:\/\/lasprimeras.com.do\/index.php\/2024\/01\/16\/rusia-derribo-69-drones-en-los-territorios-ocupados-en-ucrania\/","url_meta":{"origin":51849,"position":0},"title":"Rusia derrib\u00f3 69 drones en los territorios ocupados en Ucrania","author":"BIMARY DE JES\u00daS Matos","date":"16 de enero de 2024","format":false,"excerpt":"Rusia.-Fuerzas rusas derribaron 69 drones en las \u00faltimas 24 horas en los territorios ucranianos ocupados por Mosc\u00fa, seg\u00fan inform\u00f3 hoy el Ministerio de Defensa ruso en su parte diario. Los aparatos no tripulados fueron interceptados en las regiones de Jers\u00f3n y Zaporiyia (sur), as\u00ed como Donetsk y Lugansk (este), precisa\u2026","rel":"","context":"En \u00abSin categor\u00eda\u00bb","block_context":{"text":"Sin categor\u00eda","link":"https:\/\/lasprimeras.com.do\/index.php\/category\/sin-categoria\/"},"img":{"alt_text":"","src":"https:\/\/i0.wp.com\/lasprimeras.com.do\/wp-content\/uploads\/2024\/01\/Snapinsta.app_419056797_745930060389346_3683644139325103745_n_1080-2.jpg?resize=350%2C200&ssl=1","width":350,"height":200,"srcset":"https:\/\/i0.wp.com\/lasprimeras.com.do\/wp-content\/uploads\/2024\/01\/Snapinsta.app_419056797_745930060389346_3683644139325103745_n_1080-2.jpg?resize=350%2C200&ssl=1 1x, https:\/\/i0.wp.com\/lasprimeras.com.do\/wp-content\/uploads\/2024\/01\/Snapinsta.app_419056797_745930060389346_3683644139325103745_n_1080-2.jpg?resize=525%2C300&ssl=1 1.5x"},"classes":[]},{"id":54932,"url":"https:\/\/lasprimeras.com.do\/index.php\/2023\/07\/16\/ucrania-dice-estar-a-la-defensiva-en-el-este-y-putin-desestima-la-contraofensiva\/","url_meta":{"origin":51849,"position":1},"title":"Ucrania dice estar a la defensiva en el este, y Putin desestima la contraofensiva","author":"Nelson Feliz","date":"16 de julio de 2023","format":false,"excerpt":"Ucrania reconoci\u00f3 este domingo que est\u00e1 en posici\u00f3n defensiva en el frente oriental ante las tropas de Mosc\u00fa, y el presidente ruso Vladimir Putin asegur\u00f3 que la contraofensiva de Kiev \u201cno ha tenido \u00e9xito\u201d. \u201cDurante dos d\u00edas seguidos, el enemigo ha estado atacando activamente en la zona de Kupiansk, en\u2026","rel":"","context":"En \u00abSin categor\u00eda\u00bb","block_context":{"text":"Sin categor\u00eda","link":"https:\/\/lasprimeras.com.do\/index.php\/category\/sin-categoria\/"},"img":{"alt_text":"Un artillero ucraniano posa mientras ocupa una posici\u00f3n en el frente cerca de la ciudad de Bajmut, regi\u00f3n de Donetsk, el viernes 15 de julio de 2023, en medio de la invasi\u00f3n rusa de Ucrania.Foto: Anatolii Stepanov (AFP).","src":"https:\/\/i0.wp.com\/lasprimeras.com.do\/wp-content\/uploads\/2023\/07\/Artillero.jpg?resize=350%2C200&ssl=1","width":350,"height":200,"srcset":"https:\/\/i0.wp.com\/lasprimeras.com.do\/wp-content\/uploads\/2023\/07\/Artillero.jpg?resize=350%2C200&ssl=1 1x, https:\/\/i0.wp.com\/lasprimeras.com.do\/wp-content\/uploads\/2023\/07\/Artillero.jpg?resize=525%2C300&ssl=1 1.5x, https:\/\/i0.wp.com\/lasprimeras.com.do\/wp-content\/uploads\/2023\/07\/Artillero.jpg?resize=700%2C400&ssl=1 2x"},"classes":[]},{"id":55782,"url":"https:\/\/lasprimeras.com.do\/index.php\/2023\/07\/25\/rusia-denuncia-un-ataque-ucraniano-contra-su-buque-patrullero-serguei-kotov-en-el-mar-negro\/","url_meta":{"origin":51849,"position":2},"title":"Rusia denuncia un ataque ucraniano contra su buque patrullero &#8220;Sergu\u00e9i K\u00f3tov&#8221; en el mar Negro","author":"Nelson Feliz","date":"25 de julio de 2023","format":false,"excerpt":"Dos lanchas no tripuladas de las Fuerzas Armadas ucranianas atacaron el buque patrullero \"Sergu\u00e9i K\u00f3tov\" de la Flota rusa del mar Negro pero fueron repelidas, inform\u00f3 hoy el Ministerio de Defensa de Rusia. \"Esta noche las Fuerzas Armadas de Ucrania intentaron sin \u00e9xito atacar el patrullero \"Sergu\u00e9i K\u00f3tov\" de la\u2026","rel":"","context":"En \u00abSin categor\u00eda\u00bb","block_context":{"text":"Sin categor\u00eda","link":"https:\/\/lasprimeras.com.do\/index.php\/category\/sin-categoria\/"},"img":{"alt_text":"","src":"https:\/\/i0.wp.com\/lasprimeras.com.do\/wp-content\/uploads\/2023\/07\/Buque.jpg?resize=350%2C200&ssl=1","width":350,"height":200,"srcset":"https:\/\/i0.wp.com\/lasprimeras.com.do\/wp-content\/uploads\/2023\/07\/Buque.jpg?resize=350%2C200&ssl=1 1x, https:\/\/i0.wp.com\/lasprimeras.com.do\/wp-content\/uploads\/2023\/07\/Buque.jpg?resize=525%2C300&ssl=1 1.5x, https:\/\/i0.wp.com\/lasprimeras.com.do\/wp-content\/uploads\/2023\/07\/Buque.jpg?resize=700%2C400&ssl=1 2x"},"classes":[]},{"id":95550,"url":"https:\/\/lasprimeras.com.do\/index.php\/2025\/03\/14\/ucrania-pierde-una-moneda-de-cambio-para-un-alto-el-fuego-mientras-sus-tropas-ceden-terreno-en-rusia\/","url_meta":{"origin":51849,"position":3},"title":"Ucrania pierde una moneda de cambio para un alto el fuego mientras sus tropas ceden terreno en Rusia","author":"Nelson Feliz","date":"14 de marzo de 2025","format":false,"excerpt":"Por SAMYA KULLAB y VOLODYMYR YURCHUK KIEV, Ucrania (AP) \u2014 A medida que crece el impulso para un cese del fuego con Rusia , Ucrania pr\u00e1cticamente ha perdido una valiosa moneda de cambio. El ej\u00e9rcito ucraniano sorprendi\u00f3 a Rusia en agosto al atacar a trav\u00e9s de la frontera y tomar\u2026","rel":"","context":"En \u00abINTERNACIONALES\u00bb","block_context":{"text":"INTERNACIONALES","link":"https:\/\/lasprimeras.com.do\/index.php\/category\/sin-categoria\/internacionales\/"},"img":{"alt_text":"","src":"https:\/\/i0.wp.com\/lasprimeras.com.do\/wp-content\/uploads\/2025\/03\/putin.png?resize=350%2C200&ssl=1","width":350,"height":200,"srcset":"https:\/\/i0.wp.com\/lasprimeras.com.do\/wp-content\/uploads\/2025\/03\/putin.png?resize=350%2C200&ssl=1 1x, https:\/\/i0.wp.com\/lasprimeras.com.do\/wp-content\/uploads\/2025\/03\/putin.png?resize=525%2C300&ssl=1 1.5x, https:\/\/i0.wp.com\/lasprimeras.com.do\/wp-content\/uploads\/2025\/03\/putin.png?resize=700%2C400&ssl=1 2x"},"classes":[]},{"id":70203,"url":"https:\/\/lasprimeras.com.do\/index.php\/2023\/12\/09\/zelenski-llama-a-impedir-que-rusia-retome-la-iniciativa\/","url_meta":{"origin":51849,"position":4},"title":"Zelenski llama a impedir que Rusia retome la iniciativa","author":"BIMARY DE JES\u00daS Matos","date":"9 de diciembre de 2023","format":false,"excerpt":"Kiev\/Mosc\u00fa, (EFE).- El presidente de Ucrania, Volod\u00edmir Zelenski, ha llamado a impedir que Rusia retome la iniciativa en el campo de batalla este invierno, en momentos en que las tropas rusas intensifican sus ataques a lo largo de todo el frente oriental. \u00abLa tarea de nuestro Estado, incluso ahora, en\u2026","rel":"","context":"En \u00abSin categor\u00eda\u00bb","block_context":{"text":"Sin categor\u00eda","link":"https:\/\/lasprimeras.com.do\/index.php\/category\/sin-categoria\/"},"img":{"alt_text":"","src":"https:\/\/i0.wp.com\/lasprimeras.com.do\/wp-content\/uploads\/2023\/12\/WhatsApp-Image-2023-12-07-at-7.22.09-PM-5-15.jpeg?resize=350%2C200&ssl=1","width":350,"height":200,"srcset":"https:\/\/i0.wp.com\/lasprimeras.com.do\/wp-content\/uploads\/2023\/12\/WhatsApp-Image-2023-12-07-at-7.22.09-PM-5-15.jpeg?resize=350%2C200&ssl=1 1x, https:\/\/i0.wp.com\/lasprimeras.com.do\/wp-content\/uploads\/2023\/12\/WhatsApp-Image-2023-12-07-at-7.22.09-PM-5-15.jpeg?resize=525%2C300&ssl=1 1.5x"},"classes":[]},{"id":77723,"url":"https:\/\/lasprimeras.com.do\/index.php\/2024\/02\/24\/zelenskyy-recibe-a-lideres-occidentales-en-kiev\/","url_meta":{"origin":51849,"position":5},"title":"Zelenskyy recibe a l\u00edderes occidentales en Kiev","author":"Nelson Feliz","date":"24 de febrero de 2024","format":false,"excerpt":"Ucrania conmemora dos a\u00f1os desde la invasi\u00f3n a gran escala de Rusia POR SUSIE BLANN KIEV, Ucrania (AP) \u2014 El presidente Volodymyr Zelenskyy recibi\u00f3 el s\u00e1bado a los l\u00edderes occidentales en Kiev para conmemorar el segundo aniversario de la invasi\u00f3n a gran escala de Rusia, mientras las fuerzas ucranianas se\u2026","rel":"","context":"En \u00abSin categor\u00eda\u00bb","block_context":{"text":"Sin categor\u00eda","link":"https:\/\/lasprimeras.com.do\/index.php\/category\/sin-categoria\/"},"img":{"alt_text":"Volodymyr Zelenskyy","src":"https:\/\/i0.wp.com\/lasprimeras.com.do\/wp-content\/uploads\/2024\/02\/Volodymyr-Zelenskyy.jpg?resize=350%2C200&ssl=1","width":350,"height":200,"srcset":"https:\/\/i0.wp.com\/lasprimeras.com.do\/wp-content\/uploads\/2024\/02\/Volodymyr-Zelenskyy.jpg?resize=350%2C200&ssl=1 1x, https:\/\/i0.wp.com\/lasprimeras.com.do\/wp-content\/uploads\/2024\/02\/Volodymyr-Zelenskyy.jpg?resize=525%2C300&ssl=1 1.5x, https:\/\/i0.wp.com\/lasprimeras.com.do\/wp-content\/uploads\/2024\/02\/Volodymyr-Zelenskyy.jpg?resize=700%2C400&ssl=1 2x"},"classes":[]}],"jetpack_sharing_enabled":true,"_links":{"self":[{"href":"https:\/\/lasprimeras.com.do\/index.php\/wp-json\/wp\/v2\/posts\/51849","targetHints":{"allow":["GET"]}}],"collection":[{"href":"https:\/\/lasprimeras.com.do\/index.php\/wp-json\/wp\/v2\/posts"}],"about":[{"href":"https:\/\/lasprimeras.com.do\/index.php\/wp-json\/wp\/v2\/types\/post"}],"author":[{"embeddable":true,"href":"https:\/\/lasprimeras.com.do\/index.php\/wp-json\/wp\/v2\/users\/1"}],"replies":[{"embeddable":true,"href":"https:\/\/lasprimeras.com.do\/index.php\/wp-json\/wp\/v2\/comments?post=51849"}],"version-history":[{"count":0,"href":"https:\/\/lasprimeras.com.do\/index.php\/wp-json\/wp\/v2\/posts\/51849\/revisions"}],"wp:featuredmedia":[{"embeddable":true,"href":"https:\/\/lasprimeras.com.do\/index.php\/wp-json\/"}],"wp:attachment":[{"href":"https:\/\/lasprimeras.com.do\/index.php\/wp-json\/wp\/v2\/media?parent=51849"}],"wp:term":[{"taxonomy":"category","embeddable":true,"href":"https:\/\/lasprimeras.com.do\/index.php\/wp-json\/wp\/v2\/categories?post=51849"},{"taxonomy":"post_tag","embeddable":true,"href":"https:\/\/lasprimeras.com.do\/index.php\/wp-json\/wp\/v2\/tags?post=51849"}],"curies":[{"name":"wp","href":"https:\/\/api.w.org\/{rel}","templated":true}]}}