{"id":51866,"date":"2023-06-04T20:18:36","date_gmt":"2023-06-05T00:18:36","guid":{"rendered":"https:\/\/atento.com.do\/?p=51866"},"modified":"2023-06-04T20:18:36","modified_gmt":"2023-06-05T00:18:36","slug":"amchamdr-considera-medidas-recientes-del-bcrd-dinamizaran-crecimiento-economico-del-pais","status":"publish","type":"post","link":"https:\/\/lasprimeras.com.do\/index.php\/2023\/06\/04\/amchamdr-considera-medidas-recientes-del-bcrd-dinamizaran-crecimiento-economico-del-pais\/","title":{"rendered":"AMCHAMDR considera medidas recientes del BCRD dinamizar\u00e1n crecimiento econ\u00f3mico del pa\u00eds"},"content":{"rendered":"\n<p><strong>La Camara Americana de Comercio ponder\u00f3 que las recientes medidas de pol\u00edtica econ\u00f3mica incentivar\u00e1n los sectores productivos para alcanzar las metas de crecimiento del BCRD.<\/strong><\/p>\n\n\n\n<p>La C\u00e1mara Americana de Comercio de la Republica Dominicana celebra las medidas anunciadas por el Banco Central el pasado 31 de mayo, las cuales contribuir\u00e1n al crecimiento sostenible de la econom\u00eda dominicana.<\/p>\n\n\n\n<p>La reducci\u00f3n de su Tasa de Pol\u00edtica Monetaria (TPM) desde 8.5% a 8% anual y la liberaci\u00f3n de encaje legal adoptadas por la Junta Monetaria aportar\u00e1n RD$94,000 millones de recursos frescos que estar\u00e1n disponibles para financiamientos a m\u00e1s bajas tasas de inter\u00e9s.<\/p>\n\n\n\n<p>\u201cCelebramos el liderazgo mostrado por el Banco Central en su ponderaci\u00f3n de la actividad econ\u00f3mica nacional, y en la oportuna toma de decisiones de pol\u00edtica monetaria que estimulen el retorno al crecimiento de forma sostenible, confiados en que el sector privado habr\u00e1 de aprovechar ese cambio de postura monetaria acelerando esfuerzos para la ejecuci\u00f3n de proyectos que eleven el nivel de inversi\u00f3n acumulada\u201d, sostiene AMCHAMDR a trav\u00e9s de un comunicado.<\/p>\n\n\n\n<p>Cree necesario crear mas empleos formales en la Rep\u00fablica Dominicana y generando nuevas oportunidades para la inversi\u00f3n de largo plazo y la expansi\u00f3n del comercio bajo iniciativas como las que lidera la AMCHAMDR.<\/p>\n\n\n\n<p>La adopci\u00f3n de estas medidas refleja un giro positivo en la perspectiva sobre la inflaci\u00f3n en el pa\u00eds, lo cual hace posible y oportuno adoptar una pol\u00edtica monetaria para estimular el crecimiento econ\u00f3mico.<\/p>\n\n\n\n<p>Previo a la adopci\u00f3n de estas medidas, la econom\u00eda requiri\u00f3 una pol\u00edtica monetaria restrictiva, desde finales del a\u00f1o 2021, para limitar la inflaci\u00f3n generada por la marcada recuperaci\u00f3n de la econom\u00eda mundial post covid, la cual fue exacerbada por el alza de los precios de materias primas, alimentos y combustibles causada por la invasi\u00f3n b\u00e9lica de Rusia a Ucrania.<\/p>\n\n\n\n<p>A estos fines, el BCRD aument\u00f3 paulatinamente la tasa de pol\u00edtica monetaria de 3.0% a 8.5% en menos de un a\u00f1o, contribuyendo as\u00ed a la disminuci\u00f3n de inflaci\u00f3n mas efectiva en la regi\u00f3n.<\/p>\n\n\n\n<p>La pol\u00edtica monetaria restrictiva, conjuntamente con la aplicaci\u00f3n de un pol\u00edtica fiscal tambi\u00e9n enfocada en reducir el impacto de la inflaci\u00f3n, permitieron una reducci\u00f3n gradual de la inflaci\u00f3n hasta el nivel que tiene como meta del Banco Central y, por tanto, ahora las autoridades tienen la habilidad de cambiar hacia una pol\u00edtica expansiva que permita una aceleraci\u00f3n del nivel de crecimiento econ\u00f3mico.<\/p>\n","protected":false},"excerpt":{"rendered":"<p>La Camara Americana de Comercio ponder\u00f3 que las recientes medidas de pol\u00edtica econ\u00f3mica incentivar\u00e1n los sectores productivos para alcanzar las metas de crecimiento del BCRD. La C\u00e1mara Americana de Comercio&hellip;<\/p>\n","protected":false},"author":1,"featured_media":51867,"comment_status":"open","ping_status":"open","sticky":false,"template":"","format":"standard","meta":{"content-type":"","jetpack_post_was_ever_published":false,"_jetpack_newsletter_access":"","_jetpack_dont_email_post_to_subs":false,"_jetpack_newsletter_tier_id":0,"_jetpack_memberships_contains_paywalled_content":false,"_jetpack_memberships_contains_paid_content":false,"footnotes":""},"categories":[39,25],"tags":[844,2972,2840,2973,1410,1186],"class_list":["post-51866","post","type-post","status-publish","format-standard","has-post-thumbnail","hentry","category-economia","category-portada","tag-amchamdr","tag-bcrd","tag-crecimiento","tag-dinamizaran","tag-economico","tag-medidas"],"jetpack_featured_media_url":"","jetpack-related-posts":[{"id":92130,"url":"https:\/\/lasprimeras.com.do\/index.php\/2024\/12\/29\/el-banco-central-reduce-su-tasa-a-5-75-anual-la-mas-baja-desde-mayo-del-2022\/","url_meta":{"origin":51866,"position":0},"title":"El Banco Central reduce su tasa a 5.75 % anual; la m\u00e1s baja desde mayo del 2022","author":"Nelson Feliz","date":"29 de diciembre de 2024","format":false,"excerpt":"-Acumula una disminuci\u00f3n de 275 puntos b\u00e1sicos desde mayo del 2023. En su reuni\u00f3n de pol\u00edtica monetaria de este diciembre, el Banco Central de la Rep\u00fablica Dominicana (BCRD) decidi\u00f3 reducir su tasa de inter\u00e9s de pol\u00edtica monetaria (TPM) en 25 puntos b\u00e1sicos, disminuy\u00e9ndola del 6.00 a 5.75 % anual, como\u2026","rel":"","context":"En \u00abECONOM\u00cdA\u00bb","block_context":{"text":"ECONOM\u00cdA","link":"https:\/\/lasprimeras.com.do\/index.php\/category\/economia\/"},"img":{"alt_text":"Banco Central de la Rep\u00fablica Dominicana.","src":"https:\/\/i0.wp.com\/lasprimeras.com.do\/wp-content\/uploads\/2023\/06\/Banco-Central-de-la-Republica-Dominicana.jpeg?resize=350%2C200&ssl=1","width":350,"height":200,"srcset":"https:\/\/i0.wp.com\/lasprimeras.com.do\/wp-content\/uploads\/2023\/06\/Banco-Central-de-la-Republica-Dominicana.jpeg?resize=350%2C200&ssl=1 1x, https:\/\/i0.wp.com\/lasprimeras.com.do\/wp-content\/uploads\/2023\/06\/Banco-Central-de-la-Republica-Dominicana.jpeg?resize=525%2C300&ssl=1 1.5x, https:\/\/i0.wp.com\/lasprimeras.com.do\/wp-content\/uploads\/2023\/06\/Banco-Central-de-la-Republica-Dominicana.jpeg?resize=700%2C400&ssl=1 2x"},"classes":[]},{"id":53574,"url":"https:\/\/lasprimeras.com.do\/index.php\/2023\/06\/28\/medidas-monetarias-del-banco-central-rebajaran-el-costo-del-dinero-y-dinamizaran-economia\/","url_meta":{"origin":51866,"position":1},"title":"Medidas monetarias del Banco Central rebajar\u00e1n el costo del dinero y dinamizar\u00e1n econom\u00eda","author":"Nelson Feliz","date":"28 de junio de 2023","format":false,"excerpt":"Por Roberto P\u00e9rez El subgerente de Cuentas Nacionales y Estad\u00edsticas Econ\u00f3micas del Banco Central, Ram\u00f3n Gonz\u00e1lez Hern\u00e1ndez, destac\u00f3 que el paquete de medidas monetarias del 1 de junio, fue adoptado en el momento oportuno tras la inflaci\u00f3n ubicarse en el rango meta. Se\u00f1al\u00f3 que dicho paquete establecido por la entidad\u2026","rel":"","context":"En \u00abECONOM\u00cdA\u00bb","block_context":{"text":"ECONOM\u00cdA","link":"https:\/\/lasprimeras.com.do\/index.php\/category\/economia\/"},"img":{"alt_text":"Ram\u00f3n Gonz\u00e1lez Hern\u00e1ndez","src":"https:\/\/i0.wp.com\/lasprimeras.com.do\/wp-content\/uploads\/2023\/06\/Ramon-Gonzalez-Hernandez.jpg?resize=350%2C200&ssl=1","width":350,"height":200},"classes":[]},{"id":83714,"url":"https:\/\/lasprimeras.com.do\/index.php\/2024\/05\/23\/economia-dominicana-acumula-crecimiento-de-5-1-en-primer-cuatrimestre-del-2024\/","url_meta":{"origin":51866,"position":2},"title":"Econom\u00eda dominicana acumula crecimiento de 5.1 % en primer cuatrimestre del 2024","author":"Nelson Feliz","date":"23 de mayo de 2024","format":false,"excerpt":"El mayor dinamismo en este per\u00edodo lo registr\u00f3 la actividad hotelera y los servicios financieros La\u00a0econom\u00eda\u00a0dominicana registr\u00f3 una\u00a0expansi\u00f3n\u00a0de 5.1 % entre enero y abril de este a\u00f1o, inform\u00f3 este jueves el\u00a0Banco Central\u00a0de la Rep\u00fablica Dominicana (BCRD). Esto se debe al\u00a0dinamismo\u00a0de la\u00a0actividad\u00a0econ\u00f3mica en abril, cuyo\u00a0crecimiento interanual\u00a0cerr\u00f3 en 7.8 %, la m\u00e1s\u2026","rel":"","context":"En \u00abECONOM\u00cdA\u00bb","block_context":{"text":"ECONOM\u00cdA","link":"https:\/\/lasprimeras.com.do\/index.php\/category\/economia\/"},"img":{"alt_text":"ciudad santo domingo","src":"https:\/\/i0.wp.com\/lasprimeras.com.do\/wp-content\/uploads\/2024\/05\/Santo-Domingo-vista-aerea-Foto-Hector-Vilorio.jpeg?resize=350%2C200&ssl=1","width":350,"height":200,"srcset":"https:\/\/i0.wp.com\/lasprimeras.com.do\/wp-content\/uploads\/2024\/05\/Santo-Domingo-vista-aerea-Foto-Hector-Vilorio.jpeg?resize=350%2C200&ssl=1 1x, https:\/\/i0.wp.com\/lasprimeras.com.do\/wp-content\/uploads\/2024\/05\/Santo-Domingo-vista-aerea-Foto-Hector-Vilorio.jpeg?resize=525%2C300&ssl=1 1.5x"},"classes":[]},{"id":84189,"url":"https:\/\/lasprimeras.com.do\/index.php\/2024\/06\/03\/banco-central-mantiene-su-tasa-de-politica-monetaria-en-7-00-anual\/","url_meta":{"origin":51866,"position":3},"title":"Banco Central mantiene su tasa de pol\u00edtica monetaria en 7.00 % anual","author":"Nelson Feliz","date":"3 de junio de 2024","format":false,"excerpt":"El Banco Central de la Rep\u00fablica Dominicana (BCRD), en su reuni\u00f3n de pol\u00edtica monetaria de mayo de 2024, decidi\u00f3 mantener su tasa de inter\u00e9s de pol\u00edtica monetaria (TPM) en 7.00 % anual. Asimismo, la tasa de la facilidad permanente de expansi\u00f3n de liquidez (Repos a 1 d\u00eda) permanece en 7.50\u2026","rel":"","context":"En \u00abECONOM\u00cdA\u00bb","block_context":{"text":"ECONOM\u00cdA","link":"https:\/\/lasprimeras.com.do\/index.php\/category\/economia\/"},"img":{"alt_text":"Banco Central","src":"https:\/\/i0.wp.com\/lasprimeras.com.do\/wp-content\/uploads\/2023\/08\/Banco-Central.jpg?resize=350%2C200&ssl=1","width":350,"height":200,"srcset":"https:\/\/i0.wp.com\/lasprimeras.com.do\/wp-content\/uploads\/2023\/08\/Banco-Central.jpg?resize=350%2C200&ssl=1 1x, https:\/\/i0.wp.com\/lasprimeras.com.do\/wp-content\/uploads\/2023\/08\/Banco-Central.jpg?resize=525%2C300&ssl=1 1.5x"},"classes":[]},{"id":53620,"url":"https:\/\/lasprimeras.com.do\/index.php\/2023\/06\/29\/bcrd-reduce-su-tasa-de-interes-en-25-puntos-basicos-disminuyendo-de-8-00-a-7-75-anual\/","url_meta":{"origin":51866,"position":4},"title":"BCRD reduce su tasa de inter\u00e9s en 25 puntos b\u00e1sicos, disminuyendo de 8.00 % a 7.75 % anual","author":"Nelson Feliz","date":"29 de junio de 2023","format":false,"excerpt":"El Banco Central de la Rep\u00fablica Dominicana (BCRD), en su reuni\u00f3n de pol\u00edtica monetaria de junio de 2023, decidi\u00f3 reducir su tasa de inter\u00e9s de pol\u00edtica monetaria (TPM) en 25 puntos b\u00e1sicos, de 8.00 % a 7.75 % anual. Adicionalmente, la tasa de la facilidad permanente de expansi\u00f3n de liquidez\u2026","rel":"","context":"En \u00abECONOM\u00cdA\u00bb","block_context":{"text":"ECONOM\u00cdA","link":"https:\/\/lasprimeras.com.do\/index.php\/category\/economia\/"},"img":{"alt_text":"Banco Central de la Rep\u00fablica Dominicana.","src":"https:\/\/i0.wp.com\/lasprimeras.com.do\/wp-content\/uploads\/2023\/06\/Banco-Central-de-la-Republica-Dominicana.jpeg?resize=350%2C200&ssl=1","width":350,"height":200,"srcset":"https:\/\/i0.wp.com\/lasprimeras.com.do\/wp-content\/uploads\/2023\/06\/Banco-Central-de-la-Republica-Dominicana.jpeg?resize=350%2C200&ssl=1 1x, https:\/\/i0.wp.com\/lasprimeras.com.do\/wp-content\/uploads\/2023\/06\/Banco-Central-de-la-Republica-Dominicana.jpeg?resize=525%2C300&ssl=1 1.5x, https:\/\/i0.wp.com\/lasprimeras.com.do\/wp-content\/uploads\/2023\/06\/Banco-Central-de-la-Republica-Dominicana.jpeg?resize=700%2C400&ssl=1 2x"},"classes":[]},{"id":107213,"url":"https:\/\/lasprimeras.com.do\/index.php\/2025\/08\/24\/banco-central-informa-ejecucion-de-60-del-programa-de-liquidez-de-rd81000-millones\/","url_meta":{"origin":51866,"position":5},"title":"Banco Central informa ejecuci\u00f3n de 60% del programa de liquidez de RD$81,000 millones","author":"Nelson Feliz","date":"24 de agosto de 2025","format":false,"excerpt":"El BCRD detalla que, hasta el 21 de agosto de 2025, han destinado RD$48,541 millones a sectores productivos. El Banco Central de la Rep\u00fablica Dominicana (BCRD) inform\u00f3 este domingo que el programa de liquidez de RD$81,000 millones aprobados por la Junta Monetaria (JM) para los sectores productivos, hasta el 21\u2026","rel":"","context":"En \u00abECONOM\u00cdA\u00bb","block_context":{"text":"ECONOM\u00cdA","link":"https:\/\/lasprimeras.com.do\/index.php\/category\/economia\/"},"img":{"alt_text":"","src":"https:\/\/i0.wp.com\/lasprimeras.com.do\/wp-content\/uploads\/2024\/09\/central.jpg?resize=350%2C200&ssl=1","width":350,"height":200,"srcset":"https:\/\/i0.wp.com\/lasprimeras.com.do\/wp-content\/uploads\/2024\/09\/central.jpg?resize=350%2C200&ssl=1 1x, https:\/\/i0.wp.com\/lasprimeras.com.do\/wp-content\/uploads\/2024\/09\/central.jpg?resize=525%2C300&ssl=1 1.5x, https:\/\/i0.wp.com\/lasprimeras.com.do\/wp-content\/uploads\/2024\/09\/central.jpg?resize=700%2C400&ssl=1 2x"},"classes":[]}],"jetpack_sharing_enabled":true,"_links":{"self":[{"href":"https:\/\/lasprimeras.com.do\/index.php\/wp-json\/wp\/v2\/posts\/51866","targetHints":{"allow":["GET"]}}],"collection":[{"href":"https:\/\/lasprimeras.com.do\/index.php\/wp-json\/wp\/v2\/posts"}],"about":[{"href":"https:\/\/lasprimeras.com.do\/index.php\/wp-json\/wp\/v2\/types\/post"}],"author":[{"embeddable":true,"href":"https:\/\/lasprimeras.com.do\/index.php\/wp-json\/wp\/v2\/users\/1"}],"replies":[{"embeddable":true,"href":"https:\/\/lasprimeras.com.do\/index.php\/wp-json\/wp\/v2\/comments?post=51866"}],"version-history":[{"count":0,"href":"https:\/\/lasprimeras.com.do\/index.php\/wp-json\/wp\/v2\/posts\/51866\/revisions"}],"wp:featuredmedia":[{"embeddable":true,"href":"https:\/\/lasprimeras.com.do\/index.php\/wp-json\/"}],"wp:attachment":[{"href":"https:\/\/lasprimeras.com.do\/index.php\/wp-json\/wp\/v2\/media?parent=51866"}],"wp:term":[{"taxonomy":"category","embeddable":true,"href":"https:\/\/lasprimeras.com.do\/index.php\/wp-json\/wp\/v2\/categories?post=51866"},{"taxonomy":"post_tag","embeddable":true,"href":"https:\/\/lasprimeras.com.do\/index.php\/wp-json\/wp\/v2\/tags?post=51866"}],"curies":[{"name":"wp","href":"https:\/\/api.w.org\/{rel}","templated":true}]}}