{"id":51905,"date":"2023-06-04T23:57:25","date_gmt":"2023-06-05T03:57:25","guid":{"rendered":"https:\/\/atento.com.do\/?p=51905"},"modified":"2023-06-04T23:57:25","modified_gmt":"2023-06-05T03:57:25","slug":"mueren-asfixiadas-12-personas-en-una-mina-afectada-por-las-lluvias-en-venezuela","status":"publish","type":"post","link":"https:\/\/lasprimeras.com.do\/index.php\/2023\/06\/04\/mueren-asfixiadas-12-personas-en-una-mina-afectada-por-las-lluvias-en-venezuela\/","title":{"rendered":"Mueren asfixiadas 12 personas en una mina afectada por las lluvias en Venezuela"},"content":{"rendered":"\n<p><strong>Hasta el momento, las autoridades no han explicado el tipo de afectaciones que sufri\u00f3 la mina.<\/strong><\/p>\n\n\n\n<p>Al menos doce personas murieron asfixiadas dentro de una mina ubicada en el amaz\u00f3nico estado Bol\u00edvar (fronterizo con Brasil), la cual se vio afectada por las intensas lluvias registradas en los \u00faltimos d\u00edas, informaron este domingo autoridades de esa regi\u00f3n sure\u00f1a de Venezuela.<\/p>\n\n\n\n<p>Dependencias de la Gobernaci\u00f3n de Bol\u00edvar publicaron, a trav\u00e9s de las redes sociales, declaraciones del secretario de seguridad ciudadana de la entidad, \u00c9dgar Colina, quien confirm\u00f3 el hecho, que tuvo lugar en una mina llamada Talavera, ubicada en el municipio El Callao.<\/p>\n\n\n\n<p>&#8220;Por fuertes precipitaciones, mineros artesanales que se encontraban all\u00ed laborando, por insuficiencia respiratoria, fallecieron. Tenemos un total de 12 fallecidos&#8221;, dijo el funcionario, tras adelantar que la mayor\u00eda de las v\u00edctimas eran oriundas de otras regiones del pa\u00eds.<\/p>\n\n\n\n<p>La emergencia, prosigui\u00f3, se present\u00f3 el pasado mi\u00e9rcoles, tras lo cual equipos de bomberos y de Protecci\u00f3n Civil comenzaron labores de rescate desde otra mina cercana.<\/p>\n\n\n\n<p>Colina dijo que los fallecidos, que todav\u00eda no han sido identificados, no ten\u00edan la experiencia de los lugare\u00f1os para operar en esta zona, y no ofreci\u00f3 informaci\u00f3n sobre posibles heridos o rescatados.<\/p>\n\n\n\n<p>Hasta el momento, las autoridades no han explicado el tipo de afectaciones que sufri\u00f3 la mina ni el material que intentaban extraer las v\u00edctimas, si bien medios locales aseguran que se trata de una reserva de oro, que son comunes en esta zona del pa\u00eds.<\/p>\n\n\n\n<p>En los \u00faltimos a\u00f1os, el Gobierno venezolano ha intensificado su lucha contra la miner\u00eda ilegal en Bol\u00edvar, una actividad que ha dejado decenas de muertos, muchos de ellos debido a enfrentamientos entre grupos irregulares o de estos contra las autoridades.<\/p>\n","protected":false},"excerpt":{"rendered":"<p>Hasta el momento, las autoridades no han explicado el tipo de afectaciones que sufri\u00f3 la mina. Al menos doce personas murieron asfixiadas dentro de una mina ubicada en el amaz\u00f3nico&hellip;<\/p>\n","protected":false},"author":1,"featured_media":51906,"comment_status":"open","ping_status":"open","sticky":false,"template":"","format":"standard","meta":{"content-type":"","jetpack_post_was_ever_published":false,"_jetpack_newsletter_access":"","_jetpack_dont_email_post_to_subs":false,"_jetpack_newsletter_tier_id":0,"_jetpack_memberships_contains_paywalled_content":false,"_jetpack_memberships_contains_paid_content":false,"footnotes":""},"categories":[1],"tags":[2997,2130,2836,238,412,420],"class_list":["post-51905","post","type-post","status-publish","format-standard","has-post-thumbnail","hentry","category-sin-categoria","tag-asfixiadas","tag-lluvias","tag-mina","tag-mueren","tag-personas","tag-venezuela"],"jetpack_featured_media_url":"","jetpack-related-posts":[{"id":111840,"url":"https:\/\/lasprimeras.com.do\/index.php\/2025\/10\/14\/colapso-de-mina-en-venezuela-deja-14-muertos-tras-lluvias-torrenciales\/","url_meta":{"origin":51905,"position":0},"title":"Colapso de mina en Venezuela deja 14 muertos tras lluvias torrenciales","author":"Nelson Feliz","date":"14 de octubre de 2025","format":false,"excerpt":"CARACAS, Venezuela (AP) \u2014 Al menos 14 personas murieron en el derrumbe de una mina en El Callao, Venezuela , luego de que lluvias torrenciales azotaran la regi\u00f3n sureste, informaron las autoridades el lunes. Se instal\u00f3 un puesto de mando para coordinar las operaciones de recuperaci\u00f3n de los 14 fallecidos,\u2026","rel":"","context":"En \u00abCLIMA\u00bb","block_context":{"text":"CLIMA","link":"https:\/\/lasprimeras.com.do\/index.php\/category\/clima\/"},"img":{"alt_text":"","src":"https:\/\/i0.wp.com\/lasprimeras.com.do\/wp-content\/uploads\/2025\/10\/lluvias-torrenciales.jpg?resize=350%2C200&ssl=1","width":350,"height":200,"srcset":"https:\/\/i0.wp.com\/lasprimeras.com.do\/wp-content\/uploads\/2025\/10\/lluvias-torrenciales.jpg?resize=350%2C200&ssl=1 1x, https:\/\/i0.wp.com\/lasprimeras.com.do\/wp-content\/uploads\/2025\/10\/lluvias-torrenciales.jpg?resize=525%2C300&ssl=1 1.5x, https:\/\/i0.wp.com\/lasprimeras.com.do\/wp-content\/uploads\/2025\/10\/lluvias-torrenciales.jpg?resize=700%2C400&ssl=1 2x"},"classes":[]},{"id":122972,"url":"https:\/\/lasprimeras.com.do\/index.php\/2026\/02\/24\/al-menos-14-personas-mueren-por-inundaciones-en-brasil-cientos-mas-son-evacuadas\/","url_meta":{"origin":51905,"position":1},"title":"Al menos 14 personas mueren por inundaciones en Brasil; cientos m\u00e1s son evacuadas","author":"Nelson Feliz","date":"24 de febrero de 2026","format":false,"excerpt":"SAO PAULO (AP) \u2014 Las graves inundaciones en el sureste de Brasil han causado la muerte de al menos 14 personas, informaron el martes autoridades municipales de la ciudad de Juiz de Fora. Las lluvias torrenciales comenzaron el lunes y se extendieron r\u00e1pidamente a la cercana ciudad de Uba, lo\u2026","rel":"","context":"En \u00abINTERNACIONALES\u00bb","block_context":{"text":"INTERNACIONALES","link":"https:\/\/lasprimeras.com.do\/index.php\/category\/sin-categoria\/internacionales\/"},"img":{"alt_text":"","src":"https:\/\/i0.wp.com\/lasprimeras.com.do\/wp-content\/uploads\/2025\/11\/Casas-sumergidas-por-inundaciones-en-Khanh-Hoa.jpg?resize=350%2C200&ssl=1","width":350,"height":200,"srcset":"https:\/\/i0.wp.com\/lasprimeras.com.do\/wp-content\/uploads\/2025\/11\/Casas-sumergidas-por-inundaciones-en-Khanh-Hoa.jpg?resize=350%2C200&ssl=1 1x, https:\/\/i0.wp.com\/lasprimeras.com.do\/wp-content\/uploads\/2025\/11\/Casas-sumergidas-por-inundaciones-en-Khanh-Hoa.jpg?resize=525%2C300&ssl=1 1.5x, https:\/\/i0.wp.com\/lasprimeras.com.do\/wp-content\/uploads\/2025\/11\/Casas-sumergidas-por-inundaciones-en-Khanh-Hoa.jpg?resize=700%2C400&ssl=1 2x"},"classes":[]},{"id":71703,"url":"https:\/\/lasprimeras.com.do\/index.php\/2023\/12\/22\/peru-mueren-siete-personas-por-el-derrumbe-de-una-mina-en-puno\/","url_meta":{"origin":51905,"position":2},"title":"PERU: Mueren siete personas por el derrumbe de una mina en Puno","author":"BIMARY DE JES\u00daS Matos","date":"22 de diciembre de 2023","format":false,"excerpt":"LIMA.- Al menos siete mineros han muerto este jueves mientras trabajaban en el interior de una mina que se ha derrumbado en la ciudad peruana de La Rinconada, que se encuentra a m\u00e1s de 5.000 metros sobre el nivel del mar, en la regi\u00f3n de Puno. Uno de sus compa\u00f1eros\u2026","rel":"","context":"En \u00abSin categor\u00eda\u00bb","block_context":{"text":"Sin categor\u00eda","link":"https:\/\/lasprimeras.com.do\/index.php\/category\/sin-categoria\/"},"img":{"alt_text":"","src":"https:\/\/i0.wp.com\/lasprimeras.com.do\/wp-content\/uploads\/2023\/12\/Yailin-La-Mas-Viral-fue-arrestada-y-liberada-en-Miami-tras-denuncia-de-Tekashi-6ix9ine-6.jpg?resize=350%2C200&ssl=1","width":350,"height":200,"srcset":"https:\/\/i0.wp.com\/lasprimeras.com.do\/wp-content\/uploads\/2023\/12\/Yailin-La-Mas-Viral-fue-arrestada-y-liberada-en-Miami-tras-denuncia-de-Tekashi-6ix9ine-6.jpg?resize=350%2C200&ssl=1 1x, https:\/\/i0.wp.com\/lasprimeras.com.do\/wp-content\/uploads\/2023\/12\/Yailin-La-Mas-Viral-fue-arrestada-y-liberada-en-Miami-tras-denuncia-de-Tekashi-6ix9ine-6.jpg?resize=525%2C300&ssl=1 1.5x"},"classes":[]},{"id":92279,"url":"https:\/\/lasprimeras.com.do\/index.php\/2025\/01\/01\/tiroteo-en-camboya-muere-uno-tres-heridos-y-recien-nacido-asfixiado-en-los-barracones-de-jabid\/","url_meta":{"origin":51905,"position":3},"title":"Tiroteo en Camboya muere uno, tres heridos y reci\u00e9n nacido asfixiado en los barracones de Jabid","author":"Nelson Feliz","date":"1 de enero de 2025","format":false,"excerpt":"-Despidi\u00f3 el reci\u00e9n finalizado a\u00f1o 2024 con violencia e inici\u00f3 con conflictos sociales: temprano en la ma\u00f1ana de este mi\u00e9rcoles primero de enero con al menos dos personas muertas, entre ellas un ni\u00f1o reci\u00e9n nacido que falleci\u00f3 asfixiado en circunstancias hasta el momento no claras. Pasadas las ocho de la\u2026","rel":"","context":"En \u00abNACIONALES\u00bb","block_context":{"text":"NACIONALES","link":"https:\/\/lasprimeras.com.do\/index.php\/category\/nacionales\/"},"img":{"alt_text":"","src":"https:\/\/i0.wp.com\/lasprimeras.com.do\/wp-content\/uploads\/2025\/01\/tiroteo.jpg?resize=350%2C200&ssl=1","width":350,"height":200,"srcset":"https:\/\/i0.wp.com\/lasprimeras.com.do\/wp-content\/uploads\/2025\/01\/tiroteo.jpg?resize=350%2C200&ssl=1 1x, https:\/\/i0.wp.com\/lasprimeras.com.do\/wp-content\/uploads\/2025\/01\/tiroteo.jpg?resize=525%2C300&ssl=1 1.5x, https:\/\/i0.wp.com\/lasprimeras.com.do\/wp-content\/uploads\/2025\/01\/tiroteo.jpg?resize=700%2C400&ssl=1 2x"},"classes":[]},{"id":123116,"url":"https:\/\/lasprimeras.com.do\/index.php\/2026\/02\/25\/caos-vial-nocturno-asfixia-la-av-27-de-febrero-se-reportan-tapones-kilometricos\/","url_meta":{"origin":51905,"position":4},"title":"Caos vial nocturno asfixia la Av. 27 de Febrero: Se reportan tapones kilom\u00e9tricos","author":"Nelson Feliz","date":"25 de febrero de 2026","format":false,"excerpt":"Por Abdias Estrella Los conductores que transitan por la\u00a0Av. 27 de Febrero\u00a0se enfrentan esta noche a un panorama desesperante. Un\u00a0insoportable tap\u00f3n\u00a0ha tomado por asalto la v\u00eda, transformando el trayecto habitual en una prueba de paciencia para cientos de ciudadanos que intentan llegar a sus destinos en este horario nocturno. El\u2026","rel":"","context":"En \u00abNACIONALES\u00bb","block_context":{"text":"NACIONALES","link":"https:\/\/lasprimeras.com.do\/index.php\/category\/nacionales\/"},"img":{"alt_text":"","src":"https:\/\/i0.wp.com\/lasprimeras.com.do\/wp-content\/uploads\/2026\/02\/3.jpg?resize=350%2C200&ssl=1","width":350,"height":200,"srcset":"https:\/\/i0.wp.com\/lasprimeras.com.do\/wp-content\/uploads\/2026\/02\/3.jpg?resize=350%2C200&ssl=1 1x, https:\/\/i0.wp.com\/lasprimeras.com.do\/wp-content\/uploads\/2026\/02\/3.jpg?resize=525%2C300&ssl=1 1.5x, https:\/\/i0.wp.com\/lasprimeras.com.do\/wp-content\/uploads\/2026\/02\/3.jpg?resize=700%2C400&ssl=1 2x"},"classes":[]},{"id":68260,"url":"https:\/\/lasprimeras.com.do\/index.php\/2023\/11\/22\/luis-alberto-continua-asistiendo-a-cientos-de-familias-en-sde-afectadas-por-las-lluvias\/","url_meta":{"origin":51905,"position":5},"title":"Luis Alberto contin\u00faa asistiendo a cientos de familias en SDE afectadas por las lluvias","author":"Nelson Feliz","date":"22 de noviembre de 2023","format":false,"excerpt":"El candidato a la alcald\u00eda del Partido de la Liberaci\u00f3n Dominicana (PLD), en el municipio Santo Domingo Este, Luis Alberto Tejada, contin\u00faa llevando asistencia a cientos de personas de distintos sectores de esa zona oriental, afectadas por las lluvias del fin de semana pasado. Las familias que fueron beneficiadas con\u2026","rel":"","context":"En \u00abPORTADA\u00bb","block_context":{"text":"PORTADA","link":"https:\/\/lasprimeras.com.do\/index.php\/category\/portada\/"},"img":{"alt_text":"Luis Alberto Tejeda","src":"https:\/\/i0.wp.com\/lasprimeras.com.do\/wp-content\/uploads\/2023\/11\/Luis-Alberto-Tejeda-5.jpg?resize=350%2C200&ssl=1","width":350,"height":200,"srcset":"https:\/\/i0.wp.com\/lasprimeras.com.do\/wp-content\/uploads\/2023\/11\/Luis-Alberto-Tejeda-5.jpg?resize=350%2C200&ssl=1 1x, https:\/\/i0.wp.com\/lasprimeras.com.do\/wp-content\/uploads\/2023\/11\/Luis-Alberto-Tejeda-5.jpg?resize=525%2C300&ssl=1 1.5x"},"classes":[]}],"jetpack_sharing_enabled":true,"_links":{"self":[{"href":"https:\/\/lasprimeras.com.do\/index.php\/wp-json\/wp\/v2\/posts\/51905","targetHints":{"allow":["GET"]}}],"collection":[{"href":"https:\/\/lasprimeras.com.do\/index.php\/wp-json\/wp\/v2\/posts"}],"about":[{"href":"https:\/\/lasprimeras.com.do\/index.php\/wp-json\/wp\/v2\/types\/post"}],"author":[{"embeddable":true,"href":"https:\/\/lasprimeras.com.do\/index.php\/wp-json\/wp\/v2\/users\/1"}],"replies":[{"embeddable":true,"href":"https:\/\/lasprimeras.com.do\/index.php\/wp-json\/wp\/v2\/comments?post=51905"}],"version-history":[{"count":0,"href":"https:\/\/lasprimeras.com.do\/index.php\/wp-json\/wp\/v2\/posts\/51905\/revisions"}],"wp:featuredmedia":[{"embeddable":true,"href":"https:\/\/lasprimeras.com.do\/index.php\/wp-json\/"}],"wp:attachment":[{"href":"https:\/\/lasprimeras.com.do\/index.php\/wp-json\/wp\/v2\/media?parent=51905"}],"wp:term":[{"taxonomy":"category","embeddable":true,"href":"https:\/\/lasprimeras.com.do\/index.php\/wp-json\/wp\/v2\/categories?post=51905"},{"taxonomy":"post_tag","embeddable":true,"href":"https:\/\/lasprimeras.com.do\/index.php\/wp-json\/wp\/v2\/tags?post=51905"}],"curies":[{"name":"wp","href":"https:\/\/api.w.org\/{rel}","templated":true}]}}