{"id":51946,"date":"2023-06-05T13:09:05","date_gmt":"2023-06-05T17:09:05","guid":{"rendered":"https:\/\/atento.com.do\/?p=51946"},"modified":"2023-06-05T13:09:05","modified_gmt":"2023-06-05T17:09:05","slug":"aduanas-lanza-aplicacion-movil-que-digitaliza-gran-parte-de-sus-servicios","status":"publish","type":"post","link":"https:\/\/lasprimeras.com.do\/index.php\/2023\/06\/05\/aduanas-lanza-aplicacion-movil-que-digitaliza-gran-parte-de-sus-servicios\/","title":{"rendered":"Aduanas lanza aplicaci\u00f3n m\u00f3vil que digitaliza gran parte de sus servicios"},"content":{"rendered":"\n<p><strong>La nueva aplicaci\u00f3n brinda una mejorada experiencia a los contribuyentes, ahorrando tiempo y facilitando el acceso a la informaci\u00f3n que buscan.<\/strong><\/p>\n\n\n\n<p>La Direcci\u00f3n General de Aduanas (DGA) lanz\u00f3 su nueva aplicaci\u00f3n m\u00f3vil, DGA RD, donde los usuarios tienen acceso a una amplia cartera de servicios.<\/p>\n\n\n\n<p>La aplicaci\u00f3n viene a agilizar los procesos de solicitudes, permitiendo monitorear la trazabilidad de estas. Adem\u00e1s, dispone de informaci\u00f3n veraz, en tiempo real, acerca de cada uno de los servicios ofrecidos por la instituci\u00f3n.<\/p>\n\n\n\n<p>La aplicaci\u00f3n est\u00e1 disponible para su descarga en las principales tiendas en l\u00ednea, como Google Play y App Store, lo que permite una f\u00e1cil distribuci\u00f3n y acceso a los usuarios de diferentes dispositivos.<\/p>\n\n\n\n<p>Desde su lanzamiento, la aplicaci\u00f3n ha obtenido una cantidad significativa de descargas, superando las 500 descargas en su versi\u00f3n 1.1.0.<\/p>\n\n\n\n<p>Dentro de la aplicaci\u00f3n, el usuario cuenta con un panel de f\u00e1cil acceso en el que puede visualizar sus documentos y evaluar el estado de sus solicitudes. Asimismo, tiene accesibilidad a un gran n\u00famero de servicios que ofrece la DGA.<\/p>\n\n\n\n<p>Algunos de los servicios que se pueden solicitar son: certificados, registros, renovaciones, entre otros, los cuales pueden ser de car\u00e1cter general, de importaci\u00f3n y exportaci\u00f3n.<\/p>\n\n\n\n<p>Cada servicio cuenta con una descripci\u00f3n detallada del costo, los procedimientos a seguir y el departamento responsable, con su informaci\u00f3n de contacto.<\/p>\n\n\n\n<p>En adici\u00f3n, la aplicaci\u00f3n contiene la funcionalidad de consulta de paquetes Courier y generaci\u00f3n de pin de pago para personas f\u00edsicas.<\/p>\n\n\n\n<p>Con esta innovaci\u00f3n, Aduanas avanza en materia de digitalizaci\u00f3n de sus servicios, para brindarle una mejor y m\u00e1s eficiente experiencia a todos sus contribuyentes, ahorrando tiempo y recursos.<\/p>\n","protected":false},"excerpt":{"rendered":"<p>La nueva aplicaci\u00f3n brinda una mejorada experiencia a los contribuyentes, ahorrando tiempo y facilitando el acceso a la informaci\u00f3n que buscan. La Direcci\u00f3n General de Aduanas (DGA) lanz\u00f3 su nueva&hellip;<\/p>\n","protected":false},"author":1,"featured_media":51947,"comment_status":"open","ping_status":"open","sticky":false,"template":"","format":"standard","meta":{"content-type":"","jetpack_post_was_ever_published":false,"_jetpack_newsletter_access":"","_jetpack_dont_email_post_to_subs":false,"_jetpack_newsletter_tier_id":0,"_jetpack_memberships_contains_paywalled_content":false,"_jetpack_memberships_contains_paid_content":false,"footnotes":""},"categories":[1],"tags":[3018,3019,3020],"class_list":["post-51946","post","type-post","status-publish","format-standard","has-post-thumbnail","hentry","category-sin-categoria","tag-aplicacion-movil","tag-dga","tag-dga-rd"],"jetpack_featured_media_url":"","jetpack-related-posts":[{"id":116442,"url":"https:\/\/lasprimeras.com.do\/index.php\/2025\/11\/30\/gobierno-aumenta-a-5500-dolares-la-gracia-navidena-para-la-diaspora-traer-regalos\/","url_meta":{"origin":51946,"position":0},"title":"Gobierno aumenta a 5,500 d\u00f3lares la gracia navide\u00f1a para la di\u00e1spora traer regalos","author":"Nelson Feliz","date":"30 de noviembre de 2025","format":false,"excerpt":"El director general de Aduanas, Eduardo -Yayo- Sanz Lovat\u00f3n, inform\u00f3 que la facilidad estar\u00e1 vigente del 1 de diciembre de 2025 al 15 de enero de 2026. La Direcci\u00f3n General de Aduanas (DGA) anunci\u00f3 este domingo que la gracia navide\u00f1a correspondiente al a\u00f1o 2025 ser\u00e1 de 5,500 d\u00f3lares, \"el monto\u2026","rel":"","context":"En \u00abECONOM\u00cdA\u00bb","block_context":{"text":"ECONOM\u00cdA","link":"https:\/\/lasprimeras.com.do\/index.php\/category\/economia\/"},"img":{"alt_text":"DGA","src":"https:\/\/i0.wp.com\/lasprimeras.com.do\/wp-content\/uploads\/2023\/09\/DGA.jpg?resize=350%2C200&ssl=1","width":350,"height":200,"srcset":"https:\/\/i0.wp.com\/lasprimeras.com.do\/wp-content\/uploads\/2023\/09\/DGA.jpg?resize=350%2C200&ssl=1 1x, https:\/\/i0.wp.com\/lasprimeras.com.do\/wp-content\/uploads\/2023\/09\/DGA.jpg?resize=525%2C300&ssl=1 1.5x, https:\/\/i0.wp.com\/lasprimeras.com.do\/wp-content\/uploads\/2023\/09\/DGA.jpg?resize=700%2C400&ssl=1 2x"},"classes":[]},{"id":118236,"url":"https:\/\/lasprimeras.com.do\/index.php\/2025\/12\/24\/el-comercio-chino-ha-dejado-de-pagar-mas-de-rd1500-mm-2025-al-estado-informa-la-dga\/","url_meta":{"origin":51946,"position":1},"title":"El comercio chino ha dejado de pagar m\u00e1s de RD$1,500 MM 2025 al Estado, informa la DGA","author":"Nelson Feliz","date":"24 de diciembre de 2025","format":false,"excerpt":"Miembros de la Direcci\u00f3n General de Aduanas","rel":"","context":"En \u00abECONOM\u00cdA\u00bb","block_context":{"text":"ECONOM\u00cdA","link":"https:\/\/lasprimeras.com.do\/index.php\/category\/economia\/"},"img":{"alt_text":"","src":"https:\/\/i0.wp.com\/lasprimeras.com.do\/wp-content\/uploads\/2025\/12\/IMG-20251224-WA0163.jpg?resize=350%2C200&ssl=1","width":350,"height":200,"srcset":"https:\/\/i0.wp.com\/lasprimeras.com.do\/wp-content\/uploads\/2025\/12\/IMG-20251224-WA0163.jpg?resize=350%2C200&ssl=1 1x, https:\/\/i0.wp.com\/lasprimeras.com.do\/wp-content\/uploads\/2025\/12\/IMG-20251224-WA0163.jpg?resize=525%2C300&ssl=1 1.5x, https:\/\/i0.wp.com\/lasprimeras.com.do\/wp-content\/uploads\/2025\/12\/IMG-20251224-WA0163.jpg?resize=700%2C400&ssl=1 2x, https:\/\/i0.wp.com\/lasprimeras.com.do\/wp-content\/uploads\/2025\/12\/IMG-20251224-WA0163.jpg?resize=1050%2C600&ssl=1 3x, https:\/\/i0.wp.com\/lasprimeras.com.do\/wp-content\/uploads\/2025\/12\/IMG-20251224-WA0163.jpg?resize=1400%2C800&ssl=1 4x"},"classes":[]},{"id":109091,"url":"https:\/\/lasprimeras.com.do\/index.php\/2025\/09\/14\/dga-refuerza-seguridad-nacional-con-nuevo-sistema-digital-para-envios-mudanceras-o-shipping\/","url_meta":{"origin":51946,"position":2},"title":"DGA refuerza seguridad nacional con nuevo sistema digital para env\u00edos mudanceras o shipping","author":"Nelson Feliz","date":"14 de septiembre de 2025","format":false,"excerpt":"Con m\u00e1s de 130 empresas registradas, el sector mudanceras o shipping es una de las v\u00edas m\u00e1s utilizadas para el env\u00edo de cargas al pa\u00eds. La Direcci\u00f3n General de Aduanas (DGA) anunci\u00f3 la implementaci\u00f3n total, a partir de este 27 de octubre, del sistema de registro y procesamiento de informaci\u00f3n\u2026","rel":"","context":"En \u00abECONOM\u00cdA\u00bb","block_context":{"text":"ECONOM\u00cdA","link":"https:\/\/lasprimeras.com.do\/index.php\/category\/economia\/"},"img":{"alt_text":"","src":"https:\/\/i0.wp.com\/lasprimeras.com.do\/wp-content\/uploads\/2025\/09\/Foto-4.jpg?resize=350%2C200&ssl=1","width":350,"height":200,"srcset":"https:\/\/i0.wp.com\/lasprimeras.com.do\/wp-content\/uploads\/2025\/09\/Foto-4.jpg?resize=350%2C200&ssl=1 1x, https:\/\/i0.wp.com\/lasprimeras.com.do\/wp-content\/uploads\/2025\/09\/Foto-4.jpg?resize=525%2C300&ssl=1 1.5x"},"classes":[]},{"id":107474,"url":"https:\/\/lasprimeras.com.do\/index.php\/2025\/08\/27\/dga-y-hit-anuncian-horario-extendido-en-puerto-rio-haina\/","url_meta":{"origin":51946,"position":3},"title":"DGA y HIT anuncian horario extendido en Puerto R\u00edo Haina","author":"Nelson Feliz","date":"27 de agosto de 2025","format":false,"excerpt":"Hasta la fecha, el programa Despacho en 24 Horas (D24H), ha generado m\u00e1s de RD$1,700 millones en ahorros a los contribuyentes, as\u00ed como el incremento en la capacidad operativa. La Direcci\u00f3n General de Aduanas (DGA) y HIT Puerto R\u00edo Haina, anunciaron la implementaci\u00f3n del nuevo horario Extendido 24 horas en\u2026","rel":"","context":"En \u00abECONOM\u00cdA\u00bb","block_context":{"text":"ECONOM\u00cdA","link":"https:\/\/lasprimeras.com.do\/index.php\/category\/economia\/"},"img":{"alt_text":"De izquierda a derecha: Juan Vicens, asesor de la Direcci\u00f3n General de Aduanas; Alvin Bautista, administrador de Aduanas en HIT; Raquel Soriano, gerente de Inteligencia en DGA; Armando Rivas, vicepresidente de operaciones de HIT; Yayo Sanz Lovat\u00f3n, director general DGA; Erick Alma, CEO de HIT; Amada M\u00e9ndez, gerente de Recursos Humanos DGA; Daniel Pe\u00f1a, subdirector en DGA y Elvyn G\u00f3mez, asesor de Tecnolog\u00eda en DGA.","src":"https:\/\/i0.wp.com\/lasprimeras.com.do\/wp-content\/uploads\/2025\/08\/dga.jpg?resize=350%2C200&ssl=1","width":350,"height":200,"srcset":"https:\/\/i0.wp.com\/lasprimeras.com.do\/wp-content\/uploads\/2025\/08\/dga.jpg?resize=350%2C200&ssl=1 1x, https:\/\/i0.wp.com\/lasprimeras.com.do\/wp-content\/uploads\/2025\/08\/dga.jpg?resize=525%2C300&ssl=1 1.5x, https:\/\/i0.wp.com\/lasprimeras.com.do\/wp-content\/uploads\/2025\/08\/dga.jpg?resize=700%2C400&ssl=1 2x"},"classes":[]},{"id":104466,"url":"https:\/\/lasprimeras.com.do\/index.php\/2025\/07\/24\/dga-confisca-us40-mil-a-viajero-de-eeuu\/","url_meta":{"origin":51946,"position":4},"title":"DGA confisca US$40 mil a viajero de EEUU","author":"Nelson Feliz","date":"24 de julio de 2025","format":false,"excerpt":"(Prensa Latina) La Direcci\u00f3n General de Aduanas (DGA) de la Rep\u00fablica Dominicana decomis\u00f3 m\u00e1s de 40 mil d\u00f3lares en el Aeropuerto Internacional de Las Am\u00e9ricas, en el equipaje de mano de un pasajero proveniente de Fort Lauderdale, Miami, inform\u00f3 hoy. El dinero, que el ciudadano no declar\u00f3 a las autoridades,\u2026","rel":"","context":"En \u00abECONOM\u00cdA\u00bb","block_context":{"text":"ECONOM\u00cdA","link":"https:\/\/lasprimeras.com.do\/index.php\/category\/economia\/"},"img":{"alt_text":"","src":"https:\/\/i0.wp.com\/lasprimeras.com.do\/wp-content\/uploads\/2025\/07\/Dolares-incautados.jpg?resize=350%2C200&ssl=1","width":350,"height":200,"srcset":"https:\/\/i0.wp.com\/lasprimeras.com.do\/wp-content\/uploads\/2025\/07\/Dolares-incautados.jpg?resize=350%2C200&ssl=1 1x, https:\/\/i0.wp.com\/lasprimeras.com.do\/wp-content\/uploads\/2025\/07\/Dolares-incautados.jpg?resize=525%2C300&ssl=1 1.5x"},"classes":[]},{"id":49574,"url":"https:\/\/lasprimeras.com.do\/index.php\/2023\/05\/12\/asocivu-emplaza-a-acofave-a-revelar-aportes-reales-del-sector-vehiculos-al-fisco\/","url_meta":{"origin":51946,"position":5},"title":"Asocivu emplaza a Acofave a revelar \u201caportes reales\u201d del sector veh\u00edculos al fisco","author":"prenxa100","date":"12 de mayo de 2023","format":false,"excerpt":"SANTO DOMINGO.-. El presidente de la Asociaci\u00f3n de Importadores de Veh\u00edculos Usados (Asocivu) H\u00e9ctor Rodr\u00edguez Ure\u00f1a, emplaz\u00f3 p\u00fablicamente a la Asociaci\u00f3n de Concesionarios de Fabricantes de Veh\u00edculos (Acofave) y su red de concesionarios a presentar los aportes econ\u00f3micos del sector de importaci\u00f3n de autom\u00f3viles nuevos, en comparaci\u00f3n con los usados\u2026","rel":"","context":"En \u00abECONOM\u00cdA\u00bb","block_context":{"text":"ECONOM\u00cdA","link":"https:\/\/lasprimeras.com.do\/index.php\/category\/economia\/"},"img":{"alt_text":"","src":"","width":0,"height":0},"classes":[]}],"jetpack_sharing_enabled":true,"_links":{"self":[{"href":"https:\/\/lasprimeras.com.do\/index.php\/wp-json\/wp\/v2\/posts\/51946","targetHints":{"allow":["GET"]}}],"collection":[{"href":"https:\/\/lasprimeras.com.do\/index.php\/wp-json\/wp\/v2\/posts"}],"about":[{"href":"https:\/\/lasprimeras.com.do\/index.php\/wp-json\/wp\/v2\/types\/post"}],"author":[{"embeddable":true,"href":"https:\/\/lasprimeras.com.do\/index.php\/wp-json\/wp\/v2\/users\/1"}],"replies":[{"embeddable":true,"href":"https:\/\/lasprimeras.com.do\/index.php\/wp-json\/wp\/v2\/comments?post=51946"}],"version-history":[{"count":0,"href":"https:\/\/lasprimeras.com.do\/index.php\/wp-json\/wp\/v2\/posts\/51946\/revisions"}],"wp:featuredmedia":[{"embeddable":true,"href":"https:\/\/lasprimeras.com.do\/index.php\/wp-json\/"}],"wp:attachment":[{"href":"https:\/\/lasprimeras.com.do\/index.php\/wp-json\/wp\/v2\/media?parent=51946"}],"wp:term":[{"taxonomy":"category","embeddable":true,"href":"https:\/\/lasprimeras.com.do\/index.php\/wp-json\/wp\/v2\/categories?post=51946"},{"taxonomy":"post_tag","embeddable":true,"href":"https:\/\/lasprimeras.com.do\/index.php\/wp-json\/wp\/v2\/tags?post=51946"}],"curies":[{"name":"wp","href":"https:\/\/api.w.org\/{rel}","templated":true}]}}