{"id":51956,"date":"2023-06-05T13:58:35","date_gmt":"2023-06-05T17:58:35","guid":{"rendered":"https:\/\/atento.com.do\/?p=51956"},"modified":"2023-06-05T13:58:35","modified_gmt":"2023-06-05T17:58:35","slug":"adp-se-solidariza-con-exministra-de-educacion-ligia-a-melo","status":"publish","type":"post","link":"https:\/\/lasprimeras.com.do\/index.php\/2023\/06\/05\/adp-se-solidariza-con-exministra-de-educacion-ligia-a-melo\/","title":{"rendered":"ADP se solidariza con exministra de Educaci\u00f3n Ligia A. Melo"},"content":{"rendered":"\n<p>El presidente de la Asociaci\u00f3n Dominicana de Profesores, Eduardo Hidalgo, se solidariz\u00f3 con el pedido de la ex ministra de Educaci\u00f3n Ligia Amada Melo, de que la educaci\u00f3n inicial sea declarada en estado de emergencia.<\/p>\n\n\n\n<p>El dirigente magisterial, sostuvo que la situaci\u00f3n de la docencia en muchos lugares es deplorable debido al estado de los planteles y la falta de personal.<\/p>\n\n\n\n<p>Hidalgo, cuestion\u00f3 las dificultades para el nombramiento de profesores en distintas materias a pesar de haber aprobado los ex\u00e1menes de competencias.<\/p>\n\n\n\n<p>El presidente de la ADP, neg\u00f3 que los profesores tengan una posici\u00f3n privilegiada en la administraci\u00f3n p\u00fablica.<\/p>\n","protected":false},"excerpt":{"rendered":"<p>El presidente de la Asociaci\u00f3n Dominicana de Profesores, Eduardo Hidalgo, se solidariz\u00f3 con el pedido de la ex ministra de Educaci\u00f3n Ligia Amada Melo, de que la educaci\u00f3n inicial sea&hellip;<\/p>\n","protected":false},"author":1,"featured_media":49532,"comment_status":"open","ping_status":"open","sticky":false,"template":"","format":"standard","meta":{"content-type":"","jetpack_post_was_ever_published":false,"_jetpack_newsletter_access":"","_jetpack_dont_email_post_to_subs":false,"_jetpack_newsletter_tier_id":0,"_jetpack_memberships_contains_paywalled_content":false,"_jetpack_memberships_contains_paid_content":false,"footnotes":""},"categories":[35],"tags":[882,893,3026,3027,1597],"class_list":["post-51956","post","type-post","status-publish","format-standard","has-post-thumbnail","hentry","category-nacionales","tag-adp","tag-educacion","tag-exministra","tag-ligia-a-melo","tag-se-solidariza"],"jetpack_featured_media_url":"","jetpack-related-posts":[{"id":119207,"url":"https:\/\/lasprimeras.com.do\/index.php\/2026\/01\/08\/profesores-protestan-contra-fusion-del-minerd-mescyt-advierten-afectara-la-calidad-educativa\/","url_meta":{"origin":51956,"position":0},"title":"Profesores protestan contra fusi\u00f3n del Minerd-Mescyt; advierten afectar\u00e1 la calidad educativa","author":"Nelson Feliz","date":"8 de enero de 2026","format":false,"excerpt":"El presidente de la ADP, Eduardo Hidalgo, exhort\u00f3 a los sectores que se oponen a articular un gran movimiento nacional. Profesores realizaron la tarde de este jueves una parada c\u00edvica en el Parque Independencia, en el Distrito Nacional, en rechazo a la propuesta de fusi\u00f3n entre el Ministerio de Educaci\u00f3n\u2026","rel":"","context":"En \u00abNACIONALES\u00bb","block_context":{"text":"NACIONALES","link":"https:\/\/lasprimeras.com.do\/index.php\/category\/nacionales\/"},"img":{"alt_text":"protesta","src":"https:\/\/i0.wp.com\/lasprimeras.com.do\/wp-content\/uploads\/2026\/01\/protesta.jpeg?resize=350%2C200&ssl=1","width":350,"height":200,"srcset":"https:\/\/i0.wp.com\/lasprimeras.com.do\/wp-content\/uploads\/2026\/01\/protesta.jpeg?resize=350%2C200&ssl=1 1x, https:\/\/i0.wp.com\/lasprimeras.com.do\/wp-content\/uploads\/2026\/01\/protesta.jpeg?resize=525%2C300&ssl=1 1.5x, https:\/\/i0.wp.com\/lasprimeras.com.do\/wp-content\/uploads\/2026\/01\/protesta.jpeg?resize=700%2C400&ssl=1 2x, https:\/\/i0.wp.com\/lasprimeras.com.do\/wp-content\/uploads\/2026\/01\/protesta.jpeg?resize=1050%2C600&ssl=1 3x"},"classes":[]},{"id":102310,"url":"https:\/\/lasprimeras.com.do\/index.php\/2025\/07\/03\/infotep-entrega-certificados-a-230-dirigentes-de-la-adp-tras-culminar-diplomado\/","url_meta":{"origin":51956,"position":1},"title":"INFOTEP entrega certificados a 230 dirigentes de la ADP tras culminar Diplomado","author":"Nelson Feliz","date":"3 de julio de 2025","format":false,"excerpt":"El Instituto Nacional de Formaci\u00f3n T\u00e9cnico Profesional (INFOTEP) entreg\u00f3 los certificados del \u201cDiplomado Gestores de Procesos Formativos\u201d a 230 maestros y maestras, dirigentes sindicales, de la Asociaci\u00f3n Dominicana de Profesores (ADP). Ahora estos dirigentes sindicales tendr\u00e1n la responsabilidad de multiplicar en cascada la rica experiencia de este diplomado a toda\u2026","rel":"","context":"En \u00abNACIONALES\u00bb","block_context":{"text":"NACIONALES","link":"https:\/\/lasprimeras.com.do\/index.php\/category\/nacionales\/"},"img":{"alt_text":"","src":"https:\/\/i0.wp.com\/lasprimeras.com.do\/wp-content\/uploads\/2025\/07\/INFOTEP-1.jpg?resize=350%2C200&ssl=1","width":350,"height":200,"srcset":"https:\/\/i0.wp.com\/lasprimeras.com.do\/wp-content\/uploads\/2025\/07\/INFOTEP-1.jpg?resize=350%2C200&ssl=1 1x, https:\/\/i0.wp.com\/lasprimeras.com.do\/wp-content\/uploads\/2025\/07\/INFOTEP-1.jpg?resize=525%2C300&ssl=1 1.5x, https:\/\/i0.wp.com\/lasprimeras.com.do\/wp-content\/uploads\/2025\/07\/INFOTEP-1.jpg?resize=700%2C400&ssl=1 2x"},"classes":[]},{"id":114842,"url":"https:\/\/lasprimeras.com.do\/index.php\/2025\/11\/17\/adp-dispone-asistencia-legal-en-favor-de-profesora-agredida-por-estudiante-en-hato-mayor\/","url_meta":{"origin":51956,"position":2},"title":"ADP dispone asistencia legal en favor de profesora agredida por estudiante en Hato Mayor","author":"Nelson Feliz","date":"17 de noviembre de 2025","format":false,"excerpt":"La Asociaci\u00f3n Dominicana de Profesores (ADP) inform\u00f3 que puso a disposici\u00f3n asistencia legal y acompa\u00f1amiento institucional para la profesora Iris Darlenys Cordero, quien result\u00f3 herida mientras intentaba intervenir en un conflicto entre estudiantes en la Escuela Primaria Catarey Adentro, en Sabana de la Mar, provincia Hato Mayor. La docente sufri\u00f3\u2026","rel":"","context":"En \u00abNACIONALES\u00bb","block_context":{"text":"NACIONALES","link":"https:\/\/lasprimeras.com.do\/index.php\/category\/nacionales\/"},"img":{"alt_text":"","src":"https:\/\/i0.wp.com\/lasprimeras.com.do\/wp-content\/uploads\/2025\/11\/ADP.jpg?resize=350%2C200&ssl=1","width":350,"height":200,"srcset":"https:\/\/i0.wp.com\/lasprimeras.com.do\/wp-content\/uploads\/2025\/11\/ADP.jpg?resize=350%2C200&ssl=1 1x, https:\/\/i0.wp.com\/lasprimeras.com.do\/wp-content\/uploads\/2025\/11\/ADP.jpg?resize=525%2C300&ssl=1 1.5x, https:\/\/i0.wp.com\/lasprimeras.com.do\/wp-content\/uploads\/2025\/11\/ADP.jpg?resize=700%2C400&ssl=1 2x"},"classes":[]},{"id":89207,"url":"https:\/\/lasprimeras.com.do\/index.php\/2024\/09\/19\/fusion-de-minerd-y-mescyt-es-inoportuna-no-implicaria-ahorro-economico-ni-elevaria-calidad-de-la-educacion-asegura-la-fp\/","url_meta":{"origin":51956,"position":3},"title":"Fusi\u00f3n de MINERD y MESCyT es inoportuna: no implicar\u00eda ahorro econ\u00f3mico, ni elevar\u00eda calidad de la educaci\u00f3n, asegura la FP","author":"Paola Castillo","date":"19 de septiembre de 2024","format":false,"excerpt":"Santo Domingo.- La Secretar\u00eda de Educaci\u00f3n Superior del partido Fuerza del Pueblo, dirigida por Ligia Amada Melo, critic\u00f3 de manera en\u00e9rgica los argumentos del gobierno para unificar los Ministerios de Educaci\u00f3n (MINERD) y de Educaci\u00f3n Superior, Ciencia y Tecnolog\u00eda (MESCyT). De acuerdo a Melo, la fusi\u00f3n no lograr\u00e1 la \u201cracionalizaci\u00f3n\u2026","rel":"","context":"En \u00abPORTADA\u00bb","block_context":{"text":"PORTADA","link":"https:\/\/lasprimeras.com.do\/index.php\/category\/portada\/"},"img":{"alt_text":"","src":"https:\/\/i0.wp.com\/lasprimeras.com.do\/wp-content\/uploads\/2024\/09\/WhatsApp-Image-2024-09-19-at-1.26.21-PM.jpeg?resize=350%2C200&ssl=1","width":350,"height":200,"srcset":"https:\/\/i0.wp.com\/lasprimeras.com.do\/wp-content\/uploads\/2024\/09\/WhatsApp-Image-2024-09-19-at-1.26.21-PM.jpeg?resize=350%2C200&ssl=1 1x, https:\/\/i0.wp.com\/lasprimeras.com.do\/wp-content\/uploads\/2024\/09\/WhatsApp-Image-2024-09-19-at-1.26.21-PM.jpeg?resize=525%2C300&ssl=1 1.5x, https:\/\/i0.wp.com\/lasprimeras.com.do\/wp-content\/uploads\/2024\/09\/WhatsApp-Image-2024-09-19-at-1.26.21-PM.jpeg?resize=700%2C400&ssl=1 2x, https:\/\/i0.wp.com\/lasprimeras.com.do\/wp-content\/uploads\/2024\/09\/WhatsApp-Image-2024-09-19-at-1.26.21-PM.jpeg?resize=1050%2C600&ssl=1 3x"},"classes":[]},{"id":56629,"url":"https:\/\/lasprimeras.com.do\/index.php\/2023\/08\/03\/adp-rechaza-intencion-de-reducir-presupuesto-al-ministerio-de-educacion\/","url_meta":{"origin":51956,"position":4},"title":"ADP rechaza intenci\u00f3n de reducir presupuesto al Ministerio de Educaci\u00f3n","author":"Nelson Feliz","date":"3 de agosto de 2023","format":false,"excerpt":"El presidente de la Asociaci\u00f3n Dominicana de Profesores, (ADP), Eduardo Hidalgo se mostr\u00f3 opuesto a las pretensiones de reducir el presupuesto complementario al Ministerio de Educaci\u00f3n. Hidalgo explic\u00f3 que hist\u00f3ricamente la cartera educativa ha acumulado un d\u00e9ficit hist\u00f3rico en la ejecuci\u00f3n efectiva del presupuesto asignado a la educaci\u00f3n preuniversitaria lo\u2026","rel":"","context":"En \u00abNACIONALES\u00bb","block_context":{"text":"NACIONALES","link":"https:\/\/lasprimeras.com.do\/index.php\/category\/nacionales\/"},"img":{"alt_text":"Eduardo Hidalgo","src":"https:\/\/i0.wp.com\/lasprimeras.com.do\/wp-content\/uploads\/2023\/08\/Eduardo-Hidalgo.jpg?resize=350%2C200&ssl=1","width":350,"height":200,"srcset":"https:\/\/i0.wp.com\/lasprimeras.com.do\/wp-content\/uploads\/2023\/08\/Eduardo-Hidalgo.jpg?resize=350%2C200&ssl=1 1x, https:\/\/i0.wp.com\/lasprimeras.com.do\/wp-content\/uploads\/2023\/08\/Eduardo-Hidalgo.jpg?resize=525%2C300&ssl=1 1.5x, https:\/\/i0.wp.com\/lasprimeras.com.do\/wp-content\/uploads\/2023\/08\/Eduardo-Hidalgo.jpg?resize=700%2C400&ssl=1 2x"},"classes":[]},{"id":81685,"url":"https:\/\/lasprimeras.com.do\/index.php\/2024\/04\/23\/adp-advierte-endurecera-lucha-por-una-mejor-educacion\/","url_meta":{"origin":51956,"position":5},"title":"ADP advierte endurecer\u00e1 lucha por una mejor educaci\u00f3n","author":"Nelson Feliz","date":"23 de abril de 2024","format":false,"excerpt":"El gremio magisterial condicion\u00f3 que se llegue a un acuerdo sobre el aumento salarial y la evaluaci\u00f3n de desempe\u00f1o en un plazo de una semana. Por Martin Restituyo El presidente de la Asociaci\u00f3n de Profesores (ADP) Eduardo Hidalgo advirti\u00f3 que, si en un plazo de una semana las autoridades no\u2026","rel":"","context":"En \u00abNACIONALES\u00bb","block_context":{"text":"NACIONALES","link":"https:\/\/lasprimeras.com.do\/index.php\/category\/nacionales\/"},"img":{"alt_text":"Eduardo Hidalgo","src":"https:\/\/i0.wp.com\/lasprimeras.com.do\/wp-content\/uploads\/2024\/04\/Eduardo-Hidalgo-1.jpg?resize=350%2C200&ssl=1","width":350,"height":200,"srcset":"https:\/\/i0.wp.com\/lasprimeras.com.do\/wp-content\/uploads\/2024\/04\/Eduardo-Hidalgo-1.jpg?resize=350%2C200&ssl=1 1x, https:\/\/i0.wp.com\/lasprimeras.com.do\/wp-content\/uploads\/2024\/04\/Eduardo-Hidalgo-1.jpg?resize=525%2C300&ssl=1 1.5x, https:\/\/i0.wp.com\/lasprimeras.com.do\/wp-content\/uploads\/2024\/04\/Eduardo-Hidalgo-1.jpg?resize=700%2C400&ssl=1 2x"},"classes":[]}],"jetpack_sharing_enabled":true,"_links":{"self":[{"href":"https:\/\/lasprimeras.com.do\/index.php\/wp-json\/wp\/v2\/posts\/51956","targetHints":{"allow":["GET"]}}],"collection":[{"href":"https:\/\/lasprimeras.com.do\/index.php\/wp-json\/wp\/v2\/posts"}],"about":[{"href":"https:\/\/lasprimeras.com.do\/index.php\/wp-json\/wp\/v2\/types\/post"}],"author":[{"embeddable":true,"href":"https:\/\/lasprimeras.com.do\/index.php\/wp-json\/wp\/v2\/users\/1"}],"replies":[{"embeddable":true,"href":"https:\/\/lasprimeras.com.do\/index.php\/wp-json\/wp\/v2\/comments?post=51956"}],"version-history":[{"count":0,"href":"https:\/\/lasprimeras.com.do\/index.php\/wp-json\/wp\/v2\/posts\/51956\/revisions"}],"wp:featuredmedia":[{"embeddable":true,"href":"https:\/\/lasprimeras.com.do\/index.php\/wp-json\/"}],"wp:attachment":[{"href":"https:\/\/lasprimeras.com.do\/index.php\/wp-json\/wp\/v2\/media?parent=51956"}],"wp:term":[{"taxonomy":"category","embeddable":true,"href":"https:\/\/lasprimeras.com.do\/index.php\/wp-json\/wp\/v2\/categories?post=51956"},{"taxonomy":"post_tag","embeddable":true,"href":"https:\/\/lasprimeras.com.do\/index.php\/wp-json\/wp\/v2\/tags?post=51956"}],"curies":[{"name":"wp","href":"https:\/\/api.w.org\/{rel}","templated":true}]}}