{"id":51961,"date":"2023-06-05T14:23:57","date_gmt":"2023-06-05T18:23:57","guid":{"rendered":"https:\/\/atento.com.do\/?p=51961"},"modified":"2023-06-05T14:23:57","modified_gmt":"2023-06-05T18:23:57","slug":"academia-de-ciencias-dice-barcaza-instalada-en-azua-en-area-protegida-condena-muerte-de-peces","status":"publish","type":"post","link":"https:\/\/lasprimeras.com.do\/index.php\/2023\/06\/05\/academia-de-ciencias-dice-barcaza-instalada-en-azua-en-area-protegida-condena-muerte-de-peces\/","title":{"rendered":"Academia de Ciencias dice barcaza instalada en Azua en \u00e1rea protegida, condena muerte de peces\u00a0"},"content":{"rendered":"\n<p>Al celebrarse este 5 de junio el D\u00eda Mundial del Medio Ambiente.<\/p>\n\n\n\n<p>Al celebrarse este 5 de junio el D\u00eda Mundial del Medio Ambiente, la <a href=\"https:\/\/atento.com.do\/2023\/03\/26\/solicitan-uasd-y-academia-de-ciencias-investigar-riesgos-de-descargar-agua-caliente-en-bahia-de-manzanillo\/\" data-type=\"post\" data-id=\"45451\">Academia de Ciencias<\/a> de la Rep\u00fablica Dominicana (ACRD), pidi\u00f3 al <a href=\"https:\/\/ambiente.gob.do\/informacion-ambiental-2\/\">Ministerio de Medio Ambiente<\/a>, investigar la muerte de decenas de peces que fueron hallados muertos este s\u00e1bado en la playa Los Negros, provincia Azua.<\/p>\n\n\n\n<p>Expresa que, en esa \u00e1rea fueron instaladas barcazas generadoras de electricidad de la empresa turca Karadeniz Powership, la cual se encuentra dentro del \u00e1rea protegida, Refugio de Vida Silvestre Manglares.<\/p>\n\n\n\n<p>Expresa que, Puerto Viejo es un \u00e1rea protegida muy sensible desde el punto de vista de la biodiversidad costero-marina de la Rep\u00fablica Dominicana, al tratarse de una albufera o laguna marina atrapada en tierra, apenas separada del Mar Caribe por barreras arrecifales, manglares y peque\u00f1os cayos cargados de aves migratorias.<\/p>\n\n\n\n<figure class=\"wp-block-image size-full is-resized\"><img decoding=\"async\" src=\"https:\/\/atento.com.do\/wp-content\/uploads\/2023\/06\/Peces-muertos.jpg\" alt=\"\" class=\"wp-image-51963\" width=\"698\" height=\"524\"\/><\/figure>\n\n\n\n<p>&nbsp;\u201cEntre el s\u00e1bado y el domingo, a todo el rededor de la Planta Cardeniz Powership y en particular, en la Playa de los Negros, se observ\u00f3 una gran mortandad de peces marinos pertenecientes, al menos, a cinco familias: Monacanthidae, Balistidae, Morenidae, Serranidae y Pomacentridae, las cuales se pudieron identificar en este reporte preliminar\u201d, expresa el comunicado.<\/p>\n\n\n\n<figure class=\"wp-block-image size-full is-resized\"><img decoding=\"async\" src=\"https:\/\/atento.com.do\/wp-content\/uploads\/2023\/06\/Peces-muertos-azua.jpg\" alt=\"\" class=\"wp-image-51964\" width=\"698\" height=\"676\"\/><\/figure>\n\n\n\n<p>La ACRD advierte de este desastre ambiental a las autoridades del Ministerio de Medio Ambiente y ante el Tribunal de Azua, al tratarse de un \u00e1rea protegida por la Ley 202-04, la Ley 64-00 y la Constituci\u00f3n de la Rep\u00fablica.<\/p>\n\n\n\n<p>\u201cSe le debe aclarar al pa\u00eds lo sucedido, esta empresa fue beneficiada con una Licencia Ambiental que se sustenta en un Plan de Adecuaci\u00f3n Ambiental para dar respuesta a situaciones de impactos ambientales mayores como \u00e9ste. Luego el Viceministerio de \u00c1reas Protegidas que tiene la encomienda de garantizar la integridad del Refugio de Vida Silvestre\u201d, explica la ACRD.<\/p>\n\n\n\n<p>Expresa que, el discurso no puede divorciarse de la realidad, nadie puede alegar que esta empresa el\u00e9ctrica se encuentra fuera del \u00e1rea protegida, cuando todas las especies que est\u00e1n muriendo, est\u00e1n en su interior.<\/p>\n\n\n\n<p>&nbsp;\u201cEl agua no constituye barrera f\u00edsica para considerarse un \u00e1rea b\u00fafer o de amortiguamiento. La raz\u00f3n legal de un \u00e1rea de amortiguamiento es precisamente evitar situaciones como \u00e9sta, donde la vida se pone en peligro y las especies no encuentran donde refugiarse para la supervivencia\u201d, a\u00f1ade la nota. En la Academia de Ciencias y la Sociedad dominicana, esperamos la respuesta.<\/p>\n","protected":false},"excerpt":{"rendered":"<p>Al celebrarse este 5 de junio el D\u00eda Mundial del Medio Ambiente. Al celebrarse este 5 de junio el D\u00eda Mundial del Medio Ambiente, la Academia de Ciencias de la&hellip;<\/p>\n","protected":false},"author":1,"featured_media":51962,"comment_status":"open","ping_status":"open","sticky":false,"template":"","format":"standard","meta":{"content-type":"","jetpack_post_was_ever_published":false,"_jetpack_newsletter_access":"","_jetpack_dont_email_post_to_subs":false,"_jetpack_newsletter_tier_id":0,"_jetpack_memberships_contains_paywalled_content":false,"_jetpack_memberships_contains_paid_content":false,"footnotes":""},"categories":[35,25],"tags":[3030,3031,1296,3032,3033],"class_list":["post-51961","post","type-post","status-publish","format-standard","has-post-thumbnail","hentry","category-nacionales","category-portada","tag-academia-de-ciencias","tag-area-protegida","tag-azua","tag-barcaza","tag-muerte-de-peces"],"jetpack_featured_media_url":"","jetpack-related-posts":[{"id":91592,"url":"https:\/\/lasprimeras.com.do\/index.php\/2024\/11\/28\/pld-acompana-comunidades-afectadas-por-dano-ambiental-que-genera-barcazas-en-azua\/","url_meta":{"origin":51961,"position":0},"title":"PLD acompa\u00f1a comunidades afectadas por da\u00f1o ambiental que genera Barcazas en Azua","author":"Nelson Feliz","date":"28 de noviembre de 2024","format":false,"excerpt":"Una representaci\u00f3n de miembros y dirigentes del Partido de la Liberaci\u00f3n Dominicana (PLD) orientados por la Secretar\u00eda de Medio Ambiente y Recursos Naturales de la organizaci\u00f3n acompa\u00f1aron a las comunidades y activistas que exigen justicia ante el da\u00f1o ambiental provocados dos por las Barcazas generadoras de electricidad en Azua. La\u2026","rel":"","context":"En \u00abPORTADA\u00bb","block_context":{"text":"PORTADA","link":"https:\/\/lasprimeras.com.do\/index.php\/category\/portada\/"},"img":{"alt_text":"Protestas PGR por Barcaza Los Negros Azua","src":"https:\/\/i0.wp.com\/lasprimeras.com.do\/wp-content\/uploads\/2024\/11\/Protestas-PGR-por-Barcaza-Los-Negros-Azua-1.jpg?resize=350%2C200&ssl=1","width":350,"height":200,"srcset":"https:\/\/i0.wp.com\/lasprimeras.com.do\/wp-content\/uploads\/2024\/11\/Protestas-PGR-por-Barcaza-Los-Negros-Azua-1.jpg?resize=350%2C200&ssl=1 1x, https:\/\/i0.wp.com\/lasprimeras.com.do\/wp-content\/uploads\/2024\/11\/Protestas-PGR-por-Barcaza-Los-Negros-Azua-1.jpg?resize=525%2C300&ssl=1 1.5x"},"classes":[]},{"id":65479,"url":"https:\/\/lasprimeras.com.do\/index.php\/2023\/10\/29\/fuego-afecta-barcaza-que-opera-en-los-negros-en-azua\/","url_meta":{"origin":51961,"position":1},"title":"Fuego afecta barcaza que opera en Los Negros, en Azua","author":"Nelson Feliz","date":"29 de octubre de 2023","format":false,"excerpt":"Un fuego se registr\u00f3 la ma\u00f1ana de este domingo en la barcaza que opera la empresa Karpowership Dominicana, en Pueblo Viejo de Azua, seg\u00fan denunci\u00f3 el dirigente de grupos ambientalistas de la zona. El incendio, cuyas im\u00e1genes circulan en un video en las redes sociales, ya fue sofocado por personal\u2026","rel":"","context":"En \u00abNACIONALES\u00bb","block_context":{"text":"NACIONALES","link":"https:\/\/lasprimeras.com.do\/index.php\/category\/nacionales\/"},"img":{"alt_text":"barcaza","src":"https:\/\/i0.wp.com\/lasprimeras.com.do\/wp-content\/uploads\/2023\/10\/barcaza.jpeg?resize=350%2C200&ssl=1","width":350,"height":200,"srcset":"https:\/\/i0.wp.com\/lasprimeras.com.do\/wp-content\/uploads\/2023\/10\/barcaza.jpeg?resize=350%2C200&ssl=1 1x, https:\/\/i0.wp.com\/lasprimeras.com.do\/wp-content\/uploads\/2023\/10\/barcaza.jpeg?resize=525%2C300&ssl=1 1.5x, https:\/\/i0.wp.com\/lasprimeras.com.do\/wp-content\/uploads\/2023\/10\/barcaza.jpeg?resize=700%2C400&ssl=1 2x"},"classes":[]},{"id":59830,"url":"https:\/\/lasprimeras.com.do\/index.php\/2023\/09\/07\/mpresa-dice-implementa-medidas-adicionales-tras-derrame-en-barcazas-de-azua\/","url_meta":{"origin":51961,"position":2},"title":"mpresa dice implementa &#8220;medidas adicionales&#8221; tras derrame en barcazas de Azua","author":"Nelson Feliz","date":"7 de septiembre de 2023","format":false,"excerpt":"La empresa Karadeniz Powership, encargada de las operaciones de las barcazas ubicadas en Los Negros, provincia Azua, inform\u00f3 que ha implementado medidas adicionales en sus instalaciones, tras el derrame registrado la semana pasada en la planta. \"Tras realizar un detallado an\u00e1lisis del incidente, hemos implementado medidas adicionales en nuestras instalaciones.\u2026","rel":"","context":"En \u00abNACIONALES\u00bb","block_context":{"text":"NACIONALES","link":"https:\/\/lasprimeras.com.do\/index.php\/category\/nacionales\/"},"img":{"alt_text":"","src":"https:\/\/i0.wp.com\/lasprimeras.com.do\/wp-content\/uploads\/2023\/09\/barcaza.jpg?resize=350%2C200&ssl=1","width":350,"height":200,"srcset":"https:\/\/i0.wp.com\/lasprimeras.com.do\/wp-content\/uploads\/2023\/09\/barcaza.jpg?resize=350%2C200&ssl=1 1x, https:\/\/i0.wp.com\/lasprimeras.com.do\/wp-content\/uploads\/2023\/09\/barcaza.jpg?resize=525%2C300&ssl=1 1.5x, https:\/\/i0.wp.com\/lasprimeras.com.do\/wp-content\/uploads\/2023\/09\/barcaza.jpg?resize=700%2C400&ssl=1 2x"},"classes":[]},{"id":53294,"url":"https:\/\/lasprimeras.com.do\/index.php\/2023\/06\/25\/red-socio-ambiental-respalda-lucha-incansable-de-los-negros-azua-contra-las-barcazas\/","url_meta":{"origin":51961,"position":3},"title":"Red Socio ambiental: \u00a1Respalda lucha incansable de Los Negros, Azua, contra las barcazas!","author":"Nelson Feliz","date":"25 de junio de 2023","format":false,"excerpt":"Una coalici\u00f3n de organizaciones dedicadas a la justicia Socio Ambiental, expres\u00f3 su respaldo a la comunidad de Los Negros, Azua, en su lucha valiente y persistente contra las barcazas y las t\u00e1cticas enga\u00f1osas utilizadas por las corporaciones y el Estado para oprimir al pueblo. La Red Socio ambiental se solidariz\u00f3\u2026","rel":"","context":"En \u00abNACIONALES\u00bb","block_context":{"text":"NACIONALES","link":"https:\/\/lasprimeras.com.do\/index.php\/category\/nacionales\/"},"img":{"alt_text":"Red Socio ambiental","src":"https:\/\/i0.wp.com\/lasprimeras.com.do\/wp-content\/uploads\/2023\/06\/barcazas.jpg?resize=350%2C200&ssl=1","width":350,"height":200,"srcset":"https:\/\/i0.wp.com\/lasprimeras.com.do\/wp-content\/uploads\/2023\/06\/barcazas.jpg?resize=350%2C200&ssl=1 1x, https:\/\/i0.wp.com\/lasprimeras.com.do\/wp-content\/uploads\/2023\/06\/barcazas.jpg?resize=525%2C300&ssl=1 1.5x, https:\/\/i0.wp.com\/lasprimeras.com.do\/wp-content\/uploads\/2023\/06\/barcazas.jpg?resize=700%2C400&ssl=1 2x"},"classes":[]},{"id":59181,"url":"https:\/\/lasprimeras.com.do\/index.php\/2023\/08\/31\/medio-ambiente-investiga-derrame-de-combustible-en-la-planta-electrica-que-opera-en-azua\/","url_meta":{"origin":51961,"position":4},"title":"Medio Ambiente investiga derrame de combustible en la planta el\u00e9ctrica que opera en Azua","author":"Nelson Feliz","date":"31 de agosto de 2023","format":false,"excerpt":"Un equipo t\u00e9cnico del Ministerio de Medio Ambiente y Recursos Naturales realiz\u00f3 una inspecci\u00f3n a la barcaza de la empresa Karpowership que opera en Puerto Viejo de Azua, luego que la dependencia oficial recibiera una denuncia sobre un derrame de combustible. \u201cNuestros t\u00e9cnicos realizan una evaluaci\u00f3n de la situaci\u00f3n. Medio\u2026","rel":"","context":"En \u00abNACIONALES\u00bb","block_context":{"text":"NACIONALES","link":"https:\/\/lasprimeras.com.do\/index.php\/category\/nacionales\/"},"img":{"alt_text":"Barcaza en Los Negros, provincia Azua","src":"https:\/\/i0.wp.com\/lasprimeras.com.do\/wp-content\/uploads\/2023\/08\/Barcaza-en-Los-Negros-provincia-Azua.jpg?resize=350%2C200&ssl=1","width":350,"height":200,"srcset":"https:\/\/i0.wp.com\/lasprimeras.com.do\/wp-content\/uploads\/2023\/08\/Barcaza-en-Los-Negros-provincia-Azua.jpg?resize=350%2C200&ssl=1 1x, https:\/\/i0.wp.com\/lasprimeras.com.do\/wp-content\/uploads\/2023\/08\/Barcaza-en-Los-Negros-provincia-Azua.jpg?resize=525%2C300&ssl=1 1.5x, https:\/\/i0.wp.com\/lasprimeras.com.do\/wp-content\/uploads\/2023\/08\/Barcaza-en-Los-Negros-provincia-Azua.jpg?resize=700%2C400&ssl=1 2x"},"classes":[]},{"id":109300,"url":"https:\/\/lasprimeras.com.do\/index.php\/2025\/09\/16\/karpowership-solicita-permiso-ambiental-para-operar-tercera-barcaza-de-generacion-electrica-en-azua\/","url_meta":{"origin":51961,"position":5},"title":"Karpowership solicita permiso ambiental para operar tercera barcaza de generaci\u00f3n el\u00e9ctrica en Azua","author":"Nelson Feliz","date":"16 de septiembre de 2025","format":false,"excerpt":"El Ministerio de Medio Ambiente eval\u00faa una propuesta de modificaci\u00f3n de la licencia ambiental que posee la empresa Karpowership, que opera dos barcazas ubicadas en Azua, para expandir ese sistema con una nueva central el\u00e9ctrica dentro del pol\u00edgono autorizado por las autoridades. As\u00ed lo inform\u00f3 el viceministro de Gesti\u00f3n Ambiental\u2026","rel":"","context":"En \u00abNACIONALES\u00bb","block_context":{"text":"NACIONALES","link":"https:\/\/lasprimeras.com.do\/index.php\/category\/nacionales\/"},"img":{"alt_text":"","src":"https:\/\/i0.wp.com\/lasprimeras.com.do\/wp-content\/uploads\/2025\/09\/Una-tercera-barcaza.jpg?resize=350%2C200&ssl=1","width":350,"height":200,"srcset":"https:\/\/i0.wp.com\/lasprimeras.com.do\/wp-content\/uploads\/2025\/09\/Una-tercera-barcaza.jpg?resize=350%2C200&ssl=1 1x, https:\/\/i0.wp.com\/lasprimeras.com.do\/wp-content\/uploads\/2025\/09\/Una-tercera-barcaza.jpg?resize=525%2C300&ssl=1 1.5x, https:\/\/i0.wp.com\/lasprimeras.com.do\/wp-content\/uploads\/2025\/09\/Una-tercera-barcaza.jpg?resize=700%2C400&ssl=1 2x"},"classes":[]}],"jetpack_sharing_enabled":true,"_links":{"self":[{"href":"https:\/\/lasprimeras.com.do\/index.php\/wp-json\/wp\/v2\/posts\/51961","targetHints":{"allow":["GET"]}}],"collection":[{"href":"https:\/\/lasprimeras.com.do\/index.php\/wp-json\/wp\/v2\/posts"}],"about":[{"href":"https:\/\/lasprimeras.com.do\/index.php\/wp-json\/wp\/v2\/types\/post"}],"author":[{"embeddable":true,"href":"https:\/\/lasprimeras.com.do\/index.php\/wp-json\/wp\/v2\/users\/1"}],"replies":[{"embeddable":true,"href":"https:\/\/lasprimeras.com.do\/index.php\/wp-json\/wp\/v2\/comments?post=51961"}],"version-history":[{"count":0,"href":"https:\/\/lasprimeras.com.do\/index.php\/wp-json\/wp\/v2\/posts\/51961\/revisions"}],"wp:featuredmedia":[{"embeddable":true,"href":"https:\/\/lasprimeras.com.do\/index.php\/wp-json\/"}],"wp:attachment":[{"href":"https:\/\/lasprimeras.com.do\/index.php\/wp-json\/wp\/v2\/media?parent=51961"}],"wp:term":[{"taxonomy":"category","embeddable":true,"href":"https:\/\/lasprimeras.com.do\/index.php\/wp-json\/wp\/v2\/categories?post=51961"},{"taxonomy":"post_tag","embeddable":true,"href":"https:\/\/lasprimeras.com.do\/index.php\/wp-json\/wp\/v2\/tags?post=51961"}],"curies":[{"name":"wp","href":"https:\/\/api.w.org\/{rel}","templated":true}]}}