{"id":51983,"date":"2023-06-05T23:28:49","date_gmt":"2023-06-06T03:28:49","guid":{"rendered":"https:\/\/atento.com.do\/?p=51983"},"modified":"2023-06-05T23:28:49","modified_gmt":"2023-06-06T03:28:49","slug":"fp-presenta-mas-de-cien-aspirantes-congresuales-y-municipales","status":"publish","type":"post","link":"https:\/\/lasprimeras.com.do\/index.php\/2023\/06\/05\/fp-presenta-mas-de-cien-aspirantes-congresuales-y-municipales\/","title":{"rendered":"FP presenta m\u00e1s de cien aspirantes congresuales y municipales"},"content":{"rendered":"\n<p><strong>\u201cVicepresidente de la FP responsabiliz\u00f3 al PRM de haber encarcelado a toda la poblaci\u00f3n dominicana\u201d<\/strong><\/p>\n\n\n\n<p>En una multitudinaria asamblea donde participaron pol\u00edticos, empresarios, l\u00edderes comunitarios, religiosos, y dem\u00e1s personalidades de la sociedad civil de Puerto Plata, el partido Fuerza del Pueblo, present\u00f3 sus aspirantes a cargos municipales y congresuales de cara a las elecciones del a\u00f1o 2024.<\/p>\n\n\n\n<p>En nombre de los aspirantes habl\u00f3 Paul Brugal, virtual candidato a senador por la FP, en esa provincia quien felicit\u00f3 a los presentes por la decisi\u00f3n de aspirar y ser parte de esa gran familia que se llama la Fuerza del Pueblo.<\/p>\n\n\n\n<p>\u201cQueremos que sepan que todas las estructuras de nuestra organizaci\u00f3n se sienten orgullosas de cada uno de ustedes, y aqu\u00ed en Puerto Plata, como en todo el pa\u00eds no solo vamos a ganar la senadur\u00eda, sino que te\u00f1iremos de verde las urnas tanto en febrero y mayo del 2024, porque contamos con el l\u00edder de m\u00e1s experiencia que tiene la Rep\u00fablica Dominicana, y ese es Leonel Fern\u00e1ndez\u201d, sostuvo Brugal.<\/p>\n\n\n\n<p>Por su parte, el miembro de la Direcci\u00f3n Pol\u00edtica la FP, Francis Vargas, dijo sentirse satisfecho por la gran asamblea, y resalt\u00f3 el potencial con que cuenta esa organizaci\u00f3n en todos los municipios y distritos de Puerto Plata.<\/p>\n\n\n\n<p>\u201cEl partido que lidera Leonel Fern\u00e1ndez es el \u00fanico partido que crece permanentemente y tiene candidatos en todas las provincias, municipios y distritos municipales del pa\u00eds\u201d manifest\u00f3 el tambi\u00e9n ex senador de la Rep\u00fablica\u201d<\/p>\n\n\n\n<p>Intervenci\u00f3n del vicepresidente de la FP<\/p>\n\n\n\n<p>Las palabras de cl\u00e1usulas estuvieron a cargo del vicepresidente y coordinador pol\u00edtico de la Fuerza del Pueblo, Radham\u00e9s Jim\u00e9nez Pe\u00f1a, quien no dej\u00f3 pasar la oportunidad para lanzar duras cr\u00edticas al gobierno del PRM, y responsabilizarlo de haber encarcelado a toda la poblaci\u00f3n, seg\u00fan \u00e9l, porque la criminalidad que existe en el pa\u00eds no permite a los dominicanos de buena voluntad salir a las calles, a realizar sus actividades de manera natural por temor a ser atracados.<\/p>\n\n\n\n<p>\u201cEn este pa\u00eds la inmensa mayor\u00eda del pueblo dominicano teme de salir a las calles, lo que est\u00e1 aconteciendo es algo inexplicable, las familias ya no pueden disfrutar libremente, porque la delincuencia e inseguridad les ha arrebatado lo m\u00e1s preciado que tiene un ser humano la \u201clibertad\u201d y eso es culpa del PRM, por no gestionar de manera adecuada y oportuna la seguridad de todos\u201d extern\u00f3.<\/p>\n\n\n\n<p>Concluy\u00f3 diciendo que \u201cel reto de la FP es seguir trabajando hasta lograr que Leonel Fern\u00e1ndez suba las escalinatas del palacio nacional, y vamos a venir a Puerto Plata, a recorrer municipio por municipio y distrito por distrito, porque aqu\u00ed como en todo el pa\u00eds ganaremos seguro en primera vuelta\u201d.<\/p>\n\n\n\n<p>A los logros en los sistemas de monitoreo, se suma tambi\u00e9n la aprobaci\u00f3n mediante resoluci\u00f3n del Plan Estrat\u00e9gico Institucional, reformulaci\u00f3n de la misi\u00f3n, visi\u00f3n y valores, el Mapa de Procesos Misionales, as\u00ed como la puesta en marcha de instrumentos de gesti\u00f3n eficientes, como el Manual de Comunicaci\u00f3n Organizacional, el Manual de Gesti\u00f3n de Crisis Comunicacional, el Manual de Procesos Sustantivos, Manual de Cargos, y el C\u00f3digo de Integridad, que encaminan a la OCABID a un cambio significativo y evidente en la administraci\u00f3n de los bienes incautados, por primera vez en la historia de la instituci\u00f3n.<\/p>\n\n\n\n<p>La entidad tambi\u00e9n, est\u00e1 certificada por la Oficina Gubernamental de Tecnolog\u00edas de la Informaci\u00f3n y Comunicaci\u00f3n (OGTIC) con la NORTIC A2, Norma para el Desarrollo y Gesti\u00f3n de los Medios Web del Estado Dominicano; y NORTIC E1, la Norma para la Gesti\u00f3n de las Redes Sociales en los Organismos Gubernamentales, certificaciones que OCABID tambi\u00e9n obtiene por primera vez.<\/p>\n\n\n\n<p>Asimismo, en procura de obtener beneficios que impacten positivamente en la sociedad y considerando la pol\u00edtica de compromiso social del Gobierno, la OCABID mediante la modalidad de contrato de Comodato, ha cedido inmuebles a instituciones gubernamentales y organizaciones no gubernamentales (ONG), para el desarrollo de pol\u00edticas p\u00fablicas de asistencia a grupos vulnerables de la sociedad dominicana, impactando de manera positiva a familias con distintas necesidades.<\/p>\n\n\n\n<p>Sobre los contratos de alquileres, se han revisado y actualizado, acciones que han significado ingresos anuales.<\/p>\n\n\n\n<p>La aprobada Ley 340-22 sobre Extinci\u00f3n de Dominio, entra en vigencia a partir del mes de julio del a\u00f1o 2023, facultando en su art\u00edculo 97 a la OCABID como \u00f3rgano responsable de la administraci\u00f3n, disposici\u00f3n y gesti\u00f3n de los bienes sujetos a un procedimiento de extinci\u00f3n de dominio, tanto durante su tramitaci\u00f3n como a consecuencia de \u00e9ste. Por ende, la OCABID se encuentra inmersa en un proceso de reestructuraci\u00f3n y fortalecimiento institucional con miras a los retos que representa para la instituci\u00f3n la entrada en vigencia de esta ley.<\/p>\n\n\n\n<p>\u201cConfiamos en contar con la colaboraci\u00f3n de todos los servidores de esta organizaci\u00f3n, que en definitiva, ser\u00e1 el factor que determinar\u00e1 el \u00e9xito de nuestra gesti\u00f3n y sobre todo el cumplimiento de los objetivos de creaci\u00f3n de la OCABID\u201d enfatiz\u00f3 durante el cierre de sus discurso, el Sr. Manuel Oviedo Estrada, en la Eucarist\u00eda celebrada en la parroquia El Buen Pastor, oficiada por el Padre Catalino Tejada Ram\u00edrez.<\/p>\n","protected":false},"excerpt":{"rendered":"<p>\u201cVicepresidente de la FP responsabiliz\u00f3 al PRM de haber encarcelado a toda la poblaci\u00f3n dominicana\u201d En una multitudinaria asamblea donde participaron pol\u00edticos, empresarios, l\u00edderes comunitarios, religiosos, y dem\u00e1s personalidades de&hellip;<\/p>\n","protected":false},"author":1,"featured_media":51984,"comment_status":"open","ping_status":"open","sticky":false,"template":"","format":"standard","meta":{"content-type":"","jetpack_post_was_ever_published":false,"_jetpack_newsletter_access":"","_jetpack_dont_email_post_to_subs":false,"_jetpack_newsletter_tier_id":0,"_jetpack_memberships_contains_paywalled_content":false,"_jetpack_memberships_contains_paid_content":false,"footnotes":""},"categories":[1],"tags":[2098,3044,79,858,687],"class_list":["post-51983","post","type-post","status-publish","format-standard","has-post-thumbnail","hentry","category-sin-categoria","tag-aspirantes","tag-congresuales","tag-fp","tag-municipales","tag-puerto-plata"],"jetpack_featured_media_url":"","jetpack-related-posts":[{"id":67137,"url":"https:\/\/lasprimeras.com.do\/index.php\/2023\/11\/13\/fuerza-del-pueblo-alianza-rescate-rd-tiene-al-gobierno-nervioso-sus-dias-estan-contados\/","url_meta":{"origin":51983,"position":0},"title":"Fuerza del Pueblo: \u201cAlianza Rescate RD tiene al gobierno nervioso, sus d\u00edas est\u00e1n contados\u201d","author":"BIMARY DE JES\u00daS Matos","date":"13 de noviembre de 2023","format":false,"excerpt":"Puerto Plata.- En un recorrido por diversos sectores de Puerto Plata, el vicepresidente y coordinador pol\u00edtico de la Fuerza del Pueblo Radham\u00e9s Jim\u00e9nez Pe\u00f1a, afirm\u00f3 que la alianza Rescate RD, anunciada el pasado viernes por los partidos FP, PLD, y PRD, tiene al gobierno del PRM nervioso, desesperado, porque saben\u2026","rel":"","context":"En \u00abSin categor\u00eda\u00bb","block_context":{"text":"Sin categor\u00eda","link":"https:\/\/lasprimeras.com.do\/index.php\/category\/sin-categoria\/"},"img":{"alt_text":"","src":"https:\/\/i0.wp.com\/lasprimeras.com.do\/wp-content\/uploads\/2023\/11\/valentin.webp?resize=350%2C200&ssl=1","width":350,"height":200,"srcset":"https:\/\/i0.wp.com\/lasprimeras.com.do\/wp-content\/uploads\/2023\/11\/valentin.webp?resize=350%2C200&ssl=1 1x, https:\/\/i0.wp.com\/lasprimeras.com.do\/wp-content\/uploads\/2023\/11\/valentin.webp?resize=525%2C300&ssl=1 1.5x"},"classes":[]},{"id":116238,"url":"https:\/\/lasprimeras.com.do\/index.php\/2025\/11\/28\/otro-dirigente-del-prm-pasa-a-la-fp-se-suma-pedro-alejandro-aguirre-exdiputado-por-4-periodos-y-3-veces-alcalde\/","url_meta":{"origin":51983,"position":1},"title":"Otro dirigente del PRM pasa a la FP: se suma Pedro Alejandro Aguirre, exdiputado por 4 per\u00edodos y 3 veces alcalde","author":"Nelson Feliz","date":"28 de noviembre de 2025","format":false,"excerpt":"El presidente de la Fuerza del Pueblo (FP), Leonel Fern\u00e1ndez, jurament\u00f3 al destacado dirigente puertoplate\u00f1o Pedro Alejandro Aguirre (ALEJA), y su equipo, quienes abandonan las filas del oficialista Partido Revolucionario Moderno (PRM) para integrarse a la organizaci\u00f3n opositora. Aguirre cuenta con una amplia y reconocida trayectoria pol\u00edtica en la provincia\u2026","rel":"","context":"En \u00abPOLITICA\u00bb","block_context":{"text":"POLITICA","link":"https:\/\/lasprimeras.com.do\/index.php\/category\/politica\/"},"img":{"alt_text":"","src":"https:\/\/i0.wp.com\/lasprimeras.com.do\/wp-content\/uploads\/2025\/11\/Leonel-Fernandez-1.jpg?resize=350%2C200&ssl=1","width":350,"height":200,"srcset":"https:\/\/i0.wp.com\/lasprimeras.com.do\/wp-content\/uploads\/2025\/11\/Leonel-Fernandez-1.jpg?resize=350%2C200&ssl=1 1x, https:\/\/i0.wp.com\/lasprimeras.com.do\/wp-content\/uploads\/2025\/11\/Leonel-Fernandez-1.jpg?resize=525%2C300&ssl=1 1.5x, https:\/\/i0.wp.com\/lasprimeras.com.do\/wp-content\/uploads\/2025\/11\/Leonel-Fernandez-1.jpg?resize=700%2C400&ssl=1 2x"},"classes":[]},{"id":50563,"url":"https:\/\/lasprimeras.com.do\/index.php\/2023\/05\/22\/fp-presenta-aspirantes-para-elecciones-municipales-y-congresuales-del-2024\/","url_meta":{"origin":51983,"position":2},"title":"FP presenta aspirantes para elecciones municipales y congresuales del 2024","author":"prenxa100","date":"22 de mayo de 2023","format":false,"excerpt":"Santo Domingo. - En una multitudinaria asamblea donde participaron pol\u00edticos, empresarios, l\u00edderes comunitarios, religiosos, y dem\u00e1s personalidades de la sociedad civil de La Romana, el partido Fuerza del Pueblo, present\u00f3 sus aspirantes a cargos municipales y congresuales de cara a las elecciones pautadas para el a\u00f1o 2024. C\u00e9sar Fern\u00e1ndez, miembro\u2026","rel":"","context":"En \u00abPORTADA\u00bb","block_context":{"text":"PORTADA","link":"https:\/\/lasprimeras.com.do\/index.php\/category\/portada\/"},"img":{"alt_text":"","src":"","width":0,"height":0},"classes":[]},{"id":59254,"url":"https:\/\/lasprimeras.com.do\/index.php\/2023\/09\/01\/fp-aclara-rumores-en-torno-a-la-candidatura-de-julio-romero\/","url_meta":{"origin":51983,"position":3},"title":"FP aclara rumores en torno a la candidatura de Julio Romero","author":"Nelson Feliz","date":"1 de septiembre de 2023","format":false,"excerpt":"El presidente de la Circunscripci\u00f3n Uno de la Fuerza del Pueblo ((FP)) en Santo Domingo Este Luis Hern\u00e1ndez aclar\u00f3 que no hay ning\u00fan tipo de negociaci\u00f3n de candidaturas congresuales y municipales con otros partidos en ese municipio. Hern\u00e1ndez hizo la aclaraci\u00f3n en una asamblea celebrada por el organismo de la\u2026","rel":"","context":"En \u00abPORTADA\u00bb","block_context":{"text":"PORTADA","link":"https:\/\/lasprimeras.com.do\/index.php\/category\/portada\/"},"img":{"alt_text":"Luis Hern\u00e1ndez","src":"https:\/\/i0.wp.com\/lasprimeras.com.do\/wp-content\/uploads\/2023\/09\/Luis-Hernandez.jpg?resize=350%2C200&ssl=1","width":350,"height":200,"srcset":"https:\/\/i0.wp.com\/lasprimeras.com.do\/wp-content\/uploads\/2023\/09\/Luis-Hernandez.jpg?resize=350%2C200&ssl=1 1x, https:\/\/i0.wp.com\/lasprimeras.com.do\/wp-content\/uploads\/2023\/09\/Luis-Hernandez.jpg?resize=525%2C300&ssl=1 1.5x, https:\/\/i0.wp.com\/lasprimeras.com.do\/wp-content\/uploads\/2023\/09\/Luis-Hernandez.jpg?resize=700%2C400&ssl=1 2x"},"classes":[]},{"id":54345,"url":"https:\/\/lasprimeras.com.do\/index.php\/2023\/07\/10\/fp-termina-jornadas-de-inscripcion-de-aspirantes-a-cargos-de-eleccion\/","url_meta":{"origin":51983,"position":4},"title":"FP termina jornadas de inscripci\u00f3n de aspirantes a cargos de elecci\u00f3n","author":"Nelson Feliz","date":"10 de julio de 2023","format":false,"excerpt":"*Multitudes abarrotan la Casa Nacional y locales de la FP en todo el pa\u00eds. El partido Fuerza del Pueblo que dirige y lidera el presidente Leonel Fern\u00e1ndez inform\u00f3 que 4,244 aspirantes a puestos de elecci\u00f3n popular acudieron s\u00e1bado y domingo a los locales del partido Fuerza del Pueblo a formalizar\u2026","rel":"","context":"En \u00abPORTADA\u00bb","block_context":{"text":"PORTADA","link":"https:\/\/lasprimeras.com.do\/index.php\/category\/portada\/"},"img":{"alt_text":"Leonel Fernandez","src":"https:\/\/i0.wp.com\/lasprimeras.com.do\/wp-content\/uploads\/2023\/07\/Leonel-Fernandez.jpg?resize=350%2C200&ssl=1","width":350,"height":200,"srcset":"https:\/\/i0.wp.com\/lasprimeras.com.do\/wp-content\/uploads\/2023\/07\/Leonel-Fernandez.jpg?resize=350%2C200&ssl=1 1x, https:\/\/i0.wp.com\/lasprimeras.com.do\/wp-content\/uploads\/2023\/07\/Leonel-Fernandez.jpg?resize=525%2C300&ssl=1 1.5x, https:\/\/i0.wp.com\/lasprimeras.com.do\/wp-content\/uploads\/2023\/07\/Leonel-Fernandez.jpg?resize=700%2C400&ssl=1 2x"},"classes":[]},{"id":62025,"url":"https:\/\/lasprimeras.com.do\/index.php\/2023\/10\/02\/proclaman-a-juan-hubieres-candidato-a-senador-de-la-fp-por-monte-plata\/","url_meta":{"origin":51983,"position":5},"title":"Proclaman a Juan Hubieres candidato a senador de la FP por Monte Plata","author":"Nelson Feliz","date":"2 de octubre de 2023","format":false,"excerpt":"El l\u00edder del movimiento Rebelde, Juan Hubieres, fue proclamado candidato a senador del partido Fuerza del Pueblo y entidades aliadas por la provincia de Monte Plata, acto en el cual asegur\u00f3 que ganar\u00e1 las elecciones del pr\u00f3ximo a\u00f1o 2024. \u201cDesde el principio de nuestra alianza dimos garant\u00edas a Leonel Fern\u00e1ndez\u2026","rel":"","context":"En \u00abPORTADA\u00bb","block_context":{"text":"PORTADA","link":"https:\/\/lasprimeras.com.do\/index.php\/category\/portada\/"},"img":{"alt_text":"Juan Hubieres","src":"https:\/\/i0.wp.com\/lasprimeras.com.do\/wp-content\/uploads\/2023\/10\/Juan-Hubieres.jpg?resize=350%2C200&ssl=1","width":350,"height":200,"srcset":"https:\/\/i0.wp.com\/lasprimeras.com.do\/wp-content\/uploads\/2023\/10\/Juan-Hubieres.jpg?resize=350%2C200&ssl=1 1x, https:\/\/i0.wp.com\/lasprimeras.com.do\/wp-content\/uploads\/2023\/10\/Juan-Hubieres.jpg?resize=525%2C300&ssl=1 1.5x, https:\/\/i0.wp.com\/lasprimeras.com.do\/wp-content\/uploads\/2023\/10\/Juan-Hubieres.jpg?resize=700%2C400&ssl=1 2x"},"classes":[]}],"jetpack_sharing_enabled":true,"_links":{"self":[{"href":"https:\/\/lasprimeras.com.do\/index.php\/wp-json\/wp\/v2\/posts\/51983","targetHints":{"allow":["GET"]}}],"collection":[{"href":"https:\/\/lasprimeras.com.do\/index.php\/wp-json\/wp\/v2\/posts"}],"about":[{"href":"https:\/\/lasprimeras.com.do\/index.php\/wp-json\/wp\/v2\/types\/post"}],"author":[{"embeddable":true,"href":"https:\/\/lasprimeras.com.do\/index.php\/wp-json\/wp\/v2\/users\/1"}],"replies":[{"embeddable":true,"href":"https:\/\/lasprimeras.com.do\/index.php\/wp-json\/wp\/v2\/comments?post=51983"}],"version-history":[{"count":0,"href":"https:\/\/lasprimeras.com.do\/index.php\/wp-json\/wp\/v2\/posts\/51983\/revisions"}],"wp:featuredmedia":[{"embeddable":true,"href":"https:\/\/lasprimeras.com.do\/index.php\/wp-json\/"}],"wp:attachment":[{"href":"https:\/\/lasprimeras.com.do\/index.php\/wp-json\/wp\/v2\/media?parent=51983"}],"wp:term":[{"taxonomy":"category","embeddable":true,"href":"https:\/\/lasprimeras.com.do\/index.php\/wp-json\/wp\/v2\/categories?post=51983"},{"taxonomy":"post_tag","embeddable":true,"href":"https:\/\/lasprimeras.com.do\/index.php\/wp-json\/wp\/v2\/tags?post=51983"}],"curies":[{"name":"wp","href":"https:\/\/api.w.org\/{rel}","templated":true}]}}