{"id":51993,"date":"2023-06-06T06:52:08","date_gmt":"2023-06-06T10:52:08","guid":{"rendered":"https:\/\/atento.com.do\/?p=51993"},"modified":"2023-06-06T06:52:08","modified_gmt":"2023-06-06T10:52:08","slug":"apresan-mujer-por-intento-de-homicidio-contra-otra-en-bavaro","status":"publish","type":"post","link":"https:\/\/lasprimeras.com.do\/index.php\/2023\/06\/06\/apresan-mujer-por-intento-de-homicidio-contra-otra-en-bavaro\/","title":{"rendered":"Apresan mujer por intento de homicidio contra otra en B\u00e1varo"},"content":{"rendered":"\n<p>Agentes policiales apresaron a una mujer de nacionalidad haitiana quien, junto a otras dos que emprendieron la huida, le ocasion\u00f3 m\u00faltiples heridas cortopunzantes a una compatriota por alegados motivos de celos.<\/p>\n\n\n\n<p>El hecho ocurri\u00f3 en el sector El Hoyo de Friusa, en el paraje de B\u00e1varo, provincia La Altagracia.<\/p>\n\n\n\n<p>Se trata de Chantal Guerre (a) Nana, de 28 a\u00f1os, quien, en compa\u00f1\u00eda de las apodadas \u201cCamela\u201d y \u201cCarla\u201d, ambas pr\u00f3fugas, le propinaron m\u00faltiples heridas con un arma cortante a Stefany Yan, de la misma edad.<\/p>\n\n\n\n<p>Las f\u00e9minas se encontraban consumiendo bebidas alcoh\u00f3licas en un colmado ubicado en el sector El Hoyo de Friusa en B\u00e1varo.<\/p>\n\n\n\n<p>La v\u00edctima sufri\u00f3 heridas en la pierna izquierda, en el antebrazo y amputaci\u00f3n del labio superior, seg\u00fan el diagn\u00f3stico m\u00e9dico expedido en el hospital donde recibe las atenciones de lugar.<\/p>\n\n\n\n<p>Mientras tanto, la Polic\u00eda se mantiene activa en la b\u00fasqueda de las pr\u00f3fugas, para apreciarlas y ponerlas a disposici\u00f3n del Ministerio P\u00fablico, junto a la detenida.<\/p>\n","protected":false},"excerpt":{"rendered":"<p>Agentes policiales apresaron a una mujer de nacionalidad haitiana quien, junto a otras dos que emprendieron la huida, le ocasion\u00f3 m\u00faltiples heridas cortopunzantes a una compatriota por alegados motivos de&hellip;<\/p>\n","protected":false},"author":1,"featured_media":51994,"comment_status":"open","ping_status":"open","sticky":false,"template":"","format":"standard","meta":{"content-type":"","jetpack_post_was_ever_published":false,"_jetpack_newsletter_access":"","_jetpack_dont_email_post_to_subs":false,"_jetpack_newsletter_tier_id":0,"_jetpack_memberships_contains_paywalled_content":false,"_jetpack_memberships_contains_paid_content":false,"footnotes":""},"categories":[35],"tags":[3050,492,429],"class_list":["post-51993","post","type-post","status-publish","format-standard","has-post-thumbnail","hentry","category-nacionales","tag-apresada","tag-homicidio","tag-mujer"],"jetpack_featured_media_url":"","jetpack-related-posts":[{"id":53742,"url":"https:\/\/lasprimeras.com.do\/index.php\/2023\/06\/30\/apresan-acusada-de-ultimar-un-hombre-de-una-estocada-en-spm\/","url_meta":{"origin":51993,"position":0},"title":"Apresan acusada de ultimar un hombre de una estocada en SPM","author":"Nelson Feliz","date":"30 de junio de 2023","format":false,"excerpt":"Fue apresada por miembros de la Polic\u00eda Nacional adscritos al Departamento de Investigaciones (Dicrim) en B\u00e1varo, provincia La Altagracia, mujer acusada de ultimar de una estocada al joven Brayan Sosa en San Pedro de Macor\u00eds. La mujer fue identificada como Daniela Jimenez quien en el pasado mes de abril le\u2026","rel":"","context":"En \u00abNACIONALES\u00bb","block_context":{"text":"NACIONALES","link":"https:\/\/lasprimeras.com.do\/index.php\/category\/nacionales\/"},"img":{"alt_text":"Daniela Jimenez","src":"https:\/\/i0.wp.com\/lasprimeras.com.do\/wp-content\/uploads\/2023\/06\/Daniela-Jimenez.jpg?resize=350%2C200&ssl=1","width":350,"height":200,"srcset":"https:\/\/i0.wp.com\/lasprimeras.com.do\/wp-content\/uploads\/2023\/06\/Daniela-Jimenez.jpg?resize=350%2C200&ssl=1 1x, https:\/\/i0.wp.com\/lasprimeras.com.do\/wp-content\/uploads\/2023\/06\/Daniela-Jimenez.jpg?resize=525%2C300&ssl=1 1.5x"},"classes":[]},{"id":51432,"url":"https:\/\/lasprimeras.com.do\/index.php\/2023\/05\/31\/apresan-mujer-que-ultimo-a-su-esposo-en-boca-chica\/","url_meta":{"origin":51993,"position":1},"title":"Apresan mujer que ultim\u00f3 a su esposo en Boca Chica","author":"prenxa100","date":"31 de mayo de 2023","format":false,"excerpt":"SANTO DOMINGO.-.La Direcci\u00f3n Central de Investigaci\u00f3n (DICRIM) apresaron una mujer por haberle quitado la vida a su esposo a pu\u00f1aladas, en un hecho ocurrido en el sector de Andr\u00e9s, municipio de Boca Chica, provincia Santo Domingo. Se trata de Ydorina V\u00e1zquez P\u00e9rez, de 35 a\u00f1os, quien es se\u00f1alada como la\u2026","rel":"","context":"En \u00abNACIONALES\u00bb","block_context":{"text":"NACIONALES","link":"https:\/\/lasprimeras.com.do\/index.php\/category\/nacionales\/"},"img":{"alt_text":"","src":"","width":0,"height":0},"classes":[]},{"id":65533,"url":"https:\/\/lasprimeras.com.do\/index.php\/2023\/10\/29\/apresan-hombre-acusado-de-homicidio-de-una-mujer-en-santo-domingo-norte\/","url_meta":{"origin":51993,"position":2},"title":"Apresan hombre acusado de homicidio de una mujer en Santo Domingo Norte","author":"Nelson Feliz","date":"29 de octubre de 2023","format":false,"excerpt":"Por Martin Restituyo Agentes policiales de servicio en el municipio de Santo Domingo Norte, apresaron a un hombre requerido por la justicia por su presunta implicaci\u00f3n en la muerte de una mujer, a causa de herida corto punzante, el 18 de agosto del a\u00f1o en curso, cuyo cuerpo fue encontrado\u2026","rel":"","context":"En \u00abMILITARES\u00bb","block_context":{"text":"MILITARES","link":"https:\/\/lasprimeras.com.do\/index.php\/category\/militares\/"},"img":{"alt_text":"preso-celda","src":"https:\/\/i0.wp.com\/lasprimeras.com.do\/wp-content\/uploads\/2023\/06\/preso-celda.jpg?resize=350%2C200&ssl=1","width":350,"height":200,"srcset":"https:\/\/i0.wp.com\/lasprimeras.com.do\/wp-content\/uploads\/2023\/06\/preso-celda.jpg?resize=350%2C200&ssl=1 1x, https:\/\/i0.wp.com\/lasprimeras.com.do\/wp-content\/uploads\/2023\/06\/preso-celda.jpg?resize=525%2C300&ssl=1 1.5x, https:\/\/i0.wp.com\/lasprimeras.com.do\/wp-content\/uploads\/2023\/06\/preso-celda.jpg?resize=700%2C400&ssl=1 2x"},"classes":[]},{"id":96057,"url":"https:\/\/lasprimeras.com.do\/index.php\/2025\/03\/25\/javier-garcia-pide-al-gobierno-garantizar-la-seguridad-en-marcha-de-friusa\/","url_meta":{"origin":51993,"position":3},"title":"Javier Garc\u00eda pide al Gobierno garantizar la seguridad en marcha de Friusa","author":"Nelson Feliz","date":"25 de marzo de 2025","format":false,"excerpt":"El exministro de Turismo, Francisco Javier Garc\u00eda, pidi\u00f3 al Gobierno garantizar la seguridad en la marcha convocada para el 30 de este mes por organizaciones patri\u00f3ticas en el sector de Hoyo de Friusa, del municipio de B\u00e1varo, en la provincia La Altagracia. Dijo que, aunque desconoce si el Ministerio de\u2026","rel":"","context":"En \u00abPOLITICA\u00bb","block_context":{"text":"POLITICA","link":"https:\/\/lasprimeras.com.do\/index.php\/category\/politica\/"},"img":{"alt_text":"Francisco Javier garcia","src":"https:\/\/i0.wp.com\/lasprimeras.com.do\/wp-content\/uploads\/2023\/10\/Francisco-Javier-garcia.jpg?resize=350%2C200&ssl=1","width":350,"height":200,"srcset":"https:\/\/i0.wp.com\/lasprimeras.com.do\/wp-content\/uploads\/2023\/10\/Francisco-Javier-garcia.jpg?resize=350%2C200&ssl=1 1x, https:\/\/i0.wp.com\/lasprimeras.com.do\/wp-content\/uploads\/2023\/10\/Francisco-Javier-garcia.jpg?resize=525%2C300&ssl=1 1.5x, https:\/\/i0.wp.com\/lasprimeras.com.do\/wp-content\/uploads\/2023\/10\/Francisco-Javier-garcia.jpg?resize=700%2C400&ssl=1 2x"},"classes":[]},{"id":62031,"url":"https:\/\/lasprimeras.com.do\/index.php\/2023\/10\/02\/apresan-madre-e-hija-por-tentativa-de-homicidio-a-una-mujer-y-a-homicidio-de-hombre-en-santiago\/","url_meta":{"origin":51993,"position":4},"title":"Apresan madre e hija por tentativa de homicidio a una mujer y a homicidio de hombre en Santiago","author":"Nelson Feliz","date":"2 de octubre de 2023","format":false,"excerpt":"-Identifica y persigue el homicida; le hace un llamado de entrega.- Por Roberto P\u00e9rez Agentes policiales adscritos al Departamento de Homicidios de esta Direcci\u00f3n Regional Cibao Central (Santiago), apresaron en flagrante delito a una mujer y mediante orden de arresto otra, por tentativa de homicidio a una f\u00e9mina y estar\u2026","rel":"","context":"En \u00abMILITARES\u00bb","block_context":{"text":"MILITARES","link":"https:\/\/lasprimeras.com.do\/index.php\/category\/militares\/"},"img":{"alt_text":"Fernando P\u00e9rez Valerio, vocero de la Polic\u00eda Nacional en Santiago.","src":"https:\/\/i0.wp.com\/lasprimeras.com.do\/wp-content\/uploads\/2023\/07\/Fernando-Perez-Valerio.jpg?resize=350%2C200&ssl=1","width":350,"height":200,"srcset":"https:\/\/i0.wp.com\/lasprimeras.com.do\/wp-content\/uploads\/2023\/07\/Fernando-Perez-Valerio.jpg?resize=350%2C200&ssl=1 1x, https:\/\/i0.wp.com\/lasprimeras.com.do\/wp-content\/uploads\/2023\/07\/Fernando-Perez-Valerio.jpg?resize=525%2C300&ssl=1 1.5x"},"classes":[]},{"id":53745,"url":"https:\/\/lasprimeras.com.do\/index.php\/2023\/06\/30\/muere-mujer-al-caer-supuestamente-de-un-cuarto-piso-en-hotel-de-bavaro\/","url_meta":{"origin":51993,"position":5},"title":"Muere mujer al caer supuestamente de un cuarto piso en hotel de B\u00e1varo","author":"Nelson Feliz","date":"30 de junio de 2023","format":false,"excerpt":"Una mujer oriunda de La Romana, perdi\u00f3 la vida, al ser lanzada presuntamente por su pareja sentimental, del cuarto piso de un hotel de la zona tur\u00edstica B\u00e1varo Punta Cana. La v\u00edctima fue identificada como Yessy Yomaira Jim\u00e9nez. Se supo que \u00e9sta se encontraba en un resort con su pareja,\u2026","rel":"","context":"En \u00abNACIONALES\u00bb","block_context":{"text":"NACIONALES","link":"https:\/\/lasprimeras.com.do\/index.php\/category\/nacionales\/"},"img":{"alt_text":"","src":"https:\/\/i0.wp.com\/lasprimeras.com.do\/wp-content\/uploads\/2023\/06\/muere.jpg?resize=350%2C200&ssl=1","width":350,"height":200,"srcset":"https:\/\/i0.wp.com\/lasprimeras.com.do\/wp-content\/uploads\/2023\/06\/muere.jpg?resize=350%2C200&ssl=1 1x, https:\/\/i0.wp.com\/lasprimeras.com.do\/wp-content\/uploads\/2023\/06\/muere.jpg?resize=525%2C300&ssl=1 1.5x"},"classes":[]}],"jetpack_sharing_enabled":true,"_links":{"self":[{"href":"https:\/\/lasprimeras.com.do\/index.php\/wp-json\/wp\/v2\/posts\/51993","targetHints":{"allow":["GET"]}}],"collection":[{"href":"https:\/\/lasprimeras.com.do\/index.php\/wp-json\/wp\/v2\/posts"}],"about":[{"href":"https:\/\/lasprimeras.com.do\/index.php\/wp-json\/wp\/v2\/types\/post"}],"author":[{"embeddable":true,"href":"https:\/\/lasprimeras.com.do\/index.php\/wp-json\/wp\/v2\/users\/1"}],"replies":[{"embeddable":true,"href":"https:\/\/lasprimeras.com.do\/index.php\/wp-json\/wp\/v2\/comments?post=51993"}],"version-history":[{"count":0,"href":"https:\/\/lasprimeras.com.do\/index.php\/wp-json\/wp\/v2\/posts\/51993\/revisions"}],"wp:featuredmedia":[{"embeddable":true,"href":"https:\/\/lasprimeras.com.do\/index.php\/wp-json\/"}],"wp:attachment":[{"href":"https:\/\/lasprimeras.com.do\/index.php\/wp-json\/wp\/v2\/media?parent=51993"}],"wp:term":[{"taxonomy":"category","embeddable":true,"href":"https:\/\/lasprimeras.com.do\/index.php\/wp-json\/wp\/v2\/categories?post=51993"},{"taxonomy":"post_tag","embeddable":true,"href":"https:\/\/lasprimeras.com.do\/index.php\/wp-json\/wp\/v2\/tags?post=51993"}],"curies":[{"name":"wp","href":"https:\/\/api.w.org\/{rel}","templated":true}]}}