{"id":52001,"date":"2023-06-06T07:42:25","date_gmt":"2023-06-06T11:42:25","guid":{"rendered":"https:\/\/atento.com.do\/?p=52001"},"modified":"2023-06-06T07:42:25","modified_gmt":"2023-06-06T11:42:25","slug":"homs-recibe-reconocimiento-por-aportes-al-turismo-de-salud-en-el-destino-santiago","status":"publish","type":"post","link":"https:\/\/lasprimeras.com.do\/index.php\/2023\/06\/06\/homs-recibe-reconocimiento-por-aportes-al-turismo-de-salud-en-el-destino-santiago\/","title":{"rendered":"HOMS recibe reconocimiento por aportes al turismo de salud en el destino Santiago"},"content":{"rendered":"\n<p>El pasado a\u00f1o el hospital recibi\u00f3 la certificaci\u00f3n de Accreditation Canada por contar con procesos de atenci\u00f3n centrados en la calidad y la seguridad del paciente con est\u00e1ndares de clase mundial.<\/p>\n\n\n\n<p><strong>Santiago. &#8211;<\/strong> El comit\u00e9 organizador de Expoturismo 2023, la m\u00e1s tradicional feria tur\u00edstica que se realiza en la regi\u00f3n del Cibao, junto al Cl\u00faster Santiago Destino Tur\u00edstico, reconocieron al Hospital Metropolitano de Santiago (HOMS) por sus importantes logros y aportes al desarrollo del turismo de salud favoreciendo el fortalecimiento del destino Santiago.<\/p>\n\n\n\n<p>La directora ejecutiva de la feria, Carmen Yomaris G\u00f3mez, expres\u00f3 que en esta vig\u00e9simo sexta edici\u00f3n de la mayor plataforma de promoci\u00f3n del turismo de la zona norte, reconocen al HOMS por la importante certificaci\u00f3n internacional que recibieron de Accreditation Canada (ACI), que eleva la calidad de los servicios de salud, acorde con los avances cient\u00edficos y tecnol\u00f3gicos del mundo, impulsado as\u00ed el turismo de salud y turismo m\u00e9dico de la regi\u00f3n norte.<\/p>\n\n\n\n<p>Al recibir la distinci\u00f3n, el doctor H\u00e9ctor S\u00e1nchez Navarro, subdirector general del HOMS, dijo sentirse muy agradecido por el esfuerzo y persistencia de los equipos competitivos, vocacionales y fuertemente comprometidos que integran el hospital, siendo referentes en innovaci\u00f3n y en calidad asistencial.<\/p>\n\n\n\n<p>\u201cEn 15 a\u00f1os, en el HOMS hemos contribuido a mejorar la salud en nuestro pa\u00eds y la regi\u00f3n, a trav\u00e9s de una mayor especializaci\u00f3n, con la incorporaci\u00f3n de servicios altamente especializados y diferenciadoras, como la cirug\u00eda rob\u00f3tica; aun nos quedan muchos retos y largo camino por recorrer\u201d, afirm\u00f3 el doctor S\u00e1nchez Navarro.<\/p>\n\n\n\n<figure class=\"wp-block-image size-full\"><img decoding=\"async\" src=\"https:\/\/atento.com.do\/wp-content\/uploads\/2023\/06\/Secilio-Espinal-Hector-Sanchez-Navarro-Yanilsa-Cruz-y-Jose-Clase.jpg\" alt=\"\" class=\"wp-image-52003\"\/><\/figure>\n\n\n\n<p>Durante la actividad efectuada en el Centro de Convenciones del Hodelpa Gran Almirante de Santiago, y a la que tambi\u00e9n asisti\u00f3 Jos\u00e9 Clase, miembro del Consejo de Administraci\u00f3n del Homs, destacaron que la visi\u00f3n del HOMS es ser el hospital privado l\u00edder en la Rep\u00fablica Dominicana y un modelo internacional, y por ello se encuentran inmersos en el desarrollo del Homs Health and Wellness Center (HHWC), para complementar su actual oferta de servicio de turismo de salud.<\/p>\n\n\n\n<p>El HOMS es miembro de la Asociaci\u00f3n Dominicana de Turismo de Salud y la Asociaci\u00f3n de Hoteles y Turismo de la Rep\u00fablica Dominicana (Asonahores).<\/p>\n\n\n\n<p>De acuerdo con la Medical Tourism Association (MTA) en su m\u00e1s reciente estudio denominado Medical Tourism Index de 2020-2021, nuestro pa\u00eds es el destino n\u00famero 1 en el Caribe, n\u00famero 2 en Latinoam\u00e9rica.<\/p>\n\n\n\n<p><strong>Homs Health and Wellness Center (HHWC)<\/strong><\/p>\n\n\n\n<p>El Hospital Metropolitano de Santiago y Marriott International, firmaron un contrato para el desarrollo del Residence Inn by Marriott \u2013 HOMS Health and Wellness Center, una torre profesional \u2013 hotel, que consolidar\u00e1 el turismo de salud para la Regi\u00f3n Norte y toda Rep\u00fablica Dominicana.<\/p>\n\n\n\n<p>El proyecto cuenta con dos edificios, uno de trece niveles, de los cuales 10 est\u00e1n dedicados a espacios de consulta m\u00e9dica profesional, con consultorios de \u00faltima generaci\u00f3n, espacios dise\u00f1ados para reuni\u00f3n y tratamiento en especialidades como estomatolog\u00eda y salud oral, centro de salud masculina, oftalmolog\u00eda, Wellness Center y el Instituto Bari\u00e1trico y Digestivo Meta \u00cdntegra, y un laboratorio de investigaci\u00f3n biom\u00e9dica.<\/p>\n\n\n\n<p>Asimismo, el hotel contar\u00e1 con 111 habitaciones tipo wellness de estad\u00edas prolongadas, para todo tipo de hu\u00e9sped que necesite un hotel en determinada ocasi\u00f3n.<\/p>\n\n\n\n<p>Adem\u00e1s, servir\u00e1 como alojamiento a los acompa\u00f1antes de los familiares de los pacientes, y a los pacientes mismos para etapas de recuperaci\u00f3n. As\u00ed tambi\u00e9n a profesionales extranjeros que vienen al HOMS, a Santiago y a la regi\u00f3n a realizar procedimientos.<\/p>\n\n\n\n<p>El complejo profesional cuenta adicionalmente con un centro de convenciones, con una capacidad de casi cuatrocientas personas, salones auxiliares de negocios, aulas m\u00faltiples y espacios para eventos, con m\u00e1s de 700 parqueos.<\/p>\n\n\n\n<p>El HOMS brinda atenci\u00f3n centrada en la calidad y seguridad del paciente y los colaboradores, se mantiene a la vanguardia con centros m\u00e9dicos especializados y equipados con la \u00faltima tecnolog\u00eda.<\/p>\n","protected":false},"excerpt":{"rendered":"<p>El pasado a\u00f1o el hospital recibi\u00f3 la certificaci\u00f3n de Accreditation Canada por contar con procesos de atenci\u00f3n centrados en la calidad y la seguridad del paciente con est\u00e1ndares de clase&hellip;<\/p>\n","protected":false},"author":1,"featured_media":52002,"comment_status":"open","ping_status":"open","sticky":false,"template":"","format":"standard","meta":{"content-type":"","jetpack_post_was_ever_published":false,"_jetpack_newsletter_access":"","_jetpack_dont_email_post_to_subs":false,"_jetpack_newsletter_tier_id":0,"_jetpack_memberships_contains_paywalled_content":false,"_jetpack_memberships_contains_paid_content":false,"footnotes":""},"categories":[1],"tags":[1244,3053,1563,3054],"class_list":["post-52001","post","type-post","status-publish","format-standard","has-post-thumbnail","hentry","category-sin-categoria","tag-aportes","tag-homs","tag-reconocimiento","tag-turismo-de-salud"],"jetpack_featured_media_url":"","jetpack-related-posts":[{"id":80362,"url":"https:\/\/lasprimeras.com.do\/index.php\/2024\/04\/08\/homs-wellness-fue-inaugurado-santiago\/","url_meta":{"origin":52001,"position":0},"title":"HOMS Wellness fue inaugurado Santiago","author":"BIMARY DE JES\u00daS Matos","date":"8 de abril de 2024","format":false,"excerpt":"Santiago.- El HOMS Health and Wellness Center, en Santiago, fue inaugurado el pasado s\u00e1bado, el cual proyecta fortalecer el turismo de salud en esa provincia, as\u00ed como el crecimiento econ\u00f3mico Y creaci\u00f3n de empleos. El moderno complejo fue levantado con una inversi\u00f3n superior a los US$102 millones, y cuenta con\u2026","rel":"","context":"En \u00abNACIONALES\u00bb","block_context":{"text":"NACIONALES","link":"https:\/\/lasprimeras.com.do\/index.php\/category\/nacionales\/"},"img":{"alt_text":"","src":"https:\/\/i0.wp.com\/lasprimeras.com.do\/wp-content\/uploads\/2024\/04\/6a0c8a05-4f4b-48f5-a1d9-1ad180753c4a-7.jpg?resize=350%2C200&ssl=1","width":350,"height":200},"classes":[]},{"id":57694,"url":"https:\/\/lasprimeras.com.do\/index.php\/2023\/08\/14\/homs-lidera-ranking-reputacional-en-el-sector-salud\/","url_meta":{"origin":52001,"position":1},"title":"HOMS lidera ranking reputacional en el sector salud","author":"Nelson Feliz","date":"14 de agosto de 2023","format":false,"excerpt":"Merco, primer monitor auditado del mundo, coloca en la posici\u00f3n #1 al Hospital Metropolitano de Santiago como organizaci\u00f3n con mejor reputaci\u00f3n del sector salud de RD, y en la lista de las 100 empresas m\u00e1s reputadas. Merco, monitor corporativo de referencia en Iberoam\u00e9rica que eval\u00faa la reputaci\u00f3n de las empresas\u2026","rel":"","context":"En \u00abSin categor\u00eda\u00bb","block_context":{"text":"Sin categor\u00eda","link":"https:\/\/lasprimeras.com.do\/index.php\/category\/sin-categoria\/"},"img":{"alt_text":"Homs Santiago","src":"https:\/\/i0.wp.com\/lasprimeras.com.do\/wp-content\/uploads\/2023\/08\/Homs-Santiago.jpg?resize=350%2C200&ssl=1","width":350,"height":200,"srcset":"https:\/\/i0.wp.com\/lasprimeras.com.do\/wp-content\/uploads\/2023\/08\/Homs-Santiago.jpg?resize=350%2C200&ssl=1 1x, https:\/\/i0.wp.com\/lasprimeras.com.do\/wp-content\/uploads\/2023\/08\/Homs-Santiago.jpg?resize=525%2C300&ssl=1 1.5x, https:\/\/i0.wp.com\/lasprimeras.com.do\/wp-content\/uploads\/2023\/08\/Homs-Santiago.jpg?resize=700%2C400&ssl=1 2x"},"classes":[]},{"id":81089,"url":"https:\/\/lasprimeras.com.do\/index.php\/2024\/04\/16\/homs-y-ars-universal-firman-acuerdo-para-cobertura-de-prostatectomias-roboticas\/","url_meta":{"origin":52001,"position":2},"title":"HOMS y ARS Universal firman acuerdo para cobertura de prostatectom\u00edas rob\u00f3ticas","author":"Nelson Feliz","date":"16 de abril de 2024","format":false,"excerpt":"El convenio busca ofrecer mayores facilidades a los pacientes con c\u00e1ncer de pr\u00f3stata que requieren intervenci\u00f3n quir\u00fargica. El Hospital Metropolitano de Santiago (HOMS) y ARS Universal, firmaron un acuerdo que beneficia a los afiliados diagnosticados con c\u00e1ncer de pr\u00f3stata quienes tendr\u00e1n acceso a la cobertura de la prostatectom\u00eda radical asistida\u2026","rel":"","context":"En \u00abSin categor\u00eda\u00bb","block_context":{"text":"Sin categor\u00eda","link":"https:\/\/lasprimeras.com.do\/index.php\/category\/sin-categoria\/"},"img":{"alt_text":"Representante de HOMS y ARS Universal (1)","src":"https:\/\/i0.wp.com\/lasprimeras.com.do\/wp-content\/uploads\/2024\/04\/Representante-de-HOMS-y-ARS-Universal-1.jpg?resize=350%2C200&ssl=1","width":350,"height":200,"srcset":"https:\/\/i0.wp.com\/lasprimeras.com.do\/wp-content\/uploads\/2024\/04\/Representante-de-HOMS-y-ARS-Universal-1.jpg?resize=350%2C200&ssl=1 1x, https:\/\/i0.wp.com\/lasprimeras.com.do\/wp-content\/uploads\/2024\/04\/Representante-de-HOMS-y-ARS-Universal-1.jpg?resize=525%2C300&ssl=1 1.5x"},"classes":[]},{"id":125641,"url":"https:\/\/lasprimeras.com.do\/index.php\/2026\/03\/25\/leonel-fernandez-afirma-que-la-ia-inaugura-una-nueva-era-en-la-medicina\/","url_meta":{"origin":52001,"position":3},"title":"Leonel Fern\u00e1ndez afirma que la IA inaugura una nueva era en la medicina","author":"Nelson Feliz","date":"25 de marzo de 2026","format":false,"excerpt":"Expresidente Fern\u00e1ndez plantea convertir a la Rep\u00fablica Dominicana en un hub de innovaci\u00f3n en salud. El expresidente de la Rep\u00fablica y presidente de la Fundaci\u00f3n Global Democracia y Desarrollo (Funglode), Leonel Fern\u00e1ndez, afirm\u00f3 este martes que la inteligencia artificial est\u00e1 marcando el inicio de una nueva etapa en la medicina,\u2026","rel":"","context":"En \u00abPOLITICA\u00bb","block_context":{"text":"POLITICA","link":"https:\/\/lasprimeras.com.do\/index.php\/category\/politica\/"},"img":{"alt_text":"Leonel Fern\u00e1ndez","src":"https:\/\/i0.wp.com\/lasprimeras.com.do\/wp-content\/uploads\/2026\/03\/Leonel-Fernandez-1.jpg?resize=350%2C200&ssl=1","width":350,"height":200,"srcset":"https:\/\/i0.wp.com\/lasprimeras.com.do\/wp-content\/uploads\/2026\/03\/Leonel-Fernandez-1.jpg?resize=350%2C200&ssl=1 1x, https:\/\/i0.wp.com\/lasprimeras.com.do\/wp-content\/uploads\/2026\/03\/Leonel-Fernandez-1.jpg?resize=525%2C300&ssl=1 1.5x, https:\/\/i0.wp.com\/lasprimeras.com.do\/wp-content\/uploads\/2026\/03\/Leonel-Fernandez-1.jpg?resize=700%2C400&ssl=1 2x"},"classes":[]},{"id":75192,"url":"https:\/\/lasprimeras.com.do\/index.php\/2024\/01\/30\/cluster-turistico-valora-como-muy-positiva-presencia-de-santiago-en-fitur-2024\/","url_meta":{"origin":52001,"position":4},"title":"Cl\u00faster Tur\u00edstico valora como muy positiva presencia de Santiago en FITUR 2024","author":"BIMARY DE JES\u00daS Matos","date":"30 de enero de 2024","format":false,"excerpt":"Santo Domingo.-Para el Cl\u00faster Santiago Destino Tur\u00edstico la presencia de la ciudad Coraz\u00f3n una vez m\u00e1s en el Stand de la Rep\u00fablica Dominicana en la Feria FITUR constituy\u00f3 un extraordinario \u00e9xito que viene a fortalecer los esfuerzos por el desarrollo de este important\u00edsimo sector econ\u00f3mico en esta urbe. Para esta\u2026","rel":"","context":"En \u00abPORTADA\u00bb","block_context":{"text":"PORTADA","link":"https:\/\/lasprimeras.com.do\/index.php\/category\/portada\/"},"img":{"alt_text":"","src":"https:\/\/i0.wp.com\/lasprimeras.com.do\/wp-content\/uploads\/2024\/01\/Diseno-sin-titulo-10-4.jpg?resize=350%2C200&ssl=1","width":350,"height":200,"srcset":"https:\/\/i0.wp.com\/lasprimeras.com.do\/wp-content\/uploads\/2024\/01\/Diseno-sin-titulo-10-4.jpg?resize=350%2C200&ssl=1 1x, https:\/\/i0.wp.com\/lasprimeras.com.do\/wp-content\/uploads\/2024\/01\/Diseno-sin-titulo-10-4.jpg?resize=525%2C300&ssl=1 1.5x"},"classes":[]},{"id":57179,"url":"https:\/\/lasprimeras.com.do\/index.php\/2023\/08\/09\/senado-reconoce-trayectoria-del-cirujano-rafael-sanchez-espanol\/","url_meta":{"origin":52001,"position":5},"title":"Senado reconoce trayectoria, del cirujano Rafael S\u00e1nchez Espa\u00f1ol","author":"Nelson Feliz","date":"9 de agosto de 2023","format":false,"excerpt":"El reconocimiento al galeno se realiza luego de que el Pleno Senatorial aprobara a unanimidad una resoluci\u00f3n sometida por el presidente de la C\u00e1mara Alta, Eduardo Estrella. El Senado de la Rep\u00fablica reconoci\u00f3 al doctor Rafael S\u00e1nchez Espa\u00f1ol, por su larga trayectoria profesional y sus aportes como m\u00e9dico, pionero en\u2026","rel":"","context":"En \u00abNACIONALES\u00bb","block_context":{"text":"NACIONALES","link":"https:\/\/lasprimeras.com.do\/index.php\/category\/nacionales\/"},"img":{"alt_text":"Pleno Senatorial aprobara a unanimidad una resoluci\u00f3n sometida por el presidente de la C\u00e1mara Alta, Eduardo Estrella.","src":"https:\/\/i0.wp.com\/lasprimeras.com.do\/wp-content\/uploads\/2023\/08\/Senado-1.jpg?resize=350%2C200&ssl=1","width":350,"height":200,"srcset":"https:\/\/i0.wp.com\/lasprimeras.com.do\/wp-content\/uploads\/2023\/08\/Senado-1.jpg?resize=350%2C200&ssl=1 1x, https:\/\/i0.wp.com\/lasprimeras.com.do\/wp-content\/uploads\/2023\/08\/Senado-1.jpg?resize=525%2C300&ssl=1 1.5x, https:\/\/i0.wp.com\/lasprimeras.com.do\/wp-content\/uploads\/2023\/08\/Senado-1.jpg?resize=700%2C400&ssl=1 2x"},"classes":[]}],"jetpack_sharing_enabled":true,"_links":{"self":[{"href":"https:\/\/lasprimeras.com.do\/index.php\/wp-json\/wp\/v2\/posts\/52001","targetHints":{"allow":["GET"]}}],"collection":[{"href":"https:\/\/lasprimeras.com.do\/index.php\/wp-json\/wp\/v2\/posts"}],"about":[{"href":"https:\/\/lasprimeras.com.do\/index.php\/wp-json\/wp\/v2\/types\/post"}],"author":[{"embeddable":true,"href":"https:\/\/lasprimeras.com.do\/index.php\/wp-json\/wp\/v2\/users\/1"}],"replies":[{"embeddable":true,"href":"https:\/\/lasprimeras.com.do\/index.php\/wp-json\/wp\/v2\/comments?post=52001"}],"version-history":[{"count":0,"href":"https:\/\/lasprimeras.com.do\/index.php\/wp-json\/wp\/v2\/posts\/52001\/revisions"}],"wp:featuredmedia":[{"embeddable":true,"href":"https:\/\/lasprimeras.com.do\/index.php\/wp-json\/"}],"wp:attachment":[{"href":"https:\/\/lasprimeras.com.do\/index.php\/wp-json\/wp\/v2\/media?parent=52001"}],"wp:term":[{"taxonomy":"category","embeddable":true,"href":"https:\/\/lasprimeras.com.do\/index.php\/wp-json\/wp\/v2\/categories?post=52001"},{"taxonomy":"post_tag","embeddable":true,"href":"https:\/\/lasprimeras.com.do\/index.php\/wp-json\/wp\/v2\/tags?post=52001"}],"curies":[{"name":"wp","href":"https:\/\/api.w.org\/{rel}","templated":true}]}}