{"id":52017,"date":"2023-06-06T10:04:15","date_gmt":"2023-06-06T14:04:15","guid":{"rendered":"https:\/\/atento.com.do\/?p=52017"},"modified":"2023-06-06T10:04:15","modified_gmt":"2023-06-06T14:04:15","slug":"sismo-magnitud-49-deja-tres-muertos-y-heridos-en-el-sur-de-haiti","status":"publish","type":"post","link":"https:\/\/lasprimeras.com.do\/index.php\/2023\/06\/06\/sismo-magnitud-49-deja-tres-muertos-y-heridos-en-el-sur-de-haiti\/","title":{"rendered":"Sismo magnitud 4,9 deja tres muertos y heridos en el Sur de Hait\u00ed"},"content":{"rendered":"\n<p><strong>PUERTO PR\u00cdNCIPE.-<\/strong> Un sismo con una magnitud preliminar de 4,9 remeci\u00f3 el sur de Hait\u00ed en la madrugada del martes y caus\u00f3 al menos tres muertos y varios heridos, seg\u00fan las autoridades.<\/p>\n\n\n\n<p>El terremoto se registr\u00f3 antes del amanecer cerca de la ciudad costera de Jeremie, a una profundidad de 10 kil\u00f3metros (seis millas), seg\u00fan el Servicio Geol\u00f3gico de Estados Unidos.<\/p>\n\n\n\n<p>Los tres cad\u00e1veres fueron encontrados bajo una casa derrumbada donde los rescatistas buscaban a m\u00e1s personas, explic\u00f3 Frankel Maginaire, de la Agencia de Protecci\u00f3n Civil de Hait\u00ed en Jeremie.<\/p>\n\n\n\n<p>Varios ni\u00f1os fueron hospitalizados para ser tratados por las lesiones que sufrieron tras salir corriendo presas del p\u00e1nico.<\/p>\n\n\n\n<p>Una multitud de gente se agolpaba en las calles tras el sismo, ansiosos por las r\u00e9plicas.<\/p>\n\n\n\n<p>El movimiento tel\u00farico se produjo a casi un a\u00f1o de que otro de magnitud 7,2 que sacudi\u00f3 el sur de Hait\u00ed, con Les Cayes como la zona m\u00e1s afectada, y mat\u00f3 a m\u00e1s de 2.200 personas. Algunos de los que perdieron su casa el pasado agosto siguen viviendo en campamentos.<\/p>\n\n\n\n<p>En 2010, un sismo de magnitud 7 registrado cerca de Puerto Pr\u00edncipe, la capital densamente poblada, se cobr\u00f3 la vida de al menos a 200.000 personas y dej\u00f3 da\u00f1os generalizados en edificios.<\/p>\n","protected":false},"excerpt":{"rendered":"<p>PUERTO PR\u00cdNCIPE.- Un sismo con una magnitud preliminar de 4,9 remeci\u00f3 el sur de Hait\u00ed en la madrugada del martes y caus\u00f3 al menos tres muertos y varios heridos, seg\u00fan&hellip;<\/p>\n","protected":false},"author":1,"featured_media":52018,"comment_status":"open","ping_status":"open","sticky":false,"template":"","format":"standard","meta":{"content-type":"","jetpack_post_was_ever_published":false,"_jetpack_newsletter_access":"","_jetpack_dont_email_post_to_subs":false,"_jetpack_newsletter_tier_id":0,"_jetpack_memberships_contains_paywalled_content":false,"_jetpack_memberships_contains_paid_content":false,"footnotes":""},"categories":[25],"tags":[217,1467,1824,686,1826],"class_list":["post-52017","post","type-post","status-publish","format-standard","has-post-thumbnail","hentry","category-portada","tag-haiti","tag-heridos","tag-magnitud","tag-muertos","tag-sismo"],"jetpack_featured_media_url":"","jetpack-related-posts":[{"id":71296,"url":"https:\/\/lasprimeras.com.do\/index.php\/2023\/12\/19\/china-al-menos-86-muertos-y-100-heridos-por-un-sismo\/","url_meta":{"origin":52017,"position":0},"title":"CHINA: Al menos 86 muertos y 100 heridos por un sismo","author":"BIMARY DE JES\u00daS Matos","date":"19 de diciembre de 2023","format":false,"excerpt":"BEIJING.- Al menos 86 personas han muerto y otras 96 han resultado heridas por un terremoto de magnitud 6,2 que ha tenido lugar durante la madrugada de este martes en la provincia de Gansu, en el noroeste de China. Como consecuencia del se\u00edsmo, edificios e infraestructuras han sufrido da\u00f1os de\u2026","rel":"","context":"En \u00abSin categor\u00eda\u00bb","block_context":{"text":"Sin categor\u00eda","link":"https:\/\/lasprimeras.com.do\/index.php\/category\/sin-categoria\/"},"img":{"alt_text":"","src":"https:\/\/i0.wp.com\/lasprimeras.com.do\/wp-content\/uploads\/2023\/12\/con-6-5.jpg?resize=350%2C200&ssl=1","width":350,"height":200,"srcset":"https:\/\/i0.wp.com\/lasprimeras.com.do\/wp-content\/uploads\/2023\/12\/con-6-5.jpg?resize=350%2C200&ssl=1 1x, https:\/\/i0.wp.com\/lasprimeras.com.do\/wp-content\/uploads\/2023\/12\/con-6-5.jpg?resize=525%2C300&ssl=1 1.5x"},"classes":[]},{"id":59933,"url":"https:\/\/lasprimeras.com.do\/index.php\/2023\/09\/08\/reportan-decenas-de-muertos-y-personas-bajo-los-escombros-por-el-terremoto-en-marruecos\/","url_meta":{"origin":52017,"position":1},"title":"Reportan decenas de muertos y personas bajo los escombros por el terremoto en Marruecos","author":"Nelson Feliz","date":"8 de septiembre de 2023","format":false,"excerpt":"De momento, no hay cifras oficiales de la cantidad de muertos y heridos, y medios de comunicaci\u00f3n marroqu\u00edes informan de diferentes n\u00fameros de v\u00edctimas mortales: desde decenas hasta m\u00e1s de un centenar. El sismo de 6,9 que sacudi\u00f3 varias ciudades de Marruecos la noche de este viernes se ha cobrado\u2026","rel":"","context":"En \u00abSin categor\u00eda\u00bb","block_context":{"text":"Sin categor\u00eda","link":"https:\/\/lasprimeras.com.do\/index.php\/category\/sin-categoria\/"},"img":{"alt_text":"La gente se refugia en una calle tras el terremoto, Rabat, Marruecos, el 8 de septiembre de 2023 Mosa'ab Elshamy \/ AP","src":"https:\/\/i0.wp.com\/lasprimeras.com.do\/wp-content\/uploads\/2023\/09\/La-gente-se-refugia-en-una-calle-tras-el-terremoto-Rabat-Marruecos.jpg?resize=350%2C200&ssl=1","width":350,"height":200,"srcset":"https:\/\/i0.wp.com\/lasprimeras.com.do\/wp-content\/uploads\/2023\/09\/La-gente-se-refugia-en-una-calle-tras-el-terremoto-Rabat-Marruecos.jpg?resize=350%2C200&ssl=1 1x, https:\/\/i0.wp.com\/lasprimeras.com.do\/wp-content\/uploads\/2023\/09\/La-gente-se-refugia-en-una-calle-tras-el-terremoto-Rabat-Marruecos.jpg?resize=525%2C300&ssl=1 1.5x, https:\/\/i0.wp.com\/lasprimeras.com.do\/wp-content\/uploads\/2023\/09\/La-gente-se-refugia-en-una-calle-tras-el-terremoto-Rabat-Marruecos.jpg?resize=700%2C400&ssl=1 2x"},"classes":[]},{"id":115350,"url":"https:\/\/lasprimeras.com.do\/index.php\/2025\/11\/21\/sismo-de-magnitud-55-remece-centro-de-banglades-deja-al-menos-6-muertos\/","url_meta":{"origin":52017,"position":2},"title":"Sismo de magnitud 5,5 remece centro de Banglad\u00e9s deja al menos 6 muertos","author":"Nelson Feliz","date":"21 de noviembre de 2025","format":false,"excerpt":"DACA, Bangladesh (AP) \u2014 Un terremoto de magnitud 5,5 sacudi\u00f3 el centro de Bangladesh el viernes y se cobr\u00f3 la vida de al menos seis personas, adem\u00e1s de dejar decenas de heridos, seg\u00fan las autoridades. En la capital, Daca, los edificios se remecieron durante el temblor, lo que llev\u00f3 a\u2026","rel":"","context":"En \u00abINTERNACIONALES\u00bb","block_context":{"text":"INTERNACIONALES","link":"https:\/\/lasprimeras.com.do\/index.php\/category\/sin-categoria\/internacionales\/"},"img":{"alt_text":"","src":"https:\/\/i0.wp.com\/lasprimeras.com.do\/wp-content\/uploads\/2025\/11\/Sismo-de-magnitud-55.jpg?resize=350%2C200&ssl=1","width":350,"height":200,"srcset":"https:\/\/i0.wp.com\/lasprimeras.com.do\/wp-content\/uploads\/2025\/11\/Sismo-de-magnitud-55.jpg?resize=350%2C200&ssl=1 1x, https:\/\/i0.wp.com\/lasprimeras.com.do\/wp-content\/uploads\/2025\/11\/Sismo-de-magnitud-55.jpg?resize=525%2C300&ssl=1 1.5x, https:\/\/i0.wp.com\/lasprimeras.com.do\/wp-content\/uploads\/2025\/11\/Sismo-de-magnitud-55.jpg?resize=700%2C400&ssl=1 2x"},"classes":[]},{"id":71957,"url":"https:\/\/lasprimeras.com.do\/index.php\/2023\/12\/25\/16-sismos-se-han-registrado-en-tres-dias-en-la-zona-de-miches-y-samana\/","url_meta":{"origin":52017,"position":3},"title":"16 sismos se han registrado en tres d\u00edas en la zona de Miches y Saman\u00e1","author":"Nelson Feliz","date":"25 de diciembre de 2023","format":false,"excerpt":"-Osiris de Le\u00f3n advierte mayor\u00eda de sismos se han concentrado en una zona donde en 1946 ocurri\u00f3 el mayor terremoto registrado en la regi\u00f3n. -Al mediod\u00eda de este lunes van siete temblores en la zona. En los \u00faltimos tres d\u00edas han ocurrido al menos 16 sismos en las proximidades de\u2026","rel":"","context":"En \u00abNACIONALES\u00bb","block_context":{"text":"NACIONALES","link":"https:\/\/lasprimeras.com.do\/index.php\/category\/nacionales\/"},"img":{"alt_text":"","src":"https:\/\/i0.wp.com\/lasprimeras.com.do\/wp-content\/uploads\/2023\/12\/sismos-1.jpeg?resize=350%2C200&ssl=1","width":350,"height":200,"srcset":"https:\/\/i0.wp.com\/lasprimeras.com.do\/wp-content\/uploads\/2023\/12\/sismos-1.jpeg?resize=350%2C200&ssl=1 1x, https:\/\/i0.wp.com\/lasprimeras.com.do\/wp-content\/uploads\/2023\/12\/sismos-1.jpeg?resize=525%2C300&ssl=1 1.5x, https:\/\/i0.wp.com\/lasprimeras.com.do\/wp-content\/uploads\/2023\/12\/sismos-1.jpeg?resize=700%2C400&ssl=1 2x, https:\/\/i0.wp.com\/lasprimeras.com.do\/wp-content\/uploads\/2023\/12\/sismos-1.jpeg?resize=1050%2C600&ssl=1 3x"},"classes":[]},{"id":97552,"url":"https:\/\/lasprimeras.com.do\/index.php\/2025\/04\/23\/sismo-en-el-mar-de-marmara-sacude-estambul\/","url_meta":{"origin":52017,"position":4},"title":"Sismo en el mar de M\u00e1rmara sacude Estambul","author":"Nelson Feliz","date":"23 de abril de 2025","format":false,"excerpt":". No hay reportes inmediatos de da\u00f1os. ESTAMBUL (AP) \u2014 Un sismo con una magnitud preliminar de 6,2 remeci\u00f3 Estambul el mi\u00e9rcoles, seg\u00fan la agencia de gesti\u00f3n de emergencias de Turqu\u00eda. No se reportaron da\u00f1os ni heridos de inmediato. El terremoto se registr\u00f3 a una profundidad de 10 kil\u00f3metros (unas\u2026","rel":"","context":"En \u00abINTERNACIONALES\u00bb","block_context":{"text":"INTERNACIONALES","link":"https:\/\/lasprimeras.com.do\/index.php\/category\/sin-categoria\/internacionales\/"},"img":{"alt_text":"","src":"https:\/\/i0.wp.com\/lasprimeras.com.do\/wp-content\/uploads\/2023\/07\/sismo.jpg?resize=350%2C200&ssl=1","width":350,"height":200,"srcset":"https:\/\/i0.wp.com\/lasprimeras.com.do\/wp-content\/uploads\/2023\/07\/sismo.jpg?resize=350%2C200&ssl=1 1x, https:\/\/i0.wp.com\/lasprimeras.com.do\/wp-content\/uploads\/2023\/07\/sismo.jpg?resize=525%2C300&ssl=1 1.5x, https:\/\/i0.wp.com\/lasprimeras.com.do\/wp-content\/uploads\/2023\/07\/sismo.jpg?resize=700%2C400&ssl=1 2x"},"classes":[]},{"id":91126,"url":"https:\/\/lasprimeras.com.do\/index.php\/2024\/11\/10\/reportan-algunos-danos-materiales-causa-de-terremotos-en-cuba\/","url_meta":{"origin":52017,"position":5},"title":"Reportan algunos da\u00f1os materiales causa de terremotos en Cuba","author":"Nelson Feliz","date":"10 de noviembre de 2024","format":false,"excerpt":"Por AGENCIAS Un fuerte terremoto sacudi\u00f3 varias provincias de la regi\u00f3n oriental de Cuba, generando terror y alerta en las provincias afectadas. Seg\u00fan el Servicio Geol\u00f3gico de Estados Unidos (USGS), la magnitud alcanz\u00f3 los 6.8 Mientras que una hora antes un primer sismo alcanz\u00f3 la magnitud de 5.9. Radio Bayamo\u2026","rel":"","context":"En \u00abINTERNACIONALES\u00bb","block_context":{"text":"INTERNACIONALES","link":"https:\/\/lasprimeras.com.do\/index.php\/category\/sin-categoria\/internacionales\/"},"img":{"alt_text":"","src":"https:\/\/i0.wp.com\/lasprimeras.com.do\/wp-content\/uploads\/2024\/11\/cuba-3.jpg?resize=350%2C200&ssl=1","width":350,"height":200},"classes":[]}],"jetpack_sharing_enabled":true,"_links":{"self":[{"href":"https:\/\/lasprimeras.com.do\/index.php\/wp-json\/wp\/v2\/posts\/52017","targetHints":{"allow":["GET"]}}],"collection":[{"href":"https:\/\/lasprimeras.com.do\/index.php\/wp-json\/wp\/v2\/posts"}],"about":[{"href":"https:\/\/lasprimeras.com.do\/index.php\/wp-json\/wp\/v2\/types\/post"}],"author":[{"embeddable":true,"href":"https:\/\/lasprimeras.com.do\/index.php\/wp-json\/wp\/v2\/users\/1"}],"replies":[{"embeddable":true,"href":"https:\/\/lasprimeras.com.do\/index.php\/wp-json\/wp\/v2\/comments?post=52017"}],"version-history":[{"count":0,"href":"https:\/\/lasprimeras.com.do\/index.php\/wp-json\/wp\/v2\/posts\/52017\/revisions"}],"wp:featuredmedia":[{"embeddable":true,"href":"https:\/\/lasprimeras.com.do\/index.php\/wp-json\/"}],"wp:attachment":[{"href":"https:\/\/lasprimeras.com.do\/index.php\/wp-json\/wp\/v2\/media?parent=52017"}],"wp:term":[{"taxonomy":"category","embeddable":true,"href":"https:\/\/lasprimeras.com.do\/index.php\/wp-json\/wp\/v2\/categories?post=52017"},{"taxonomy":"post_tag","embeddable":true,"href":"https:\/\/lasprimeras.com.do\/index.php\/wp-json\/wp\/v2\/tags?post=52017"}],"curies":[{"name":"wp","href":"https:\/\/api.w.org\/{rel}","templated":true}]}}