{"id":52029,"date":"2023-06-06T11:35:09","date_gmt":"2023-06-06T15:35:09","guid":{"rendered":"https:\/\/atento.com.do\/?p=52029"},"modified":"2023-06-06T11:35:09","modified_gmt":"2023-06-06T15:35:09","slug":"jaime-david-dice-maquinaria-del-pld-esta-preparada-para-ganar-elecciones","status":"publish","type":"post","link":"https:\/\/lasprimeras.com.do\/index.php\/2023\/06\/06\/jaime-david-dice-maquinaria-del-pld-esta-preparada-para-ganar-elecciones\/","title":{"rendered":"Jaime David dice maquinaria del PLD est\u00e1 preparada para ganar elecciones"},"content":{"rendered":"\n<p>El ex vicepresidente de la Rep\u00fablica <a href=\"https:\/\/atento.com.do\/2022\/09\/23\/jaime-david-consulta-del-pld-fortalece-democracia-dominicana\/\" data-type=\"post\" data-id=\"26827\">Jaime David Fern\u00e1ndez Mirabal<\/a>, expres\u00f3 que el Partido de la <a href=\"https:\/\/vanguardiadelpueblo.do\/\">PLD<\/a> tiene su maquinaria electoral preparada para ganar las elecciones municipales y nacionales en febrero y en mayo del 2024.<\/p>\n\n\n\n<p>El miembro del Comit\u00e9 Pol\u00edtico, cuestion\u00f3 el manejo que se le est\u00e1 dando a las encuestas de opini\u00f3n, por entender que el objetivo de estas es destruir al PLD.<\/p>\n\n\n\n<p>Fern\u00e1ndez Mirabal, agreg\u00f3 que el PLD siempre estar\u00e1 abierto a llegar a acuerdos electorales, pero que su principal confianza est\u00e1 en su estructura y la capacidad de convocatoria de su militancia.<\/p>\n\n\n\n<p>Jaime David resalt\u00f3 que el PLD cre\u00f3 la Escuela de Formaci\u00f3n Municipal para fortalecer sus candidaturas municipales, recuperando el poder de las ideas y con propuestas diferentes para los gobiernos locales.<\/p>\n","protected":false},"excerpt":{"rendered":"<p>El ex vicepresidente de la Rep\u00fablica Jaime David Fern\u00e1ndez Mirabal, expres\u00f3 que el Partido de la PLD tiene su maquinaria electoral preparada para ganar las elecciones municipales y nacionales en&hellip;<\/p>\n","protected":false},"author":1,"featured_media":44719,"comment_status":"open","ping_status":"open","sticky":false,"template":"","format":"standard","meta":{"content-type":"","jetpack_post_was_ever_published":false,"_jetpack_newsletter_access":"","_jetpack_dont_email_post_to_subs":false,"_jetpack_newsletter_tier_id":0,"_jetpack_memberships_contains_paywalled_content":false,"_jetpack_memberships_contains_paid_content":false,"footnotes":""},"categories":[25],"tags":[1558,3074,3075,269,3076],"class_list":["post-52029","post","type-post","status-publish","format-standard","has-post-thumbnail","hentry","category-portada","tag-ganar","tag-jaime-david","tag-maquinaria","tag-pld","tag-preparada"],"jetpack_featured_media_url":"","jetpack-related-posts":[{"id":125947,"url":"https:\/\/lasprimeras.com.do\/index.php\/2026\/03\/27\/jaime-david-acusa-a-la-fp-de-sonsacar-a-dirigentes-del-pld\/","url_meta":{"origin":52029,"position":0},"title":"Jaime David acusa a la FP de sonsacar a dirigentes del PLD","author":"Nelson Feliz","date":"27 de marzo de 2026","format":false,"excerpt":"El ex vicepresidente de la Rep\u00fablica y miembro del Comit\u00e9 Pol\u00edtico del Partido de la Liberaci\u00f3n Dominicana (PLD), Jaime David Fern\u00e1ndez Mirabal, calific\u00f3 \u201cactitud de aves de carro\u00f1a\u201d de dirigentes del partido Fuerza del Pueblo de insistir en sonsacar a dirigentes del PLD para llevarlos a sus filas. \u201cEso no\u2026","rel":"","context":"En \u00abPOLITICA\u00bb","block_context":{"text":"POLITICA","link":"https:\/\/lasprimeras.com.do\/index.php\/category\/politica\/"},"img":{"alt_text":"Jaime David Fern\u00e1ndez Mirabal","src":"https:\/\/i0.wp.com\/lasprimeras.com.do\/wp-content\/uploads\/2026\/03\/Jaime-Sanchez-2.jpg?resize=350%2C200&ssl=1","width":350,"height":200,"srcset":"https:\/\/i0.wp.com\/lasprimeras.com.do\/wp-content\/uploads\/2026\/03\/Jaime-Sanchez-2.jpg?resize=350%2C200&ssl=1 1x, https:\/\/i0.wp.com\/lasprimeras.com.do\/wp-content\/uploads\/2026\/03\/Jaime-Sanchez-2.jpg?resize=525%2C300&ssl=1 1.5x, https:\/\/i0.wp.com\/lasprimeras.com.do\/wp-content\/uploads\/2026\/03\/Jaime-Sanchez-2.jpg?resize=700%2C400&ssl=1 2x"},"classes":[]},{"id":118697,"url":"https:\/\/lasprimeras.com.do\/index.php\/2026\/01\/02\/jaime-david-presenta-el-fortalecimiento-del-pld-en-el-2025-como-un-gran-triunfo-alcanzado\/","url_meta":{"origin":52029,"position":1},"title":"Jaime David presenta el fortalecimiento del PLD en el 2025 como un\u00a0gran triunfo alcanzado","author":"Nelson Feliz","date":"2 de enero de 2026","format":false,"excerpt":"El ex vicepresidente de la Rep\u00fablica, Jaime David Fern\u00e1ndez Mirabal, miembro del Comit\u00e9 Pol\u00edtico del Partido de la Liberaci\u00f3n Dominicana (PLD), resalt\u00f3 como un gran triunfo de esa organizaci\u00f3n mantenerse firme, estructurado y organizado.\u00a0 En su ya acostumbrados mensajes desde el campo y montando caballo, Fern\u00e1ndez Mirabal dijo que el\u2026","rel":"","context":"En \u00abPOLITICA\u00bb","block_context":{"text":"POLITICA","link":"https:\/\/lasprimeras.com.do\/index.php\/category\/politica\/"},"img":{"alt_text":"Jaime David Fernandez Mirabal","src":"https:\/\/i0.wp.com\/lasprimeras.com.do\/wp-content\/uploads\/2026\/01\/Jaime-David-VANG.jpg?resize=350%2C200&ssl=1","width":350,"height":200,"srcset":"https:\/\/i0.wp.com\/lasprimeras.com.do\/wp-content\/uploads\/2026\/01\/Jaime-David-VANG.jpg?resize=350%2C200&ssl=1 1x, https:\/\/i0.wp.com\/lasprimeras.com.do\/wp-content\/uploads\/2026\/01\/Jaime-David-VANG.jpg?resize=525%2C300&ssl=1 1.5x"},"classes":[]},{"id":126911,"url":"https:\/\/lasprimeras.com.do\/index.php\/2026\/04\/06\/jaime-david-critica-uso-de-dinero-publico-desde-la-lmd-para-estimular-el-transfuguismo\/","url_meta":{"origin":52029,"position":2},"title":"Jaime David critica uso de dinero p\u00fablico desde la LMD para estimular el transfuguismo","author":"Nelson Feliz","date":"6 de abril de 2026","format":false,"excerpt":"El ex vicepresidente de la Rep\u00fablica, Jaime David Fern\u00e1ndez Mirabal, miembro del Comit\u00e9 Pol\u00edtico del Partido de la Liberaci\u00f3n Dominicana (PLD), critic\u00f3 el uso de dinero p\u00fablico en la Liga Municipal Dominicana para sonsacar y estimular el transfuguismo. En un mensaje audiovisual Fern\u00e1ndez Mirabal denuncia la pr\u00e1ctica del transfuguismo en\u2026","rel":"","context":"En \u00abPOLITICA\u00bb","block_context":{"text":"POLITICA","link":"https:\/\/lasprimeras.com.do\/index.php\/category\/politica\/"},"img":{"alt_text":"Jaime David Fern\u00e1ndez Mirabal","src":"https:\/\/i0.wp.com\/lasprimeras.com.do\/wp-content\/uploads\/2026\/04\/Jaime-D.-Fernandez.jpg?resize=350%2C200&ssl=1","width":350,"height":200},"classes":[]},{"id":76044,"url":"https:\/\/lasprimeras.com.do\/index.php\/2024\/02\/06\/pld-demostrara-que-es-la-fuerza-politica-dominante-en-rd\/","url_meta":{"origin":52029,"position":3},"title":"PLD demostrar\u00e1 que es la fuerza pol\u00edtica dominante en RD","author":"Nelson Feliz","date":"6 de febrero de 2024","format":false,"excerpt":"Jaime David exhorta a sus compa\u00f1eros de partido a doblar esfuerzos en los d\u00edas que restan para alcanzar el triunfo en las elecciones municipales El ex vicepresidente de la Rep\u00fablica, Jaime David Fern\u00e1ndez Mirabal, miembro del Comit\u00e9 Pol\u00edtico del Partido de la Liberaci\u00f3n Dominicana (PLD), alert\u00f3 a los miembros y\u2026","rel":"","context":"En \u00abSin categor\u00eda\u00bb","block_context":{"text":"Sin categor\u00eda","link":"https:\/\/lasprimeras.com.do\/index.php\/category\/sin-categoria\/"},"img":{"alt_text":"Jaime David Fern\u00e1ndez Mirabal","src":"https:\/\/i0.wp.com\/lasprimeras.com.do\/wp-content\/uploads\/2024\/02\/Jaime-David-Fernandez-Mirabal.jpeg?resize=350%2C200&ssl=1","width":350,"height":200,"srcset":"https:\/\/i0.wp.com\/lasprimeras.com.do\/wp-content\/uploads\/2024\/02\/Jaime-David-Fernandez-Mirabal.jpeg?resize=350%2C200&ssl=1 1x, https:\/\/i0.wp.com\/lasprimeras.com.do\/wp-content\/uploads\/2024\/02\/Jaime-David-Fernandez-Mirabal.jpeg?resize=525%2C300&ssl=1 1.5x"},"classes":[]},{"id":84605,"url":"https:\/\/lasprimeras.com.do\/index.php\/2024\/06\/11\/jaime-david-dice-que-el-pld-se-prepara-para-defender-al-pueblo\/","url_meta":{"origin":52029,"position":4},"title":"Jaime David dice que el PLD se prepara para defender al pueblo","author":"Nelson Feliz","date":"11 de junio de 2024","format":false,"excerpt":"\u2013 Destaca que despu\u00e9s del X Congreso el PLD crecer\u00e1 como la verdolaga en el campo. \u2013 Condena el est\u00edmulo al tr\u00e1nsfuguismo pol\u00edtico, peor con dinero p\u00fablico. El ex vicepresidente de la Rep\u00fablica y miembro del Comit\u00e9 Pol\u00edtico del Partido de la Liberaci\u00f3n Dominicana (PLD ) Jaime David Fern\u00e1ndez Mirabal\u2026","rel":"","context":"En \u00abPORTADA\u00bb","block_context":{"text":"PORTADA","link":"https:\/\/lasprimeras.com.do\/index.php\/category\/portada\/"},"img":{"alt_text":"Jaime David Fern\u00e1ndez Mirabal","src":"https:\/\/i0.wp.com\/lasprimeras.com.do\/wp-content\/uploads\/2024\/06\/Jaime-David-Fernandez-Mirabal.jpg?resize=350%2C200&ssl=1","width":350,"height":200,"srcset":"https:\/\/i0.wp.com\/lasprimeras.com.do\/wp-content\/uploads\/2024\/06\/Jaime-David-Fernandez-Mirabal.jpg?resize=350%2C200&ssl=1 1x, https:\/\/i0.wp.com\/lasprimeras.com.do\/wp-content\/uploads\/2024\/06\/Jaime-David-Fernandez-Mirabal.jpg?resize=525%2C300&ssl=1 1.5x, https:\/\/i0.wp.com\/lasprimeras.com.do\/wp-content\/uploads\/2024\/06\/Jaime-David-Fernandez-Mirabal.jpg?resize=700%2C400&ssl=1 2x"},"classes":[]},{"id":63359,"url":"https:\/\/lasprimeras.com.do\/index.php\/2023\/10\/11\/jaime-david-la-alianza-opositora-rescate-rd-es-un-hecho-y-avanza-bastante-bien\/","url_meta":{"origin":52029,"position":5},"title":"Jaime David: La Alianza Opositora Rescate RD es un hecho y avanza bastante bien","author":"Nelson Feliz","date":"11 de octubre de 2023","format":false,"excerpt":"El miembro del Comit\u00e9 Pol\u00edtico del Partido de la Liberaci\u00f3n Dominicana (PLD), Jaime David Fern\u00e1ndez Mirabal, asegur\u00f3 que la Alianza Opositora Rescate RD entre esa organizaci\u00f3n pol\u00edtica y otros partidos de oposici\u00f3n ya es un hecho y que avanza bastante bien. Fern\u00e1ndez Mirabal aclar\u00f3 que hasta ahora el proceso de\u2026","rel":"","context":"En \u00abSin categor\u00eda\u00bb","block_context":{"text":"Sin categor\u00eda","link":"https:\/\/lasprimeras.com.do\/index.php\/category\/sin-categoria\/"},"img":{"alt_text":"Jaime David Fernandez","src":"https:\/\/i0.wp.com\/lasprimeras.com.do\/wp-content\/uploads\/2023\/10\/Jaime-David.jpg?resize=350%2C200&ssl=1","width":350,"height":200,"srcset":"https:\/\/i0.wp.com\/lasprimeras.com.do\/wp-content\/uploads\/2023\/10\/Jaime-David.jpg?resize=350%2C200&ssl=1 1x, https:\/\/i0.wp.com\/lasprimeras.com.do\/wp-content\/uploads\/2023\/10\/Jaime-David.jpg?resize=525%2C300&ssl=1 1.5x"},"classes":[]}],"jetpack_sharing_enabled":true,"_links":{"self":[{"href":"https:\/\/lasprimeras.com.do\/index.php\/wp-json\/wp\/v2\/posts\/52029","targetHints":{"allow":["GET"]}}],"collection":[{"href":"https:\/\/lasprimeras.com.do\/index.php\/wp-json\/wp\/v2\/posts"}],"about":[{"href":"https:\/\/lasprimeras.com.do\/index.php\/wp-json\/wp\/v2\/types\/post"}],"author":[{"embeddable":true,"href":"https:\/\/lasprimeras.com.do\/index.php\/wp-json\/wp\/v2\/users\/1"}],"replies":[{"embeddable":true,"href":"https:\/\/lasprimeras.com.do\/index.php\/wp-json\/wp\/v2\/comments?post=52029"}],"version-history":[{"count":0,"href":"https:\/\/lasprimeras.com.do\/index.php\/wp-json\/wp\/v2\/posts\/52029\/revisions"}],"wp:featuredmedia":[{"embeddable":true,"href":"https:\/\/lasprimeras.com.do\/index.php\/wp-json\/"}],"wp:attachment":[{"href":"https:\/\/lasprimeras.com.do\/index.php\/wp-json\/wp\/v2\/media?parent=52029"}],"wp:term":[{"taxonomy":"category","embeddable":true,"href":"https:\/\/lasprimeras.com.do\/index.php\/wp-json\/wp\/v2\/categories?post=52029"},{"taxonomy":"post_tag","embeddable":true,"href":"https:\/\/lasprimeras.com.do\/index.php\/wp-json\/wp\/v2\/tags?post=52029"}],"curies":[{"name":"wp","href":"https:\/\/api.w.org\/{rel}","templated":true}]}}